{"id":9844,"date":"2026-05-01T12:21:47","date_gmt":"2026-05-01T15:21:47","guid":{"rendered":"https:\/\/compartilhabahia.com.br\/?p=9844"},"modified":"2026-05-01T12:21:49","modified_gmt":"2026-05-01T15:21:49","slug":"paggodin-anuncia-ivete-sangalo-como-nova-convidada-da-edicao-de-salvador","status":"publish","type":"post","link":"https:\/\/compartilhabahia.com.br\/index.php\/2026\/05\/01\/paggodin-anuncia-ivete-sangalo-como-nova-convidada-da-edicao-de-salvador\/","title":{"rendered":"PaGGodin anuncia Ivete Sangalo como nova convidada da edi\u00e7\u00e3o de Salvador"},"content":{"rendered":"\n<p><br>Projeto do GG L\u00e9o Santana acontece no dia 24 de maio, no MAM \u2013 Solar do Unh\u00e3o<\/p>\n\n\n\n<p>O clima de expectativa para a edi\u00e7\u00e3o de Salvador do PaGGodin acaba de ganhar um refor\u00e7o de peso. O projeto comandado pelo GG L\u00e9o Santana confirmou Ivete Sangalo como nova convidada da festa, que ser\u00e1 realizada no dia 24 de maio, no MAM \u2013 Solar do Unh\u00e3o, um dos cart\u00f5es-postais mais emblem\u00e1ticos da capital baiana.<\/p>\n\n\n\n<p>Dona de uma trajet\u00f3ria consagrada e uma das maiores artistas do pa\u00eds, Ivete Sangalo coleciona sucessos que atravessam gera\u00e7\u00f5es, como \u201cSorte Grande\u201d, \u201cQuando a Chuva Passar\u201d, \u201cTempo de Alegria\u201d e \u201cCria da Ivete\u201d. Sua presen\u00e7a no evento promete transformar a noite em um encontro hist\u00f3rico entre dois dos maiores nomes da m\u00fasica baiana.<\/p>\n\n\n\n<p>\u201cTer Ivete no PaGGodin \u00e9 uma alegria imensa. Al\u00e9m de ser uma artista gigante, que sempre me inspira e representa muito para a nossa m\u00fasica, Ivete \u00e9 uma grande amiga e que esteve presente em diversos momentos da minha vida. Vai ser um momento especial demais dividir o palco com ela em um projeto que \u00e9 t\u00e3o importante pra mim.\u201d, comentou L\u00e9o Santana.<\/p>\n\n\n\n<p>Al\u00e9m de Ivete Sangalo, o PaGGodin j\u00e1 anunciou anteriormente as participa\u00e7\u00f5es de Bruno Diegues e Yan, refor\u00e7ando a proposta de encontros especiais em uma tarde inesquec\u00edvel em Salvador.<\/p>\n\n\n\n<p>Em clima de fim de tarde e com uma atmosfera \u00fanica, o PaGGodin promete mostrar toda a versatilidade de L\u00e9o Santana, que passeia por diferentes g\u00eaneros musicais, imprimindo o tempero e o suingue baiano ao ritmo carioca. A mistura promete n\u00e3o deixar ningu\u00e9m parado.<\/p>\n\n\n\n<p>Com o slogan \u201cPaGGodin est\u00e1 de volta\u201d, a nova fase do evento reunir\u00e1 grandes sucessos da carreira de L\u00e9o Santana, al\u00e9m de encontros especiais com convidados. A proposta \u00e9 proporcionar uma experi\u00eancia marcante para os f\u00e3s, unindo m\u00fasica, energia e a identidade que consagrou o projeto desde sua cria\u00e7\u00e3o.<\/p>\n\n\n\n<p>Os \u00faltimos ingressos seguem \u00e0 venda na loja Bora Tickets, no 2\u00ba piso do Shopping da Bahia, nos balc\u00f5es Pida localizados no Salvador Shopping, Shopping Paralela e Shopping Piedade, al\u00e9m da venda online atrav\u00e9s do site da Bora Tickets.<\/p>\n\n\n\n<p>A realiza\u00e7\u00e3o do evento \u00e9 da Salvador Produ\u00e7\u00f5es.<\/p>\n\n\n\n<p>Para mais informa\u00e7\u00f5es, acesse os perfis oficiais: @leosantana e @paggodinoficial.<\/p>\n","protected":false},"excerpt":{"rendered":"<p>Projeto do GG L\u00e9o Santana acontece no dia 24 de maio, no MAM \u2013 Solar do Unh\u00e3o O clima de expectativa para a edi\u00e7\u00e3o de Salvador do PaGGodin acaba de ganhar um refor\u00e7o de peso. O projeto comandado pelo GG L\u00e9o Santana confirmou Ivete Sangalo como nova convidada da festa, que ser\u00e1 realizada no dia [&hellip;]<\/p>\n","protected":false},"author":1,"featured_media":9845,"comment_status":"open","ping_status":"open","sticky":false,"template":"","format":"standard","meta":{"footnotes":""},"categories":[10],"tags":[],"class_list":["post-9844","post","type-post","status-publish","format-standard","has-post-thumbnail","hentry","category-bahia"],"yoast_head":"<!-- This site is optimized with the Yoast SEO plugin v21.7 - https:\/\/yoast.com\/wordpress\/plugins\/seo\/ -->\n<title>PaGGodin anuncia Ivete Sangalo como nova convidada da edi\u00e7\u00e3o de Salvador - Compartilha Bahia<\/title>\n<meta name=\"robots\" content=\"index, follow, max-snippet:-1, max-image-preview:large, max-video-preview:-1\" \/>\n<link rel=\"canonical\" href=\"https:\/\/compartilhabahia.com.br\/index.php\/2026\/05\/01\/paggodin-anuncia-ivete-sangalo-como-nova-convidada-da-edicao-de-salvador\/\" \/>\n<meta property=\"og:locale\" content=\"pt_BR\" \/>\n<meta property=\"og:type\" content=\"article\" \/>\n<meta property=\"og:title\" content=\"PaGGodin anuncia Ivete Sangalo como nova convidada da edi\u00e7\u00e3o de Salvador - Compartilha Bahia\" \/>\n<meta property=\"og:description\" content=\"Projeto do GG L\u00e9o Santana acontece no dia 24 de maio, no MAM \u2013 Solar do Unh\u00e3o O clima de expectativa para a edi\u00e7\u00e3o de Salvador do PaGGodin acaba de ganhar um refor\u00e7o de peso. O projeto comandado pelo GG L\u00e9o Santana confirmou Ivete Sangalo como nova convidada da festa, que ser\u00e1 realizada no dia [&hellip;]\" \/>\n<meta property=\"og:url\" content=\"https:\/\/compartilhabahia.com.br\/index.php\/2026\/05\/01\/paggodin-anuncia-ivete-sangalo-como-nova-convidada-da-edicao-de-salvador\/\" \/>\n<meta property=\"og:site_name\" content=\"Compartilha Bahia\" \/>\n<meta property=\"article:publisher\" content=\"https:\/\/web.facebook.com\/compartilhabahia\" \/>\n<meta property=\"article:published_time\" content=\"2026-05-01T15:21:47+00:00\" \/>\n<meta property=\"article:modified_time\" content=\"2026-05-01T15:21:49+00:00\" \/>\n<meta property=\"og:image\" content=\"https:\/\/compartilhabahia.com.br\/wp-content\/uploads\/2026\/05\/ivetepagodim.jpg\" \/>\n\t<meta property=\"og:image:width\" content=\"960\" \/>\n\t<meta property=\"og:image:height\" content=\"540\" \/>\n\t<meta property=\"og:image:type\" content=\"image\/jpeg\" \/>\n<meta name=\"author\" content=\"admin\" \/>\n<meta name=\"twitter:card\" content=\"summary_large_image\" \/>\n<meta name=\"twitter:label1\" content=\"Escrito por\" \/>\n\t<meta name=\"twitter:data1\" content=\"admin\" \/>\n\t<meta name=\"twitter:label2\" content=\"Est. tempo de leitura\" \/>\n\t<meta name=\"twitter:data2\" content=\"3 minutos\" \/>\n<script type=\"application\/ld+json\" class=\"yoast-schema-graph\">{\"@context\":\"https:\/\/schema.org\",\"@graph\":[{\"@type\":\"Article\",\"@id\":\"https:\/\/compartilhabahia.com.br\/index.php\/2026\/05\/01\/paggodin-anuncia-ivete-sangalo-como-nova-convidada-da-edicao-de-salvador\/#article\",\"isPartOf\":{\"@id\":\"https:\/\/compartilhabahia.com.br\/index.php\/2026\/05\/01\/paggodin-anuncia-ivete-sangalo-como-nova-convidada-da-edicao-de-salvador\/\"},\"author\":{\"name\":\"admin\",\"@id\":\"https:\/\/compartilhabahia.com.br\/#\/schema\/person\/9b4f0c3178793b8248d6686732521c04\"},\"headline\":\"PaGGodin anuncia Ivete Sangalo como nova convidada da edi\u00e7\u00e3o de Salvador\",\"datePublished\":\"2026-05-01T15:21:47+00:00\",\"dateModified\":\"2026-05-01T15:21:49+00:00\",\"mainEntityOfPage\":{\"@id\":\"https:\/\/compartilhabahia.com.br\/index.php\/2026\/05\/01\/paggodin-anuncia-ivete-sangalo-como-nova-convidada-da-edicao-de-salvador\/\"},\"wordCount\":405,\"commentCount\":0,\"publisher\":{\"@id\":\"https:\/\/compartilhabahia.com.br\/#organization\"},\"articleSection\":[\"Bahia\"],\"inLanguage\":\"pt-BR\",\"potentialAction\":[{\"@type\":\"CommentAction\",\"name\":\"Comment\",\"target\":[\"https:\/\/compartilhabahia.com.br\/index.php\/2026\/05\/01\/paggodin-anuncia-ivete-sangalo-como-nova-convidada-da-edicao-de-salvador\/#respond\"]}]},{\"@type\":\"WebPage\",\"@id\":\"https:\/\/compartilhabahia.com.br\/index.php\/2026\/05\/01\/paggodin-anuncia-ivete-sangalo-como-nova-convidada-da-edicao-de-salvador\/\",\"url\":\"https:\/\/compartilhabahia.com.br\/index.php\/2026\/05\/01\/paggodin-anuncia-ivete-sangalo-como-nova-convidada-da-edicao-de-salvador\/\",\"name\":\"PaGGodin anuncia Ivete Sangalo como nova convidada da edi\u00e7\u00e3o de Salvador - Compartilha Bahia\",\"isPartOf\":{\"@id\":\"https:\/\/compartilhabahia.com.br\/#website\"},\"datePublished\":\"2026-05-01T15:21:47+00:00\",\"dateModified\":\"2026-05-01T15:21:49+00:00\",\"breadcrumb\":{\"@id\":\"https:\/\/compartilhabahia.com.br\/index.php\/2026\/05\/01\/paggodin-anuncia-ivete-sangalo-como-nova-convidada-da-edicao-de-salvador\/#breadcrumb\"},\"inLanguage\":\"pt-BR\",\"potentialAction\":[{\"@type\":\"ReadAction\",\"target\":[\"https:\/\/compartilhabahia.com.br\/index.php\/2026\/05\/01\/paggodin-anuncia-ivete-sangalo-como-nova-convidada-da-edicao-de-salvador\/\"]}]},{\"@type\":\"BreadcrumbList\",\"@id\":\"https:\/\/compartilhabahia.com.br\/index.php\/2026\/05\/01\/paggodin-anuncia-ivete-sangalo-como-nova-convidada-da-edicao-de-salvador\/#breadcrumb\",\"itemListElement\":[{\"@type\":\"ListItem\",\"position\":1,\"name\":\"In\u00edcio\",\"item\":\"https:\/\/compartilhabahia.com.br\/\"},{\"@type\":\"ListItem\",\"position\":2,\"name\":\"PaGGodin anuncia Ivete Sangalo como nova convidada da edi\u00e7\u00e3o de Salvador\"}]},{\"@type\":\"WebSite\",\"@id\":\"https:\/\/compartilhabahia.com.br\/#website\",\"url\":\"https:\/\/compartilhabahia.com.br\/\",\"name\":\"Compartilha Bahia\",\"description\":\"\",\"publisher\":{\"@id\":\"https:\/\/compartilhabahia.com.br\/#organization\"},\"potentialAction\":[{\"@type\":\"SearchAction\",\"target\":{\"@type\":\"EntryPoint\",\"urlTemplate\":\"https:\/\/compartilhabahia.com.br\/?s={search_term_string}\"},\"query-input\":\"required name=search_term_string\"}],\"inLanguage\":\"pt-BR\"},{\"@type\":\"Organization\",\"@id\":\"https:\/\/compartilhabahia.com.br\/#organization\",\"name\":\"Compartilha Bahia\",\"url\":\"https:\/\/compartilhabahia.com.br\/\",\"logo\":{\"@type\":\"ImageObject\",\"inLanguage\":\"pt-BR\",\"@id\":\"https:\/\/compartilhabahia.com.br\/#\/schema\/logo\/image\/\",\"url\":\"https:\/\/compartilhabahia.com.br\/wp-content\/uploads\/2023\/12\/cropped-logo.png\",\"contentUrl\":\"https:\/\/compartilhabahia.com.br\/wp-content\/uploads\/2023\/12\/cropped-logo.png\",\"width\":300,\"height\":106,\"caption\":\"Compartilha Bahia\"},\"image\":{\"@id\":\"https:\/\/compartilhabahia.com.br\/#\/schema\/logo\/image\/\"},\"sameAs\":[\"https:\/\/web.facebook.com\/compartilhabahia\",\"https:\/\/www.instagram.com\/compartilhabahia\/\"]},{\"@type\":\"Person\",\"@id\":\"https:\/\/compartilhabahia.com.br\/#\/schema\/person\/9b4f0c3178793b8248d6686732521c04\",\"name\":\"admin\",\"image\":{\"@type\":\"ImageObject\",\"inLanguage\":\"pt-BR\",\"@id\":\"https:\/\/compartilhabahia.com.br\/#\/schema\/person\/image\/\",\"url\":\"https:\/\/secure.gravatar.com\/avatar\/9600df58751c5acbe914c538c03390ef649ea088cb65f84ba09c7ce66988eed6?s=96&d=mm&r=g\",\"contentUrl\":\"https:\/\/secure.gravatar.com\/avatar\/9600df58751c5acbe914c538c03390ef649ea088cb65f84ba09c7ce66988eed6?s=96&d=mm&r=g\",\"caption\":\"admin\"},\"sameAs\":[\"https:\/\/compartilhabahia.com.br\"],\"url\":\"https:\/\/compartilhabahia.com.br\/index.php\/author\/compartilhabahia\/\"}]}<\/script>\n<!-- \/ Yoast SEO plugin. -->","yoast_head_json":{"title":"PaGGodin anuncia Ivete Sangalo como nova convidada da edi\u00e7\u00e3o de Salvador - Compartilha Bahia","robots":{"index":"index","follow":"follow","max-snippet":"max-snippet:-1","max-image-preview":"max-image-preview:large","max-video-preview":"max-video-preview:-1"},"canonical":"https:\/\/compartilhabahia.com.br\/index.php\/2026\/05\/01\/paggodin-anuncia-ivete-sangalo-como-nova-convidada-da-edicao-de-salvador\/","og_locale":"pt_BR","og_type":"article","og_title":"PaGGodin anuncia Ivete Sangalo como nova convidada da edi\u00e7\u00e3o de Salvador - Compartilha Bahia","og_description":"Projeto do GG L\u00e9o Santana acontece no dia 24 de maio, no MAM \u2013 Solar do Unh\u00e3o O clima de expectativa para a edi\u00e7\u00e3o de Salvador do PaGGodin acaba de ganhar um refor\u00e7o de peso. O projeto comandado pelo GG L\u00e9o Santana confirmou Ivete Sangalo como nova convidada da festa, que ser\u00e1 realizada no dia [&hellip;]","og_url":"https:\/\/compartilhabahia.com.br\/index.php\/2026\/05\/01\/paggodin-anuncia-ivete-sangalo-como-nova-convidada-da-edicao-de-salvador\/","og_site_name":"Compartilha Bahia","article_publisher":"https:\/\/web.facebook.com\/compartilhabahia","article_published_time":"2026-05-01T15:21:47+00:00","article_modified_time":"2026-05-01T15:21:49+00:00","og_image":[{"width":960,"height":540,"url":"https:\/\/compartilhabahia.com.br\/wp-content\/uploads\/2026\/05\/ivetepagodim.jpg","type":"image\/jpeg"}],"author":"admin","twitter_card":"summary_large_image","twitter_misc":{"Escrito por":"admin","Est. tempo de leitura":"3 minutos"},"schema":{"@context":"https:\/\/schema.org","@graph":[{"@type":"Article","@id":"https:\/\/compartilhabahia.com.br\/index.php\/2026\/05\/01\/paggodin-anuncia-ivete-sangalo-como-nova-convidada-da-edicao-de-salvador\/#article","isPartOf":{"@id":"https:\/\/compartilhabahia.com.br\/index.php\/2026\/05\/01\/paggodin-anuncia-ivete-sangalo-como-nova-convidada-da-edicao-de-salvador\/"},"author":{"name":"admin","@id":"https:\/\/compartilhabahia.com.br\/#\/schema\/person\/9b4f0c3178793b8248d6686732521c04"},"headline":"PaGGodin anuncia Ivete Sangalo como nova convidada da edi\u00e7\u00e3o de Salvador","datePublished":"2026-05-01T15:21:47+00:00","dateModified":"2026-05-01T15:21:49+00:00","mainEntityOfPage":{"@id":"https:\/\/compartilhabahia.com.br\/index.php\/2026\/05\/01\/paggodin-anuncia-ivete-sangalo-como-nova-convidada-da-edicao-de-salvador\/"},"wordCount":405,"commentCount":0,"publisher":{"@id":"https:\/\/compartilhabahia.com.br\/#organization"},"articleSection":["Bahia"],"inLanguage":"pt-BR","potentialAction":[{"@type":"CommentAction","name":"Comment","target":["https:\/\/compartilhabahia.com.br\/index.php\/2026\/05\/01\/paggodin-anuncia-ivete-sangalo-como-nova-convidada-da-edicao-de-salvador\/#respond"]}]},{"@type":"WebPage","@id":"https:\/\/compartilhabahia.com.br\/index.php\/2026\/05\/01\/paggodin-anuncia-ivete-sangalo-como-nova-convidada-da-edicao-de-salvador\/","url":"https:\/\/compartilhabahia.com.br\/index.php\/2026\/05\/01\/paggodin-anuncia-ivete-sangalo-como-nova-convidada-da-edicao-de-salvador\/","name":"PaGGodin anuncia Ivete Sangalo como nova convidada da edi\u00e7\u00e3o de Salvador - Compartilha Bahia","isPartOf":{"@id":"https:\/\/compartilhabahia.com.br\/#website"},"datePublished":"2026-05-01T15:21:47+00:00","dateModified":"2026-05-01T15:21:49+00:00","breadcrumb":{"@id":"https:\/\/compartilhabahia.com.br\/index.php\/2026\/05\/01\/paggodin-anuncia-ivete-sangalo-como-nova-convidada-da-edicao-de-salvador\/#breadcrumb"},"inLanguage":"pt-BR","potentialAction":[{"@type":"ReadAction","target":["https:\/\/compartilhabahia.com.br\/index.php\/2026\/05\/01\/paggodin-anuncia-ivete-sangalo-como-nova-convidada-da-edicao-de-salvador\/"]}]},{"@type":"BreadcrumbList","@id":"https:\/\/compartilhabahia.com.br\/index.php\/2026\/05\/01\/paggodin-anuncia-ivete-sangalo-como-nova-convidada-da-edicao-de-salvador\/#breadcrumb","itemListElement":[{"@type":"ListItem","position":1,"name":"In\u00edcio","item":"https:\/\/compartilhabahia.com.br\/"},{"@type":"ListItem","position":2,"name":"PaGGodin anuncia Ivete Sangalo como nova convidada da edi\u00e7\u00e3o de Salvador"}]},{"@type":"WebSite","@id":"https:\/\/compartilhabahia.com.br\/#website","url":"https:\/\/compartilhabahia.com.br\/","name":"Compartilha Bahia","description":"","publisher":{"@id":"https:\/\/compartilhabahia.com.br\/#organization"},"potentialAction":[{"@type":"SearchAction","target":{"@type":"EntryPoint","urlTemplate":"https:\/\/compartilhabahia.com.br\/?s={search_term_string}"},"query-input":"required name=search_term_string"}],"inLanguage":"pt-BR"},{"@type":"Organization","@id":"https:\/\/compartilhabahia.com.br\/#organization","name":"Compartilha Bahia","url":"https:\/\/compartilhabahia.com.br\/","logo":{"@type":"ImageObject","inLanguage":"pt-BR","@id":"https:\/\/compartilhabahia.com.br\/#\/schema\/logo\/image\/","url":"https:\/\/compartilhabahia.com.br\/wp-content\/uploads\/2023\/12\/cropped-logo.png","contentUrl":"https:\/\/compartilhabahia.com.br\/wp-content\/uploads\/2023\/12\/cropped-logo.png","width":300,"height":106,"caption":"Compartilha Bahia"},"image":{"@id":"https:\/\/compartilhabahia.com.br\/#\/schema\/logo\/image\/"},"sameAs":["https:\/\/web.facebook.com\/compartilhabahia","https:\/\/www.instagram.com\/compartilhabahia\/"]},{"@type":"Person","@id":"https:\/\/compartilhabahia.com.br\/#\/schema\/person\/9b4f0c3178793b8248d6686732521c04","name":"admin","image":{"@type":"ImageObject","inLanguage":"pt-BR","@id":"https:\/\/compartilhabahia.com.br\/#\/schema\/person\/image\/","url":"https:\/\/secure.gravatar.com\/avatar\/9600df58751c5acbe914c538c03390ef649ea088cb65f84ba09c7ce66988eed6?s=96&d=mm&r=g","contentUrl":"https:\/\/secure.gravatar.com\/avatar\/9600df58751c5acbe914c538c03390ef649ea088cb65f84ba09c7ce66988eed6?s=96&d=mm&r=g","caption":"admin"},"sameAs":["https:\/\/compartilhabahia.com.br"],"url":"https:\/\/compartilhabahia.com.br\/index.php\/author\/compartilhabahia\/"}]}},"_links":{"self":[{"href":"https:\/\/compartilhabahia.com.br\/index.php\/wp-json\/wp\/v2\/posts\/9844","targetHints":{"allow":["GET"]}}],"collection":[{"href":"https:\/\/compartilhabahia.com.br\/index.php\/wp-json\/wp\/v2\/posts"}],"about":[{"href":"https:\/\/compartilhabahia.com.br\/index.php\/wp-json\/wp\/v2\/types\/post"}],"author":[{"embeddable":true,"href":"https:\/\/compartilhabahia.com.br\/index.php\/wp-json\/wp\/v2\/users\/1"}],"replies":[{"embeddable":true,"href":"https:\/\/compartilhabahia.com.br\/index.php\/wp-json\/wp\/v2\/comments?post=9844"}],"version-history":[{"count":1,"href":"https:\/\/compartilhabahia.com.br\/index.php\/wp-json\/wp\/v2\/posts\/9844\/revisions"}],"predecessor-version":[{"id":9846,"href":"https:\/\/compartilhabahia.com.br\/index.php\/wp-json\/wp\/v2\/posts\/9844\/revisions\/9846"}],"wp:featuredmedia":[{"embeddable":true,"href":"https:\/\/compartilhabahia.com.br\/index.php\/wp-json\/wp\/v2\/media\/9845"}],"wp:attachment":[{"href":"https:\/\/compartilhabahia.com.br\/index.php\/wp-json\/wp\/v2\/media?parent=9844"}],"wp:term":[{"taxonomy":"category","embeddable":true,"href":"https:\/\/compartilhabahia.com.br\/index.php\/wp-json\/wp\/v2\/categories?post=9844"},{"taxonomy":"post_tag","embeddable":true,"href":"https:\/\/compartilhabahia.com.br\/index.php\/wp-json\/wp\/v2\/tags?post=9844"}],"curies":[{"name":"wp","href":"https:\/\/api.w.org\/{rel}","templated":true}]}}