{"id":9833,"date":"2026-04-29T10:34:57","date_gmt":"2026-04-29T13:34:57","guid":{"rendered":"https:\/\/compartilhabahia.com.br\/?p=9833"},"modified":"2026-04-29T10:44:00","modified_gmt":"2026-04-29T13:44:00","slug":"camacari-e-reconhecido-pelo-mp-como-municipio-mais-seguro-na-gestao-de-caetano","status":"publish","type":"post","link":"https:\/\/compartilhabahia.com.br\/index.php\/2026\/04\/29\/camacari-e-reconhecido-pelo-mp-como-municipio-mais-seguro-na-gestao-de-caetano\/","title":{"rendered":"Cama\u00e7ari \u00e9 reconhecido pelo MP como munic\u00edpio mais seguro na gest\u00e3o de Caetano"},"content":{"rendered":"\n<p>Cama\u00e7ari adere ao Projeto Munic\u00edpio Seguro e refor\u00e7a integra\u00e7\u00e3o no combate \u00e0 viol\u00eancia<\/p>\n\n\n\n<p>Cama\u00e7ari passou a integrar, oficialmente, o conjunto de munic\u00edpios baianos comprometidos com o fortalecimento de pol\u00edticas p\u00fablicas de seguran\u00e7a, ao participar na tarde desta ter\u00e7a-feira (28), no Centro Administrativo da Bahia (CAB), em Salvador, do Primeiro Encontro Estadual do Projeto Munic\u00edpio Seguro. A iniciativa, promovida pelo Minist\u00e9rio P\u00fablico do Estado da Bahia (MP-BA), re\u00fane gestores municipais em torno de estrat\u00e9gias conjuntas de preven\u00e7\u00e3o e enfrentamento \u00e0 viol\u00eancia.<\/p>\n\n\n\n<p>Com a ades\u00e3o ao selo, o munic\u00edpio amplia sua atua\u00e7\u00e3o no campo da seguran\u00e7a p\u00fablica, consolidando uma estrat\u00e9gia baseada na coopera\u00e7\u00e3o institucional. \u201cCama\u00e7ari assume, com responsabilidade, o compromisso de fortalecer pol\u00edticas p\u00fablicas integradas, entendendo que a seguran\u00e7a \u00e9 constru\u00edda com planejamento, coopera\u00e7\u00e3o e presen\u00e7a efetiva do poder p\u00fablico\u201d, pontuou o prefeito Luiz Caetano.<\/p>\n\n\n\n<p>O procurador-geral de Justi\u00e7a, Pedro Maia, real\u00e7ou o papel dos munic\u00edpios na constru\u00e7\u00e3o de solu\u00e7\u00f5es mais eficazes para a \u00e1rea. \u201cO Munic\u00edpio Seguro \u00e9 uma estrat\u00e9gia de converg\u00eancia institucional, que reconhece o protagonismo dos munic\u00edpios na preven\u00e7\u00e3o e no enfrentamento \u00e0 viol\u00eancia. Esse ato \u00e9 um sonho compartilhado por todos aqueles que militam por uma Bahia de paz, buscando um cen\u00e1rio de criminalidade moderada\u201d, afirmou.<\/p>\n\n\n\n<p>Na ocasi\u00e3o, os gestores que formalizaram ades\u00e3o ao projeto, incluindo Cama\u00e7ari, receberam o selo \u201cCompromisso por um Munic\u00edpio Seguro\u201d, que reconhece o engajamento das administra\u00e7\u00f5es municipais na implementa\u00e7\u00e3o dos instrumentos previstos na Lei n\u00ba 13.675\/2018, que institui o Sistema \u00danico de Seguran\u00e7a P\u00fablica (Susp).<\/p>\n\n\n\n<p>A programa\u00e7\u00e3o do encontro tamb\u00e9m contou com a apresenta\u00e7\u00e3o do projeto e discuss\u00f5es sobre o fortalecimento da atua\u00e7\u00e3o municipal, evidenciando, entre tantas diretrizes, a\u00e7\u00f5es como a preven\u00e7\u00e3o social da viol\u00eancia pol\u00edtica voltada \u00e0 juventude, urbanismo e inclus\u00e3o social, bem como a prote\u00e7\u00e3o de grupos vulner\u00e1veis com iniciativas voltadas a mulheres, crian\u00e7as e minorias, al\u00e9m do uso de tecnologia atrav\u00e9s de videomonitoramento e ilumina\u00e7\u00e3o inteligente.<\/p>\n\n\n\n<p>O debate sobre seguran\u00e7a p\u00fablica ainda envolve a perspectiva dos direitos fundamentais. Para o secret\u00e1rio estadual de Justi\u00e7a e Direitos Humanos, Felipe Freitas, a atua\u00e7\u00e3o integrada contribui para a constru\u00e7\u00e3o de pol\u00edticas mais inclusivas. \u201cPromover seguran\u00e7a p\u00fablica \u00e9, tamb\u00e9m, garantir direitos. Essa integra\u00e7\u00e3o fortalece a\u00e7\u00f5es que ampliam a prote\u00e7\u00e3o social e asseguram a cidadania, tendo em vista que nada \u00e9 mais impactante do que a viol\u00eancia armada nas comunidades\u201d, afirmou.<\/p>\n\n\n\n<p>A participa\u00e7\u00e3o de Cama\u00e7ari no projeto tamb\u00e9m refor\u00e7a a import\u00e2ncia de inst\u00e2ncias locais de articula\u00e7\u00e3o, a exemplo do Gabinete de Gest\u00e3o Integrada Municipal (GGIM), que atua na coordena\u00e7\u00e3o das pol\u00edticas de seguran\u00e7a no territ\u00f3rio, se consolidando fundamental na atua\u00e7\u00e3o estrat\u00e9gica baseada em dados e na integra\u00e7\u00e3o entre diferentes institui\u00e7\u00f5es.<\/p>\n\n\n\n<p>O Projeto Munic\u00edpio Seguro visa orientar gestores na implementa\u00e7\u00e3o de instrumentos previstos na legisla\u00e7\u00e3o nacional, al\u00e9m de fortalecer o Sistema Nacional de Informa\u00e7\u00f5es de Seguran\u00e7a P\u00fablica (Sinesp), contribuindo para uma gest\u00e3o mais eficiente, integrada e alinhada \u00e0s necessidades da popula\u00e7\u00e3o.<\/p>\n\n\n\n<p>Foto: William Rocha e Juliano Sarraf<\/p>\n","protected":false},"excerpt":{"rendered":"<p>Cama\u00e7ari adere ao Projeto Munic\u00edpio Seguro e refor\u00e7a integra\u00e7\u00e3o no combate \u00e0 viol\u00eancia Cama\u00e7ari passou a integrar, oficialmente, o conjunto de munic\u00edpios baianos comprometidos com o fortalecimento de pol\u00edticas p\u00fablicas de seguran\u00e7a, ao participar na tarde desta ter\u00e7a-feira (28), no Centro Administrativo da Bahia (CAB), em Salvador, do Primeiro Encontro Estadual do Projeto Munic\u00edpio Seguro. [&hellip;]<\/p>\n","protected":false},"author":1,"featured_media":9834,"comment_status":"open","ping_status":"open","sticky":false,"template":"","format":"standard","meta":{"footnotes":""},"categories":[8],"tags":[],"class_list":["post-9833","post","type-post","status-publish","format-standard","has-post-thumbnail","hentry","category-camacari"],"yoast_head":"<!-- This site is optimized with the Yoast SEO plugin v21.7 - https:\/\/yoast.com\/wordpress\/plugins\/seo\/ -->\n<title>Cama\u00e7ari \u00e9 reconhecido pelo MP como munic\u00edpio mais seguro na gest\u00e3o de Caetano - Compartilha Bahia<\/title>\n<meta name=\"robots\" content=\"index, follow, max-snippet:-1, max-image-preview:large, max-video-preview:-1\" \/>\n<link rel=\"canonical\" href=\"https:\/\/compartilhabahia.com.br\/index.php\/2026\/04\/29\/camacari-e-reconhecido-pelo-mp-como-municipio-mais-seguro-na-gestao-de-caetano\/\" \/>\n<meta property=\"og:locale\" content=\"pt_BR\" \/>\n<meta property=\"og:type\" content=\"article\" \/>\n<meta property=\"og:title\" content=\"Cama\u00e7ari \u00e9 reconhecido pelo MP como munic\u00edpio mais seguro na gest\u00e3o de Caetano - Compartilha Bahia\" \/>\n<meta property=\"og:description\" content=\"Cama\u00e7ari adere ao Projeto Munic\u00edpio Seguro e refor\u00e7a integra\u00e7\u00e3o no combate \u00e0 viol\u00eancia Cama\u00e7ari passou a integrar, oficialmente, o conjunto de munic\u00edpios baianos comprometidos com o fortalecimento de pol\u00edticas p\u00fablicas de seguran\u00e7a, ao participar na tarde desta ter\u00e7a-feira (28), no Centro Administrativo da Bahia (CAB), em Salvador, do Primeiro Encontro Estadual do Projeto Munic\u00edpio Seguro. [&hellip;]\" \/>\n<meta property=\"og:url\" content=\"https:\/\/compartilhabahia.com.br\/index.php\/2026\/04\/29\/camacari-e-reconhecido-pelo-mp-como-municipio-mais-seguro-na-gestao-de-caetano\/\" \/>\n<meta property=\"og:site_name\" content=\"Compartilha Bahia\" \/>\n<meta property=\"article:publisher\" content=\"https:\/\/web.facebook.com\/compartilhabahia\" \/>\n<meta property=\"article:published_time\" content=\"2026-04-29T13:34:57+00:00\" \/>\n<meta property=\"article:modified_time\" content=\"2026-04-29T13:44:00+00:00\" \/>\n<meta property=\"og:image\" content=\"https:\/\/compartilhabahia.com.br\/wp-content\/uploads\/2026\/04\/caetanomaiseguro.jpg\" \/>\n\t<meta property=\"og:image:width\" content=\"960\" \/>\n\t<meta property=\"og:image:height\" content=\"640\" \/>\n\t<meta property=\"og:image:type\" content=\"image\/jpeg\" \/>\n<meta name=\"author\" content=\"admin\" \/>\n<meta name=\"twitter:card\" content=\"summary_large_image\" \/>\n<meta name=\"twitter:label1\" content=\"Escrito por\" \/>\n\t<meta name=\"twitter:data1\" content=\"admin\" \/>\n\t<meta name=\"twitter:label2\" content=\"Est. tempo de leitura\" \/>\n\t<meta name=\"twitter:data2\" content=\"3 minutos\" \/>\n<script type=\"application\/ld+json\" class=\"yoast-schema-graph\">{\"@context\":\"https:\/\/schema.org\",\"@graph\":[{\"@type\":\"Article\",\"@id\":\"https:\/\/compartilhabahia.com.br\/index.php\/2026\/04\/29\/camacari-e-reconhecido-pelo-mp-como-municipio-mais-seguro-na-gestao-de-caetano\/#article\",\"isPartOf\":{\"@id\":\"https:\/\/compartilhabahia.com.br\/index.php\/2026\/04\/29\/camacari-e-reconhecido-pelo-mp-como-municipio-mais-seguro-na-gestao-de-caetano\/\"},\"author\":{\"name\":\"admin\",\"@id\":\"https:\/\/compartilhabahia.com.br\/#\/schema\/person\/9b4f0c3178793b8248d6686732521c04\"},\"headline\":\"Cama\u00e7ari \u00e9 reconhecido pelo MP como munic\u00edpio mais seguro na gest\u00e3o de Caetano\",\"datePublished\":\"2026-04-29T13:34:57+00:00\",\"dateModified\":\"2026-04-29T13:44:00+00:00\",\"mainEntityOfPage\":{\"@id\":\"https:\/\/compartilhabahia.com.br\/index.php\/2026\/04\/29\/camacari-e-reconhecido-pelo-mp-como-municipio-mais-seguro-na-gestao-de-caetano\/\"},\"wordCount\":583,\"commentCount\":0,\"publisher\":{\"@id\":\"https:\/\/compartilhabahia.com.br\/#organization\"},\"articleSection\":[\"Cama\u00e7ari\"],\"inLanguage\":\"pt-BR\",\"potentialAction\":[{\"@type\":\"CommentAction\",\"name\":\"Comment\",\"target\":[\"https:\/\/compartilhabahia.com.br\/index.php\/2026\/04\/29\/camacari-e-reconhecido-pelo-mp-como-municipio-mais-seguro-na-gestao-de-caetano\/#respond\"]}]},{\"@type\":\"WebPage\",\"@id\":\"https:\/\/compartilhabahia.com.br\/index.php\/2026\/04\/29\/camacari-e-reconhecido-pelo-mp-como-municipio-mais-seguro-na-gestao-de-caetano\/\",\"url\":\"https:\/\/compartilhabahia.com.br\/index.php\/2026\/04\/29\/camacari-e-reconhecido-pelo-mp-como-municipio-mais-seguro-na-gestao-de-caetano\/\",\"name\":\"Cama\u00e7ari \u00e9 reconhecido pelo MP como munic\u00edpio mais seguro na gest\u00e3o de Caetano - Compartilha Bahia\",\"isPartOf\":{\"@id\":\"https:\/\/compartilhabahia.com.br\/#website\"},\"datePublished\":\"2026-04-29T13:34:57+00:00\",\"dateModified\":\"2026-04-29T13:44:00+00:00\",\"breadcrumb\":{\"@id\":\"https:\/\/compartilhabahia.com.br\/index.php\/2026\/04\/29\/camacari-e-reconhecido-pelo-mp-como-municipio-mais-seguro-na-gestao-de-caetano\/#breadcrumb\"},\"inLanguage\":\"pt-BR\",\"potentialAction\":[{\"@type\":\"ReadAction\",\"target\":[\"https:\/\/compartilhabahia.com.br\/index.php\/2026\/04\/29\/camacari-e-reconhecido-pelo-mp-como-municipio-mais-seguro-na-gestao-de-caetano\/\"]}]},{\"@type\":\"BreadcrumbList\",\"@id\":\"https:\/\/compartilhabahia.com.br\/index.php\/2026\/04\/29\/camacari-e-reconhecido-pelo-mp-como-municipio-mais-seguro-na-gestao-de-caetano\/#breadcrumb\",\"itemListElement\":[{\"@type\":\"ListItem\",\"position\":1,\"name\":\"In\u00edcio\",\"item\":\"https:\/\/compartilhabahia.com.br\/\"},{\"@type\":\"ListItem\",\"position\":2,\"name\":\"Cama\u00e7ari \u00e9 reconhecido pelo MP como munic\u00edpio mais seguro na gest\u00e3o de Caetano\"}]},{\"@type\":\"WebSite\",\"@id\":\"https:\/\/compartilhabahia.com.br\/#website\",\"url\":\"https:\/\/compartilhabahia.com.br\/\",\"name\":\"Compartilha Bahia\",\"description\":\"\",\"publisher\":{\"@id\":\"https:\/\/compartilhabahia.com.br\/#organization\"},\"potentialAction\":[{\"@type\":\"SearchAction\",\"target\":{\"@type\":\"EntryPoint\",\"urlTemplate\":\"https:\/\/compartilhabahia.com.br\/?s={search_term_string}\"},\"query-input\":\"required name=search_term_string\"}],\"inLanguage\":\"pt-BR\"},{\"@type\":\"Organization\",\"@id\":\"https:\/\/compartilhabahia.com.br\/#organization\",\"name\":\"Compartilha Bahia\",\"url\":\"https:\/\/compartilhabahia.com.br\/\",\"logo\":{\"@type\":\"ImageObject\",\"inLanguage\":\"pt-BR\",\"@id\":\"https:\/\/compartilhabahia.com.br\/#\/schema\/logo\/image\/\",\"url\":\"https:\/\/compartilhabahia.com.br\/wp-content\/uploads\/2023\/12\/cropped-logo.png\",\"contentUrl\":\"https:\/\/compartilhabahia.com.br\/wp-content\/uploads\/2023\/12\/cropped-logo.png\",\"width\":300,\"height\":106,\"caption\":\"Compartilha Bahia\"},\"image\":{\"@id\":\"https:\/\/compartilhabahia.com.br\/#\/schema\/logo\/image\/\"},\"sameAs\":[\"https:\/\/web.facebook.com\/compartilhabahia\",\"https:\/\/www.instagram.com\/compartilhabahia\/\"]},{\"@type\":\"Person\",\"@id\":\"https:\/\/compartilhabahia.com.br\/#\/schema\/person\/9b4f0c3178793b8248d6686732521c04\",\"name\":\"admin\",\"image\":{\"@type\":\"ImageObject\",\"inLanguage\":\"pt-BR\",\"@id\":\"https:\/\/compartilhabahia.com.br\/#\/schema\/person\/image\/\",\"url\":\"https:\/\/secure.gravatar.com\/avatar\/9600df58751c5acbe914c538c03390ef649ea088cb65f84ba09c7ce66988eed6?s=96&d=mm&r=g\",\"contentUrl\":\"https:\/\/secure.gravatar.com\/avatar\/9600df58751c5acbe914c538c03390ef649ea088cb65f84ba09c7ce66988eed6?s=96&d=mm&r=g\",\"caption\":\"admin\"},\"sameAs\":[\"https:\/\/compartilhabahia.com.br\"],\"url\":\"https:\/\/compartilhabahia.com.br\/index.php\/author\/compartilhabahia\/\"}]}<\/script>\n<!-- \/ Yoast SEO plugin. -->","yoast_head_json":{"title":"Cama\u00e7ari \u00e9 reconhecido pelo MP como munic\u00edpio mais seguro na gest\u00e3o de Caetano - Compartilha Bahia","robots":{"index":"index","follow":"follow","max-snippet":"max-snippet:-1","max-image-preview":"max-image-preview:large","max-video-preview":"max-video-preview:-1"},"canonical":"https:\/\/compartilhabahia.com.br\/index.php\/2026\/04\/29\/camacari-e-reconhecido-pelo-mp-como-municipio-mais-seguro-na-gestao-de-caetano\/","og_locale":"pt_BR","og_type":"article","og_title":"Cama\u00e7ari \u00e9 reconhecido pelo MP como munic\u00edpio mais seguro na gest\u00e3o de Caetano - Compartilha Bahia","og_description":"Cama\u00e7ari adere ao Projeto Munic\u00edpio Seguro e refor\u00e7a integra\u00e7\u00e3o no combate \u00e0 viol\u00eancia Cama\u00e7ari passou a integrar, oficialmente, o conjunto de munic\u00edpios baianos comprometidos com o fortalecimento de pol\u00edticas p\u00fablicas de seguran\u00e7a, ao participar na tarde desta ter\u00e7a-feira (28), no Centro Administrativo da Bahia (CAB), em Salvador, do Primeiro Encontro Estadual do Projeto Munic\u00edpio Seguro. [&hellip;]","og_url":"https:\/\/compartilhabahia.com.br\/index.php\/2026\/04\/29\/camacari-e-reconhecido-pelo-mp-como-municipio-mais-seguro-na-gestao-de-caetano\/","og_site_name":"Compartilha Bahia","article_publisher":"https:\/\/web.facebook.com\/compartilhabahia","article_published_time":"2026-04-29T13:34:57+00:00","article_modified_time":"2026-04-29T13:44:00+00:00","og_image":[{"width":960,"height":640,"url":"https:\/\/compartilhabahia.com.br\/wp-content\/uploads\/2026\/04\/caetanomaiseguro.jpg","type":"image\/jpeg"}],"author":"admin","twitter_card":"summary_large_image","twitter_misc":{"Escrito por":"admin","Est. tempo de leitura":"3 minutos"},"schema":{"@context":"https:\/\/schema.org","@graph":[{"@type":"Article","@id":"https:\/\/compartilhabahia.com.br\/index.php\/2026\/04\/29\/camacari-e-reconhecido-pelo-mp-como-municipio-mais-seguro-na-gestao-de-caetano\/#article","isPartOf":{"@id":"https:\/\/compartilhabahia.com.br\/index.php\/2026\/04\/29\/camacari-e-reconhecido-pelo-mp-como-municipio-mais-seguro-na-gestao-de-caetano\/"},"author":{"name":"admin","@id":"https:\/\/compartilhabahia.com.br\/#\/schema\/person\/9b4f0c3178793b8248d6686732521c04"},"headline":"Cama\u00e7ari \u00e9 reconhecido pelo MP como munic\u00edpio mais seguro na gest\u00e3o de Caetano","datePublished":"2026-04-29T13:34:57+00:00","dateModified":"2026-04-29T13:44:00+00:00","mainEntityOfPage":{"@id":"https:\/\/compartilhabahia.com.br\/index.php\/2026\/04\/29\/camacari-e-reconhecido-pelo-mp-como-municipio-mais-seguro-na-gestao-de-caetano\/"},"wordCount":583,"commentCount":0,"publisher":{"@id":"https:\/\/compartilhabahia.com.br\/#organization"},"articleSection":["Cama\u00e7ari"],"inLanguage":"pt-BR","potentialAction":[{"@type":"CommentAction","name":"Comment","target":["https:\/\/compartilhabahia.com.br\/index.php\/2026\/04\/29\/camacari-e-reconhecido-pelo-mp-como-municipio-mais-seguro-na-gestao-de-caetano\/#respond"]}]},{"@type":"WebPage","@id":"https:\/\/compartilhabahia.com.br\/index.php\/2026\/04\/29\/camacari-e-reconhecido-pelo-mp-como-municipio-mais-seguro-na-gestao-de-caetano\/","url":"https:\/\/compartilhabahia.com.br\/index.php\/2026\/04\/29\/camacari-e-reconhecido-pelo-mp-como-municipio-mais-seguro-na-gestao-de-caetano\/","name":"Cama\u00e7ari \u00e9 reconhecido pelo MP como munic\u00edpio mais seguro na gest\u00e3o de Caetano - Compartilha Bahia","isPartOf":{"@id":"https:\/\/compartilhabahia.com.br\/#website"},"datePublished":"2026-04-29T13:34:57+00:00","dateModified":"2026-04-29T13:44:00+00:00","breadcrumb":{"@id":"https:\/\/compartilhabahia.com.br\/index.php\/2026\/04\/29\/camacari-e-reconhecido-pelo-mp-como-municipio-mais-seguro-na-gestao-de-caetano\/#breadcrumb"},"inLanguage":"pt-BR","potentialAction":[{"@type":"ReadAction","target":["https:\/\/compartilhabahia.com.br\/index.php\/2026\/04\/29\/camacari-e-reconhecido-pelo-mp-como-municipio-mais-seguro-na-gestao-de-caetano\/"]}]},{"@type":"BreadcrumbList","@id":"https:\/\/compartilhabahia.com.br\/index.php\/2026\/04\/29\/camacari-e-reconhecido-pelo-mp-como-municipio-mais-seguro-na-gestao-de-caetano\/#breadcrumb","itemListElement":[{"@type":"ListItem","position":1,"name":"In\u00edcio","item":"https:\/\/compartilhabahia.com.br\/"},{"@type":"ListItem","position":2,"name":"Cama\u00e7ari \u00e9 reconhecido pelo MP como munic\u00edpio mais seguro na gest\u00e3o de Caetano"}]},{"@type":"WebSite","@id":"https:\/\/compartilhabahia.com.br\/#website","url":"https:\/\/compartilhabahia.com.br\/","name":"Compartilha Bahia","description":"","publisher":{"@id":"https:\/\/compartilhabahia.com.br\/#organization"},"potentialAction":[{"@type":"SearchAction","target":{"@type":"EntryPoint","urlTemplate":"https:\/\/compartilhabahia.com.br\/?s={search_term_string}"},"query-input":"required name=search_term_string"}],"inLanguage":"pt-BR"},{"@type":"Organization","@id":"https:\/\/compartilhabahia.com.br\/#organization","name":"Compartilha Bahia","url":"https:\/\/compartilhabahia.com.br\/","logo":{"@type":"ImageObject","inLanguage":"pt-BR","@id":"https:\/\/compartilhabahia.com.br\/#\/schema\/logo\/image\/","url":"https:\/\/compartilhabahia.com.br\/wp-content\/uploads\/2023\/12\/cropped-logo.png","contentUrl":"https:\/\/compartilhabahia.com.br\/wp-content\/uploads\/2023\/12\/cropped-logo.png","width":300,"height":106,"caption":"Compartilha Bahia"},"image":{"@id":"https:\/\/compartilhabahia.com.br\/#\/schema\/logo\/image\/"},"sameAs":["https:\/\/web.facebook.com\/compartilhabahia","https:\/\/www.instagram.com\/compartilhabahia\/"]},{"@type":"Person","@id":"https:\/\/compartilhabahia.com.br\/#\/schema\/person\/9b4f0c3178793b8248d6686732521c04","name":"admin","image":{"@type":"ImageObject","inLanguage":"pt-BR","@id":"https:\/\/compartilhabahia.com.br\/#\/schema\/person\/image\/","url":"https:\/\/secure.gravatar.com\/avatar\/9600df58751c5acbe914c538c03390ef649ea088cb65f84ba09c7ce66988eed6?s=96&d=mm&r=g","contentUrl":"https:\/\/secure.gravatar.com\/avatar\/9600df58751c5acbe914c538c03390ef649ea088cb65f84ba09c7ce66988eed6?s=96&d=mm&r=g","caption":"admin"},"sameAs":["https:\/\/compartilhabahia.com.br"],"url":"https:\/\/compartilhabahia.com.br\/index.php\/author\/compartilhabahia\/"}]}},"_links":{"self":[{"href":"https:\/\/compartilhabahia.com.br\/index.php\/wp-json\/wp\/v2\/posts\/9833","targetHints":{"allow":["GET"]}}],"collection":[{"href":"https:\/\/compartilhabahia.com.br\/index.php\/wp-json\/wp\/v2\/posts"}],"about":[{"href":"https:\/\/compartilhabahia.com.br\/index.php\/wp-json\/wp\/v2\/types\/post"}],"author":[{"embeddable":true,"href":"https:\/\/compartilhabahia.com.br\/index.php\/wp-json\/wp\/v2\/users\/1"}],"replies":[{"embeddable":true,"href":"https:\/\/compartilhabahia.com.br\/index.php\/wp-json\/wp\/v2\/comments?post=9833"}],"version-history":[{"count":1,"href":"https:\/\/compartilhabahia.com.br\/index.php\/wp-json\/wp\/v2\/posts\/9833\/revisions"}],"predecessor-version":[{"id":9835,"href":"https:\/\/compartilhabahia.com.br\/index.php\/wp-json\/wp\/v2\/posts\/9833\/revisions\/9835"}],"wp:featuredmedia":[{"embeddable":true,"href":"https:\/\/compartilhabahia.com.br\/index.php\/wp-json\/wp\/v2\/media\/9834"}],"wp:attachment":[{"href":"https:\/\/compartilhabahia.com.br\/index.php\/wp-json\/wp\/v2\/media?parent=9833"}],"wp:term":[{"taxonomy":"category","embeddable":true,"href":"https:\/\/compartilhabahia.com.br\/index.php\/wp-json\/wp\/v2\/categories?post=9833"},{"taxonomy":"post_tag","embeddable":true,"href":"https:\/\/compartilhabahia.com.br\/index.php\/wp-json\/wp\/v2\/tags?post=9833"}],"curies":[{"name":"wp","href":"https:\/\/api.w.org\/{rel}","templated":true}]}}