{"id":9825,"date":"2026-04-28T22:30:14","date_gmt":"2026-04-29T01:30:14","guid":{"rendered":"https:\/\/compartilhabahia.com.br\/?p=9825"},"modified":"2026-04-28T22:30:16","modified_gmt":"2026-04-29T01:30:16","slug":"todas-as-lojas-grandes-ou-pequenas-no-shopping-boulevard-estarao-fechadas-neste-1o-de-maio-ja-a-praca-de-alimentacao-funciona-em-horario-especial","status":"publish","type":"post","link":"https:\/\/compartilhabahia.com.br\/index.php\/2026\/04\/28\/todas-as-lojas-grandes-ou-pequenas-no-shopping-boulevard-estarao-fechadas-neste-1o-de-maio-ja-a-praca-de-alimentacao-funciona-em-horario-especial\/","title":{"rendered":"Todas as lojas, grandes ou pequenas no Shopping Boulevard, estar\u00e3o fechadas neste 1\u00ba de maio. J\u00e1 a pra\u00e7a de alimenta\u00e7\u00e3o funciona em hor\u00e1rio especial"},"content":{"rendered":"\n<p>O feriado do Dia do Trabalhador, celebrado sexta-feira, 1\u00ba, traz uma programa\u00e7\u00e3o especial no Boulevard Shopping Cama\u00e7ari, que adapta seu funcionamento para garantir op\u00e7\u00f5es de lazer e conviv\u00eancia ao p\u00fablico, mesmo com a pausa nas atividades do com\u00e9rcio tradicional.<\/p>\n\n\n\n<p>Nesta data, o empreendimento mant\u00e9m em funcionamento as opera\u00e7\u00f5es de alimenta\u00e7\u00e3o e lazer. As salas de cinema seguem com programa\u00e7\u00e3o normal. J\u00e1 a pra\u00e7a de alimenta\u00e7\u00e3o e opera\u00e7\u00f5es de lazer funcionam em hor\u00e1rio especial.<\/p>\n\n\n\n<p>J\u00e1 as lojas \u00e2ncoras e sat\u00e9lites permanecem fechadas, assim como servi\u00e7os como academia, cl\u00ednicas, lot\u00e9rica e atendimentos administrativos. A medida segue as diretrizes estabelecidas para a data, respeitando as conven\u00e7\u00f5es coletivas vigentes e o car\u00e1ter do feriado.<\/p>\n\n\n\n<p><strong>Funcionamento no Dia do Trabalhador (1\u00ba):<\/strong><\/p>\n\n\n\n<ul class=\"wp-block-list\">\n<li>Lojas \u00e2ncoras e sat\u00e9lites: fechadas<\/li>\n\n\n\n<li>Alimenta\u00e7\u00e3o, caf\u00e9s, sorveteria e lazer: das 12h \u00e0s 21h<\/li>\n\n\n\n<li>Americanas: das 14h \u00e0s 21h<\/li>\n\n\n\n<li>Cinema: conforme programa\u00e7\u00e3o<\/li>\n\n\n\n<li>Smart Fit: fechada<\/li>\n\n\n\n<li>Servi\u00e7os (Drogaria Rede Bem, SAC, Neoenergia Coelba, lot\u00e9rica, cart\u00f3rios e cl\u00ednicas): fechados<\/li>\n<\/ul>\n\n\n\n<p><\/p>\n","protected":false},"excerpt":{"rendered":"<p>O feriado do Dia do Trabalhador, celebrado sexta-feira, 1\u00ba, traz uma programa\u00e7\u00e3o especial no Boulevard Shopping Cama\u00e7ari, que adapta seu funcionamento para garantir op\u00e7\u00f5es de lazer e conviv\u00eancia ao p\u00fablico, mesmo com a pausa nas atividades do com\u00e9rcio tradicional. Nesta data, o empreendimento mant\u00e9m em funcionamento as opera\u00e7\u00f5es de alimenta\u00e7\u00e3o e lazer. As salas de [&hellip;]<\/p>\n","protected":false},"author":1,"featured_media":9826,"comment_status":"open","ping_status":"open","sticky":false,"template":"","format":"standard","meta":{"footnotes":""},"categories":[8],"tags":[],"class_list":["post-9825","post","type-post","status-publish","format-standard","has-post-thumbnail","hentry","category-camacari"],"yoast_head":"<!-- This site is optimized with the Yoast SEO plugin v21.7 - https:\/\/yoast.com\/wordpress\/plugins\/seo\/ -->\n<title>Todas as lojas, grandes ou pequenas no Shopping Boulevard, estar\u00e3o fechadas neste 1\u00ba de maio. J\u00e1 a pra\u00e7a de alimenta\u00e7\u00e3o funciona em hor\u00e1rio especial - Compartilha Bahia<\/title>\n<meta name=\"robots\" content=\"index, follow, max-snippet:-1, max-image-preview:large, max-video-preview:-1\" \/>\n<link rel=\"canonical\" href=\"https:\/\/compartilhabahia.com.br\/index.php\/2026\/04\/28\/todas-as-lojas-grandes-ou-pequenas-no-shopping-boulevard-estarao-fechadas-neste-1o-de-maio-ja-a-praca-de-alimentacao-funciona-em-horario-especial\/\" \/>\n<meta property=\"og:locale\" content=\"pt_BR\" \/>\n<meta property=\"og:type\" content=\"article\" \/>\n<meta property=\"og:title\" content=\"Todas as lojas, grandes ou pequenas no Shopping Boulevard, estar\u00e3o fechadas neste 1\u00ba de maio. J\u00e1 a pra\u00e7a de alimenta\u00e7\u00e3o funciona em hor\u00e1rio especial - Compartilha Bahia\" \/>\n<meta property=\"og:description\" content=\"O feriado do Dia do Trabalhador, celebrado sexta-feira, 1\u00ba, traz uma programa\u00e7\u00e3o especial no Boulevard Shopping Cama\u00e7ari, que adapta seu funcionamento para garantir op\u00e7\u00f5es de lazer e conviv\u00eancia ao p\u00fablico, mesmo com a pausa nas atividades do com\u00e9rcio tradicional. Nesta data, o empreendimento mant\u00e9m em funcionamento as opera\u00e7\u00f5es de alimenta\u00e7\u00e3o e lazer. As salas de [&hellip;]\" \/>\n<meta property=\"og:url\" content=\"https:\/\/compartilhabahia.com.br\/index.php\/2026\/04\/28\/todas-as-lojas-grandes-ou-pequenas-no-shopping-boulevard-estarao-fechadas-neste-1o-de-maio-ja-a-praca-de-alimentacao-funciona-em-horario-especial\/\" \/>\n<meta property=\"og:site_name\" content=\"Compartilha Bahia\" \/>\n<meta property=\"article:publisher\" content=\"https:\/\/web.facebook.com\/compartilhabahia\" \/>\n<meta property=\"article:published_time\" content=\"2026-04-29T01:30:14+00:00\" \/>\n<meta property=\"article:modified_time\" content=\"2026-04-29T01:30:16+00:00\" \/>\n<meta property=\"og:image\" content=\"https:\/\/compartilhabahia.com.br\/wp-content\/uploads\/2026\/04\/ade5b812-2f43-4cd5-be31-b2874417cd8b.jpg\" \/>\n\t<meta property=\"og:image:width\" content=\"960\" \/>\n\t<meta property=\"og:image:height\" content=\"596\" \/>\n\t<meta property=\"og:image:type\" content=\"image\/jpeg\" \/>\n<meta name=\"author\" content=\"admin\" \/>\n<meta name=\"twitter:card\" content=\"summary_large_image\" \/>\n<meta name=\"twitter:label1\" content=\"Escrito por\" \/>\n\t<meta name=\"twitter:data1\" content=\"admin\" \/>\n\t<meta name=\"twitter:label2\" content=\"Est. tempo de leitura\" \/>\n\t<meta name=\"twitter:data2\" content=\"2 minutos\" \/>\n<script type=\"application\/ld+json\" class=\"yoast-schema-graph\">{\"@context\":\"https:\/\/schema.org\",\"@graph\":[{\"@type\":\"Article\",\"@id\":\"https:\/\/compartilhabahia.com.br\/index.php\/2026\/04\/28\/todas-as-lojas-grandes-ou-pequenas-no-shopping-boulevard-estarao-fechadas-neste-1o-de-maio-ja-a-praca-de-alimentacao-funciona-em-horario-especial\/#article\",\"isPartOf\":{\"@id\":\"https:\/\/compartilhabahia.com.br\/index.php\/2026\/04\/28\/todas-as-lojas-grandes-ou-pequenas-no-shopping-boulevard-estarao-fechadas-neste-1o-de-maio-ja-a-praca-de-alimentacao-funciona-em-horario-especial\/\"},\"author\":{\"name\":\"admin\",\"@id\":\"https:\/\/compartilhabahia.com.br\/#\/schema\/person\/9b4f0c3178793b8248d6686732521c04\"},\"headline\":\"Todas as lojas, grandes ou pequenas no Shopping Boulevard, estar\u00e3o fechadas neste 1\u00ba de maio. J\u00e1 a pra\u00e7a de alimenta\u00e7\u00e3o funciona em hor\u00e1rio especial\",\"datePublished\":\"2026-04-29T01:30:14+00:00\",\"dateModified\":\"2026-04-29T01:30:16+00:00\",\"mainEntityOfPage\":{\"@id\":\"https:\/\/compartilhabahia.com.br\/index.php\/2026\/04\/28\/todas-as-lojas-grandes-ou-pequenas-no-shopping-boulevard-estarao-fechadas-neste-1o-de-maio-ja-a-praca-de-alimentacao-funciona-em-horario-especial\/\"},\"wordCount\":206,\"commentCount\":0,\"publisher\":{\"@id\":\"https:\/\/compartilhabahia.com.br\/#organization\"},\"articleSection\":[\"Cama\u00e7ari\"],\"inLanguage\":\"pt-BR\",\"potentialAction\":[{\"@type\":\"CommentAction\",\"name\":\"Comment\",\"target\":[\"https:\/\/compartilhabahia.com.br\/index.php\/2026\/04\/28\/todas-as-lojas-grandes-ou-pequenas-no-shopping-boulevard-estarao-fechadas-neste-1o-de-maio-ja-a-praca-de-alimentacao-funciona-em-horario-especial\/#respond\"]}]},{\"@type\":\"WebPage\",\"@id\":\"https:\/\/compartilhabahia.com.br\/index.php\/2026\/04\/28\/todas-as-lojas-grandes-ou-pequenas-no-shopping-boulevard-estarao-fechadas-neste-1o-de-maio-ja-a-praca-de-alimentacao-funciona-em-horario-especial\/\",\"url\":\"https:\/\/compartilhabahia.com.br\/index.php\/2026\/04\/28\/todas-as-lojas-grandes-ou-pequenas-no-shopping-boulevard-estarao-fechadas-neste-1o-de-maio-ja-a-praca-de-alimentacao-funciona-em-horario-especial\/\",\"name\":\"Todas as lojas, grandes ou pequenas no Shopping Boulevard, estar\u00e3o fechadas neste 1\u00ba de maio. J\u00e1 a pra\u00e7a de alimenta\u00e7\u00e3o funciona em hor\u00e1rio especial - Compartilha Bahia\",\"isPartOf\":{\"@id\":\"https:\/\/compartilhabahia.com.br\/#website\"},\"datePublished\":\"2026-04-29T01:30:14+00:00\",\"dateModified\":\"2026-04-29T01:30:16+00:00\",\"breadcrumb\":{\"@id\":\"https:\/\/compartilhabahia.com.br\/index.php\/2026\/04\/28\/todas-as-lojas-grandes-ou-pequenas-no-shopping-boulevard-estarao-fechadas-neste-1o-de-maio-ja-a-praca-de-alimentacao-funciona-em-horario-especial\/#breadcrumb\"},\"inLanguage\":\"pt-BR\",\"potentialAction\":[{\"@type\":\"ReadAction\",\"target\":[\"https:\/\/compartilhabahia.com.br\/index.php\/2026\/04\/28\/todas-as-lojas-grandes-ou-pequenas-no-shopping-boulevard-estarao-fechadas-neste-1o-de-maio-ja-a-praca-de-alimentacao-funciona-em-horario-especial\/\"]}]},{\"@type\":\"BreadcrumbList\",\"@id\":\"https:\/\/compartilhabahia.com.br\/index.php\/2026\/04\/28\/todas-as-lojas-grandes-ou-pequenas-no-shopping-boulevard-estarao-fechadas-neste-1o-de-maio-ja-a-praca-de-alimentacao-funciona-em-horario-especial\/#breadcrumb\",\"itemListElement\":[{\"@type\":\"ListItem\",\"position\":1,\"name\":\"In\u00edcio\",\"item\":\"https:\/\/compartilhabahia.com.br\/\"},{\"@type\":\"ListItem\",\"position\":2,\"name\":\"Todas as lojas, grandes ou pequenas no Shopping Boulevard, estar\u00e3o fechadas neste 1\u00ba de maio. J\u00e1 a pra\u00e7a de alimenta\u00e7\u00e3o funciona em hor\u00e1rio especial\"}]},{\"@type\":\"WebSite\",\"@id\":\"https:\/\/compartilhabahia.com.br\/#website\",\"url\":\"https:\/\/compartilhabahia.com.br\/\",\"name\":\"Compartilha Bahia\",\"description\":\"\",\"publisher\":{\"@id\":\"https:\/\/compartilhabahia.com.br\/#organization\"},\"potentialAction\":[{\"@type\":\"SearchAction\",\"target\":{\"@type\":\"EntryPoint\",\"urlTemplate\":\"https:\/\/compartilhabahia.com.br\/?s={search_term_string}\"},\"query-input\":\"required name=search_term_string\"}],\"inLanguage\":\"pt-BR\"},{\"@type\":\"Organization\",\"@id\":\"https:\/\/compartilhabahia.com.br\/#organization\",\"name\":\"Compartilha Bahia\",\"url\":\"https:\/\/compartilhabahia.com.br\/\",\"logo\":{\"@type\":\"ImageObject\",\"inLanguage\":\"pt-BR\",\"@id\":\"https:\/\/compartilhabahia.com.br\/#\/schema\/logo\/image\/\",\"url\":\"https:\/\/compartilhabahia.com.br\/wp-content\/uploads\/2023\/12\/cropped-logo.png\",\"contentUrl\":\"https:\/\/compartilhabahia.com.br\/wp-content\/uploads\/2023\/12\/cropped-logo.png\",\"width\":300,\"height\":106,\"caption\":\"Compartilha Bahia\"},\"image\":{\"@id\":\"https:\/\/compartilhabahia.com.br\/#\/schema\/logo\/image\/\"},\"sameAs\":[\"https:\/\/web.facebook.com\/compartilhabahia\",\"https:\/\/www.instagram.com\/compartilhabahia\/\"]},{\"@type\":\"Person\",\"@id\":\"https:\/\/compartilhabahia.com.br\/#\/schema\/person\/9b4f0c3178793b8248d6686732521c04\",\"name\":\"admin\",\"image\":{\"@type\":\"ImageObject\",\"inLanguage\":\"pt-BR\",\"@id\":\"https:\/\/compartilhabahia.com.br\/#\/schema\/person\/image\/\",\"url\":\"https:\/\/secure.gravatar.com\/avatar\/9600df58751c5acbe914c538c03390ef649ea088cb65f84ba09c7ce66988eed6?s=96&d=mm&r=g\",\"contentUrl\":\"https:\/\/secure.gravatar.com\/avatar\/9600df58751c5acbe914c538c03390ef649ea088cb65f84ba09c7ce66988eed6?s=96&d=mm&r=g\",\"caption\":\"admin\"},\"sameAs\":[\"https:\/\/compartilhabahia.com.br\"],\"url\":\"https:\/\/compartilhabahia.com.br\/index.php\/author\/compartilhabahia\/\"}]}<\/script>\n<!-- \/ Yoast SEO plugin. -->","yoast_head_json":{"title":"Todas as lojas, grandes ou pequenas no Shopping Boulevard, estar\u00e3o fechadas neste 1\u00ba de maio. J\u00e1 a pra\u00e7a de alimenta\u00e7\u00e3o funciona em hor\u00e1rio especial - Compartilha Bahia","robots":{"index":"index","follow":"follow","max-snippet":"max-snippet:-1","max-image-preview":"max-image-preview:large","max-video-preview":"max-video-preview:-1"},"canonical":"https:\/\/compartilhabahia.com.br\/index.php\/2026\/04\/28\/todas-as-lojas-grandes-ou-pequenas-no-shopping-boulevard-estarao-fechadas-neste-1o-de-maio-ja-a-praca-de-alimentacao-funciona-em-horario-especial\/","og_locale":"pt_BR","og_type":"article","og_title":"Todas as lojas, grandes ou pequenas no Shopping Boulevard, estar\u00e3o fechadas neste 1\u00ba de maio. J\u00e1 a pra\u00e7a de alimenta\u00e7\u00e3o funciona em hor\u00e1rio especial - Compartilha Bahia","og_description":"O feriado do Dia do Trabalhador, celebrado sexta-feira, 1\u00ba, traz uma programa\u00e7\u00e3o especial no Boulevard Shopping Cama\u00e7ari, que adapta seu funcionamento para garantir op\u00e7\u00f5es de lazer e conviv\u00eancia ao p\u00fablico, mesmo com a pausa nas atividades do com\u00e9rcio tradicional. Nesta data, o empreendimento mant\u00e9m em funcionamento as opera\u00e7\u00f5es de alimenta\u00e7\u00e3o e lazer. As salas de [&hellip;]","og_url":"https:\/\/compartilhabahia.com.br\/index.php\/2026\/04\/28\/todas-as-lojas-grandes-ou-pequenas-no-shopping-boulevard-estarao-fechadas-neste-1o-de-maio-ja-a-praca-de-alimentacao-funciona-em-horario-especial\/","og_site_name":"Compartilha Bahia","article_publisher":"https:\/\/web.facebook.com\/compartilhabahia","article_published_time":"2026-04-29T01:30:14+00:00","article_modified_time":"2026-04-29T01:30:16+00:00","og_image":[{"width":960,"height":596,"url":"https:\/\/compartilhabahia.com.br\/wp-content\/uploads\/2026\/04\/ade5b812-2f43-4cd5-be31-b2874417cd8b.jpg","type":"image\/jpeg"}],"author":"admin","twitter_card":"summary_large_image","twitter_misc":{"Escrito por":"admin","Est. tempo de leitura":"2 minutos"},"schema":{"@context":"https:\/\/schema.org","@graph":[{"@type":"Article","@id":"https:\/\/compartilhabahia.com.br\/index.php\/2026\/04\/28\/todas-as-lojas-grandes-ou-pequenas-no-shopping-boulevard-estarao-fechadas-neste-1o-de-maio-ja-a-praca-de-alimentacao-funciona-em-horario-especial\/#article","isPartOf":{"@id":"https:\/\/compartilhabahia.com.br\/index.php\/2026\/04\/28\/todas-as-lojas-grandes-ou-pequenas-no-shopping-boulevard-estarao-fechadas-neste-1o-de-maio-ja-a-praca-de-alimentacao-funciona-em-horario-especial\/"},"author":{"name":"admin","@id":"https:\/\/compartilhabahia.com.br\/#\/schema\/person\/9b4f0c3178793b8248d6686732521c04"},"headline":"Todas as lojas, grandes ou pequenas no Shopping Boulevard, estar\u00e3o fechadas neste 1\u00ba de maio. J\u00e1 a pra\u00e7a de alimenta\u00e7\u00e3o funciona em hor\u00e1rio especial","datePublished":"2026-04-29T01:30:14+00:00","dateModified":"2026-04-29T01:30:16+00:00","mainEntityOfPage":{"@id":"https:\/\/compartilhabahia.com.br\/index.php\/2026\/04\/28\/todas-as-lojas-grandes-ou-pequenas-no-shopping-boulevard-estarao-fechadas-neste-1o-de-maio-ja-a-praca-de-alimentacao-funciona-em-horario-especial\/"},"wordCount":206,"commentCount":0,"publisher":{"@id":"https:\/\/compartilhabahia.com.br\/#organization"},"articleSection":["Cama\u00e7ari"],"inLanguage":"pt-BR","potentialAction":[{"@type":"CommentAction","name":"Comment","target":["https:\/\/compartilhabahia.com.br\/index.php\/2026\/04\/28\/todas-as-lojas-grandes-ou-pequenas-no-shopping-boulevard-estarao-fechadas-neste-1o-de-maio-ja-a-praca-de-alimentacao-funciona-em-horario-especial\/#respond"]}]},{"@type":"WebPage","@id":"https:\/\/compartilhabahia.com.br\/index.php\/2026\/04\/28\/todas-as-lojas-grandes-ou-pequenas-no-shopping-boulevard-estarao-fechadas-neste-1o-de-maio-ja-a-praca-de-alimentacao-funciona-em-horario-especial\/","url":"https:\/\/compartilhabahia.com.br\/index.php\/2026\/04\/28\/todas-as-lojas-grandes-ou-pequenas-no-shopping-boulevard-estarao-fechadas-neste-1o-de-maio-ja-a-praca-de-alimentacao-funciona-em-horario-especial\/","name":"Todas as lojas, grandes ou pequenas no Shopping Boulevard, estar\u00e3o fechadas neste 1\u00ba de maio. J\u00e1 a pra\u00e7a de alimenta\u00e7\u00e3o funciona em hor\u00e1rio especial - Compartilha Bahia","isPartOf":{"@id":"https:\/\/compartilhabahia.com.br\/#website"},"datePublished":"2026-04-29T01:30:14+00:00","dateModified":"2026-04-29T01:30:16+00:00","breadcrumb":{"@id":"https:\/\/compartilhabahia.com.br\/index.php\/2026\/04\/28\/todas-as-lojas-grandes-ou-pequenas-no-shopping-boulevard-estarao-fechadas-neste-1o-de-maio-ja-a-praca-de-alimentacao-funciona-em-horario-especial\/#breadcrumb"},"inLanguage":"pt-BR","potentialAction":[{"@type":"ReadAction","target":["https:\/\/compartilhabahia.com.br\/index.php\/2026\/04\/28\/todas-as-lojas-grandes-ou-pequenas-no-shopping-boulevard-estarao-fechadas-neste-1o-de-maio-ja-a-praca-de-alimentacao-funciona-em-horario-especial\/"]}]},{"@type":"BreadcrumbList","@id":"https:\/\/compartilhabahia.com.br\/index.php\/2026\/04\/28\/todas-as-lojas-grandes-ou-pequenas-no-shopping-boulevard-estarao-fechadas-neste-1o-de-maio-ja-a-praca-de-alimentacao-funciona-em-horario-especial\/#breadcrumb","itemListElement":[{"@type":"ListItem","position":1,"name":"In\u00edcio","item":"https:\/\/compartilhabahia.com.br\/"},{"@type":"ListItem","position":2,"name":"Todas as lojas, grandes ou pequenas no Shopping Boulevard, estar\u00e3o fechadas neste 1\u00ba de maio. J\u00e1 a pra\u00e7a de alimenta\u00e7\u00e3o funciona em hor\u00e1rio especial"}]},{"@type":"WebSite","@id":"https:\/\/compartilhabahia.com.br\/#website","url":"https:\/\/compartilhabahia.com.br\/","name":"Compartilha Bahia","description":"","publisher":{"@id":"https:\/\/compartilhabahia.com.br\/#organization"},"potentialAction":[{"@type":"SearchAction","target":{"@type":"EntryPoint","urlTemplate":"https:\/\/compartilhabahia.com.br\/?s={search_term_string}"},"query-input":"required name=search_term_string"}],"inLanguage":"pt-BR"},{"@type":"Organization","@id":"https:\/\/compartilhabahia.com.br\/#organization","name":"Compartilha Bahia","url":"https:\/\/compartilhabahia.com.br\/","logo":{"@type":"ImageObject","inLanguage":"pt-BR","@id":"https:\/\/compartilhabahia.com.br\/#\/schema\/logo\/image\/","url":"https:\/\/compartilhabahia.com.br\/wp-content\/uploads\/2023\/12\/cropped-logo.png","contentUrl":"https:\/\/compartilhabahia.com.br\/wp-content\/uploads\/2023\/12\/cropped-logo.png","width":300,"height":106,"caption":"Compartilha Bahia"},"image":{"@id":"https:\/\/compartilhabahia.com.br\/#\/schema\/logo\/image\/"},"sameAs":["https:\/\/web.facebook.com\/compartilhabahia","https:\/\/www.instagram.com\/compartilhabahia\/"]},{"@type":"Person","@id":"https:\/\/compartilhabahia.com.br\/#\/schema\/person\/9b4f0c3178793b8248d6686732521c04","name":"admin","image":{"@type":"ImageObject","inLanguage":"pt-BR","@id":"https:\/\/compartilhabahia.com.br\/#\/schema\/person\/image\/","url":"https:\/\/secure.gravatar.com\/avatar\/9600df58751c5acbe914c538c03390ef649ea088cb65f84ba09c7ce66988eed6?s=96&d=mm&r=g","contentUrl":"https:\/\/secure.gravatar.com\/avatar\/9600df58751c5acbe914c538c03390ef649ea088cb65f84ba09c7ce66988eed6?s=96&d=mm&r=g","caption":"admin"},"sameAs":["https:\/\/compartilhabahia.com.br"],"url":"https:\/\/compartilhabahia.com.br\/index.php\/author\/compartilhabahia\/"}]}},"_links":{"self":[{"href":"https:\/\/compartilhabahia.com.br\/index.php\/wp-json\/wp\/v2\/posts\/9825","targetHints":{"allow":["GET"]}}],"collection":[{"href":"https:\/\/compartilhabahia.com.br\/index.php\/wp-json\/wp\/v2\/posts"}],"about":[{"href":"https:\/\/compartilhabahia.com.br\/index.php\/wp-json\/wp\/v2\/types\/post"}],"author":[{"embeddable":true,"href":"https:\/\/compartilhabahia.com.br\/index.php\/wp-json\/wp\/v2\/users\/1"}],"replies":[{"embeddable":true,"href":"https:\/\/compartilhabahia.com.br\/index.php\/wp-json\/wp\/v2\/comments?post=9825"}],"version-history":[{"count":1,"href":"https:\/\/compartilhabahia.com.br\/index.php\/wp-json\/wp\/v2\/posts\/9825\/revisions"}],"predecessor-version":[{"id":9827,"href":"https:\/\/compartilhabahia.com.br\/index.php\/wp-json\/wp\/v2\/posts\/9825\/revisions\/9827"}],"wp:featuredmedia":[{"embeddable":true,"href":"https:\/\/compartilhabahia.com.br\/index.php\/wp-json\/wp\/v2\/media\/9826"}],"wp:attachment":[{"href":"https:\/\/compartilhabahia.com.br\/index.php\/wp-json\/wp\/v2\/media?parent=9825"}],"wp:term":[{"taxonomy":"category","embeddable":true,"href":"https:\/\/compartilhabahia.com.br\/index.php\/wp-json\/wp\/v2\/categories?post=9825"},{"taxonomy":"post_tag","embeddable":true,"href":"https:\/\/compartilhabahia.com.br\/index.php\/wp-json\/wp\/v2\/tags?post=9825"}],"curies":[{"name":"wp","href":"https:\/\/api.w.org\/{rel}","templated":true}]}}