{"id":9815,"date":"2026-04-28T21:49:17","date_gmt":"2026-04-29T00:49:17","guid":{"rendered":"https:\/\/compartilhabahia.com.br\/?p=9815"},"modified":"2026-04-28T21:49:19","modified_gmt":"2026-04-29T00:49:19","slug":"residenciais-no-parque-real-serra-verde-na-estrada-da-cascalheira-e-investimento-de-r-72-milhoes","status":"publish","type":"post","link":"https:\/\/compartilhabahia.com.br\/index.php\/2026\/04\/28\/residenciais-no-parque-real-serra-verde-na-estrada-da-cascalheira-e-investimento-de-r-72-milhoes\/","title":{"rendered":"Residenciais no Parque Real Serra Verde, na Estrada da Cascalheira \u00e9 investimento de R$ 72 milh\u00f5es"},"content":{"rendered":"\n<p>MCMV: Prefeitura acompanha avan\u00e7o das obras nos Residenciais Serra Verde I e II<\/p>\n\n\n\n<p>A Prefeitura de Cama\u00e7ari realizou, nesta ter\u00e7a-feira (28), nova vistoria t\u00e9cnica nos Residenciais Serra Verde I e II, empreendimentos do programa federal Minha Casa, Minha Vida (MCMV), localizados na regi\u00e3o do Parque Real Serra Verde, na Estrada da Cascalheira (BA-531). Juntos, os residenciais somam 480 unidades habitacionais, sendo 240 em cada.<\/p>\n\n\n\n<p>A a\u00e7\u00e3o teve como objetivo acompanhar o andamento das obras, que seguem o padr\u00e3o de apartamentos com dois quartos, distribu\u00eddos em pr\u00e9dios de quatro pavimentos, garantindo o cumprimento dos prazos e das especifica\u00e7\u00f5es t\u00e9cnicas estabelecidas.<\/p>\n\n\n\n<p>\u201cCada empreendimento desse aqui, tanto o Serra Verde I quanto o II, ter\u00e1 quadra de esporte, academia de gin\u00e1stica, duas sedes administrativas e uma biblioteca. \u00c9 mais uma infraestrutura que a Prefeitura vai equipar e entregar para a popula\u00e7\u00e3o de Cama\u00e7ari\u201d, enfatizou o titular da Secretaria da Habita\u00e7\u00e3o (Sehab), Luiz Roberto Sibi\u00e9, ao indicar que as interven\u00e7\u00f5es dever\u00e3o ser conclu\u00eddas ainda este ano.<\/p>\n\n\n\n<p>Fruto da parceria entre a Prefeitura de Cama\u00e7ari, o Governo do Estado e o Governo Federal, com investimento de R$ 72 milh\u00f5es, os Residenciais Serra Verde I e II fazem parte de um conjunto mais amplo de empreendimentos habitacionais em constru\u00e7\u00e3o no munic\u00edpio, que inclui tamb\u00e9m os residenciais Novo Horizonte I e II e Verdes Horizontes I e II, totalizando 1.712 apartamentos. A iniciativa visa reduzir o d\u00e9ficit habitacional e promover inclus\u00e3o social por meio de pol\u00edticas p\u00fablicas estruturantes.<\/p>\n\n\n\n<figure class=\"wp-block-image size-large\"><img loading=\"lazy\" decoding=\"async\" width=\"1024\" height=\"682\" src=\"https:\/\/compartilhabahia.com.br\/wp-content\/uploads\/2026\/04\/Sehab_cobertura-vistoria-MCMV-residenciais-serra-verde_Foto_Juliano_Sarraf_05-1024x682.jpeg\" alt=\"\" class=\"wp-image-9817\" srcset=\"https:\/\/compartilhabahia.com.br\/wp-content\/uploads\/2026\/04\/Sehab_cobertura-vistoria-MCMV-residenciais-serra-verde_Foto_Juliano_Sarraf_05-1024x682.jpeg 1024w, https:\/\/compartilhabahia.com.br\/wp-content\/uploads\/2026\/04\/Sehab_cobertura-vistoria-MCMV-residenciais-serra-verde_Foto_Juliano_Sarraf_05-300x200.jpeg 300w, https:\/\/compartilhabahia.com.br\/wp-content\/uploads\/2026\/04\/Sehab_cobertura-vistoria-MCMV-residenciais-serra-verde_Foto_Juliano_Sarraf_05-768x512.jpeg 768w, https:\/\/compartilhabahia.com.br\/wp-content\/uploads\/2026\/04\/Sehab_cobertura-vistoria-MCMV-residenciais-serra-verde_Foto_Juliano_Sarraf_05-1536x1023.jpeg 1536w, https:\/\/compartilhabahia.com.br\/wp-content\/uploads\/2026\/04\/Sehab_cobertura-vistoria-MCMV-residenciais-serra-verde_Foto_Juliano_Sarraf_05-1200x800.jpeg 1200w, https:\/\/compartilhabahia.com.br\/wp-content\/uploads\/2026\/04\/Sehab_cobertura-vistoria-MCMV-residenciais-serra-verde_Foto_Juliano_Sarraf_05.jpeg 1600w\" sizes=\"auto, (max-width: 1024px) 100vw, 1024px\" \/><\/figure>\n\n\n\n<p>A sele\u00e7\u00e3o dos benefici\u00e1rios ocorre por meio do sistema eletr\u00f4nico Sishabi (Sistema de Habita\u00e7\u00e3o), homologado pela Caixa Econ\u00f4mica Federal, respons\u00e1vel tamb\u00e9m pela etapa final do processo, conforme crit\u00e9rios t\u00e9cnicos e sociais do programa. O procedimento garante transpar\u00eancia e assegura que as unidades sejam destinadas \u00e0s fam\u00edlias que mais necessitam.<\/p>\n\n\n\n<p>Foto: Juliano Sarraf<\/p>\n\n\n\n<figure class=\"wp-block-image size-large\"><img loading=\"lazy\" decoding=\"async\" width=\"1024\" height=\"682\" src=\"https:\/\/compartilhabahia.com.br\/wp-content\/uploads\/2026\/04\/Sehab_cobertura-vistoria-MCMV-residenciais-serra-verde_Foto_Juliano_Sarraf_04-1024x682.jpeg\" alt=\"\" class=\"wp-image-9818\" srcset=\"https:\/\/compartilhabahia.com.br\/wp-content\/uploads\/2026\/04\/Sehab_cobertura-vistoria-MCMV-residenciais-serra-verde_Foto_Juliano_Sarraf_04-1024x682.jpeg 1024w, https:\/\/compartilhabahia.com.br\/wp-content\/uploads\/2026\/04\/Sehab_cobertura-vistoria-MCMV-residenciais-serra-verde_Foto_Juliano_Sarraf_04-300x200.jpeg 300w, https:\/\/compartilhabahia.com.br\/wp-content\/uploads\/2026\/04\/Sehab_cobertura-vistoria-MCMV-residenciais-serra-verde_Foto_Juliano_Sarraf_04-768x512.jpeg 768w, https:\/\/compartilhabahia.com.br\/wp-content\/uploads\/2026\/04\/Sehab_cobertura-vistoria-MCMV-residenciais-serra-verde_Foto_Juliano_Sarraf_04-1536x1023.jpeg 1536w, https:\/\/compartilhabahia.com.br\/wp-content\/uploads\/2026\/04\/Sehab_cobertura-vistoria-MCMV-residenciais-serra-verde_Foto_Juliano_Sarraf_04-1200x800.jpeg 1200w, https:\/\/compartilhabahia.com.br\/wp-content\/uploads\/2026\/04\/Sehab_cobertura-vistoria-MCMV-residenciais-serra-verde_Foto_Juliano_Sarraf_04.jpeg 1600w\" sizes=\"auto, (max-width: 1024px) 100vw, 1024px\" \/><\/figure>\n\n\n\n<figure class=\"wp-block-image size-large\"><img loading=\"lazy\" decoding=\"async\" width=\"1024\" height=\"682\" src=\"https:\/\/compartilhabahia.com.br\/wp-content\/uploads\/2026\/04\/Sehab_cobertura-vistoria-MCMV-residenciais-serra-verde_Foto_Juliano_Sarraf_25-1024x682.jpeg\" alt=\"\" class=\"wp-image-9819\" srcset=\"https:\/\/compartilhabahia.com.br\/wp-content\/uploads\/2026\/04\/Sehab_cobertura-vistoria-MCMV-residenciais-serra-verde_Foto_Juliano_Sarraf_25-1024x682.jpeg 1024w, https:\/\/compartilhabahia.com.br\/wp-content\/uploads\/2026\/04\/Sehab_cobertura-vistoria-MCMV-residenciais-serra-verde_Foto_Juliano_Sarraf_25-300x200.jpeg 300w, https:\/\/compartilhabahia.com.br\/wp-content\/uploads\/2026\/04\/Sehab_cobertura-vistoria-MCMV-residenciais-serra-verde_Foto_Juliano_Sarraf_25-768x512.jpeg 768w, https:\/\/compartilhabahia.com.br\/wp-content\/uploads\/2026\/04\/Sehab_cobertura-vistoria-MCMV-residenciais-serra-verde_Foto_Juliano_Sarraf_25-1536x1023.jpeg 1536w, https:\/\/compartilhabahia.com.br\/wp-content\/uploads\/2026\/04\/Sehab_cobertura-vistoria-MCMV-residenciais-serra-verde_Foto_Juliano_Sarraf_25-1200x800.jpeg 1200w, https:\/\/compartilhabahia.com.br\/wp-content\/uploads\/2026\/04\/Sehab_cobertura-vistoria-MCMV-residenciais-serra-verde_Foto_Juliano_Sarraf_25.jpeg 1600w\" sizes=\"auto, (max-width: 1024px) 100vw, 1024px\" \/><\/figure>\n","protected":false},"excerpt":{"rendered":"<p>MCMV: Prefeitura acompanha avan\u00e7o das obras nos Residenciais Serra Verde I e II A Prefeitura de Cama\u00e7ari realizou, nesta ter\u00e7a-feira (28), nova vistoria t\u00e9cnica nos Residenciais Serra Verde I e II, empreendimentos do programa federal Minha Casa, Minha Vida (MCMV), localizados na regi\u00e3o do Parque Real Serra Verde, na Estrada da Cascalheira (BA-531). Juntos, os [&hellip;]<\/p>\n","protected":false},"author":1,"featured_media":9816,"comment_status":"open","ping_status":"open","sticky":false,"template":"","format":"standard","meta":{"footnotes":""},"categories":[8],"tags":[],"class_list":["post-9815","post","type-post","status-publish","format-standard","has-post-thumbnail","hentry","category-camacari"],"yoast_head":"<!-- This site is optimized with the Yoast SEO plugin v21.7 - https:\/\/yoast.com\/wordpress\/plugins\/seo\/ -->\n<title>Residenciais no Parque Real Serra Verde, na Estrada da Cascalheira \u00e9 investimento de R$ 72 milh\u00f5es - Compartilha Bahia<\/title>\n<meta name=\"robots\" content=\"index, follow, max-snippet:-1, max-image-preview:large, max-video-preview:-1\" \/>\n<link rel=\"canonical\" href=\"https:\/\/compartilhabahia.com.br\/index.php\/2026\/04\/28\/residenciais-no-parque-real-serra-verde-na-estrada-da-cascalheira-e-investimento-de-r-72-milhoes\/\" \/>\n<meta property=\"og:locale\" content=\"pt_BR\" \/>\n<meta property=\"og:type\" content=\"article\" \/>\n<meta property=\"og:title\" content=\"Residenciais no Parque Real Serra Verde, na Estrada da Cascalheira \u00e9 investimento de R$ 72 milh\u00f5es - Compartilha Bahia\" \/>\n<meta property=\"og:description\" content=\"MCMV: Prefeitura acompanha avan\u00e7o das obras nos Residenciais Serra Verde I e II A Prefeitura de Cama\u00e7ari realizou, nesta ter\u00e7a-feira (28), nova vistoria t\u00e9cnica nos Residenciais Serra Verde I e II, empreendimentos do programa federal Minha Casa, Minha Vida (MCMV), localizados na regi\u00e3o do Parque Real Serra Verde, na Estrada da Cascalheira (BA-531). Juntos, os [&hellip;]\" \/>\n<meta property=\"og:url\" content=\"https:\/\/compartilhabahia.com.br\/index.php\/2026\/04\/28\/residenciais-no-parque-real-serra-verde-na-estrada-da-cascalheira-e-investimento-de-r-72-milhoes\/\" \/>\n<meta property=\"og:site_name\" content=\"Compartilha Bahia\" \/>\n<meta property=\"article:publisher\" content=\"https:\/\/web.facebook.com\/compartilhabahia\" \/>\n<meta property=\"article:published_time\" content=\"2026-04-29T00:49:17+00:00\" \/>\n<meta property=\"article:modified_time\" content=\"2026-04-29T00:49:19+00:00\" \/>\n<meta property=\"og:image\" content=\"https:\/\/compartilhabahia.com.br\/wp-content\/uploads\/2026\/04\/Sehab_cobertura-vistoria-MCMV-residenciais-serra-verde_Foto_Juliano_Sarraf_23.jpeg\" \/>\n\t<meta property=\"og:image:width\" content=\"960\" \/>\n\t<meta property=\"og:image:height\" content=\"640\" \/>\n\t<meta property=\"og:image:type\" content=\"image\/jpeg\" \/>\n<meta name=\"author\" content=\"admin\" \/>\n<meta name=\"twitter:card\" content=\"summary_large_image\" \/>\n<meta name=\"twitter:label1\" content=\"Escrito por\" \/>\n\t<meta name=\"twitter:data1\" content=\"admin\" \/>\n\t<meta name=\"twitter:label2\" content=\"Est. tempo de leitura\" \/>\n\t<meta name=\"twitter:data2\" content=\"3 minutos\" \/>\n<script type=\"application\/ld+json\" class=\"yoast-schema-graph\">{\"@context\":\"https:\/\/schema.org\",\"@graph\":[{\"@type\":\"Article\",\"@id\":\"https:\/\/compartilhabahia.com.br\/index.php\/2026\/04\/28\/residenciais-no-parque-real-serra-verde-na-estrada-da-cascalheira-e-investimento-de-r-72-milhoes\/#article\",\"isPartOf\":{\"@id\":\"https:\/\/compartilhabahia.com.br\/index.php\/2026\/04\/28\/residenciais-no-parque-real-serra-verde-na-estrada-da-cascalheira-e-investimento-de-r-72-milhoes\/\"},\"author\":{\"name\":\"admin\",\"@id\":\"https:\/\/compartilhabahia.com.br\/#\/schema\/person\/9b4f0c3178793b8248d6686732521c04\"},\"headline\":\"Residenciais no Parque Real Serra Verde, na Estrada da Cascalheira \u00e9 investimento de R$ 72 milh\u00f5es\",\"datePublished\":\"2026-04-29T00:49:17+00:00\",\"dateModified\":\"2026-04-29T00:49:19+00:00\",\"mainEntityOfPage\":{\"@id\":\"https:\/\/compartilhabahia.com.br\/index.php\/2026\/04\/28\/residenciais-no-parque-real-serra-verde-na-estrada-da-cascalheira-e-investimento-de-r-72-milhoes\/\"},\"wordCount\":340,\"commentCount\":0,\"publisher\":{\"@id\":\"https:\/\/compartilhabahia.com.br\/#organization\"},\"articleSection\":[\"Cama\u00e7ari\"],\"inLanguage\":\"pt-BR\",\"potentialAction\":[{\"@type\":\"CommentAction\",\"name\":\"Comment\",\"target\":[\"https:\/\/compartilhabahia.com.br\/index.php\/2026\/04\/28\/residenciais-no-parque-real-serra-verde-na-estrada-da-cascalheira-e-investimento-de-r-72-milhoes\/#respond\"]}]},{\"@type\":\"WebPage\",\"@id\":\"https:\/\/compartilhabahia.com.br\/index.php\/2026\/04\/28\/residenciais-no-parque-real-serra-verde-na-estrada-da-cascalheira-e-investimento-de-r-72-milhoes\/\",\"url\":\"https:\/\/compartilhabahia.com.br\/index.php\/2026\/04\/28\/residenciais-no-parque-real-serra-verde-na-estrada-da-cascalheira-e-investimento-de-r-72-milhoes\/\",\"name\":\"Residenciais no Parque Real Serra Verde, na Estrada da Cascalheira \u00e9 investimento de R$ 72 milh\u00f5es - Compartilha Bahia\",\"isPartOf\":{\"@id\":\"https:\/\/compartilhabahia.com.br\/#website\"},\"datePublished\":\"2026-04-29T00:49:17+00:00\",\"dateModified\":\"2026-04-29T00:49:19+00:00\",\"breadcrumb\":{\"@id\":\"https:\/\/compartilhabahia.com.br\/index.php\/2026\/04\/28\/residenciais-no-parque-real-serra-verde-na-estrada-da-cascalheira-e-investimento-de-r-72-milhoes\/#breadcrumb\"},\"inLanguage\":\"pt-BR\",\"potentialAction\":[{\"@type\":\"ReadAction\",\"target\":[\"https:\/\/compartilhabahia.com.br\/index.php\/2026\/04\/28\/residenciais-no-parque-real-serra-verde-na-estrada-da-cascalheira-e-investimento-de-r-72-milhoes\/\"]}]},{\"@type\":\"BreadcrumbList\",\"@id\":\"https:\/\/compartilhabahia.com.br\/index.php\/2026\/04\/28\/residenciais-no-parque-real-serra-verde-na-estrada-da-cascalheira-e-investimento-de-r-72-milhoes\/#breadcrumb\",\"itemListElement\":[{\"@type\":\"ListItem\",\"position\":1,\"name\":\"In\u00edcio\",\"item\":\"https:\/\/compartilhabahia.com.br\/\"},{\"@type\":\"ListItem\",\"position\":2,\"name\":\"Residenciais no Parque Real Serra Verde, na Estrada da Cascalheira \u00e9 investimento de R$ 72 milh\u00f5es\"}]},{\"@type\":\"WebSite\",\"@id\":\"https:\/\/compartilhabahia.com.br\/#website\",\"url\":\"https:\/\/compartilhabahia.com.br\/\",\"name\":\"Compartilha Bahia\",\"description\":\"\",\"publisher\":{\"@id\":\"https:\/\/compartilhabahia.com.br\/#organization\"},\"potentialAction\":[{\"@type\":\"SearchAction\",\"target\":{\"@type\":\"EntryPoint\",\"urlTemplate\":\"https:\/\/compartilhabahia.com.br\/?s={search_term_string}\"},\"query-input\":\"required name=search_term_string\"}],\"inLanguage\":\"pt-BR\"},{\"@type\":\"Organization\",\"@id\":\"https:\/\/compartilhabahia.com.br\/#organization\",\"name\":\"Compartilha Bahia\",\"url\":\"https:\/\/compartilhabahia.com.br\/\",\"logo\":{\"@type\":\"ImageObject\",\"inLanguage\":\"pt-BR\",\"@id\":\"https:\/\/compartilhabahia.com.br\/#\/schema\/logo\/image\/\",\"url\":\"https:\/\/compartilhabahia.com.br\/wp-content\/uploads\/2023\/12\/cropped-logo.png\",\"contentUrl\":\"https:\/\/compartilhabahia.com.br\/wp-content\/uploads\/2023\/12\/cropped-logo.png\",\"width\":300,\"height\":106,\"caption\":\"Compartilha Bahia\"},\"image\":{\"@id\":\"https:\/\/compartilhabahia.com.br\/#\/schema\/logo\/image\/\"},\"sameAs\":[\"https:\/\/web.facebook.com\/compartilhabahia\",\"https:\/\/www.instagram.com\/compartilhabahia\/\"]},{\"@type\":\"Person\",\"@id\":\"https:\/\/compartilhabahia.com.br\/#\/schema\/person\/9b4f0c3178793b8248d6686732521c04\",\"name\":\"admin\",\"image\":{\"@type\":\"ImageObject\",\"inLanguage\":\"pt-BR\",\"@id\":\"https:\/\/compartilhabahia.com.br\/#\/schema\/person\/image\/\",\"url\":\"https:\/\/secure.gravatar.com\/avatar\/9600df58751c5acbe914c538c03390ef649ea088cb65f84ba09c7ce66988eed6?s=96&d=mm&r=g\",\"contentUrl\":\"https:\/\/secure.gravatar.com\/avatar\/9600df58751c5acbe914c538c03390ef649ea088cb65f84ba09c7ce66988eed6?s=96&d=mm&r=g\",\"caption\":\"admin\"},\"sameAs\":[\"https:\/\/compartilhabahia.com.br\"],\"url\":\"https:\/\/compartilhabahia.com.br\/index.php\/author\/compartilhabahia\/\"}]}<\/script>\n<!-- \/ Yoast SEO plugin. -->","yoast_head_json":{"title":"Residenciais no Parque Real Serra Verde, na Estrada da Cascalheira \u00e9 investimento de R$ 72 milh\u00f5es - Compartilha Bahia","robots":{"index":"index","follow":"follow","max-snippet":"max-snippet:-1","max-image-preview":"max-image-preview:large","max-video-preview":"max-video-preview:-1"},"canonical":"https:\/\/compartilhabahia.com.br\/index.php\/2026\/04\/28\/residenciais-no-parque-real-serra-verde-na-estrada-da-cascalheira-e-investimento-de-r-72-milhoes\/","og_locale":"pt_BR","og_type":"article","og_title":"Residenciais no Parque Real Serra Verde, na Estrada da Cascalheira \u00e9 investimento de R$ 72 milh\u00f5es - Compartilha Bahia","og_description":"MCMV: Prefeitura acompanha avan\u00e7o das obras nos Residenciais Serra Verde I e II A Prefeitura de Cama\u00e7ari realizou, nesta ter\u00e7a-feira (28), nova vistoria t\u00e9cnica nos Residenciais Serra Verde I e II, empreendimentos do programa federal Minha Casa, Minha Vida (MCMV), localizados na regi\u00e3o do Parque Real Serra Verde, na Estrada da Cascalheira (BA-531). Juntos, os [&hellip;]","og_url":"https:\/\/compartilhabahia.com.br\/index.php\/2026\/04\/28\/residenciais-no-parque-real-serra-verde-na-estrada-da-cascalheira-e-investimento-de-r-72-milhoes\/","og_site_name":"Compartilha Bahia","article_publisher":"https:\/\/web.facebook.com\/compartilhabahia","article_published_time":"2026-04-29T00:49:17+00:00","article_modified_time":"2026-04-29T00:49:19+00:00","og_image":[{"width":960,"height":640,"url":"https:\/\/compartilhabahia.com.br\/wp-content\/uploads\/2026\/04\/Sehab_cobertura-vistoria-MCMV-residenciais-serra-verde_Foto_Juliano_Sarraf_23.jpeg","type":"image\/jpeg"}],"author":"admin","twitter_card":"summary_large_image","twitter_misc":{"Escrito por":"admin","Est. tempo de leitura":"3 minutos"},"schema":{"@context":"https:\/\/schema.org","@graph":[{"@type":"Article","@id":"https:\/\/compartilhabahia.com.br\/index.php\/2026\/04\/28\/residenciais-no-parque-real-serra-verde-na-estrada-da-cascalheira-e-investimento-de-r-72-milhoes\/#article","isPartOf":{"@id":"https:\/\/compartilhabahia.com.br\/index.php\/2026\/04\/28\/residenciais-no-parque-real-serra-verde-na-estrada-da-cascalheira-e-investimento-de-r-72-milhoes\/"},"author":{"name":"admin","@id":"https:\/\/compartilhabahia.com.br\/#\/schema\/person\/9b4f0c3178793b8248d6686732521c04"},"headline":"Residenciais no Parque Real Serra Verde, na Estrada da Cascalheira \u00e9 investimento de R$ 72 milh\u00f5es","datePublished":"2026-04-29T00:49:17+00:00","dateModified":"2026-04-29T00:49:19+00:00","mainEntityOfPage":{"@id":"https:\/\/compartilhabahia.com.br\/index.php\/2026\/04\/28\/residenciais-no-parque-real-serra-verde-na-estrada-da-cascalheira-e-investimento-de-r-72-milhoes\/"},"wordCount":340,"commentCount":0,"publisher":{"@id":"https:\/\/compartilhabahia.com.br\/#organization"},"articleSection":["Cama\u00e7ari"],"inLanguage":"pt-BR","potentialAction":[{"@type":"CommentAction","name":"Comment","target":["https:\/\/compartilhabahia.com.br\/index.php\/2026\/04\/28\/residenciais-no-parque-real-serra-verde-na-estrada-da-cascalheira-e-investimento-de-r-72-milhoes\/#respond"]}]},{"@type":"WebPage","@id":"https:\/\/compartilhabahia.com.br\/index.php\/2026\/04\/28\/residenciais-no-parque-real-serra-verde-na-estrada-da-cascalheira-e-investimento-de-r-72-milhoes\/","url":"https:\/\/compartilhabahia.com.br\/index.php\/2026\/04\/28\/residenciais-no-parque-real-serra-verde-na-estrada-da-cascalheira-e-investimento-de-r-72-milhoes\/","name":"Residenciais no Parque Real Serra Verde, na Estrada da Cascalheira \u00e9 investimento de R$ 72 milh\u00f5es - Compartilha Bahia","isPartOf":{"@id":"https:\/\/compartilhabahia.com.br\/#website"},"datePublished":"2026-04-29T00:49:17+00:00","dateModified":"2026-04-29T00:49:19+00:00","breadcrumb":{"@id":"https:\/\/compartilhabahia.com.br\/index.php\/2026\/04\/28\/residenciais-no-parque-real-serra-verde-na-estrada-da-cascalheira-e-investimento-de-r-72-milhoes\/#breadcrumb"},"inLanguage":"pt-BR","potentialAction":[{"@type":"ReadAction","target":["https:\/\/compartilhabahia.com.br\/index.php\/2026\/04\/28\/residenciais-no-parque-real-serra-verde-na-estrada-da-cascalheira-e-investimento-de-r-72-milhoes\/"]}]},{"@type":"BreadcrumbList","@id":"https:\/\/compartilhabahia.com.br\/index.php\/2026\/04\/28\/residenciais-no-parque-real-serra-verde-na-estrada-da-cascalheira-e-investimento-de-r-72-milhoes\/#breadcrumb","itemListElement":[{"@type":"ListItem","position":1,"name":"In\u00edcio","item":"https:\/\/compartilhabahia.com.br\/"},{"@type":"ListItem","position":2,"name":"Residenciais no Parque Real Serra Verde, na Estrada da Cascalheira \u00e9 investimento de R$ 72 milh\u00f5es"}]},{"@type":"WebSite","@id":"https:\/\/compartilhabahia.com.br\/#website","url":"https:\/\/compartilhabahia.com.br\/","name":"Compartilha Bahia","description":"","publisher":{"@id":"https:\/\/compartilhabahia.com.br\/#organization"},"potentialAction":[{"@type":"SearchAction","target":{"@type":"EntryPoint","urlTemplate":"https:\/\/compartilhabahia.com.br\/?s={search_term_string}"},"query-input":"required name=search_term_string"}],"inLanguage":"pt-BR"},{"@type":"Organization","@id":"https:\/\/compartilhabahia.com.br\/#organization","name":"Compartilha Bahia","url":"https:\/\/compartilhabahia.com.br\/","logo":{"@type":"ImageObject","inLanguage":"pt-BR","@id":"https:\/\/compartilhabahia.com.br\/#\/schema\/logo\/image\/","url":"https:\/\/compartilhabahia.com.br\/wp-content\/uploads\/2023\/12\/cropped-logo.png","contentUrl":"https:\/\/compartilhabahia.com.br\/wp-content\/uploads\/2023\/12\/cropped-logo.png","width":300,"height":106,"caption":"Compartilha Bahia"},"image":{"@id":"https:\/\/compartilhabahia.com.br\/#\/schema\/logo\/image\/"},"sameAs":["https:\/\/web.facebook.com\/compartilhabahia","https:\/\/www.instagram.com\/compartilhabahia\/"]},{"@type":"Person","@id":"https:\/\/compartilhabahia.com.br\/#\/schema\/person\/9b4f0c3178793b8248d6686732521c04","name":"admin","image":{"@type":"ImageObject","inLanguage":"pt-BR","@id":"https:\/\/compartilhabahia.com.br\/#\/schema\/person\/image\/","url":"https:\/\/secure.gravatar.com\/avatar\/9600df58751c5acbe914c538c03390ef649ea088cb65f84ba09c7ce66988eed6?s=96&d=mm&r=g","contentUrl":"https:\/\/secure.gravatar.com\/avatar\/9600df58751c5acbe914c538c03390ef649ea088cb65f84ba09c7ce66988eed6?s=96&d=mm&r=g","caption":"admin"},"sameAs":["https:\/\/compartilhabahia.com.br"],"url":"https:\/\/compartilhabahia.com.br\/index.php\/author\/compartilhabahia\/"}]}},"_links":{"self":[{"href":"https:\/\/compartilhabahia.com.br\/index.php\/wp-json\/wp\/v2\/posts\/9815","targetHints":{"allow":["GET"]}}],"collection":[{"href":"https:\/\/compartilhabahia.com.br\/index.php\/wp-json\/wp\/v2\/posts"}],"about":[{"href":"https:\/\/compartilhabahia.com.br\/index.php\/wp-json\/wp\/v2\/types\/post"}],"author":[{"embeddable":true,"href":"https:\/\/compartilhabahia.com.br\/index.php\/wp-json\/wp\/v2\/users\/1"}],"replies":[{"embeddable":true,"href":"https:\/\/compartilhabahia.com.br\/index.php\/wp-json\/wp\/v2\/comments?post=9815"}],"version-history":[{"count":1,"href":"https:\/\/compartilhabahia.com.br\/index.php\/wp-json\/wp\/v2\/posts\/9815\/revisions"}],"predecessor-version":[{"id":9820,"href":"https:\/\/compartilhabahia.com.br\/index.php\/wp-json\/wp\/v2\/posts\/9815\/revisions\/9820"}],"wp:featuredmedia":[{"embeddable":true,"href":"https:\/\/compartilhabahia.com.br\/index.php\/wp-json\/wp\/v2\/media\/9816"}],"wp:attachment":[{"href":"https:\/\/compartilhabahia.com.br\/index.php\/wp-json\/wp\/v2\/media?parent=9815"}],"wp:term":[{"taxonomy":"category","embeddable":true,"href":"https:\/\/compartilhabahia.com.br\/index.php\/wp-json\/wp\/v2\/categories?post=9815"},{"taxonomy":"post_tag","embeddable":true,"href":"https:\/\/compartilhabahia.com.br\/index.php\/wp-json\/wp\/v2\/tags?post=9815"}],"curies":[{"name":"wp","href":"https:\/\/api.w.org\/{rel}","templated":true}]}}