{"id":9809,"date":"2026-04-27T20:30:13","date_gmt":"2026-04-27T23:30:13","guid":{"rendered":"https:\/\/compartilhabahia.com.br\/?p=9809"},"modified":"2026-04-27T20:39:46","modified_gmt":"2026-04-27T23:39:46","slug":"eleitor-morto-por-um-vigilante-no-forum-de-camacari-foi-ao-local-resolver-demandas-do-seu-titulo-mas-foi-armado-com-uma-faca","status":"publish","type":"post","link":"https:\/\/compartilhabahia.com.br\/index.php\/2026\/04\/27\/eleitor-morto-por-um-vigilante-no-forum-de-camacari-foi-ao-local-resolver-demandas-do-seu-titulo-mas-foi-armado-com-uma-faca\/","title":{"rendered":"Eleitor morto por um vigilante no F\u00f3rum de Cama\u00e7ari foi ao local resolver demandas do seu t\u00edtulo, mas foi armado com uma faca"},"content":{"rendered":"\n<p>O eleitor Alexandro dos Santos, de 36 anos, natural de Ferraz Vasconcelos, S\u00e3o Paulo foi morto na manh\u00e3 desta segunda-feira (27) no F\u00f3rum Eleitoral de Cama\u00e7ari (BA), ap\u00f3s ter ido ao local para resolver alguma pend\u00eancia com seu t\u00edtulo. (No pr\u00f3ximo dia 6 de maio, encerra o prazo para regulariza\u00e7\u00e3o, o que tem levado muita gente at\u00e9 as depend\u00eancias do TRE-BA).<\/p>\n\n\n\n<p>De acordo com informa\u00e7\u00f5es coletadas na cena do crime, a v\u00edtima, ap\u00f3s ter sido acolhido pelos servidores do eleitoral, teve possivelmente na sa\u00edda,  um desentendimento com o vigilante, sacado de uma faca e ferido o trabalhador com um corte no bra\u00e7o. O vigilante por sua vez, sacou sua arma e disparou diversos tiros, matando o homem, ali mesmo na escada do f\u00f3rum.<\/p>\n\n\n\n<p>Segundo informa\u00e7\u00f5es Alexandro j\u00e1 teria ido em dias anteriores ao F\u00f3rum sem conseguir atendimento. Mas hoje, dia em  que ele teria finalmente conseguido resolver sua demanda e quem sabe ter ficado quite com a Justi\u00e7a Eleitoral, os fatos que aconteceram ap\u00f3s isso,  resultou em sua morte.<\/p>\n\n\n\n<p>Alexandro, tamb\u00e9m segundo informa\u00e7\u00f5es, estava atribulado, andava com uma faca na cinta. J\u00e1 teria, no passado, matado um homem de sua pr\u00f3pria fam\u00edlia e sa\u00eddo recentemente da cadeia. <\/p>\n\n\n\n<p>\u00c9 muito perigoso para uma pessoa comum andar com faca ou rev\u00f3lver, pois a viol\u00eancia, a grosseria e a valentia, n\u00e3o garante a seguran\u00e7a de ningu\u00e9m, at\u00e9 porque, sempre ser\u00e1 poss\u00edvel encontrar pela frente, uma pessoa mais treinada, mais preparada e melhor equipada, como foi nesse caso, onde Alexandro com uma arma branca, foi enfrentar um profissional preparado e fortemente armado com uma arma de fogo.<\/p>\n\n\n\n<p>E na luta da faca contra o tiro, normalmente o revolver sempre vence, isso desde quando a p\u00f3lvora foi inventada.<\/p>\n\n\n\n<p><\/p>\n\n\n\n<h2 class=\"wp-block-heading\">NOTA DE ESCLARECIMENTO<\/h2>\n\n\n\n<p>Reafirmamos nosso compromisso com a integridade f\u00edsica do corpo funcional do TRE-BA e usu\u00e1rios dos servi\u00e7os da Justi\u00e7a Eleitoral<\/p>\n\n\n\n<p>\u00c9 com profundo pesar que o Tribunal Regional Eleitoral da Bahia (TRE-BA) informa que, na manh\u00e3 desta segunda-feira (27), foi registrada uma situa\u00e7\u00e3o de viol\u00eancia f\u00edsica nas depend\u00eancias do F\u00f3rum Eleitoral do munic\u00edpio de Cama\u00e7ari, estrutura que abriga os cart\u00f3rios das 170\u00aa e 171\u00aa Zonas Eleitorais.<\/p>\n\n\n\n<p>Um cidad\u00e3o, ap\u00f3s a realiza\u00e7\u00e3o de servi\u00e7o eleitoral, agrediu com arma branca (faca), o agente de seguran\u00e7a, profissional terceirizado vinculado \u00e0 empresa contratada pelo Tribunal Regional Eleitoral da Bahia (TRE-BA).&nbsp;<\/p>\n\n\n\n<p>Diante da situa\u00e7\u00e3o de iminente risco \u00e0 sua integridade f\u00edsica e a de eleitores(as) e servidores(as) presentes no cart\u00f3rio, o vigilante reagiu, efetuando disparos de arma de fogo, o que resultou no \u00f3bito do agressor ainda no local.<\/p>\n\n\n\n<p>A Pol\u00edcia Militar do Estado da Bahia foi acionada e realizou os primeiros procedimentos no local, realizando o isolamento da \u00e1rea e prestando o atendimento inicial \u00e0 ocorr\u00eancia. Considerando que os fatos ocorreram no interior do pr\u00e9dio da Justi\u00e7a Eleitoral, a Pol\u00edcia Federal foi devidamente acionada para a realiza\u00e7\u00e3o de per\u00edcia e demais procedimentos investigativos cab\u00edveis.<\/p>\n\n\n\n<p>O vigilante recebeu atendimento imediato por equipe do Servi\u00e7o de Atendimento M\u00f3vel de Urg\u00eancia (SAMU), encontrando-se, at\u00e9 o momento, fora de risco de morte. O TRE-BA segue prestando todo apoio necess\u00e1rio ao agente ferido, bem como acompanhando o caso junto \u00e0s autoridades competentes.<\/p>\n\n\n\n<p>Reafirmamos o nosso compromisso com a integridade f\u00edsica do corpo funcional do TRE-BA e usu\u00e1rios dos servi\u00e7os da Justi\u00e7a Eleitoral, especialmente neste per\u00edodo de grande fluxo de atendimento, em raz\u00e3o do fechamento do cadastro eleitoral.&nbsp;<\/p>\n\n\n\n<p>Apesar do robusto plano de seguran\u00e7a para o processo eleitoral, ap\u00f3s o caso, o TRE-BA informa que medidas de refor\u00e7o na seguran\u00e7a ser\u00e3o adotadas para os Cart\u00f3rios Eleitorais e Centrais de Atendimento ao P\u00fablico em toda Bahia.&nbsp;<\/p>\n\n\n\n<p>O atendimento continua sendo prestado no Cart\u00f3rio Eleitoral de Cama\u00e7ari nesta segunda-feira (27), at\u00e9 as 14 horas. Contudo, o TRE-BA sugere que os eleitores e as eleitoras, &#8211; exceto aqueles(as) que est\u00e3o pendentes de coleta biom\u00e9trica-, busquem o Autoatendimento da Justi\u00e7a Eleitoral pelo site&nbsp;<a href=\"http:\/\/www.tre-ba.jus.br\/\">www.tre-ba.jus.br<\/a>.<a href=\"http:\/\/www.tre-ba.jus.br\/\"><\/a><\/p>\n\n\n\n<p>Salvador, 27 de abril de 2026<br>Tribunal Regional Eleitoral da Bahia<\/p>\n","protected":false},"excerpt":{"rendered":"<p>O eleitor Alexandro dos Santos, de 36 anos, natural de Ferraz Vasconcelos, S\u00e3o Paulo foi morto na manh\u00e3 desta segunda-feira (27) no F\u00f3rum Eleitoral de Cama\u00e7ari (BA), ap\u00f3s ter ido ao local para resolver alguma pend\u00eancia com seu t\u00edtulo. (No pr\u00f3ximo dia 6 de maio, encerra o prazo para regulariza\u00e7\u00e3o, o que tem levado muita [&hellip;]<\/p>\n","protected":false},"author":1,"featured_media":9810,"comment_status":"open","ping_status":"open","sticky":false,"template":"","format":"standard","meta":{"footnotes":""},"categories":[8],"tags":[],"class_list":["post-9809","post","type-post","status-publish","format-standard","has-post-thumbnail","hentry","category-camacari"],"yoast_head":"<!-- This site is optimized with the Yoast SEO plugin v21.7 - https:\/\/yoast.com\/wordpress\/plugins\/seo\/ -->\n<title>Eleitor morto por um vigilante no F\u00f3rum de Cama\u00e7ari foi ao local resolver demandas do seu t\u00edtulo, mas foi armado com uma faca - Compartilha Bahia<\/title>\n<meta name=\"robots\" content=\"index, follow, max-snippet:-1, max-image-preview:large, max-video-preview:-1\" \/>\n<link rel=\"canonical\" href=\"https:\/\/compartilhabahia.com.br\/index.php\/2026\/04\/27\/eleitor-morto-por-um-vigilante-no-forum-de-camacari-foi-ao-local-resolver-demandas-do-seu-titulo-mas-foi-armado-com-uma-faca\/\" \/>\n<meta property=\"og:locale\" content=\"pt_BR\" \/>\n<meta property=\"og:type\" content=\"article\" \/>\n<meta property=\"og:title\" content=\"Eleitor morto por um vigilante no F\u00f3rum de Cama\u00e7ari foi ao local resolver demandas do seu t\u00edtulo, mas foi armado com uma faca - Compartilha Bahia\" \/>\n<meta property=\"og:description\" content=\"O eleitor Alexandro dos Santos, de 36 anos, natural de Ferraz Vasconcelos, S\u00e3o Paulo foi morto na manh\u00e3 desta segunda-feira (27) no F\u00f3rum Eleitoral de Cama\u00e7ari (BA), ap\u00f3s ter ido ao local para resolver alguma pend\u00eancia com seu t\u00edtulo. (No pr\u00f3ximo dia 6 de maio, encerra o prazo para regulariza\u00e7\u00e3o, o que tem levado muita [&hellip;]\" \/>\n<meta property=\"og:url\" content=\"https:\/\/compartilhabahia.com.br\/index.php\/2026\/04\/27\/eleitor-morto-por-um-vigilante-no-forum-de-camacari-foi-ao-local-resolver-demandas-do-seu-titulo-mas-foi-armado-com-uma-faca\/\" \/>\n<meta property=\"og:site_name\" content=\"Compartilha Bahia\" \/>\n<meta property=\"article:publisher\" content=\"https:\/\/web.facebook.com\/compartilhabahia\" \/>\n<meta property=\"article:published_time\" content=\"2026-04-27T23:30:13+00:00\" \/>\n<meta property=\"article:modified_time\" content=\"2026-04-27T23:39:46+00:00\" \/>\n<meta property=\"og:image\" content=\"https:\/\/compartilhabahia.com.br\/wp-content\/uploads\/2026\/04\/mortonoforum.jpg\" \/>\n\t<meta property=\"og:image:width\" content=\"605\" \/>\n\t<meta property=\"og:image:height\" content=\"404\" \/>\n\t<meta property=\"og:image:type\" content=\"image\/jpeg\" \/>\n<meta name=\"author\" content=\"admin\" \/>\n<meta name=\"twitter:card\" content=\"summary_large_image\" \/>\n<meta name=\"twitter:label1\" content=\"Escrito por\" \/>\n\t<meta name=\"twitter:data1\" content=\"admin\" \/>\n\t<meta name=\"twitter:label2\" content=\"Est. tempo de leitura\" \/>\n\t<meta name=\"twitter:data2\" content=\"4 minutos\" \/>\n<script type=\"application\/ld+json\" class=\"yoast-schema-graph\">{\"@context\":\"https:\/\/schema.org\",\"@graph\":[{\"@type\":\"Article\",\"@id\":\"https:\/\/compartilhabahia.com.br\/index.php\/2026\/04\/27\/eleitor-morto-por-um-vigilante-no-forum-de-camacari-foi-ao-local-resolver-demandas-do-seu-titulo-mas-foi-armado-com-uma-faca\/#article\",\"isPartOf\":{\"@id\":\"https:\/\/compartilhabahia.com.br\/index.php\/2026\/04\/27\/eleitor-morto-por-um-vigilante-no-forum-de-camacari-foi-ao-local-resolver-demandas-do-seu-titulo-mas-foi-armado-com-uma-faca\/\"},\"author\":{\"name\":\"admin\",\"@id\":\"https:\/\/compartilhabahia.com.br\/#\/schema\/person\/9b4f0c3178793b8248d6686732521c04\"},\"headline\":\"Eleitor morto por um vigilante no F\u00f3rum de Cama\u00e7ari foi ao local resolver demandas do seu t\u00edtulo, mas foi armado com uma faca\",\"datePublished\":\"2026-04-27T23:30:13+00:00\",\"dateModified\":\"2026-04-27T23:39:46+00:00\",\"mainEntityOfPage\":{\"@id\":\"https:\/\/compartilhabahia.com.br\/index.php\/2026\/04\/27\/eleitor-morto-por-um-vigilante-no-forum-de-camacari-foi-ao-local-resolver-demandas-do-seu-titulo-mas-foi-armado-com-uma-faca\/\"},\"wordCount\":748,\"commentCount\":0,\"publisher\":{\"@id\":\"https:\/\/compartilhabahia.com.br\/#organization\"},\"articleSection\":[\"Cama\u00e7ari\"],\"inLanguage\":\"pt-BR\",\"potentialAction\":[{\"@type\":\"CommentAction\",\"name\":\"Comment\",\"target\":[\"https:\/\/compartilhabahia.com.br\/index.php\/2026\/04\/27\/eleitor-morto-por-um-vigilante-no-forum-de-camacari-foi-ao-local-resolver-demandas-do-seu-titulo-mas-foi-armado-com-uma-faca\/#respond\"]}]},{\"@type\":\"WebPage\",\"@id\":\"https:\/\/compartilhabahia.com.br\/index.php\/2026\/04\/27\/eleitor-morto-por-um-vigilante-no-forum-de-camacari-foi-ao-local-resolver-demandas-do-seu-titulo-mas-foi-armado-com-uma-faca\/\",\"url\":\"https:\/\/compartilhabahia.com.br\/index.php\/2026\/04\/27\/eleitor-morto-por-um-vigilante-no-forum-de-camacari-foi-ao-local-resolver-demandas-do-seu-titulo-mas-foi-armado-com-uma-faca\/\",\"name\":\"Eleitor morto por um vigilante no F\u00f3rum de Cama\u00e7ari foi ao local resolver demandas do seu t\u00edtulo, mas foi armado com uma faca - Compartilha Bahia\",\"isPartOf\":{\"@id\":\"https:\/\/compartilhabahia.com.br\/#website\"},\"datePublished\":\"2026-04-27T23:30:13+00:00\",\"dateModified\":\"2026-04-27T23:39:46+00:00\",\"breadcrumb\":{\"@id\":\"https:\/\/compartilhabahia.com.br\/index.php\/2026\/04\/27\/eleitor-morto-por-um-vigilante-no-forum-de-camacari-foi-ao-local-resolver-demandas-do-seu-titulo-mas-foi-armado-com-uma-faca\/#breadcrumb\"},\"inLanguage\":\"pt-BR\",\"potentialAction\":[{\"@type\":\"ReadAction\",\"target\":[\"https:\/\/compartilhabahia.com.br\/index.php\/2026\/04\/27\/eleitor-morto-por-um-vigilante-no-forum-de-camacari-foi-ao-local-resolver-demandas-do-seu-titulo-mas-foi-armado-com-uma-faca\/\"]}]},{\"@type\":\"BreadcrumbList\",\"@id\":\"https:\/\/compartilhabahia.com.br\/index.php\/2026\/04\/27\/eleitor-morto-por-um-vigilante-no-forum-de-camacari-foi-ao-local-resolver-demandas-do-seu-titulo-mas-foi-armado-com-uma-faca\/#breadcrumb\",\"itemListElement\":[{\"@type\":\"ListItem\",\"position\":1,\"name\":\"In\u00edcio\",\"item\":\"https:\/\/compartilhabahia.com.br\/\"},{\"@type\":\"ListItem\",\"position\":2,\"name\":\"Eleitor morto por um vigilante no F\u00f3rum de Cama\u00e7ari foi ao local resolver demandas do seu t\u00edtulo, mas foi armado com uma faca\"}]},{\"@type\":\"WebSite\",\"@id\":\"https:\/\/compartilhabahia.com.br\/#website\",\"url\":\"https:\/\/compartilhabahia.com.br\/\",\"name\":\"Compartilha Bahia\",\"description\":\"\",\"publisher\":{\"@id\":\"https:\/\/compartilhabahia.com.br\/#organization\"},\"potentialAction\":[{\"@type\":\"SearchAction\",\"target\":{\"@type\":\"EntryPoint\",\"urlTemplate\":\"https:\/\/compartilhabahia.com.br\/?s={search_term_string}\"},\"query-input\":\"required name=search_term_string\"}],\"inLanguage\":\"pt-BR\"},{\"@type\":\"Organization\",\"@id\":\"https:\/\/compartilhabahia.com.br\/#organization\",\"name\":\"Compartilha Bahia\",\"url\":\"https:\/\/compartilhabahia.com.br\/\",\"logo\":{\"@type\":\"ImageObject\",\"inLanguage\":\"pt-BR\",\"@id\":\"https:\/\/compartilhabahia.com.br\/#\/schema\/logo\/image\/\",\"url\":\"https:\/\/compartilhabahia.com.br\/wp-content\/uploads\/2023\/12\/cropped-logo.png\",\"contentUrl\":\"https:\/\/compartilhabahia.com.br\/wp-content\/uploads\/2023\/12\/cropped-logo.png\",\"width\":300,\"height\":106,\"caption\":\"Compartilha Bahia\"},\"image\":{\"@id\":\"https:\/\/compartilhabahia.com.br\/#\/schema\/logo\/image\/\"},\"sameAs\":[\"https:\/\/web.facebook.com\/compartilhabahia\",\"https:\/\/www.instagram.com\/compartilhabahia\/\"]},{\"@type\":\"Person\",\"@id\":\"https:\/\/compartilhabahia.com.br\/#\/schema\/person\/9b4f0c3178793b8248d6686732521c04\",\"name\":\"admin\",\"image\":{\"@type\":\"ImageObject\",\"inLanguage\":\"pt-BR\",\"@id\":\"https:\/\/compartilhabahia.com.br\/#\/schema\/person\/image\/\",\"url\":\"https:\/\/secure.gravatar.com\/avatar\/9600df58751c5acbe914c538c03390ef649ea088cb65f84ba09c7ce66988eed6?s=96&d=mm&r=g\",\"contentUrl\":\"https:\/\/secure.gravatar.com\/avatar\/9600df58751c5acbe914c538c03390ef649ea088cb65f84ba09c7ce66988eed6?s=96&d=mm&r=g\",\"caption\":\"admin\"},\"sameAs\":[\"https:\/\/compartilhabahia.com.br\"],\"url\":\"https:\/\/compartilhabahia.com.br\/index.php\/author\/compartilhabahia\/\"}]}<\/script>\n<!-- \/ Yoast SEO plugin. -->","yoast_head_json":{"title":"Eleitor morto por um vigilante no F\u00f3rum de Cama\u00e7ari foi ao local resolver demandas do seu t\u00edtulo, mas foi armado com uma faca - Compartilha Bahia","robots":{"index":"index","follow":"follow","max-snippet":"max-snippet:-1","max-image-preview":"max-image-preview:large","max-video-preview":"max-video-preview:-1"},"canonical":"https:\/\/compartilhabahia.com.br\/index.php\/2026\/04\/27\/eleitor-morto-por-um-vigilante-no-forum-de-camacari-foi-ao-local-resolver-demandas-do-seu-titulo-mas-foi-armado-com-uma-faca\/","og_locale":"pt_BR","og_type":"article","og_title":"Eleitor morto por um vigilante no F\u00f3rum de Cama\u00e7ari foi ao local resolver demandas do seu t\u00edtulo, mas foi armado com uma faca - Compartilha Bahia","og_description":"O eleitor Alexandro dos Santos, de 36 anos, natural de Ferraz Vasconcelos, S\u00e3o Paulo foi morto na manh\u00e3 desta segunda-feira (27) no F\u00f3rum Eleitoral de Cama\u00e7ari (BA), ap\u00f3s ter ido ao local para resolver alguma pend\u00eancia com seu t\u00edtulo. (No pr\u00f3ximo dia 6 de maio, encerra o prazo para regulariza\u00e7\u00e3o, o que tem levado muita [&hellip;]","og_url":"https:\/\/compartilhabahia.com.br\/index.php\/2026\/04\/27\/eleitor-morto-por-um-vigilante-no-forum-de-camacari-foi-ao-local-resolver-demandas-do-seu-titulo-mas-foi-armado-com-uma-faca\/","og_site_name":"Compartilha Bahia","article_publisher":"https:\/\/web.facebook.com\/compartilhabahia","article_published_time":"2026-04-27T23:30:13+00:00","article_modified_time":"2026-04-27T23:39:46+00:00","og_image":[{"width":605,"height":404,"url":"https:\/\/compartilhabahia.com.br\/wp-content\/uploads\/2026\/04\/mortonoforum.jpg","type":"image\/jpeg"}],"author":"admin","twitter_card":"summary_large_image","twitter_misc":{"Escrito por":"admin","Est. tempo de leitura":"4 minutos"},"schema":{"@context":"https:\/\/schema.org","@graph":[{"@type":"Article","@id":"https:\/\/compartilhabahia.com.br\/index.php\/2026\/04\/27\/eleitor-morto-por-um-vigilante-no-forum-de-camacari-foi-ao-local-resolver-demandas-do-seu-titulo-mas-foi-armado-com-uma-faca\/#article","isPartOf":{"@id":"https:\/\/compartilhabahia.com.br\/index.php\/2026\/04\/27\/eleitor-morto-por-um-vigilante-no-forum-de-camacari-foi-ao-local-resolver-demandas-do-seu-titulo-mas-foi-armado-com-uma-faca\/"},"author":{"name":"admin","@id":"https:\/\/compartilhabahia.com.br\/#\/schema\/person\/9b4f0c3178793b8248d6686732521c04"},"headline":"Eleitor morto por um vigilante no F\u00f3rum de Cama\u00e7ari foi ao local resolver demandas do seu t\u00edtulo, mas foi armado com uma faca","datePublished":"2026-04-27T23:30:13+00:00","dateModified":"2026-04-27T23:39:46+00:00","mainEntityOfPage":{"@id":"https:\/\/compartilhabahia.com.br\/index.php\/2026\/04\/27\/eleitor-morto-por-um-vigilante-no-forum-de-camacari-foi-ao-local-resolver-demandas-do-seu-titulo-mas-foi-armado-com-uma-faca\/"},"wordCount":748,"commentCount":0,"publisher":{"@id":"https:\/\/compartilhabahia.com.br\/#organization"},"articleSection":["Cama\u00e7ari"],"inLanguage":"pt-BR","potentialAction":[{"@type":"CommentAction","name":"Comment","target":["https:\/\/compartilhabahia.com.br\/index.php\/2026\/04\/27\/eleitor-morto-por-um-vigilante-no-forum-de-camacari-foi-ao-local-resolver-demandas-do-seu-titulo-mas-foi-armado-com-uma-faca\/#respond"]}]},{"@type":"WebPage","@id":"https:\/\/compartilhabahia.com.br\/index.php\/2026\/04\/27\/eleitor-morto-por-um-vigilante-no-forum-de-camacari-foi-ao-local-resolver-demandas-do-seu-titulo-mas-foi-armado-com-uma-faca\/","url":"https:\/\/compartilhabahia.com.br\/index.php\/2026\/04\/27\/eleitor-morto-por-um-vigilante-no-forum-de-camacari-foi-ao-local-resolver-demandas-do-seu-titulo-mas-foi-armado-com-uma-faca\/","name":"Eleitor morto por um vigilante no F\u00f3rum de Cama\u00e7ari foi ao local resolver demandas do seu t\u00edtulo, mas foi armado com uma faca - Compartilha Bahia","isPartOf":{"@id":"https:\/\/compartilhabahia.com.br\/#website"},"datePublished":"2026-04-27T23:30:13+00:00","dateModified":"2026-04-27T23:39:46+00:00","breadcrumb":{"@id":"https:\/\/compartilhabahia.com.br\/index.php\/2026\/04\/27\/eleitor-morto-por-um-vigilante-no-forum-de-camacari-foi-ao-local-resolver-demandas-do-seu-titulo-mas-foi-armado-com-uma-faca\/#breadcrumb"},"inLanguage":"pt-BR","potentialAction":[{"@type":"ReadAction","target":["https:\/\/compartilhabahia.com.br\/index.php\/2026\/04\/27\/eleitor-morto-por-um-vigilante-no-forum-de-camacari-foi-ao-local-resolver-demandas-do-seu-titulo-mas-foi-armado-com-uma-faca\/"]}]},{"@type":"BreadcrumbList","@id":"https:\/\/compartilhabahia.com.br\/index.php\/2026\/04\/27\/eleitor-morto-por-um-vigilante-no-forum-de-camacari-foi-ao-local-resolver-demandas-do-seu-titulo-mas-foi-armado-com-uma-faca\/#breadcrumb","itemListElement":[{"@type":"ListItem","position":1,"name":"In\u00edcio","item":"https:\/\/compartilhabahia.com.br\/"},{"@type":"ListItem","position":2,"name":"Eleitor morto por um vigilante no F\u00f3rum de Cama\u00e7ari foi ao local resolver demandas do seu t\u00edtulo, mas foi armado com uma faca"}]},{"@type":"WebSite","@id":"https:\/\/compartilhabahia.com.br\/#website","url":"https:\/\/compartilhabahia.com.br\/","name":"Compartilha Bahia","description":"","publisher":{"@id":"https:\/\/compartilhabahia.com.br\/#organization"},"potentialAction":[{"@type":"SearchAction","target":{"@type":"EntryPoint","urlTemplate":"https:\/\/compartilhabahia.com.br\/?s={search_term_string}"},"query-input":"required name=search_term_string"}],"inLanguage":"pt-BR"},{"@type":"Organization","@id":"https:\/\/compartilhabahia.com.br\/#organization","name":"Compartilha Bahia","url":"https:\/\/compartilhabahia.com.br\/","logo":{"@type":"ImageObject","inLanguage":"pt-BR","@id":"https:\/\/compartilhabahia.com.br\/#\/schema\/logo\/image\/","url":"https:\/\/compartilhabahia.com.br\/wp-content\/uploads\/2023\/12\/cropped-logo.png","contentUrl":"https:\/\/compartilhabahia.com.br\/wp-content\/uploads\/2023\/12\/cropped-logo.png","width":300,"height":106,"caption":"Compartilha Bahia"},"image":{"@id":"https:\/\/compartilhabahia.com.br\/#\/schema\/logo\/image\/"},"sameAs":["https:\/\/web.facebook.com\/compartilhabahia","https:\/\/www.instagram.com\/compartilhabahia\/"]},{"@type":"Person","@id":"https:\/\/compartilhabahia.com.br\/#\/schema\/person\/9b4f0c3178793b8248d6686732521c04","name":"admin","image":{"@type":"ImageObject","inLanguage":"pt-BR","@id":"https:\/\/compartilhabahia.com.br\/#\/schema\/person\/image\/","url":"https:\/\/secure.gravatar.com\/avatar\/9600df58751c5acbe914c538c03390ef649ea088cb65f84ba09c7ce66988eed6?s=96&d=mm&r=g","contentUrl":"https:\/\/secure.gravatar.com\/avatar\/9600df58751c5acbe914c538c03390ef649ea088cb65f84ba09c7ce66988eed6?s=96&d=mm&r=g","caption":"admin"},"sameAs":["https:\/\/compartilhabahia.com.br"],"url":"https:\/\/compartilhabahia.com.br\/index.php\/author\/compartilhabahia\/"}]}},"_links":{"self":[{"href":"https:\/\/compartilhabahia.com.br\/index.php\/wp-json\/wp\/v2\/posts\/9809","targetHints":{"allow":["GET"]}}],"collection":[{"href":"https:\/\/compartilhabahia.com.br\/index.php\/wp-json\/wp\/v2\/posts"}],"about":[{"href":"https:\/\/compartilhabahia.com.br\/index.php\/wp-json\/wp\/v2\/types\/post"}],"author":[{"embeddable":true,"href":"https:\/\/compartilhabahia.com.br\/index.php\/wp-json\/wp\/v2\/users\/1"}],"replies":[{"embeddable":true,"href":"https:\/\/compartilhabahia.com.br\/index.php\/wp-json\/wp\/v2\/comments?post=9809"}],"version-history":[{"count":3,"href":"https:\/\/compartilhabahia.com.br\/index.php\/wp-json\/wp\/v2\/posts\/9809\/revisions"}],"predecessor-version":[{"id":9814,"href":"https:\/\/compartilhabahia.com.br\/index.php\/wp-json\/wp\/v2\/posts\/9809\/revisions\/9814"}],"wp:featuredmedia":[{"embeddable":true,"href":"https:\/\/compartilhabahia.com.br\/index.php\/wp-json\/wp\/v2\/media\/9810"}],"wp:attachment":[{"href":"https:\/\/compartilhabahia.com.br\/index.php\/wp-json\/wp\/v2\/media?parent=9809"}],"wp:term":[{"taxonomy":"category","embeddable":true,"href":"https:\/\/compartilhabahia.com.br\/index.php\/wp-json\/wp\/v2\/categories?post=9809"},{"taxonomy":"post_tag","embeddable":true,"href":"https:\/\/compartilhabahia.com.br\/index.php\/wp-json\/wp\/v2\/tags?post=9809"}],"curies":[{"name":"wp","href":"https:\/\/api.w.org\/{rel}","templated":true}]}}