{"id":9805,"date":"2026-04-27T14:28:38","date_gmt":"2026-04-27T17:28:38","guid":{"rendered":"https:\/\/compartilhabahia.com.br\/?p=9805"},"modified":"2026-04-27T14:28:41","modified_gmt":"2026-04-27T17:28:41","slug":"caetano-sanciona-reajuste-dos-professores-e-novo-salario-vem-quinta-feira-30-04","status":"publish","type":"post","link":"https:\/\/compartilhabahia.com.br\/index.php\/2026\/04\/27\/caetano-sanciona-reajuste-dos-professores-e-novo-salario-vem-quinta-feira-30-04\/","title":{"rendered":"Caetano sanciona reajuste dos\u00a0professores e novo sal\u00e1rio vem quinta-feira (30\/04)"},"content":{"rendered":"\n<p><\/p>\n\n\n\n<p>A Prefeitura de Cama\u00e7ari sancionou a Lei n\u00ba 2022\/2026, que autoriza o reajuste salarial dos\u00a0professores\u00a0da rede p\u00fablica municipal. O texto, assinado pelo prefeito Luiz Caetano, foi publicado no Di\u00e1rio Oficial do Munic\u00edpio (DOM) da segunda-feira (13) [<a href=\"https:\/\/na01.safelinks.protection.outlook.com\/?url=https%3A%2F%2Fwww.camacari.ba.gov.br%2Fwp-content%2Fuploads%2F2026%2F04%2Fdiario-2847.certificado.pdf&amp;data=05%7C02%7C%7C2b41b89059de407b4fc108de9a2926da%7C84df9e7fe9f640afb435aaaaaaaaaaaa%7C1%7C0%7C639117698743113684%7CUnknown%7CTWFpbGZsb3d8eyJFbXB0eU1hcGkiOnRydWUsIlYiOiIwLjAuMDAwMCIsIlAiOiJXaW4zMiIsIkFOIjoiTWFpbCIsIldUIjoyfQ%3D%3D%7C0%7C%7C%7C&amp;sdata=mUp9khfPS4%2Fr6C2fVc0M7Wgi4ID6eySaQXv8QePrO4k%3D&amp;reserved=0\">https:\/\/www.camacari.ba.gov.br\/wp-content\/uploads\/2026\/04\/diario-2847.certificado.pdf<\/a>].<\/p>\n\n\n\n<p>A lei j\u00e1 est\u00e1 em vigor e os novos valores ser\u00e3o inclu\u00eddos na folha de pagamento do m\u00eas abril, sendo quitados no \u00faltimo dia \u00fatil: 30 de abril. O pagamento ter\u00e1 o valor retroativo ao m\u00eas de janeiro deste ano.<\/p>\n\n\n\n<p>Os percentuais de reajuste v\u00e3o de 5,4% a 10,36%, variando conforme a letra e o n\u00edvel de cada profissional, tanto para o cargo de professor quanto para coordenador pedag\u00f3gico.<\/p>\n\n\n\n<p>Este \u00e9 um passo significativo para a valoriza\u00e7\u00e3o da categoria ao garantir o in\u00edcio da recomposi\u00e7\u00e3o da carreira do magist\u00e9rio, corrigindo quase uma d\u00e9cada de desvaloriza\u00e7\u00e3o dos&nbsp;professores, e representa a soma da recomposi\u00e7\u00e3o da tabela do Plano de Cargos, Carreira e Vencimentos (PCCV) e do percentual do piso do magist\u00e9rio.<\/p>\n\n\n\n<p>\u201cN\u00f3s temos o compromisso com uma educa\u00e7\u00e3o de qualidade em Cama\u00e7ari e isso passa tamb\u00e9m por valorizar os&nbsp;professores. Esta lei \u00e9 o resultado do di\u00e1logo com a categoria, das portas abertas e responsabilidade com a condu\u00e7\u00e3o das pol\u00edticas p\u00fablicas do nosso munic\u00edpio\u201d, afirma o prefeito Luiz Caetano.<\/p>\n\n\n\n<p>Foto: Patrick Abreu<\/p>\n","protected":false},"excerpt":{"rendered":"<p>A Prefeitura de Cama\u00e7ari sancionou a Lei n\u00ba 2022\/2026, que autoriza o reajuste salarial dos\u00a0professores\u00a0da rede p\u00fablica municipal. O texto, assinado pelo prefeito Luiz Caetano, foi publicado no Di\u00e1rio Oficial do Munic\u00edpio (DOM) da segunda-feira (13) [https:\/\/www.camacari.ba.gov.br\/wp-content\/uploads\/2026\/04\/diario-2847.certificado.pdf]. A lei j\u00e1 est\u00e1 em vigor e os novos valores ser\u00e3o inclu\u00eddos na folha de pagamento do m\u00eas [&hellip;]<\/p>\n","protected":false},"author":1,"featured_media":9807,"comment_status":"open","ping_status":"open","sticky":false,"template":"","format":"standard","meta":{"footnotes":""},"categories":[8],"tags":[],"class_list":["post-9805","post","type-post","status-publish","format-standard","has-post-thumbnail","hentry","category-camacari"],"yoast_head":"<!-- This site is optimized with the Yoast SEO plugin v21.7 - https:\/\/yoast.com\/wordpress\/plugins\/seo\/ -->\n<title>Caetano sanciona reajuste dos\u00a0professores e novo sal\u00e1rio vem quinta-feira (30\/04) - Compartilha Bahia<\/title>\n<meta name=\"robots\" content=\"index, follow, max-snippet:-1, max-image-preview:large, max-video-preview:-1\" \/>\n<link rel=\"canonical\" href=\"https:\/\/compartilhabahia.com.br\/index.php\/2026\/04\/27\/caetano-sanciona-reajuste-dos-professores-e-novo-salario-vem-quinta-feira-30-04\/\" \/>\n<meta property=\"og:locale\" content=\"pt_BR\" \/>\n<meta property=\"og:type\" content=\"article\" \/>\n<meta property=\"og:title\" content=\"Caetano sanciona reajuste dos\u00a0professores e novo sal\u00e1rio vem quinta-feira (30\/04) - Compartilha Bahia\" \/>\n<meta property=\"og:description\" content=\"A Prefeitura de Cama\u00e7ari sancionou a Lei n\u00ba 2022\/2026, que autoriza o reajuste salarial dos\u00a0professores\u00a0da rede p\u00fablica municipal. O texto, assinado pelo prefeito Luiz Caetano, foi publicado no Di\u00e1rio Oficial do Munic\u00edpio (DOM) da segunda-feira (13) [https:\/\/www.camacari.ba.gov.br\/wp-content\/uploads\/2026\/04\/diario-2847.certificado.pdf]. A lei j\u00e1 est\u00e1 em vigor e os novos valores ser\u00e3o inclu\u00eddos na folha de pagamento do m\u00eas [&hellip;]\" \/>\n<meta property=\"og:url\" content=\"https:\/\/compartilhabahia.com.br\/index.php\/2026\/04\/27\/caetano-sanciona-reajuste-dos-professores-e-novo-salario-vem-quinta-feira-30-04\/\" \/>\n<meta property=\"og:site_name\" content=\"Compartilha Bahia\" \/>\n<meta property=\"article:publisher\" content=\"https:\/\/web.facebook.com\/compartilhabahia\" \/>\n<meta property=\"article:published_time\" content=\"2026-04-27T17:28:38+00:00\" \/>\n<meta property=\"article:modified_time\" content=\"2026-04-27T17:28:41+00:00\" \/>\n<meta property=\"og:image\" content=\"https:\/\/compartilhabahia.com.br\/wp-content\/uploads\/2026\/04\/Seduc_alunos-estudantes_2o-ano-camacari_Foto_Patrick-Abreu-11-1.jpeg\" \/>\n\t<meta property=\"og:image:width\" content=\"1280\" \/>\n\t<meta property=\"og:image:height\" content=\"853\" \/>\n\t<meta property=\"og:image:type\" content=\"image\/jpeg\" \/>\n<meta name=\"author\" content=\"admin\" \/>\n<meta name=\"twitter:card\" content=\"summary_large_image\" \/>\n<meta name=\"twitter:label1\" content=\"Escrito por\" \/>\n\t<meta name=\"twitter:data1\" content=\"admin\" \/>\n\t<meta name=\"twitter:label2\" content=\"Est. tempo de leitura\" \/>\n\t<meta name=\"twitter:data2\" content=\"2 minutos\" \/>\n<script type=\"application\/ld+json\" class=\"yoast-schema-graph\">{\"@context\":\"https:\/\/schema.org\",\"@graph\":[{\"@type\":\"Article\",\"@id\":\"https:\/\/compartilhabahia.com.br\/index.php\/2026\/04\/27\/caetano-sanciona-reajuste-dos-professores-e-novo-salario-vem-quinta-feira-30-04\/#article\",\"isPartOf\":{\"@id\":\"https:\/\/compartilhabahia.com.br\/index.php\/2026\/04\/27\/caetano-sanciona-reajuste-dos-professores-e-novo-salario-vem-quinta-feira-30-04\/\"},\"author\":{\"name\":\"admin\",\"@id\":\"https:\/\/compartilhabahia.com.br\/#\/schema\/person\/9b4f0c3178793b8248d6686732521c04\"},\"headline\":\"Caetano sanciona reajuste dos\u00a0professores e novo sal\u00e1rio vem quinta-feira (30\/04)\",\"datePublished\":\"2026-04-27T17:28:38+00:00\",\"dateModified\":\"2026-04-27T17:28:41+00:00\",\"mainEntityOfPage\":{\"@id\":\"https:\/\/compartilhabahia.com.br\/index.php\/2026\/04\/27\/caetano-sanciona-reajuste-dos-professores-e-novo-salario-vem-quinta-feira-30-04\/\"},\"wordCount\":254,\"commentCount\":0,\"publisher\":{\"@id\":\"https:\/\/compartilhabahia.com.br\/#organization\"},\"articleSection\":[\"Cama\u00e7ari\"],\"inLanguage\":\"pt-BR\",\"potentialAction\":[{\"@type\":\"CommentAction\",\"name\":\"Comment\",\"target\":[\"https:\/\/compartilhabahia.com.br\/index.php\/2026\/04\/27\/caetano-sanciona-reajuste-dos-professores-e-novo-salario-vem-quinta-feira-30-04\/#respond\"]}]},{\"@type\":\"WebPage\",\"@id\":\"https:\/\/compartilhabahia.com.br\/index.php\/2026\/04\/27\/caetano-sanciona-reajuste-dos-professores-e-novo-salario-vem-quinta-feira-30-04\/\",\"url\":\"https:\/\/compartilhabahia.com.br\/index.php\/2026\/04\/27\/caetano-sanciona-reajuste-dos-professores-e-novo-salario-vem-quinta-feira-30-04\/\",\"name\":\"Caetano sanciona reajuste dos\u00a0professores e novo sal\u00e1rio vem quinta-feira (30\/04) - Compartilha Bahia\",\"isPartOf\":{\"@id\":\"https:\/\/compartilhabahia.com.br\/#website\"},\"datePublished\":\"2026-04-27T17:28:38+00:00\",\"dateModified\":\"2026-04-27T17:28:41+00:00\",\"breadcrumb\":{\"@id\":\"https:\/\/compartilhabahia.com.br\/index.php\/2026\/04\/27\/caetano-sanciona-reajuste-dos-professores-e-novo-salario-vem-quinta-feira-30-04\/#breadcrumb\"},\"inLanguage\":\"pt-BR\",\"potentialAction\":[{\"@type\":\"ReadAction\",\"target\":[\"https:\/\/compartilhabahia.com.br\/index.php\/2026\/04\/27\/caetano-sanciona-reajuste-dos-professores-e-novo-salario-vem-quinta-feira-30-04\/\"]}]},{\"@type\":\"BreadcrumbList\",\"@id\":\"https:\/\/compartilhabahia.com.br\/index.php\/2026\/04\/27\/caetano-sanciona-reajuste-dos-professores-e-novo-salario-vem-quinta-feira-30-04\/#breadcrumb\",\"itemListElement\":[{\"@type\":\"ListItem\",\"position\":1,\"name\":\"In\u00edcio\",\"item\":\"https:\/\/compartilhabahia.com.br\/\"},{\"@type\":\"ListItem\",\"position\":2,\"name\":\"Caetano sanciona reajuste dos\u00a0professores e novo sal\u00e1rio vem quinta-feira (30\/04)\"}]},{\"@type\":\"WebSite\",\"@id\":\"https:\/\/compartilhabahia.com.br\/#website\",\"url\":\"https:\/\/compartilhabahia.com.br\/\",\"name\":\"Compartilha Bahia\",\"description\":\"\",\"publisher\":{\"@id\":\"https:\/\/compartilhabahia.com.br\/#organization\"},\"potentialAction\":[{\"@type\":\"SearchAction\",\"target\":{\"@type\":\"EntryPoint\",\"urlTemplate\":\"https:\/\/compartilhabahia.com.br\/?s={search_term_string}\"},\"query-input\":\"required name=search_term_string\"}],\"inLanguage\":\"pt-BR\"},{\"@type\":\"Organization\",\"@id\":\"https:\/\/compartilhabahia.com.br\/#organization\",\"name\":\"Compartilha Bahia\",\"url\":\"https:\/\/compartilhabahia.com.br\/\",\"logo\":{\"@type\":\"ImageObject\",\"inLanguage\":\"pt-BR\",\"@id\":\"https:\/\/compartilhabahia.com.br\/#\/schema\/logo\/image\/\",\"url\":\"https:\/\/compartilhabahia.com.br\/wp-content\/uploads\/2023\/12\/cropped-logo.png\",\"contentUrl\":\"https:\/\/compartilhabahia.com.br\/wp-content\/uploads\/2023\/12\/cropped-logo.png\",\"width\":300,\"height\":106,\"caption\":\"Compartilha Bahia\"},\"image\":{\"@id\":\"https:\/\/compartilhabahia.com.br\/#\/schema\/logo\/image\/\"},\"sameAs\":[\"https:\/\/web.facebook.com\/compartilhabahia\",\"https:\/\/www.instagram.com\/compartilhabahia\/\"]},{\"@type\":\"Person\",\"@id\":\"https:\/\/compartilhabahia.com.br\/#\/schema\/person\/9b4f0c3178793b8248d6686732521c04\",\"name\":\"admin\",\"image\":{\"@type\":\"ImageObject\",\"inLanguage\":\"pt-BR\",\"@id\":\"https:\/\/compartilhabahia.com.br\/#\/schema\/person\/image\/\",\"url\":\"https:\/\/secure.gravatar.com\/avatar\/9600df58751c5acbe914c538c03390ef649ea088cb65f84ba09c7ce66988eed6?s=96&d=mm&r=g\",\"contentUrl\":\"https:\/\/secure.gravatar.com\/avatar\/9600df58751c5acbe914c538c03390ef649ea088cb65f84ba09c7ce66988eed6?s=96&d=mm&r=g\",\"caption\":\"admin\"},\"sameAs\":[\"https:\/\/compartilhabahia.com.br\"],\"url\":\"https:\/\/compartilhabahia.com.br\/index.php\/author\/compartilhabahia\/\"}]}<\/script>\n<!-- \/ Yoast SEO plugin. -->","yoast_head_json":{"title":"Caetano sanciona reajuste dos\u00a0professores e novo sal\u00e1rio vem quinta-feira (30\/04) - Compartilha Bahia","robots":{"index":"index","follow":"follow","max-snippet":"max-snippet:-1","max-image-preview":"max-image-preview:large","max-video-preview":"max-video-preview:-1"},"canonical":"https:\/\/compartilhabahia.com.br\/index.php\/2026\/04\/27\/caetano-sanciona-reajuste-dos-professores-e-novo-salario-vem-quinta-feira-30-04\/","og_locale":"pt_BR","og_type":"article","og_title":"Caetano sanciona reajuste dos\u00a0professores e novo sal\u00e1rio vem quinta-feira (30\/04) - Compartilha Bahia","og_description":"A Prefeitura de Cama\u00e7ari sancionou a Lei n\u00ba 2022\/2026, que autoriza o reajuste salarial dos\u00a0professores\u00a0da rede p\u00fablica municipal. O texto, assinado pelo prefeito Luiz Caetano, foi publicado no Di\u00e1rio Oficial do Munic\u00edpio (DOM) da segunda-feira (13) [https:\/\/www.camacari.ba.gov.br\/wp-content\/uploads\/2026\/04\/diario-2847.certificado.pdf]. A lei j\u00e1 est\u00e1 em vigor e os novos valores ser\u00e3o inclu\u00eddos na folha de pagamento do m\u00eas [&hellip;]","og_url":"https:\/\/compartilhabahia.com.br\/index.php\/2026\/04\/27\/caetano-sanciona-reajuste-dos-professores-e-novo-salario-vem-quinta-feira-30-04\/","og_site_name":"Compartilha Bahia","article_publisher":"https:\/\/web.facebook.com\/compartilhabahia","article_published_time":"2026-04-27T17:28:38+00:00","article_modified_time":"2026-04-27T17:28:41+00:00","og_image":[{"width":1280,"height":853,"url":"https:\/\/compartilhabahia.com.br\/wp-content\/uploads\/2026\/04\/Seduc_alunos-estudantes_2o-ano-camacari_Foto_Patrick-Abreu-11-1.jpeg","type":"image\/jpeg"}],"author":"admin","twitter_card":"summary_large_image","twitter_misc":{"Escrito por":"admin","Est. tempo de leitura":"2 minutos"},"schema":{"@context":"https:\/\/schema.org","@graph":[{"@type":"Article","@id":"https:\/\/compartilhabahia.com.br\/index.php\/2026\/04\/27\/caetano-sanciona-reajuste-dos-professores-e-novo-salario-vem-quinta-feira-30-04\/#article","isPartOf":{"@id":"https:\/\/compartilhabahia.com.br\/index.php\/2026\/04\/27\/caetano-sanciona-reajuste-dos-professores-e-novo-salario-vem-quinta-feira-30-04\/"},"author":{"name":"admin","@id":"https:\/\/compartilhabahia.com.br\/#\/schema\/person\/9b4f0c3178793b8248d6686732521c04"},"headline":"Caetano sanciona reajuste dos\u00a0professores e novo sal\u00e1rio vem quinta-feira (30\/04)","datePublished":"2026-04-27T17:28:38+00:00","dateModified":"2026-04-27T17:28:41+00:00","mainEntityOfPage":{"@id":"https:\/\/compartilhabahia.com.br\/index.php\/2026\/04\/27\/caetano-sanciona-reajuste-dos-professores-e-novo-salario-vem-quinta-feira-30-04\/"},"wordCount":254,"commentCount":0,"publisher":{"@id":"https:\/\/compartilhabahia.com.br\/#organization"},"articleSection":["Cama\u00e7ari"],"inLanguage":"pt-BR","potentialAction":[{"@type":"CommentAction","name":"Comment","target":["https:\/\/compartilhabahia.com.br\/index.php\/2026\/04\/27\/caetano-sanciona-reajuste-dos-professores-e-novo-salario-vem-quinta-feira-30-04\/#respond"]}]},{"@type":"WebPage","@id":"https:\/\/compartilhabahia.com.br\/index.php\/2026\/04\/27\/caetano-sanciona-reajuste-dos-professores-e-novo-salario-vem-quinta-feira-30-04\/","url":"https:\/\/compartilhabahia.com.br\/index.php\/2026\/04\/27\/caetano-sanciona-reajuste-dos-professores-e-novo-salario-vem-quinta-feira-30-04\/","name":"Caetano sanciona reajuste dos\u00a0professores e novo sal\u00e1rio vem quinta-feira (30\/04) - Compartilha Bahia","isPartOf":{"@id":"https:\/\/compartilhabahia.com.br\/#website"},"datePublished":"2026-04-27T17:28:38+00:00","dateModified":"2026-04-27T17:28:41+00:00","breadcrumb":{"@id":"https:\/\/compartilhabahia.com.br\/index.php\/2026\/04\/27\/caetano-sanciona-reajuste-dos-professores-e-novo-salario-vem-quinta-feira-30-04\/#breadcrumb"},"inLanguage":"pt-BR","potentialAction":[{"@type":"ReadAction","target":["https:\/\/compartilhabahia.com.br\/index.php\/2026\/04\/27\/caetano-sanciona-reajuste-dos-professores-e-novo-salario-vem-quinta-feira-30-04\/"]}]},{"@type":"BreadcrumbList","@id":"https:\/\/compartilhabahia.com.br\/index.php\/2026\/04\/27\/caetano-sanciona-reajuste-dos-professores-e-novo-salario-vem-quinta-feira-30-04\/#breadcrumb","itemListElement":[{"@type":"ListItem","position":1,"name":"In\u00edcio","item":"https:\/\/compartilhabahia.com.br\/"},{"@type":"ListItem","position":2,"name":"Caetano sanciona reajuste dos\u00a0professores e novo sal\u00e1rio vem quinta-feira (30\/04)"}]},{"@type":"WebSite","@id":"https:\/\/compartilhabahia.com.br\/#website","url":"https:\/\/compartilhabahia.com.br\/","name":"Compartilha Bahia","description":"","publisher":{"@id":"https:\/\/compartilhabahia.com.br\/#organization"},"potentialAction":[{"@type":"SearchAction","target":{"@type":"EntryPoint","urlTemplate":"https:\/\/compartilhabahia.com.br\/?s={search_term_string}"},"query-input":"required name=search_term_string"}],"inLanguage":"pt-BR"},{"@type":"Organization","@id":"https:\/\/compartilhabahia.com.br\/#organization","name":"Compartilha Bahia","url":"https:\/\/compartilhabahia.com.br\/","logo":{"@type":"ImageObject","inLanguage":"pt-BR","@id":"https:\/\/compartilhabahia.com.br\/#\/schema\/logo\/image\/","url":"https:\/\/compartilhabahia.com.br\/wp-content\/uploads\/2023\/12\/cropped-logo.png","contentUrl":"https:\/\/compartilhabahia.com.br\/wp-content\/uploads\/2023\/12\/cropped-logo.png","width":300,"height":106,"caption":"Compartilha Bahia"},"image":{"@id":"https:\/\/compartilhabahia.com.br\/#\/schema\/logo\/image\/"},"sameAs":["https:\/\/web.facebook.com\/compartilhabahia","https:\/\/www.instagram.com\/compartilhabahia\/"]},{"@type":"Person","@id":"https:\/\/compartilhabahia.com.br\/#\/schema\/person\/9b4f0c3178793b8248d6686732521c04","name":"admin","image":{"@type":"ImageObject","inLanguage":"pt-BR","@id":"https:\/\/compartilhabahia.com.br\/#\/schema\/person\/image\/","url":"https:\/\/secure.gravatar.com\/avatar\/9600df58751c5acbe914c538c03390ef649ea088cb65f84ba09c7ce66988eed6?s=96&d=mm&r=g","contentUrl":"https:\/\/secure.gravatar.com\/avatar\/9600df58751c5acbe914c538c03390ef649ea088cb65f84ba09c7ce66988eed6?s=96&d=mm&r=g","caption":"admin"},"sameAs":["https:\/\/compartilhabahia.com.br"],"url":"https:\/\/compartilhabahia.com.br\/index.php\/author\/compartilhabahia\/"}]}},"_links":{"self":[{"href":"https:\/\/compartilhabahia.com.br\/index.php\/wp-json\/wp\/v2\/posts\/9805","targetHints":{"allow":["GET"]}}],"collection":[{"href":"https:\/\/compartilhabahia.com.br\/index.php\/wp-json\/wp\/v2\/posts"}],"about":[{"href":"https:\/\/compartilhabahia.com.br\/index.php\/wp-json\/wp\/v2\/types\/post"}],"author":[{"embeddable":true,"href":"https:\/\/compartilhabahia.com.br\/index.php\/wp-json\/wp\/v2\/users\/1"}],"replies":[{"embeddable":true,"href":"https:\/\/compartilhabahia.com.br\/index.php\/wp-json\/wp\/v2\/comments?post=9805"}],"version-history":[{"count":1,"href":"https:\/\/compartilhabahia.com.br\/index.php\/wp-json\/wp\/v2\/posts\/9805\/revisions"}],"predecessor-version":[{"id":9808,"href":"https:\/\/compartilhabahia.com.br\/index.php\/wp-json\/wp\/v2\/posts\/9805\/revisions\/9808"}],"wp:featuredmedia":[{"embeddable":true,"href":"https:\/\/compartilhabahia.com.br\/index.php\/wp-json\/wp\/v2\/media\/9807"}],"wp:attachment":[{"href":"https:\/\/compartilhabahia.com.br\/index.php\/wp-json\/wp\/v2\/media?parent=9805"}],"wp:term":[{"taxonomy":"category","embeddable":true,"href":"https:\/\/compartilhabahia.com.br\/index.php\/wp-json\/wp\/v2\/categories?post=9805"},{"taxonomy":"post_tag","embeddable":true,"href":"https:\/\/compartilhabahia.com.br\/index.php\/wp-json\/wp\/v2\/tags?post=9805"}],"curies":[{"name":"wp","href":"https:\/\/api.w.org\/{rel}","templated":true}]}}