{"id":9801,"date":"2026-04-27T09:04:08","date_gmt":"2026-04-27T12:04:08","guid":{"rendered":"https:\/\/compartilhabahia.com.br\/?p=9801"},"modified":"2026-04-27T09:06:18","modified_gmt":"2026-04-27T12:06:18","slug":"byd-abre-16-mil-novas-vagas-de-emprego-e-vai-se-tornar-terceira-maior-empregadora-da-bahia","status":"publish","type":"post","link":"https:\/\/compartilhabahia.com.br\/index.php\/2026\/04\/27\/byd-abre-16-mil-novas-vagas-de-emprego-e-vai-se-tornar-terceira-maior-empregadora-da-bahia\/","title":{"rendered":"BYD abre 1,6 mil novas vagas de emprego e vai se tornar terceira maior empregadora da Bahia\u00a0\u00a0"},"content":{"rendered":"\n<p><strong>(27.04.2026) <\/strong>\u2013 Para dar partida a implanta\u00e7\u00e3o do terceiro turno de produ\u00e7\u00e3o na f\u00e1brica de Cama\u00e7ari, na Bahia, a BYD abre <strong>1.654 novas vagas de emprego<\/strong> <strong>para contrata\u00e7\u00e3o imediata<\/strong>, refor\u00e7ando o ritmo de expans\u00e3o da opera\u00e7\u00e3o no complexo industrial e ampliando o alcance de oportunidades para os profissionais da regi\u00e3o.<\/p>\n\n\n\n<p>Somado aos 4.174 trabalhadores atualmente, sendo 55% moradores de Cama\u00e7ari, a empresa se tornar\u00e1, a partir do in\u00edcio do segundo semestre, a <strong>terceira maior empregadora<\/strong> do estado da Bahia (Fonte: Guia Industrial 2025, FIEB).<\/p>\n\n\n\n<p>Al\u00e9m dos colaboradores diretos, h\u00e1 mais cerca de 3.700 terceirizados nas obras de constru\u00e7\u00e3o civil das f\u00e1bricas de soldagem, estamparia e pintura, totalizando quase <strong>10 mil profissionais no complexo de Cama\u00e7ari.<\/strong><\/p>\n\n\n\n<p>Desde dezembro de 2024, o n\u00famero de trabalhadores <strong>cresceu cerca de 1.750%.<\/strong><\/p>\n\n\n\n<p>Para o Comit\u00ea Automotivo da FIEB, o crescimento reflete a consolida\u00e7\u00e3o dos novos investimentos, a reativa\u00e7\u00e3o da cadeia produtiva automotiva regional, al\u00e9m do impulsionamento da economia.<\/p>\n\n\n\n<p><strong>O MAIOR HUB DE MOBILIDADE EL\u00c9TRICA DAS AM\u00c9RICAS<\/strong><\/p>\n\n\n\n<p>O terceiro turno de produ\u00e7\u00e3o vai otimizar a capacidade produtiva da f\u00e1brica, maximizando a efici\u00eancia e o volume de entregas para todo o mercado, consolidando a unidade baiana da BYD como o <strong>maior hub de mobilidade el\u00e9trica das Am\u00e9ricas<\/strong> e refor\u00e7ando o seu compromisso com o desenvolvimento socioecon\u00f4mico.<\/p>\n\n\n\n<p>\u201cA implementa\u00e7\u00e3o do terceiro turno em Cama\u00e7ari n\u00e3o \u00e9 apenas um marco operacional para a BYD, mas uma prova do nosso compromisso inegoci\u00e1vel com a Bahia. Estamos unindo a tecnologia de ponta global ao talento e \u00e0 garra do trabalhador baiano. Essas mais de 1.600 novas vagas representam fam\u00edlias transformadas e o fortalecimento de um ecossistema sustent\u00e1vel que nasce aqui, no cora\u00e7\u00e3o da Bahia, para mover o Brasil inteiro\u201d, afirma o Vice-Presidente S\u00eanior da BYD Brasil e Head Comercial e de Marketing da BYD Auto do Brasil, Alexandre Baldy.<\/p>\n\n\n\n<p><strong>OPORTUNIDADES<\/strong><br>O processo de sele\u00e7\u00e3o prioriza profissionais de Cama\u00e7ari, Salvador, Mata de S\u00e3o Jo\u00e3o e Dias D\u2019\u00c1vila. Entre os cargos abertos, est\u00e3o os de condutor interno, inspetor de qualidade, motorista carreteiro, operador log\u00edstico e de equipamentos, t\u00e9cnico em el\u00e9trica e em mec\u00e2nica, al\u00e9m de operador de produ\u00e7\u00e3o.<\/p>\n\n\n\n<p>As vagas s\u00e3o disponibilizadas no SineBahia, no Centro de Informa\u00e7\u00e3o e Apoio ao Trabalhador (CIAT) de Cama\u00e7ari e na plataforma digital Gupy (<a href=\"https:\/\/na01.safelinks.protection.outlook.com\/?url=http%3A%2F%2Fbydbrasil.gupy.io%2F&amp;data=05%7C02%7C%7C7bc8a5188fd349514ad208dea4548d36%7C84df9e7fe9f640afb435aaaaaaaaaaaa%7C1%7C0%7C639128880590795055%7CUnknown%7CTWFpbGZsb3d8eyJFbXB0eU1hcGkiOnRydWUsIlYiOiIwLjAuMDAwMCIsIlAiOiJXaW4zMiIsIkFOIjoiTWFpbCIsIldUIjoyfQ%3D%3D%7C0%7C%7C%7C&amp;sdata=lpkuQW95Xs95UsG%2BXM7DfJbdY15npOXDMgGuPYhoJv0%3D&amp;reserved=0\">bydbrasil.gupy.io<\/a>). O processo segue crit\u00e9rios estruturados e a empresa n\u00e3o cobra por vagas nem envia cartas para os candidatos.<\/p>\n\n\n\n<p>Mesmo candidatos que n\u00e3o s\u00e3o imediatamente contratados permanecem no cadastro da BYD. A empresa tamb\u00e9m refor\u00e7a a import\u00e2ncia de manter curr\u00edculos atualizados nos canais oficiais e estar atento aos \u00f3rg\u00e3os parceiros.<\/p>\n\n\n\n<p><strong>DIVIS\u00c3O DE MOTORES<\/strong><\/p>\n\n\n\n<p>Como parte do avan\u00e7o operacional, a Divis\u00e3o de Motores da BYD em Cama\u00e7ari vive igualmente uma fase acelerada de crescimento. Desde mar\u00e7o, j\u00e1 foram mais de 100 contrata\u00e7\u00f5es para cargos de produ\u00e7\u00e3o. Dando continuidade a esse movimento, a BYD promoveu na sexta-feira (24) a primeira sele\u00e7\u00e3o externa voltada exclusivamente para essa divis\u00e3o, com foco nas fun\u00e7\u00f5es de operador de produ\u00e7\u00e3o e log\u00edstica. O cronograma prossegue nesta segunda-feira (27), com uma nova etapa de sele\u00e7\u00e3o, desta vez em Mata de S\u00e3o Jo\u00e3o, tamb\u00e9m direcionada \u00e0s mesmas posi\u00e7\u00f5es.<\/p>\n\n\n\n<p><strong>SOBRE A BYD<\/strong><\/p>\n\n\n\n<p><em>A BYD \u00e9 l\u00edder global na produ\u00e7\u00e3o de ve\u00edculos el\u00e9tricos e h\u00edbridos plug-in. Com mais de 10 anos de atua\u00e7\u00e3o no Brasil, mant\u00e9m f\u00e1bricas de m\u00f3dulos fotovoltaicos e chassis de \u00f4nibus el\u00e9tricos em Campinas (SP), baterias em Manaus (AM) e ve\u00edculos de passeio eletrificados em Cama\u00e7ari (BA). A empresa tamb\u00e9m atua em sistemas de armazenamento de energia e em solu\u00e7\u00f5es de transporte sobre trilhos, sendo respons\u00e1vel pelo desenvolvimento do monotrilho da Linha 17\u2013Ouro do Metr\u00f4, em S\u00e3o Paulo. Em 2025, a BYD ultrapassou a marca de 207 mil ve\u00edculos em circula\u00e7\u00e3o no pa\u00eds, consolidando seu papel como protagonista da transi\u00e7\u00e3o energ\u00e9tica e avan\u00e7ando em sua miss\u00e3o global de contribuir para a redu\u00e7\u00e3o de 1 \u00b0C na temperatura do planeta.<\/em><\/p>\n\n\n\n<p><strong>SOBRE A F\u00c1BRICA DA BYD EM CAMA\u00c7ARI<\/strong><\/p>\n\n\n\n<p><em>A f\u00e1brica da BYD em Cama\u00e7ari (BA) ocupa uma \u00e1rea de 4,65 milh\u00f5es de metros quadrados, o equivalente a 645 campos de futebol. \u00c9 o maior complexo industrial da companhia fora da China. A capacidade inicial de produ\u00e7\u00e3o \u00e9 de 150 mil ve\u00edculos\/ano, com meta de chegar a at\u00e9 600 mil ve\u00edculos\/ano quando o projeto estiver completo. Atualmente, est\u00e3o sendo produzidos tr\u00eas modelos da marca: o compacto BYD Dolphin Mini, o sed\u00e3 BYD King e o SUV BYD Song Pro. O investimento no complexo de Cama\u00e7ari soma R$ 5,5 bilh\u00f5es e \u00e9 esperada a cria\u00e7\u00e3o de 20 mil empregos diretos e indiretos.<\/em><\/p>\n","protected":false},"excerpt":{"rendered":"<p>(27.04.2026) \u2013 Para dar partida a implanta\u00e7\u00e3o do terceiro turno de produ\u00e7\u00e3o na f\u00e1brica de Cama\u00e7ari, na Bahia, a BYD abre 1.654 novas vagas de emprego para contrata\u00e7\u00e3o imediata, refor\u00e7ando o ritmo de expans\u00e3o da opera\u00e7\u00e3o no complexo industrial e ampliando o alcance de oportunidades para os profissionais da regi\u00e3o. Somado aos 4.174 trabalhadores atualmente, [&hellip;]<\/p>\n","protected":false},"author":1,"featured_media":9802,"comment_status":"open","ping_status":"open","sticky":false,"template":"","format":"standard","meta":{"footnotes":""},"categories":[10,4,8],"tags":[],"class_list":["post-9801","post","type-post","status-publish","format-standard","has-post-thumbnail","hentry","category-bahia","category-brasil","category-camacari"],"yoast_head":"<!-- This site is optimized with the Yoast SEO plugin v21.7 - https:\/\/yoast.com\/wordpress\/plugins\/seo\/ -->\n<title>BYD abre 1,6 mil novas vagas de emprego e vai se tornar terceira maior empregadora da Bahia\u00a0\u00a0 - Compartilha Bahia<\/title>\n<meta name=\"robots\" content=\"index, follow, max-snippet:-1, max-image-preview:large, max-video-preview:-1\" \/>\n<link rel=\"canonical\" href=\"https:\/\/compartilhabahia.com.br\/index.php\/2026\/04\/27\/byd-abre-16-mil-novas-vagas-de-emprego-e-vai-se-tornar-terceira-maior-empregadora-da-bahia\/\" \/>\n<meta property=\"og:locale\" content=\"pt_BR\" \/>\n<meta property=\"og:type\" content=\"article\" \/>\n<meta property=\"og:title\" content=\"BYD abre 1,6 mil novas vagas de emprego e vai se tornar terceira maior empregadora da Bahia\u00a0\u00a0 - Compartilha Bahia\" \/>\n<meta property=\"og:description\" content=\"(27.04.2026) \u2013 Para dar partida a implanta\u00e7\u00e3o do terceiro turno de produ\u00e7\u00e3o na f\u00e1brica de Cama\u00e7ari, na Bahia, a BYD abre 1.654 novas vagas de emprego para contrata\u00e7\u00e3o imediata, refor\u00e7ando o ritmo de expans\u00e3o da opera\u00e7\u00e3o no complexo industrial e ampliando o alcance de oportunidades para os profissionais da regi\u00e3o. Somado aos 4.174 trabalhadores atualmente, [&hellip;]\" \/>\n<meta property=\"og:url\" content=\"https:\/\/compartilhabahia.com.br\/index.php\/2026\/04\/27\/byd-abre-16-mil-novas-vagas-de-emprego-e-vai-se-tornar-terceira-maior-empregadora-da-bahia\/\" \/>\n<meta property=\"og:site_name\" content=\"Compartilha Bahia\" \/>\n<meta property=\"article:publisher\" content=\"https:\/\/web.facebook.com\/compartilhabahia\" \/>\n<meta property=\"article:published_time\" content=\"2026-04-27T12:04:08+00:00\" \/>\n<meta property=\"article:modified_time\" content=\"2026-04-27T12:06:18+00:00\" \/>\n<meta property=\"og:image\" content=\"https:\/\/compartilhabahia.com.br\/wp-content\/uploads\/2026\/04\/bydfabri.jpeg\" \/>\n\t<meta property=\"og:image:width\" content=\"960\" \/>\n\t<meta property=\"og:image:height\" content=\"540\" \/>\n\t<meta property=\"og:image:type\" content=\"image\/jpeg\" \/>\n<meta name=\"author\" content=\"admin\" \/>\n<meta name=\"twitter:card\" content=\"summary_large_image\" \/>\n<meta name=\"twitter:label1\" content=\"Escrito por\" \/>\n\t<meta name=\"twitter:data1\" content=\"admin\" \/>\n\t<meta name=\"twitter:label2\" content=\"Est. tempo de leitura\" \/>\n\t<meta name=\"twitter:data2\" content=\"5 minutos\" \/>\n<script type=\"application\/ld+json\" class=\"yoast-schema-graph\">{\"@context\":\"https:\/\/schema.org\",\"@graph\":[{\"@type\":\"Article\",\"@id\":\"https:\/\/compartilhabahia.com.br\/index.php\/2026\/04\/27\/byd-abre-16-mil-novas-vagas-de-emprego-e-vai-se-tornar-terceira-maior-empregadora-da-bahia\/#article\",\"isPartOf\":{\"@id\":\"https:\/\/compartilhabahia.com.br\/index.php\/2026\/04\/27\/byd-abre-16-mil-novas-vagas-de-emprego-e-vai-se-tornar-terceira-maior-empregadora-da-bahia\/\"},\"author\":{\"name\":\"admin\",\"@id\":\"https:\/\/compartilhabahia.com.br\/#\/schema\/person\/9b4f0c3178793b8248d6686732521c04\"},\"headline\":\"BYD abre 1,6 mil novas vagas de emprego e vai se tornar terceira maior empregadora da Bahia\u00a0\u00a0\",\"datePublished\":\"2026-04-27T12:04:08+00:00\",\"dateModified\":\"2026-04-27T12:06:18+00:00\",\"mainEntityOfPage\":{\"@id\":\"https:\/\/compartilhabahia.com.br\/index.php\/2026\/04\/27\/byd-abre-16-mil-novas-vagas-de-emprego-e-vai-se-tornar-terceira-maior-empregadora-da-bahia\/\"},\"wordCount\":841,\"commentCount\":0,\"publisher\":{\"@id\":\"https:\/\/compartilhabahia.com.br\/#organization\"},\"articleSection\":[\"Bahia\",\"Brasil\",\"Cama\u00e7ari\"],\"inLanguage\":\"pt-BR\",\"potentialAction\":[{\"@type\":\"CommentAction\",\"name\":\"Comment\",\"target\":[\"https:\/\/compartilhabahia.com.br\/index.php\/2026\/04\/27\/byd-abre-16-mil-novas-vagas-de-emprego-e-vai-se-tornar-terceira-maior-empregadora-da-bahia\/#respond\"]}]},{\"@type\":\"WebPage\",\"@id\":\"https:\/\/compartilhabahia.com.br\/index.php\/2026\/04\/27\/byd-abre-16-mil-novas-vagas-de-emprego-e-vai-se-tornar-terceira-maior-empregadora-da-bahia\/\",\"url\":\"https:\/\/compartilhabahia.com.br\/index.php\/2026\/04\/27\/byd-abre-16-mil-novas-vagas-de-emprego-e-vai-se-tornar-terceira-maior-empregadora-da-bahia\/\",\"name\":\"BYD abre 1,6 mil novas vagas de emprego e vai se tornar terceira maior empregadora da Bahia\u00a0\u00a0 - Compartilha Bahia\",\"isPartOf\":{\"@id\":\"https:\/\/compartilhabahia.com.br\/#website\"},\"datePublished\":\"2026-04-27T12:04:08+00:00\",\"dateModified\":\"2026-04-27T12:06:18+00:00\",\"breadcrumb\":{\"@id\":\"https:\/\/compartilhabahia.com.br\/index.php\/2026\/04\/27\/byd-abre-16-mil-novas-vagas-de-emprego-e-vai-se-tornar-terceira-maior-empregadora-da-bahia\/#breadcrumb\"},\"inLanguage\":\"pt-BR\",\"potentialAction\":[{\"@type\":\"ReadAction\",\"target\":[\"https:\/\/compartilhabahia.com.br\/index.php\/2026\/04\/27\/byd-abre-16-mil-novas-vagas-de-emprego-e-vai-se-tornar-terceira-maior-empregadora-da-bahia\/\"]}]},{\"@type\":\"BreadcrumbList\",\"@id\":\"https:\/\/compartilhabahia.com.br\/index.php\/2026\/04\/27\/byd-abre-16-mil-novas-vagas-de-emprego-e-vai-se-tornar-terceira-maior-empregadora-da-bahia\/#breadcrumb\",\"itemListElement\":[{\"@type\":\"ListItem\",\"position\":1,\"name\":\"In\u00edcio\",\"item\":\"https:\/\/compartilhabahia.com.br\/\"},{\"@type\":\"ListItem\",\"position\":2,\"name\":\"BYD abre 1,6 mil novas vagas de emprego e vai se tornar terceira maior empregadora da Bahia\u00a0\u00a0\"}]},{\"@type\":\"WebSite\",\"@id\":\"https:\/\/compartilhabahia.com.br\/#website\",\"url\":\"https:\/\/compartilhabahia.com.br\/\",\"name\":\"Compartilha Bahia\",\"description\":\"\",\"publisher\":{\"@id\":\"https:\/\/compartilhabahia.com.br\/#organization\"},\"potentialAction\":[{\"@type\":\"SearchAction\",\"target\":{\"@type\":\"EntryPoint\",\"urlTemplate\":\"https:\/\/compartilhabahia.com.br\/?s={search_term_string}\"},\"query-input\":\"required name=search_term_string\"}],\"inLanguage\":\"pt-BR\"},{\"@type\":\"Organization\",\"@id\":\"https:\/\/compartilhabahia.com.br\/#organization\",\"name\":\"Compartilha Bahia\",\"url\":\"https:\/\/compartilhabahia.com.br\/\",\"logo\":{\"@type\":\"ImageObject\",\"inLanguage\":\"pt-BR\",\"@id\":\"https:\/\/compartilhabahia.com.br\/#\/schema\/logo\/image\/\",\"url\":\"https:\/\/compartilhabahia.com.br\/wp-content\/uploads\/2023\/12\/cropped-logo.png\",\"contentUrl\":\"https:\/\/compartilhabahia.com.br\/wp-content\/uploads\/2023\/12\/cropped-logo.png\",\"width\":300,\"height\":106,\"caption\":\"Compartilha Bahia\"},\"image\":{\"@id\":\"https:\/\/compartilhabahia.com.br\/#\/schema\/logo\/image\/\"},\"sameAs\":[\"https:\/\/web.facebook.com\/compartilhabahia\",\"https:\/\/www.instagram.com\/compartilhabahia\/\"]},{\"@type\":\"Person\",\"@id\":\"https:\/\/compartilhabahia.com.br\/#\/schema\/person\/9b4f0c3178793b8248d6686732521c04\",\"name\":\"admin\",\"image\":{\"@type\":\"ImageObject\",\"inLanguage\":\"pt-BR\",\"@id\":\"https:\/\/compartilhabahia.com.br\/#\/schema\/person\/image\/\",\"url\":\"https:\/\/secure.gravatar.com\/avatar\/9600df58751c5acbe914c538c03390ef649ea088cb65f84ba09c7ce66988eed6?s=96&d=mm&r=g\",\"contentUrl\":\"https:\/\/secure.gravatar.com\/avatar\/9600df58751c5acbe914c538c03390ef649ea088cb65f84ba09c7ce66988eed6?s=96&d=mm&r=g\",\"caption\":\"admin\"},\"sameAs\":[\"https:\/\/compartilhabahia.com.br\"],\"url\":\"https:\/\/compartilhabahia.com.br\/index.php\/author\/compartilhabahia\/\"}]}<\/script>\n<!-- \/ Yoast SEO plugin. -->","yoast_head_json":{"title":"BYD abre 1,6 mil novas vagas de emprego e vai se tornar terceira maior empregadora da Bahia\u00a0\u00a0 - Compartilha Bahia","robots":{"index":"index","follow":"follow","max-snippet":"max-snippet:-1","max-image-preview":"max-image-preview:large","max-video-preview":"max-video-preview:-1"},"canonical":"https:\/\/compartilhabahia.com.br\/index.php\/2026\/04\/27\/byd-abre-16-mil-novas-vagas-de-emprego-e-vai-se-tornar-terceira-maior-empregadora-da-bahia\/","og_locale":"pt_BR","og_type":"article","og_title":"BYD abre 1,6 mil novas vagas de emprego e vai se tornar terceira maior empregadora da Bahia\u00a0\u00a0 - Compartilha Bahia","og_description":"(27.04.2026) \u2013 Para dar partida a implanta\u00e7\u00e3o do terceiro turno de produ\u00e7\u00e3o na f\u00e1brica de Cama\u00e7ari, na Bahia, a BYD abre 1.654 novas vagas de emprego para contrata\u00e7\u00e3o imediata, refor\u00e7ando o ritmo de expans\u00e3o da opera\u00e7\u00e3o no complexo industrial e ampliando o alcance de oportunidades para os profissionais da regi\u00e3o. Somado aos 4.174 trabalhadores atualmente, [&hellip;]","og_url":"https:\/\/compartilhabahia.com.br\/index.php\/2026\/04\/27\/byd-abre-16-mil-novas-vagas-de-emprego-e-vai-se-tornar-terceira-maior-empregadora-da-bahia\/","og_site_name":"Compartilha Bahia","article_publisher":"https:\/\/web.facebook.com\/compartilhabahia","article_published_time":"2026-04-27T12:04:08+00:00","article_modified_time":"2026-04-27T12:06:18+00:00","og_image":[{"width":960,"height":540,"url":"https:\/\/compartilhabahia.com.br\/wp-content\/uploads\/2026\/04\/bydfabri.jpeg","type":"image\/jpeg"}],"author":"admin","twitter_card":"summary_large_image","twitter_misc":{"Escrito por":"admin","Est. tempo de leitura":"5 minutos"},"schema":{"@context":"https:\/\/schema.org","@graph":[{"@type":"Article","@id":"https:\/\/compartilhabahia.com.br\/index.php\/2026\/04\/27\/byd-abre-16-mil-novas-vagas-de-emprego-e-vai-se-tornar-terceira-maior-empregadora-da-bahia\/#article","isPartOf":{"@id":"https:\/\/compartilhabahia.com.br\/index.php\/2026\/04\/27\/byd-abre-16-mil-novas-vagas-de-emprego-e-vai-se-tornar-terceira-maior-empregadora-da-bahia\/"},"author":{"name":"admin","@id":"https:\/\/compartilhabahia.com.br\/#\/schema\/person\/9b4f0c3178793b8248d6686732521c04"},"headline":"BYD abre 1,6 mil novas vagas de emprego e vai se tornar terceira maior empregadora da Bahia\u00a0\u00a0","datePublished":"2026-04-27T12:04:08+00:00","dateModified":"2026-04-27T12:06:18+00:00","mainEntityOfPage":{"@id":"https:\/\/compartilhabahia.com.br\/index.php\/2026\/04\/27\/byd-abre-16-mil-novas-vagas-de-emprego-e-vai-se-tornar-terceira-maior-empregadora-da-bahia\/"},"wordCount":841,"commentCount":0,"publisher":{"@id":"https:\/\/compartilhabahia.com.br\/#organization"},"articleSection":["Bahia","Brasil","Cama\u00e7ari"],"inLanguage":"pt-BR","potentialAction":[{"@type":"CommentAction","name":"Comment","target":["https:\/\/compartilhabahia.com.br\/index.php\/2026\/04\/27\/byd-abre-16-mil-novas-vagas-de-emprego-e-vai-se-tornar-terceira-maior-empregadora-da-bahia\/#respond"]}]},{"@type":"WebPage","@id":"https:\/\/compartilhabahia.com.br\/index.php\/2026\/04\/27\/byd-abre-16-mil-novas-vagas-de-emprego-e-vai-se-tornar-terceira-maior-empregadora-da-bahia\/","url":"https:\/\/compartilhabahia.com.br\/index.php\/2026\/04\/27\/byd-abre-16-mil-novas-vagas-de-emprego-e-vai-se-tornar-terceira-maior-empregadora-da-bahia\/","name":"BYD abre 1,6 mil novas vagas de emprego e vai se tornar terceira maior empregadora da Bahia\u00a0\u00a0 - Compartilha Bahia","isPartOf":{"@id":"https:\/\/compartilhabahia.com.br\/#website"},"datePublished":"2026-04-27T12:04:08+00:00","dateModified":"2026-04-27T12:06:18+00:00","breadcrumb":{"@id":"https:\/\/compartilhabahia.com.br\/index.php\/2026\/04\/27\/byd-abre-16-mil-novas-vagas-de-emprego-e-vai-se-tornar-terceira-maior-empregadora-da-bahia\/#breadcrumb"},"inLanguage":"pt-BR","potentialAction":[{"@type":"ReadAction","target":["https:\/\/compartilhabahia.com.br\/index.php\/2026\/04\/27\/byd-abre-16-mil-novas-vagas-de-emprego-e-vai-se-tornar-terceira-maior-empregadora-da-bahia\/"]}]},{"@type":"BreadcrumbList","@id":"https:\/\/compartilhabahia.com.br\/index.php\/2026\/04\/27\/byd-abre-16-mil-novas-vagas-de-emprego-e-vai-se-tornar-terceira-maior-empregadora-da-bahia\/#breadcrumb","itemListElement":[{"@type":"ListItem","position":1,"name":"In\u00edcio","item":"https:\/\/compartilhabahia.com.br\/"},{"@type":"ListItem","position":2,"name":"BYD abre 1,6 mil novas vagas de emprego e vai se tornar terceira maior empregadora da Bahia\u00a0\u00a0"}]},{"@type":"WebSite","@id":"https:\/\/compartilhabahia.com.br\/#website","url":"https:\/\/compartilhabahia.com.br\/","name":"Compartilha Bahia","description":"","publisher":{"@id":"https:\/\/compartilhabahia.com.br\/#organization"},"potentialAction":[{"@type":"SearchAction","target":{"@type":"EntryPoint","urlTemplate":"https:\/\/compartilhabahia.com.br\/?s={search_term_string}"},"query-input":"required name=search_term_string"}],"inLanguage":"pt-BR"},{"@type":"Organization","@id":"https:\/\/compartilhabahia.com.br\/#organization","name":"Compartilha Bahia","url":"https:\/\/compartilhabahia.com.br\/","logo":{"@type":"ImageObject","inLanguage":"pt-BR","@id":"https:\/\/compartilhabahia.com.br\/#\/schema\/logo\/image\/","url":"https:\/\/compartilhabahia.com.br\/wp-content\/uploads\/2023\/12\/cropped-logo.png","contentUrl":"https:\/\/compartilhabahia.com.br\/wp-content\/uploads\/2023\/12\/cropped-logo.png","width":300,"height":106,"caption":"Compartilha Bahia"},"image":{"@id":"https:\/\/compartilhabahia.com.br\/#\/schema\/logo\/image\/"},"sameAs":["https:\/\/web.facebook.com\/compartilhabahia","https:\/\/www.instagram.com\/compartilhabahia\/"]},{"@type":"Person","@id":"https:\/\/compartilhabahia.com.br\/#\/schema\/person\/9b4f0c3178793b8248d6686732521c04","name":"admin","image":{"@type":"ImageObject","inLanguage":"pt-BR","@id":"https:\/\/compartilhabahia.com.br\/#\/schema\/person\/image\/","url":"https:\/\/secure.gravatar.com\/avatar\/9600df58751c5acbe914c538c03390ef649ea088cb65f84ba09c7ce66988eed6?s=96&d=mm&r=g","contentUrl":"https:\/\/secure.gravatar.com\/avatar\/9600df58751c5acbe914c538c03390ef649ea088cb65f84ba09c7ce66988eed6?s=96&d=mm&r=g","caption":"admin"},"sameAs":["https:\/\/compartilhabahia.com.br"],"url":"https:\/\/compartilhabahia.com.br\/index.php\/author\/compartilhabahia\/"}]}},"_links":{"self":[{"href":"https:\/\/compartilhabahia.com.br\/index.php\/wp-json\/wp\/v2\/posts\/9801","targetHints":{"allow":["GET"]}}],"collection":[{"href":"https:\/\/compartilhabahia.com.br\/index.php\/wp-json\/wp\/v2\/posts"}],"about":[{"href":"https:\/\/compartilhabahia.com.br\/index.php\/wp-json\/wp\/v2\/types\/post"}],"author":[{"embeddable":true,"href":"https:\/\/compartilhabahia.com.br\/index.php\/wp-json\/wp\/v2\/users\/1"}],"replies":[{"embeddable":true,"href":"https:\/\/compartilhabahia.com.br\/index.php\/wp-json\/wp\/v2\/comments?post=9801"}],"version-history":[{"count":1,"href":"https:\/\/compartilhabahia.com.br\/index.php\/wp-json\/wp\/v2\/posts\/9801\/revisions"}],"predecessor-version":[{"id":9803,"href":"https:\/\/compartilhabahia.com.br\/index.php\/wp-json\/wp\/v2\/posts\/9801\/revisions\/9803"}],"wp:featuredmedia":[{"embeddable":true,"href":"https:\/\/compartilhabahia.com.br\/index.php\/wp-json\/wp\/v2\/media\/9802"}],"wp:attachment":[{"href":"https:\/\/compartilhabahia.com.br\/index.php\/wp-json\/wp\/v2\/media?parent=9801"}],"wp:term":[{"taxonomy":"category","embeddable":true,"href":"https:\/\/compartilhabahia.com.br\/index.php\/wp-json\/wp\/v2\/categories?post=9801"},{"taxonomy":"post_tag","embeddable":true,"href":"https:\/\/compartilhabahia.com.br\/index.php\/wp-json\/wp\/v2\/tags?post=9801"}],"curies":[{"name":"wp","href":"https:\/\/api.w.org\/{rel}","templated":true}]}}