{"id":9795,"date":"2026-04-26T22:21:42","date_gmt":"2026-04-27T01:21:42","guid":{"rendered":"https:\/\/compartilhabahia.com.br\/?p=9795"},"modified":"2026-04-26T22:37:51","modified_gmt":"2026-04-27T01:37:51","slug":"bahia-e-para-reforcam-acoes-contra-a-doenca-de-chagas-apos-aumento-de-casos","status":"publish","type":"post","link":"https:\/\/compartilhabahia.com.br\/index.php\/2026\/04\/26\/bahia-e-para-reforcam-acoes-contra-a-doenca-de-chagas-apos-aumento-de-casos\/","title":{"rendered":"Bahia e Par\u00e1 refor\u00e7am a\u00e7\u00f5es contra a doen\u00e7a de Chagas ap\u00f3s aumento de casos"},"content":{"rendered":"\n<p>Dados preliminares de 2025 indicam <strong>627 casos agudos da doen\u00e7a de Chagas no Brasil,<\/strong> sendo <strong>97% registrados na Regi\u00e3o Norte<\/strong>, al\u00e9m de <strong>8.106 casos cr\u00f4nicos, concentrados em Minas Gerais, Bahia e Goi\u00e1s<\/strong>. Segundo o Minist\u00e9rio da Sa\u00fade, o cen\u00e1rio evidencia a persist\u00eancia da doen\u00e7a em \u00e1reas end\u00eamicas do pa\u00eds. Para fortalecer as medidas de vigil\u00e2ncia e controle, a pasta destinou quase R<strong>$ 12 milh\u00f5es para a\u00e7\u00f5es em 155 munic\u00edpios priorit\u00e1rios, abrangendo 17 estados.<\/strong><\/p>\n\n\n\n<ul class=\"wp-block-list\">\n<li><a href=\"https:\/\/brasil61.com\/n\/doenca-de-chagas-155-municipios-prioritarios-recebem-quase-r-12-milhoes-para-acoes-de-vigilancia-bras2616261\" target=\"_blank\" rel=\"noreferrer noopener\">Doen\u00e7a de Chagas: 155 munic\u00edpios priorit\u00e1rios recebem quase R$ 12 milh\u00f5es para a\u00e7\u00f5es de vigil\u00e2ncia<\/a><\/li>\n<\/ul>\n\n\n\n<p>Entre as UFs contempladas est\u00e3o<strong> Bahia e Par\u00e1, com oito e 35 munic\u00edpios priorit\u00e1rios, respectivamente.&nbsp;<\/strong><\/p>\n\n\n\n<h2 class=\"wp-block-heading\">Medidas sanit\u00e1rias de enfrentamento \u00e0 doen\u00e7a de Chagas<\/h2>\n\n\n\n<p>A <strong><a href=\"https:\/\/www.saude.ba.gov.br\/\" target=\"_blank\" rel=\"noreferrer noopener\">Secretaria da Sa\u00fade do Estado da Bahia (Sesab)<\/a><\/strong> informou ao Brasil 61, em nota, que as medidas sanit\u00e1rias desenvolvidas para vigil\u00e2ncia e controle da doen\u00e7a de Chagas no estado est\u00e3o estruturadas de forma integrada e contemplam a\u00e7\u00f5es de vigil\u00e2ncia epidemiol\u00f3gica, entomol\u00f3gica, assist\u00eancia e educa\u00e7\u00e3o em sa\u00fade.<\/p>\n\n\n\n<p>Entre as principais a\u00e7\u00f5es est\u00e1 o monitoramento cont\u00ednuo dos casos a partir da notifica\u00e7\u00e3o e da an\u00e1lise epidemiol\u00f3gica. Conforme a Sesab, as medidas de vigil\u00e2ncia contribuem para a ado\u00e7\u00e3o de estrat\u00e9gias de preven\u00e7\u00e3o e controle.<\/p>\n\n\n\n<p>O \u00f3rg\u00e3o baiano tamb\u00e9m informou que realiza a\u00e7\u00f5es de educa\u00e7\u00e3o permanente, com capacita\u00e7\u00f5es, cursos e semin\u00e1rios voltados a profissionais das vigil\u00e2ncias epidemiol\u00f3gica e ambiental, bem como da rede assistencial, especialmente em munic\u00edpios priorit\u00e1rios.<\/p>\n\n\n\n<p>As atividades de vigil\u00e2ncia entomol\u00f3gica tamb\u00e9m est\u00e3o no centro da atua\u00e7\u00e3o da secretaria, com foco na <strong>identifica\u00e7\u00e3o, captura e monitoramento de vetores da doen\u00e7a.<\/strong><\/p>\n\n\n\n<p>J\u00e1 a <strong><a href=\"https:\/\/www.saude.pa.gov.br\/\" target=\"_blank\" rel=\"noreferrer noopener\">Secretaria de Estado de Sa\u00fade P\u00fablica do Par\u00e1 (Sespa)<\/a>&nbsp;<\/strong>atua, desde 2024, conforme o <strong>Plano Estadual de Enfrentamento da Doen\u00e7a de Chagas. <\/strong>O planejamento inclui a\u00e7\u00f5es de vigil\u00e2ncia ativa, fiscaliza\u00e7\u00e3o de alimentos \u2014 especialmente do a\u00e7a\u00ed \u2014, educa\u00e7\u00e3o em sa\u00fade nos munic\u00edpios e apoio t\u00e9cnico com orienta\u00e7\u00f5es sobre boas pr\u00e1ticas de manipula\u00e7\u00e3o.<\/p>\n\n\n\n<p>O consumo de alimentos contaminados pelo protozo\u00e1rio Trypanosoma cruzi \u2014 causador da doen\u00e7a \u2014 acende um alerta para o risco da transmiss\u00e3o oral da doen\u00e7a de Chagas. O fruto pode ser contaminado com as fezes do chamado \u201cbarbeiro\u201d ou durante a manipula\u00e7\u00e3o do a\u00e7a\u00ed, que pode esmagar o inseto.<\/p>\n\n\n\n<p>O pesquisador da Fiocruz Bahia, Fred Luciano Santos, ressaltou que a <strong>principal preocupa\u00e7\u00e3o hoje \u00e9 a transmiss\u00e3o oral.<\/strong><\/p>\n\n\n\n<p>\u201cEssa via de transmiss\u00e3o tem sido apontada como a principal causa de surtos recentes no Brasil, especialmente relacionada ao consumo de alimentos preparados e consumidos in natura ou preparados de forma artesanal, como a\u00e7a\u00ed, caldo de cana, suco de frutas ou \u00e1gua contaminada\u201d, pontuou Fred.&nbsp;<\/p>\n\n\n\n<h2 class=\"wp-block-heading\">Manipula\u00e7\u00e3o de alimentos<\/h2>\n\n\n\n<p><strong>Para evitar a transmiss\u00e3o oral, a popula\u00e7\u00e3o deve consumir produtos de origem confi\u00e1vel. <\/strong>A Sespa orienta o consumo de alimentos apenas de estabelecimentos regularizados, que garantam a higieniza\u00e7\u00e3o adequada, conforme as<strong> normas sanit\u00e1rias.<\/strong><\/p>\n\n\n\n<p>O m\u00e9dico infectologista e pesquisador do Laborat\u00f3rio de Pesquisa Cl\u00ednica em doen\u00e7a de Chagas (LapClin Chagas) do Instituto Nacional de Infectologia Evandro Chagas (INI\/Fiocruz), Roberto Saraiva, salientou que \u00e9 indicado observar a ado\u00e7\u00e3o de<strong> boas pr\u00e1ticas de higiene.<\/strong><\/p>\n\n\n\n<p>\u201cPara frear a transmiss\u00e3o oral da doen\u00e7a de Chagas \u00e9 necess\u00e1rio que a popula\u00e7\u00e3o procure comprar seu alimento de quem o prepara adequadamente. Com isso, voc\u00ea pode reduzir a forma de transmiss\u00e3o da doen\u00e7a de Chagas &nbsp;atrav\u00e9s da colheita adequada, do transporte adequado, do preparo adequado do alimento, para que n\u00e3o haja contamina\u00e7\u00e3o em nenhuma das etapas do ciclo do a\u00e7a\u00ed\u201d, afirmou Saraiva.&nbsp;<\/p>\n\n\n\n<p><strong>Em nota, a Sesab refor\u00e7ou que os estabelecimentos que manipulam alimentos devem cumprir rigorosamente as normas sanit\u00e1rias vigentes. A atua\u00e7\u00e3o dos manipuladores deve assegurar condi\u00e7\u00f5es adequadas de higiene em todas as etapas da cadeia produtiva, desde o armazenamento, preparo, processamento, at\u00e9 o transporte e conserva\u00e7\u00e3o dos alimentos.&nbsp;<\/strong><\/p>\n\n\n\n<p>\u201c\u00c9 fundamental garantir a capacita\u00e7\u00e3o cont\u00ednua dos manipuladores, com \u00eanfase na ado\u00e7\u00e3o das Boas Pr\u00e1ticas de Manipula\u00e7\u00e3o de Alimentos, especialmente para produtos consumidos in natura ou minimamente processados, como o a\u00e7a\u00ed\u201d, disse a Sesab, em nota.<\/p>\n\n\n\n<h2 class=\"wp-block-heading\">Prote\u00e7\u00e3o domiciliar<\/h2>\n\n\n\n<p>Para evitar o contato com o barbeiro, as secretarias estaduais de sa\u00fade da Bahia e do Par\u00e1 recomendam o uso de telas e mosquiteiros nas resid\u00eancias, especialmente em \u00e1reas rurais ou de maior risco.<\/p>\n\n\n\n<p>A indica\u00e7\u00e3o \u00e9 de manuten\u00e7\u00e3o cont\u00ednua de ambientes, que devem estar limpos.&nbsp;<\/p>\n\n\n\n<p><strong>Confira outras dicas das secretarias:<\/strong><\/p>\n\n\n\n<ul class=\"wp-block-list\">\n<li>Manter galinheiros, currais e outros abrigos de animais afastados das casas;<\/li>\n\n\n\n<li>Realizar inspe\u00e7\u00f5es peri\u00f3dicas no domic\u00edlio e em anexos;<\/li>\n\n\n\n<li>Observar a presen\u00e7a de insetos suspeitos.<\/li>\n<\/ul>\n\n\n\n<p>De acordo com a Secretaria da Sa\u00fade do Estado da Bahia, ao encontrar os barbeiros, \u00e9 necess\u00e1rio captur\u00e1-los e entreg\u00e1-los em Postos de Informa\u00e7\u00e3o de Triatom\u00edneos (PIT) instalados no munic\u00edpio de resid\u00eancia. \u201cO inseto deve ser avaliado por entomologista para identifica\u00e7\u00e3o e caso seja triatom\u00edneo e esteja vivo, poder\u00e1 ser verificado se est\u00e1 positivo para <em>Trypanosoma cruzi\u201d<\/em>, informou a Sesab.<\/p>\n\n\n\n<h2 class=\"wp-block-heading\">Processamento do a\u00e7a\u00ed<\/h2>\n\n\n\n<p><strong>No processamento do a\u00e7a\u00ed, o Par\u00e1 adota o branqueamento \u2013 que \u00e9 um tratamento t\u00e9rmico eficaz, segundo a Sespa, para eliminar o protozo\u00e1rio causador da doen\u00e7a de Chagas e garantir a seguran\u00e7a do consumo. Conforme a Sespa, a etapa de branqueamento \u00e9 fundamental para inativar microrganismos patog\u00eanicos, como o <em>Trypanosoma cruzi.<\/em><\/strong><\/p>\n\n\n\n<p>Na Bahia, a Sesab, por meio da Vigil\u00e2ncia Sanit\u00e1ria estadual, atua de forma articulada com os munic\u00edpios, com a oferta de suporte t\u00e9cnico, orienta\u00e7\u00f5es e alinhamento \u00e0s legisla\u00e7\u00f5es sanit\u00e1rias vigentes.&nbsp;<\/p>\n\n\n\n<h2 class=\"wp-block-heading\">Munic\u00edpios priorit\u00e1rios&nbsp;<\/h2>\n\n\n\n<p>O repasse foi publicado por meio da Portaria GM\/MS N\u00ba 9.628\/2025, onde a lista completa de munic\u00edpios que receber\u00e3o o repasse pode ser consultada.<\/p>\n\n\n\n<p>Fonte: <a href=\"https:\/\/brasil61.com\/n\/bahia-e-para-reforcam-acoes-contra-a-doenca-de-chagas-apos-aumento-de-casos-bras2616307?email=julioribeiroms@hotmail.com?utm_source=brasilgestor&amp;utm_medium=brasilgestorpdf&amp;utm_campaign=brasilgestor\" target=\"_blank\" rel=\"noreferrer noopener\">Brasil 61<\/a><\/p>\n","protected":false},"excerpt":{"rendered":"<p>Dados preliminares de 2025 indicam 627 casos agudos da doen\u00e7a de Chagas no Brasil, sendo 97% registrados na Regi\u00e3o Norte, al\u00e9m de 8.106 casos cr\u00f4nicos, concentrados em Minas Gerais, Bahia e Goi\u00e1s. Segundo o Minist\u00e9rio da Sa\u00fade, o cen\u00e1rio evidencia a persist\u00eancia da doen\u00e7a em \u00e1reas end\u00eamicas do pa\u00eds. Para fortalecer as medidas de vigil\u00e2ncia [&hellip;]<\/p>\n","protected":false},"author":1,"featured_media":9796,"comment_status":"open","ping_status":"open","sticky":false,"template":"","format":"standard","meta":{"footnotes":""},"categories":[10,4,1],"tags":[],"class_list":["post-9795","post","type-post","status-publish","format-standard","has-post-thumbnail","hentry","category-bahia","category-brasil","category-mundo"],"yoast_head":"<!-- This site is optimized with the Yoast SEO plugin v21.7 - https:\/\/yoast.com\/wordpress\/plugins\/seo\/ -->\n<title>Bahia e Par\u00e1 refor\u00e7am a\u00e7\u00f5es contra a doen\u00e7a de Chagas ap\u00f3s aumento de casos - Compartilha Bahia<\/title>\n<meta name=\"robots\" content=\"index, follow, max-snippet:-1, max-image-preview:large, max-video-preview:-1\" \/>\n<link rel=\"canonical\" href=\"https:\/\/compartilhabahia.com.br\/index.php\/2026\/04\/26\/bahia-e-para-reforcam-acoes-contra-a-doenca-de-chagas-apos-aumento-de-casos\/\" \/>\n<meta property=\"og:locale\" content=\"pt_BR\" \/>\n<meta property=\"og:type\" content=\"article\" \/>\n<meta property=\"og:title\" content=\"Bahia e Par\u00e1 refor\u00e7am a\u00e7\u00f5es contra a doen\u00e7a de Chagas ap\u00f3s aumento de casos - Compartilha Bahia\" \/>\n<meta property=\"og:description\" content=\"Dados preliminares de 2025 indicam 627 casos agudos da doen\u00e7a de Chagas no Brasil, sendo 97% registrados na Regi\u00e3o Norte, al\u00e9m de 8.106 casos cr\u00f4nicos, concentrados em Minas Gerais, Bahia e Goi\u00e1s. Segundo o Minist\u00e9rio da Sa\u00fade, o cen\u00e1rio evidencia a persist\u00eancia da doen\u00e7a em \u00e1reas end\u00eamicas do pa\u00eds. Para fortalecer as medidas de vigil\u00e2ncia [&hellip;]\" \/>\n<meta property=\"og:url\" content=\"https:\/\/compartilhabahia.com.br\/index.php\/2026\/04\/26\/bahia-e-para-reforcam-acoes-contra-a-doenca-de-chagas-apos-aumento-de-casos\/\" \/>\n<meta property=\"og:site_name\" content=\"Compartilha Bahia\" \/>\n<meta property=\"article:publisher\" content=\"https:\/\/web.facebook.com\/compartilhabahia\" \/>\n<meta property=\"article:published_time\" content=\"2026-04-27T01:21:42+00:00\" \/>\n<meta property=\"article:modified_time\" content=\"2026-04-27T01:37:51+00:00\" \/>\n<meta property=\"og:image\" content=\"https:\/\/compartilhabahia.com.br\/wp-content\/uploads\/2026\/04\/barbeirodoenca.jpg\" \/>\n\t<meta property=\"og:image:width\" content=\"400\" \/>\n\t<meta property=\"og:image:height\" content=\"250\" \/>\n\t<meta property=\"og:image:type\" content=\"image\/jpeg\" \/>\n<meta name=\"author\" content=\"admin\" \/>\n<meta name=\"twitter:card\" content=\"summary_large_image\" \/>\n<meta name=\"twitter:label1\" content=\"Escrito por\" \/>\n\t<meta name=\"twitter:data1\" content=\"admin\" \/>\n\t<meta name=\"twitter:label2\" content=\"Est. tempo de leitura\" \/>\n\t<meta name=\"twitter:data2\" content=\"6 minutos\" \/>\n<script type=\"application\/ld+json\" class=\"yoast-schema-graph\">{\"@context\":\"https:\/\/schema.org\",\"@graph\":[{\"@type\":\"Article\",\"@id\":\"https:\/\/compartilhabahia.com.br\/index.php\/2026\/04\/26\/bahia-e-para-reforcam-acoes-contra-a-doenca-de-chagas-apos-aumento-de-casos\/#article\",\"isPartOf\":{\"@id\":\"https:\/\/compartilhabahia.com.br\/index.php\/2026\/04\/26\/bahia-e-para-reforcam-acoes-contra-a-doenca-de-chagas-apos-aumento-de-casos\/\"},\"author\":{\"name\":\"admin\",\"@id\":\"https:\/\/compartilhabahia.com.br\/#\/schema\/person\/9b4f0c3178793b8248d6686732521c04\"},\"headline\":\"Bahia e Par\u00e1 refor\u00e7am a\u00e7\u00f5es contra a doen\u00e7a de Chagas ap\u00f3s aumento de casos\",\"datePublished\":\"2026-04-27T01:21:42+00:00\",\"dateModified\":\"2026-04-27T01:37:51+00:00\",\"mainEntityOfPage\":{\"@id\":\"https:\/\/compartilhabahia.com.br\/index.php\/2026\/04\/26\/bahia-e-para-reforcam-acoes-contra-a-doenca-de-chagas-apos-aumento-de-casos\/\"},\"wordCount\":1049,\"commentCount\":0,\"publisher\":{\"@id\":\"https:\/\/compartilhabahia.com.br\/#organization\"},\"articleSection\":[\"Bahia\",\"Brasil\",\"Mundo\"],\"inLanguage\":\"pt-BR\",\"potentialAction\":[{\"@type\":\"CommentAction\",\"name\":\"Comment\",\"target\":[\"https:\/\/compartilhabahia.com.br\/index.php\/2026\/04\/26\/bahia-e-para-reforcam-acoes-contra-a-doenca-de-chagas-apos-aumento-de-casos\/#respond\"]}]},{\"@type\":\"WebPage\",\"@id\":\"https:\/\/compartilhabahia.com.br\/index.php\/2026\/04\/26\/bahia-e-para-reforcam-acoes-contra-a-doenca-de-chagas-apos-aumento-de-casos\/\",\"url\":\"https:\/\/compartilhabahia.com.br\/index.php\/2026\/04\/26\/bahia-e-para-reforcam-acoes-contra-a-doenca-de-chagas-apos-aumento-de-casos\/\",\"name\":\"Bahia e Par\u00e1 refor\u00e7am a\u00e7\u00f5es contra a doen\u00e7a de Chagas ap\u00f3s aumento de casos - Compartilha Bahia\",\"isPartOf\":{\"@id\":\"https:\/\/compartilhabahia.com.br\/#website\"},\"datePublished\":\"2026-04-27T01:21:42+00:00\",\"dateModified\":\"2026-04-27T01:37:51+00:00\",\"breadcrumb\":{\"@id\":\"https:\/\/compartilhabahia.com.br\/index.php\/2026\/04\/26\/bahia-e-para-reforcam-acoes-contra-a-doenca-de-chagas-apos-aumento-de-casos\/#breadcrumb\"},\"inLanguage\":\"pt-BR\",\"potentialAction\":[{\"@type\":\"ReadAction\",\"target\":[\"https:\/\/compartilhabahia.com.br\/index.php\/2026\/04\/26\/bahia-e-para-reforcam-acoes-contra-a-doenca-de-chagas-apos-aumento-de-casos\/\"]}]},{\"@type\":\"BreadcrumbList\",\"@id\":\"https:\/\/compartilhabahia.com.br\/index.php\/2026\/04\/26\/bahia-e-para-reforcam-acoes-contra-a-doenca-de-chagas-apos-aumento-de-casos\/#breadcrumb\",\"itemListElement\":[{\"@type\":\"ListItem\",\"position\":1,\"name\":\"In\u00edcio\",\"item\":\"https:\/\/compartilhabahia.com.br\/\"},{\"@type\":\"ListItem\",\"position\":2,\"name\":\"Bahia e Par\u00e1 refor\u00e7am a\u00e7\u00f5es contra a doen\u00e7a de Chagas ap\u00f3s aumento de casos\"}]},{\"@type\":\"WebSite\",\"@id\":\"https:\/\/compartilhabahia.com.br\/#website\",\"url\":\"https:\/\/compartilhabahia.com.br\/\",\"name\":\"Compartilha Bahia\",\"description\":\"\",\"publisher\":{\"@id\":\"https:\/\/compartilhabahia.com.br\/#organization\"},\"potentialAction\":[{\"@type\":\"SearchAction\",\"target\":{\"@type\":\"EntryPoint\",\"urlTemplate\":\"https:\/\/compartilhabahia.com.br\/?s={search_term_string}\"},\"query-input\":\"required name=search_term_string\"}],\"inLanguage\":\"pt-BR\"},{\"@type\":\"Organization\",\"@id\":\"https:\/\/compartilhabahia.com.br\/#organization\",\"name\":\"Compartilha Bahia\",\"url\":\"https:\/\/compartilhabahia.com.br\/\",\"logo\":{\"@type\":\"ImageObject\",\"inLanguage\":\"pt-BR\",\"@id\":\"https:\/\/compartilhabahia.com.br\/#\/schema\/logo\/image\/\",\"url\":\"https:\/\/compartilhabahia.com.br\/wp-content\/uploads\/2023\/12\/cropped-logo.png\",\"contentUrl\":\"https:\/\/compartilhabahia.com.br\/wp-content\/uploads\/2023\/12\/cropped-logo.png\",\"width\":300,\"height\":106,\"caption\":\"Compartilha Bahia\"},\"image\":{\"@id\":\"https:\/\/compartilhabahia.com.br\/#\/schema\/logo\/image\/\"},\"sameAs\":[\"https:\/\/web.facebook.com\/compartilhabahia\",\"https:\/\/www.instagram.com\/compartilhabahia\/\"]},{\"@type\":\"Person\",\"@id\":\"https:\/\/compartilhabahia.com.br\/#\/schema\/person\/9b4f0c3178793b8248d6686732521c04\",\"name\":\"admin\",\"image\":{\"@type\":\"ImageObject\",\"inLanguage\":\"pt-BR\",\"@id\":\"https:\/\/compartilhabahia.com.br\/#\/schema\/person\/image\/\",\"url\":\"https:\/\/secure.gravatar.com\/avatar\/9600df58751c5acbe914c538c03390ef649ea088cb65f84ba09c7ce66988eed6?s=96&d=mm&r=g\",\"contentUrl\":\"https:\/\/secure.gravatar.com\/avatar\/9600df58751c5acbe914c538c03390ef649ea088cb65f84ba09c7ce66988eed6?s=96&d=mm&r=g\",\"caption\":\"admin\"},\"sameAs\":[\"https:\/\/compartilhabahia.com.br\"],\"url\":\"https:\/\/compartilhabahia.com.br\/index.php\/author\/compartilhabahia\/\"}]}<\/script>\n<!-- \/ Yoast SEO plugin. -->","yoast_head_json":{"title":"Bahia e Par\u00e1 refor\u00e7am a\u00e7\u00f5es contra a doen\u00e7a de Chagas ap\u00f3s aumento de casos - Compartilha Bahia","robots":{"index":"index","follow":"follow","max-snippet":"max-snippet:-1","max-image-preview":"max-image-preview:large","max-video-preview":"max-video-preview:-1"},"canonical":"https:\/\/compartilhabahia.com.br\/index.php\/2026\/04\/26\/bahia-e-para-reforcam-acoes-contra-a-doenca-de-chagas-apos-aumento-de-casos\/","og_locale":"pt_BR","og_type":"article","og_title":"Bahia e Par\u00e1 refor\u00e7am a\u00e7\u00f5es contra a doen\u00e7a de Chagas ap\u00f3s aumento de casos - Compartilha Bahia","og_description":"Dados preliminares de 2025 indicam 627 casos agudos da doen\u00e7a de Chagas no Brasil, sendo 97% registrados na Regi\u00e3o Norte, al\u00e9m de 8.106 casos cr\u00f4nicos, concentrados em Minas Gerais, Bahia e Goi\u00e1s. Segundo o Minist\u00e9rio da Sa\u00fade, o cen\u00e1rio evidencia a persist\u00eancia da doen\u00e7a em \u00e1reas end\u00eamicas do pa\u00eds. Para fortalecer as medidas de vigil\u00e2ncia [&hellip;]","og_url":"https:\/\/compartilhabahia.com.br\/index.php\/2026\/04\/26\/bahia-e-para-reforcam-acoes-contra-a-doenca-de-chagas-apos-aumento-de-casos\/","og_site_name":"Compartilha Bahia","article_publisher":"https:\/\/web.facebook.com\/compartilhabahia","article_published_time":"2026-04-27T01:21:42+00:00","article_modified_time":"2026-04-27T01:37:51+00:00","og_image":[{"width":400,"height":250,"url":"https:\/\/compartilhabahia.com.br\/wp-content\/uploads\/2026\/04\/barbeirodoenca.jpg","type":"image\/jpeg"}],"author":"admin","twitter_card":"summary_large_image","twitter_misc":{"Escrito por":"admin","Est. tempo de leitura":"6 minutos"},"schema":{"@context":"https:\/\/schema.org","@graph":[{"@type":"Article","@id":"https:\/\/compartilhabahia.com.br\/index.php\/2026\/04\/26\/bahia-e-para-reforcam-acoes-contra-a-doenca-de-chagas-apos-aumento-de-casos\/#article","isPartOf":{"@id":"https:\/\/compartilhabahia.com.br\/index.php\/2026\/04\/26\/bahia-e-para-reforcam-acoes-contra-a-doenca-de-chagas-apos-aumento-de-casos\/"},"author":{"name":"admin","@id":"https:\/\/compartilhabahia.com.br\/#\/schema\/person\/9b4f0c3178793b8248d6686732521c04"},"headline":"Bahia e Par\u00e1 refor\u00e7am a\u00e7\u00f5es contra a doen\u00e7a de Chagas ap\u00f3s aumento de casos","datePublished":"2026-04-27T01:21:42+00:00","dateModified":"2026-04-27T01:37:51+00:00","mainEntityOfPage":{"@id":"https:\/\/compartilhabahia.com.br\/index.php\/2026\/04\/26\/bahia-e-para-reforcam-acoes-contra-a-doenca-de-chagas-apos-aumento-de-casos\/"},"wordCount":1049,"commentCount":0,"publisher":{"@id":"https:\/\/compartilhabahia.com.br\/#organization"},"articleSection":["Bahia","Brasil","Mundo"],"inLanguage":"pt-BR","potentialAction":[{"@type":"CommentAction","name":"Comment","target":["https:\/\/compartilhabahia.com.br\/index.php\/2026\/04\/26\/bahia-e-para-reforcam-acoes-contra-a-doenca-de-chagas-apos-aumento-de-casos\/#respond"]}]},{"@type":"WebPage","@id":"https:\/\/compartilhabahia.com.br\/index.php\/2026\/04\/26\/bahia-e-para-reforcam-acoes-contra-a-doenca-de-chagas-apos-aumento-de-casos\/","url":"https:\/\/compartilhabahia.com.br\/index.php\/2026\/04\/26\/bahia-e-para-reforcam-acoes-contra-a-doenca-de-chagas-apos-aumento-de-casos\/","name":"Bahia e Par\u00e1 refor\u00e7am a\u00e7\u00f5es contra a doen\u00e7a de Chagas ap\u00f3s aumento de casos - Compartilha Bahia","isPartOf":{"@id":"https:\/\/compartilhabahia.com.br\/#website"},"datePublished":"2026-04-27T01:21:42+00:00","dateModified":"2026-04-27T01:37:51+00:00","breadcrumb":{"@id":"https:\/\/compartilhabahia.com.br\/index.php\/2026\/04\/26\/bahia-e-para-reforcam-acoes-contra-a-doenca-de-chagas-apos-aumento-de-casos\/#breadcrumb"},"inLanguage":"pt-BR","potentialAction":[{"@type":"ReadAction","target":["https:\/\/compartilhabahia.com.br\/index.php\/2026\/04\/26\/bahia-e-para-reforcam-acoes-contra-a-doenca-de-chagas-apos-aumento-de-casos\/"]}]},{"@type":"BreadcrumbList","@id":"https:\/\/compartilhabahia.com.br\/index.php\/2026\/04\/26\/bahia-e-para-reforcam-acoes-contra-a-doenca-de-chagas-apos-aumento-de-casos\/#breadcrumb","itemListElement":[{"@type":"ListItem","position":1,"name":"In\u00edcio","item":"https:\/\/compartilhabahia.com.br\/"},{"@type":"ListItem","position":2,"name":"Bahia e Par\u00e1 refor\u00e7am a\u00e7\u00f5es contra a doen\u00e7a de Chagas ap\u00f3s aumento de casos"}]},{"@type":"WebSite","@id":"https:\/\/compartilhabahia.com.br\/#website","url":"https:\/\/compartilhabahia.com.br\/","name":"Compartilha Bahia","description":"","publisher":{"@id":"https:\/\/compartilhabahia.com.br\/#organization"},"potentialAction":[{"@type":"SearchAction","target":{"@type":"EntryPoint","urlTemplate":"https:\/\/compartilhabahia.com.br\/?s={search_term_string}"},"query-input":"required name=search_term_string"}],"inLanguage":"pt-BR"},{"@type":"Organization","@id":"https:\/\/compartilhabahia.com.br\/#organization","name":"Compartilha Bahia","url":"https:\/\/compartilhabahia.com.br\/","logo":{"@type":"ImageObject","inLanguage":"pt-BR","@id":"https:\/\/compartilhabahia.com.br\/#\/schema\/logo\/image\/","url":"https:\/\/compartilhabahia.com.br\/wp-content\/uploads\/2023\/12\/cropped-logo.png","contentUrl":"https:\/\/compartilhabahia.com.br\/wp-content\/uploads\/2023\/12\/cropped-logo.png","width":300,"height":106,"caption":"Compartilha Bahia"},"image":{"@id":"https:\/\/compartilhabahia.com.br\/#\/schema\/logo\/image\/"},"sameAs":["https:\/\/web.facebook.com\/compartilhabahia","https:\/\/www.instagram.com\/compartilhabahia\/"]},{"@type":"Person","@id":"https:\/\/compartilhabahia.com.br\/#\/schema\/person\/9b4f0c3178793b8248d6686732521c04","name":"admin","image":{"@type":"ImageObject","inLanguage":"pt-BR","@id":"https:\/\/compartilhabahia.com.br\/#\/schema\/person\/image\/","url":"https:\/\/secure.gravatar.com\/avatar\/9600df58751c5acbe914c538c03390ef649ea088cb65f84ba09c7ce66988eed6?s=96&d=mm&r=g","contentUrl":"https:\/\/secure.gravatar.com\/avatar\/9600df58751c5acbe914c538c03390ef649ea088cb65f84ba09c7ce66988eed6?s=96&d=mm&r=g","caption":"admin"},"sameAs":["https:\/\/compartilhabahia.com.br"],"url":"https:\/\/compartilhabahia.com.br\/index.php\/author\/compartilhabahia\/"}]}},"_links":{"self":[{"href":"https:\/\/compartilhabahia.com.br\/index.php\/wp-json\/wp\/v2\/posts\/9795","targetHints":{"allow":["GET"]}}],"collection":[{"href":"https:\/\/compartilhabahia.com.br\/index.php\/wp-json\/wp\/v2\/posts"}],"about":[{"href":"https:\/\/compartilhabahia.com.br\/index.php\/wp-json\/wp\/v2\/types\/post"}],"author":[{"embeddable":true,"href":"https:\/\/compartilhabahia.com.br\/index.php\/wp-json\/wp\/v2\/users\/1"}],"replies":[{"embeddable":true,"href":"https:\/\/compartilhabahia.com.br\/index.php\/wp-json\/wp\/v2\/comments?post=9795"}],"version-history":[{"count":1,"href":"https:\/\/compartilhabahia.com.br\/index.php\/wp-json\/wp\/v2\/posts\/9795\/revisions"}],"predecessor-version":[{"id":9797,"href":"https:\/\/compartilhabahia.com.br\/index.php\/wp-json\/wp\/v2\/posts\/9795\/revisions\/9797"}],"wp:featuredmedia":[{"embeddable":true,"href":"https:\/\/compartilhabahia.com.br\/index.php\/wp-json\/wp\/v2\/media\/9796"}],"wp:attachment":[{"href":"https:\/\/compartilhabahia.com.br\/index.php\/wp-json\/wp\/v2\/media?parent=9795"}],"wp:term":[{"taxonomy":"category","embeddable":true,"href":"https:\/\/compartilhabahia.com.br\/index.php\/wp-json\/wp\/v2\/categories?post=9795"},{"taxonomy":"post_tag","embeddable":true,"href":"https:\/\/compartilhabahia.com.br\/index.php\/wp-json\/wp\/v2\/tags?post=9795"}],"curies":[{"name":"wp","href":"https:\/\/api.w.org\/{rel}","templated":true}]}}