{"id":9792,"date":"2026-04-26T14:47:51","date_gmt":"2026-04-26T17:47:51","guid":{"rendered":"https:\/\/compartilhabahia.com.br\/?p=9792"},"modified":"2026-04-26T14:47:54","modified_gmt":"2026-04-26T17:47:54","slug":"camacari-se-prepara-para-a-2a-edicao-do-ecojunho-com-atividades-sobre-sustentabilidade-e-preservacao-ambiental","status":"publish","type":"post","link":"https:\/\/compartilhabahia.com.br\/index.php\/2026\/04\/26\/camacari-se-prepara-para-a-2a-edicao-do-ecojunho-com-atividades-sobre-sustentabilidade-e-preservacao-ambiental\/","title":{"rendered":"Cama\u00e7ari se prepara para a 2\u00aa edi\u00e7\u00e3o do EcoJunho com atividades sobre sustentabilidade e preserva\u00e7\u00e3o ambiental"},"content":{"rendered":"\n<p>A Prefeitura de Cama\u00e7ari, por meio da Secretaria de Desenvolvimento Urbano e Meio Ambiente (Sedur), realizar\u00e1 entre os dias 8 e 12 de junho a 2\u00aa edi\u00e7\u00e3o do EcoJunho, iniciativa que integra o calend\u00e1rio da Semana do Meio Ambiente e reafirma o compromisso do munic\u00edpio com a sustentabilidade e a preserva\u00e7\u00e3o dos recursos naturais. Com o tema \u201cCama\u00e7ari com Ra\u00edzes no Futuro\u201d, o evento convida a popula\u00e7\u00e3o a refletir sobre sua rela\u00e7\u00e3o com o territ\u00f3rio, reunindo centenas de participantes no Horto Florestal e promovendo, de forma simult\u00e2nea, a\u00e7\u00f5es nas praias de Arembepe e Guarajuba.<\/p>\n\n\n\n<p>Inspirado pela ideia de que \u201ca vida n\u00e3o \u00e9 \u00fatil\u201d, como provoca o pensador ind\u00edgena Ailton Krenak, o EcoJunho prop\u00f5e uma pausa no ritmo autom\u00e1tico do cotidiano para reconectar pessoas, natureza e prop\u00f3sito. Ao longo da semana, a programa\u00e7\u00e3o se desdobra em workshops, palestras, oficinas pr\u00e1ticas e atividades educativas que tratam de temas como consumo consciente, governan\u00e7a clim\u00e1tica, economia verde, sustentabilidade urbana e prote\u00e7\u00e3o dos ecossistemas, com aten\u00e7\u00e3o especial aos manguezais, verdadeiros ber\u00e7\u00e1rios da vida.<\/p>\n\n\n\n<p>A abertura oficial, no dia 8 de junho, no Horto Florestal, ser\u00e1 marcada por momentos institucionais, palestras e assinatura de compromissos com a agenda ambiental, fortalecendo o elo entre poder p\u00fablico, sociedade civil e parceiros estrat\u00e9gicos. Nos dias seguintes, o evento segue com rodas de conversa, experi\u00eancias educativas para crian\u00e7as, a\u00e7\u00f5es de fiscaliza\u00e7\u00e3o inteligente e a apresenta\u00e7\u00e3o de projetos que apontam caminhos poss\u00edveis para um desenvolvimento mais equilibrado e sens\u00edvel \u00e0s urg\u00eancias do presente.<\/p>\n\n\n\n<p>Entre os destaques desta edi\u00e7\u00e3o est\u00e1 a amplia\u00e7\u00e3o das atividades interativas e a ocupa\u00e7\u00e3o simult\u00e2nea de diferentes territ\u00f3rios, fortalecendo a ideia de que cuidar do meio ambiente \u00e9 um gesto coletivo e cont\u00ednuo. Nesse contexto, o EcoJunho tamb\u00e9m abre espa\u00e7o para a causa animal, com um dia dedicado ao cuidado e \u00e0 conscientiza\u00e7\u00e3o. A programa\u00e7\u00e3o inclui mutir\u00e3o pet com vacina\u00e7\u00e3o antirr\u00e1bica, vermifuga\u00e7\u00e3o, al\u00e9m de atividades como a \u201cc\u00e3ominhada\u201d e orienta\u00e7\u00f5es sobre guarda respons\u00e1vel.<\/p>\n\n\n\n<p>A grande novidade deste ano \u00e9 a corrida noturna Eco Ativa. A proposta \u00e9 ampliar a participa\u00e7\u00e3o do p\u00fablico e incentivar a ades\u00e3o de atletas e entusiastas, promovendo sa\u00fade, bem-estar e consci\u00eancia ambiental em um formato mais acess\u00edvel e atrativo.<\/p>\n\n\n\n<p>Para o titular da Sedur, Rodrigo Nogueira, o evento reafirma o compromisso da gest\u00e3o municipal com o futuro sustent\u00e1vel da cidade. \u201cO EcoJunho \u00e9 mais do que uma programa\u00e7\u00e3o comemorativa. \u00c9 uma estrat\u00e9gia de mobiliza\u00e7\u00e3o social e educa\u00e7\u00e3o ambiental que conecta pessoas, ideias e a\u00e7\u00f5es em prol de um objetivo comum: cuidar do nosso territ\u00f3rio. Nesta segunda edi\u00e7\u00e3o, ampliamos o alcance das atividades e fortalecemos iniciativas voltadas \u00e0 preserva\u00e7\u00e3o dos manguezais, que s\u00e3o fundamentais para o equil\u00edbrio ambiental de Cama\u00e7ari. Queremos que cada participante se sinta parte dessa transforma\u00e7\u00e3o\u201d, destacou.<\/p>\n\n\n\n<p>A iniciativa refor\u00e7a o alinhamento da Prefeitura de Cama\u00e7ari \u00e0s diretrizes de desenvolvimento sustent\u00e1vel, consolidando pol\u00edticas p\u00fablicas voltadas \u00e0 preserva\u00e7\u00e3o ambiental, \u00e0 educa\u00e7\u00e3o socioambiental e ao uso respons\u00e1vel dos recursos naturais. Ao promover a integra\u00e7\u00e3o entre poder p\u00fablico, comunidade e parceiros institucionais, o EcoJunho se firma como uma a\u00e7\u00e3o estrat\u00e9gica para o fortalecimento de uma cultura ambiental permanente no munic\u00edpio, contribuindo para a constru\u00e7\u00e3o de um territ\u00f3rio mais equilibrado, inclusivo e preparado para os desafios do futuro.<\/p>\n\n\n\n<p>Foto: Patrick Abreu<\/p>\n","protected":false},"excerpt":{"rendered":"<p>A Prefeitura de Cama\u00e7ari, por meio da Secretaria de Desenvolvimento Urbano e Meio Ambiente (Sedur), realizar\u00e1 entre os dias 8 e 12 de junho a 2\u00aa edi\u00e7\u00e3o do EcoJunho, iniciativa que integra o calend\u00e1rio da Semana do Meio Ambiente e reafirma o compromisso do munic\u00edpio com a sustentabilidade e a preserva\u00e7\u00e3o dos recursos naturais. Com [&hellip;]<\/p>\n","protected":false},"author":1,"featured_media":9793,"comment_status":"open","ping_status":"open","sticky":false,"template":"","format":"standard","meta":{"footnotes":""},"categories":[8],"tags":[],"class_list":["post-9792","post","type-post","status-publish","format-standard","has-post-thumbnail","hentry","category-camacari"],"yoast_head":"<!-- This site is optimized with the Yoast SEO plugin v21.7 - https:\/\/yoast.com\/wordpress\/plugins\/seo\/ -->\n<title>Cama\u00e7ari se prepara para a 2\u00aa edi\u00e7\u00e3o do EcoJunho com atividades sobre sustentabilidade e preserva\u00e7\u00e3o ambiental - Compartilha Bahia<\/title>\n<meta name=\"robots\" content=\"index, follow, max-snippet:-1, max-image-preview:large, max-video-preview:-1\" \/>\n<link rel=\"canonical\" href=\"https:\/\/compartilhabahia.com.br\/index.php\/2026\/04\/26\/camacari-se-prepara-para-a-2a-edicao-do-ecojunho-com-atividades-sobre-sustentabilidade-e-preservacao-ambiental\/\" \/>\n<meta property=\"og:locale\" content=\"pt_BR\" \/>\n<meta property=\"og:type\" content=\"article\" \/>\n<meta property=\"og:title\" content=\"Cama\u00e7ari se prepara para a 2\u00aa edi\u00e7\u00e3o do EcoJunho com atividades sobre sustentabilidade e preserva\u00e7\u00e3o ambiental - Compartilha Bahia\" \/>\n<meta property=\"og:description\" content=\"A Prefeitura de Cama\u00e7ari, por meio da Secretaria de Desenvolvimento Urbano e Meio Ambiente (Sedur), realizar\u00e1 entre os dias 8 e 12 de junho a 2\u00aa edi\u00e7\u00e3o do EcoJunho, iniciativa que integra o calend\u00e1rio da Semana do Meio Ambiente e reafirma o compromisso do munic\u00edpio com a sustentabilidade e a preserva\u00e7\u00e3o dos recursos naturais. Com [&hellip;]\" \/>\n<meta property=\"og:url\" content=\"https:\/\/compartilhabahia.com.br\/index.php\/2026\/04\/26\/camacari-se-prepara-para-a-2a-edicao-do-ecojunho-com-atividades-sobre-sustentabilidade-e-preservacao-ambiental\/\" \/>\n<meta property=\"og:site_name\" content=\"Compartilha Bahia\" \/>\n<meta property=\"article:publisher\" content=\"https:\/\/web.facebook.com\/compartilhabahia\" \/>\n<meta property=\"article:published_time\" content=\"2026-04-26T17:47:51+00:00\" \/>\n<meta property=\"article:modified_time\" content=\"2026-04-26T17:47:54+00:00\" \/>\n<meta property=\"og:image\" content=\"https:\/\/compartilhabahia.com.br\/wp-content\/uploads\/2026\/04\/ecojunho.jpg\" \/>\n\t<meta property=\"og:image:width\" content=\"922\" \/>\n\t<meta property=\"og:image:height\" content=\"615\" \/>\n\t<meta property=\"og:image:type\" content=\"image\/jpeg\" \/>\n<meta name=\"author\" content=\"admin\" \/>\n<meta name=\"twitter:card\" content=\"summary_large_image\" \/>\n<meta name=\"twitter:label1\" content=\"Escrito por\" \/>\n\t<meta name=\"twitter:data1\" content=\"admin\" \/>\n\t<meta name=\"twitter:label2\" content=\"Est. tempo de leitura\" \/>\n\t<meta name=\"twitter:data2\" content=\"4 minutos\" \/>\n<script type=\"application\/ld+json\" class=\"yoast-schema-graph\">{\"@context\":\"https:\/\/schema.org\",\"@graph\":[{\"@type\":\"Article\",\"@id\":\"https:\/\/compartilhabahia.com.br\/index.php\/2026\/04\/26\/camacari-se-prepara-para-a-2a-edicao-do-ecojunho-com-atividades-sobre-sustentabilidade-e-preservacao-ambiental\/#article\",\"isPartOf\":{\"@id\":\"https:\/\/compartilhabahia.com.br\/index.php\/2026\/04\/26\/camacari-se-prepara-para-a-2a-edicao-do-ecojunho-com-atividades-sobre-sustentabilidade-e-preservacao-ambiental\/\"},\"author\":{\"name\":\"admin\",\"@id\":\"https:\/\/compartilhabahia.com.br\/#\/schema\/person\/9b4f0c3178793b8248d6686732521c04\"},\"headline\":\"Cama\u00e7ari se prepara para a 2\u00aa edi\u00e7\u00e3o do EcoJunho com atividades sobre sustentabilidade e preserva\u00e7\u00e3o ambiental\",\"datePublished\":\"2026-04-26T17:47:51+00:00\",\"dateModified\":\"2026-04-26T17:47:54+00:00\",\"mainEntityOfPage\":{\"@id\":\"https:\/\/compartilhabahia.com.br\/index.php\/2026\/04\/26\/camacari-se-prepara-para-a-2a-edicao-do-ecojunho-com-atividades-sobre-sustentabilidade-e-preservacao-ambiental\/\"},\"wordCount\":617,\"commentCount\":0,\"publisher\":{\"@id\":\"https:\/\/compartilhabahia.com.br\/#organization\"},\"articleSection\":[\"Cama\u00e7ari\"],\"inLanguage\":\"pt-BR\",\"potentialAction\":[{\"@type\":\"CommentAction\",\"name\":\"Comment\",\"target\":[\"https:\/\/compartilhabahia.com.br\/index.php\/2026\/04\/26\/camacari-se-prepara-para-a-2a-edicao-do-ecojunho-com-atividades-sobre-sustentabilidade-e-preservacao-ambiental\/#respond\"]}]},{\"@type\":\"WebPage\",\"@id\":\"https:\/\/compartilhabahia.com.br\/index.php\/2026\/04\/26\/camacari-se-prepara-para-a-2a-edicao-do-ecojunho-com-atividades-sobre-sustentabilidade-e-preservacao-ambiental\/\",\"url\":\"https:\/\/compartilhabahia.com.br\/index.php\/2026\/04\/26\/camacari-se-prepara-para-a-2a-edicao-do-ecojunho-com-atividades-sobre-sustentabilidade-e-preservacao-ambiental\/\",\"name\":\"Cama\u00e7ari se prepara para a 2\u00aa edi\u00e7\u00e3o do EcoJunho com atividades sobre sustentabilidade e preserva\u00e7\u00e3o ambiental - Compartilha Bahia\",\"isPartOf\":{\"@id\":\"https:\/\/compartilhabahia.com.br\/#website\"},\"datePublished\":\"2026-04-26T17:47:51+00:00\",\"dateModified\":\"2026-04-26T17:47:54+00:00\",\"breadcrumb\":{\"@id\":\"https:\/\/compartilhabahia.com.br\/index.php\/2026\/04\/26\/camacari-se-prepara-para-a-2a-edicao-do-ecojunho-com-atividades-sobre-sustentabilidade-e-preservacao-ambiental\/#breadcrumb\"},\"inLanguage\":\"pt-BR\",\"potentialAction\":[{\"@type\":\"ReadAction\",\"target\":[\"https:\/\/compartilhabahia.com.br\/index.php\/2026\/04\/26\/camacari-se-prepara-para-a-2a-edicao-do-ecojunho-com-atividades-sobre-sustentabilidade-e-preservacao-ambiental\/\"]}]},{\"@type\":\"BreadcrumbList\",\"@id\":\"https:\/\/compartilhabahia.com.br\/index.php\/2026\/04\/26\/camacari-se-prepara-para-a-2a-edicao-do-ecojunho-com-atividades-sobre-sustentabilidade-e-preservacao-ambiental\/#breadcrumb\",\"itemListElement\":[{\"@type\":\"ListItem\",\"position\":1,\"name\":\"In\u00edcio\",\"item\":\"https:\/\/compartilhabahia.com.br\/\"},{\"@type\":\"ListItem\",\"position\":2,\"name\":\"Cama\u00e7ari se prepara para a 2\u00aa edi\u00e7\u00e3o do EcoJunho com atividades sobre sustentabilidade e preserva\u00e7\u00e3o ambiental\"}]},{\"@type\":\"WebSite\",\"@id\":\"https:\/\/compartilhabahia.com.br\/#website\",\"url\":\"https:\/\/compartilhabahia.com.br\/\",\"name\":\"Compartilha Bahia\",\"description\":\"\",\"publisher\":{\"@id\":\"https:\/\/compartilhabahia.com.br\/#organization\"},\"potentialAction\":[{\"@type\":\"SearchAction\",\"target\":{\"@type\":\"EntryPoint\",\"urlTemplate\":\"https:\/\/compartilhabahia.com.br\/?s={search_term_string}\"},\"query-input\":\"required name=search_term_string\"}],\"inLanguage\":\"pt-BR\"},{\"@type\":\"Organization\",\"@id\":\"https:\/\/compartilhabahia.com.br\/#organization\",\"name\":\"Compartilha Bahia\",\"url\":\"https:\/\/compartilhabahia.com.br\/\",\"logo\":{\"@type\":\"ImageObject\",\"inLanguage\":\"pt-BR\",\"@id\":\"https:\/\/compartilhabahia.com.br\/#\/schema\/logo\/image\/\",\"url\":\"https:\/\/compartilhabahia.com.br\/wp-content\/uploads\/2023\/12\/cropped-logo.png\",\"contentUrl\":\"https:\/\/compartilhabahia.com.br\/wp-content\/uploads\/2023\/12\/cropped-logo.png\",\"width\":300,\"height\":106,\"caption\":\"Compartilha Bahia\"},\"image\":{\"@id\":\"https:\/\/compartilhabahia.com.br\/#\/schema\/logo\/image\/\"},\"sameAs\":[\"https:\/\/web.facebook.com\/compartilhabahia\",\"https:\/\/www.instagram.com\/compartilhabahia\/\"]},{\"@type\":\"Person\",\"@id\":\"https:\/\/compartilhabahia.com.br\/#\/schema\/person\/9b4f0c3178793b8248d6686732521c04\",\"name\":\"admin\",\"image\":{\"@type\":\"ImageObject\",\"inLanguage\":\"pt-BR\",\"@id\":\"https:\/\/compartilhabahia.com.br\/#\/schema\/person\/image\/\",\"url\":\"https:\/\/secure.gravatar.com\/avatar\/9600df58751c5acbe914c538c03390ef649ea088cb65f84ba09c7ce66988eed6?s=96&d=mm&r=g\",\"contentUrl\":\"https:\/\/secure.gravatar.com\/avatar\/9600df58751c5acbe914c538c03390ef649ea088cb65f84ba09c7ce66988eed6?s=96&d=mm&r=g\",\"caption\":\"admin\"},\"sameAs\":[\"https:\/\/compartilhabahia.com.br\"],\"url\":\"https:\/\/compartilhabahia.com.br\/index.php\/author\/compartilhabahia\/\"}]}<\/script>\n<!-- \/ Yoast SEO plugin. -->","yoast_head_json":{"title":"Cama\u00e7ari se prepara para a 2\u00aa edi\u00e7\u00e3o do EcoJunho com atividades sobre sustentabilidade e preserva\u00e7\u00e3o ambiental - Compartilha Bahia","robots":{"index":"index","follow":"follow","max-snippet":"max-snippet:-1","max-image-preview":"max-image-preview:large","max-video-preview":"max-video-preview:-1"},"canonical":"https:\/\/compartilhabahia.com.br\/index.php\/2026\/04\/26\/camacari-se-prepara-para-a-2a-edicao-do-ecojunho-com-atividades-sobre-sustentabilidade-e-preservacao-ambiental\/","og_locale":"pt_BR","og_type":"article","og_title":"Cama\u00e7ari se prepara para a 2\u00aa edi\u00e7\u00e3o do EcoJunho com atividades sobre sustentabilidade e preserva\u00e7\u00e3o ambiental - Compartilha Bahia","og_description":"A Prefeitura de Cama\u00e7ari, por meio da Secretaria de Desenvolvimento Urbano e Meio Ambiente (Sedur), realizar\u00e1 entre os dias 8 e 12 de junho a 2\u00aa edi\u00e7\u00e3o do EcoJunho, iniciativa que integra o calend\u00e1rio da Semana do Meio Ambiente e reafirma o compromisso do munic\u00edpio com a sustentabilidade e a preserva\u00e7\u00e3o dos recursos naturais. Com [&hellip;]","og_url":"https:\/\/compartilhabahia.com.br\/index.php\/2026\/04\/26\/camacari-se-prepara-para-a-2a-edicao-do-ecojunho-com-atividades-sobre-sustentabilidade-e-preservacao-ambiental\/","og_site_name":"Compartilha Bahia","article_publisher":"https:\/\/web.facebook.com\/compartilhabahia","article_published_time":"2026-04-26T17:47:51+00:00","article_modified_time":"2026-04-26T17:47:54+00:00","og_image":[{"width":922,"height":615,"url":"https:\/\/compartilhabahia.com.br\/wp-content\/uploads\/2026\/04\/ecojunho.jpg","type":"image\/jpeg"}],"author":"admin","twitter_card":"summary_large_image","twitter_misc":{"Escrito por":"admin","Est. tempo de leitura":"4 minutos"},"schema":{"@context":"https:\/\/schema.org","@graph":[{"@type":"Article","@id":"https:\/\/compartilhabahia.com.br\/index.php\/2026\/04\/26\/camacari-se-prepara-para-a-2a-edicao-do-ecojunho-com-atividades-sobre-sustentabilidade-e-preservacao-ambiental\/#article","isPartOf":{"@id":"https:\/\/compartilhabahia.com.br\/index.php\/2026\/04\/26\/camacari-se-prepara-para-a-2a-edicao-do-ecojunho-com-atividades-sobre-sustentabilidade-e-preservacao-ambiental\/"},"author":{"name":"admin","@id":"https:\/\/compartilhabahia.com.br\/#\/schema\/person\/9b4f0c3178793b8248d6686732521c04"},"headline":"Cama\u00e7ari se prepara para a 2\u00aa edi\u00e7\u00e3o do EcoJunho com atividades sobre sustentabilidade e preserva\u00e7\u00e3o ambiental","datePublished":"2026-04-26T17:47:51+00:00","dateModified":"2026-04-26T17:47:54+00:00","mainEntityOfPage":{"@id":"https:\/\/compartilhabahia.com.br\/index.php\/2026\/04\/26\/camacari-se-prepara-para-a-2a-edicao-do-ecojunho-com-atividades-sobre-sustentabilidade-e-preservacao-ambiental\/"},"wordCount":617,"commentCount":0,"publisher":{"@id":"https:\/\/compartilhabahia.com.br\/#organization"},"articleSection":["Cama\u00e7ari"],"inLanguage":"pt-BR","potentialAction":[{"@type":"CommentAction","name":"Comment","target":["https:\/\/compartilhabahia.com.br\/index.php\/2026\/04\/26\/camacari-se-prepara-para-a-2a-edicao-do-ecojunho-com-atividades-sobre-sustentabilidade-e-preservacao-ambiental\/#respond"]}]},{"@type":"WebPage","@id":"https:\/\/compartilhabahia.com.br\/index.php\/2026\/04\/26\/camacari-se-prepara-para-a-2a-edicao-do-ecojunho-com-atividades-sobre-sustentabilidade-e-preservacao-ambiental\/","url":"https:\/\/compartilhabahia.com.br\/index.php\/2026\/04\/26\/camacari-se-prepara-para-a-2a-edicao-do-ecojunho-com-atividades-sobre-sustentabilidade-e-preservacao-ambiental\/","name":"Cama\u00e7ari se prepara para a 2\u00aa edi\u00e7\u00e3o do EcoJunho com atividades sobre sustentabilidade e preserva\u00e7\u00e3o ambiental - Compartilha Bahia","isPartOf":{"@id":"https:\/\/compartilhabahia.com.br\/#website"},"datePublished":"2026-04-26T17:47:51+00:00","dateModified":"2026-04-26T17:47:54+00:00","breadcrumb":{"@id":"https:\/\/compartilhabahia.com.br\/index.php\/2026\/04\/26\/camacari-se-prepara-para-a-2a-edicao-do-ecojunho-com-atividades-sobre-sustentabilidade-e-preservacao-ambiental\/#breadcrumb"},"inLanguage":"pt-BR","potentialAction":[{"@type":"ReadAction","target":["https:\/\/compartilhabahia.com.br\/index.php\/2026\/04\/26\/camacari-se-prepara-para-a-2a-edicao-do-ecojunho-com-atividades-sobre-sustentabilidade-e-preservacao-ambiental\/"]}]},{"@type":"BreadcrumbList","@id":"https:\/\/compartilhabahia.com.br\/index.php\/2026\/04\/26\/camacari-se-prepara-para-a-2a-edicao-do-ecojunho-com-atividades-sobre-sustentabilidade-e-preservacao-ambiental\/#breadcrumb","itemListElement":[{"@type":"ListItem","position":1,"name":"In\u00edcio","item":"https:\/\/compartilhabahia.com.br\/"},{"@type":"ListItem","position":2,"name":"Cama\u00e7ari se prepara para a 2\u00aa edi\u00e7\u00e3o do EcoJunho com atividades sobre sustentabilidade e preserva\u00e7\u00e3o ambiental"}]},{"@type":"WebSite","@id":"https:\/\/compartilhabahia.com.br\/#website","url":"https:\/\/compartilhabahia.com.br\/","name":"Compartilha Bahia","description":"","publisher":{"@id":"https:\/\/compartilhabahia.com.br\/#organization"},"potentialAction":[{"@type":"SearchAction","target":{"@type":"EntryPoint","urlTemplate":"https:\/\/compartilhabahia.com.br\/?s={search_term_string}"},"query-input":"required name=search_term_string"}],"inLanguage":"pt-BR"},{"@type":"Organization","@id":"https:\/\/compartilhabahia.com.br\/#organization","name":"Compartilha Bahia","url":"https:\/\/compartilhabahia.com.br\/","logo":{"@type":"ImageObject","inLanguage":"pt-BR","@id":"https:\/\/compartilhabahia.com.br\/#\/schema\/logo\/image\/","url":"https:\/\/compartilhabahia.com.br\/wp-content\/uploads\/2023\/12\/cropped-logo.png","contentUrl":"https:\/\/compartilhabahia.com.br\/wp-content\/uploads\/2023\/12\/cropped-logo.png","width":300,"height":106,"caption":"Compartilha Bahia"},"image":{"@id":"https:\/\/compartilhabahia.com.br\/#\/schema\/logo\/image\/"},"sameAs":["https:\/\/web.facebook.com\/compartilhabahia","https:\/\/www.instagram.com\/compartilhabahia\/"]},{"@type":"Person","@id":"https:\/\/compartilhabahia.com.br\/#\/schema\/person\/9b4f0c3178793b8248d6686732521c04","name":"admin","image":{"@type":"ImageObject","inLanguage":"pt-BR","@id":"https:\/\/compartilhabahia.com.br\/#\/schema\/person\/image\/","url":"https:\/\/secure.gravatar.com\/avatar\/9600df58751c5acbe914c538c03390ef649ea088cb65f84ba09c7ce66988eed6?s=96&d=mm&r=g","contentUrl":"https:\/\/secure.gravatar.com\/avatar\/9600df58751c5acbe914c538c03390ef649ea088cb65f84ba09c7ce66988eed6?s=96&d=mm&r=g","caption":"admin"},"sameAs":["https:\/\/compartilhabahia.com.br"],"url":"https:\/\/compartilhabahia.com.br\/index.php\/author\/compartilhabahia\/"}]}},"_links":{"self":[{"href":"https:\/\/compartilhabahia.com.br\/index.php\/wp-json\/wp\/v2\/posts\/9792","targetHints":{"allow":["GET"]}}],"collection":[{"href":"https:\/\/compartilhabahia.com.br\/index.php\/wp-json\/wp\/v2\/posts"}],"about":[{"href":"https:\/\/compartilhabahia.com.br\/index.php\/wp-json\/wp\/v2\/types\/post"}],"author":[{"embeddable":true,"href":"https:\/\/compartilhabahia.com.br\/index.php\/wp-json\/wp\/v2\/users\/1"}],"replies":[{"embeddable":true,"href":"https:\/\/compartilhabahia.com.br\/index.php\/wp-json\/wp\/v2\/comments?post=9792"}],"version-history":[{"count":1,"href":"https:\/\/compartilhabahia.com.br\/index.php\/wp-json\/wp\/v2\/posts\/9792\/revisions"}],"predecessor-version":[{"id":9794,"href":"https:\/\/compartilhabahia.com.br\/index.php\/wp-json\/wp\/v2\/posts\/9792\/revisions\/9794"}],"wp:featuredmedia":[{"embeddable":true,"href":"https:\/\/compartilhabahia.com.br\/index.php\/wp-json\/wp\/v2\/media\/9793"}],"wp:attachment":[{"href":"https:\/\/compartilhabahia.com.br\/index.php\/wp-json\/wp\/v2\/media?parent=9792"}],"wp:term":[{"taxonomy":"category","embeddable":true,"href":"https:\/\/compartilhabahia.com.br\/index.php\/wp-json\/wp\/v2\/categories?post=9792"},{"taxonomy":"post_tag","embeddable":true,"href":"https:\/\/compartilhabahia.com.br\/index.php\/wp-json\/wp\/v2\/tags?post=9792"}],"curies":[{"name":"wp","href":"https:\/\/api.w.org\/{rel}","templated":true}]}}