{"id":9588,"date":"2026-04-04T16:38:01","date_gmt":"2026-04-04T19:38:01","guid":{"rendered":"https:\/\/compartilhabahia.com.br\/?p=9588"},"modified":"2026-04-04T16:38:05","modified_gmt":"2026-04-04T19:38:05","slug":"byd-cresce-73-em-trimestre-historico-e-quebra-recorde-com-mais-de-16-mil-emplacamentos-em-marco-dolphin-mini-e-o-carro-mais-vendido-do-ano-no-varejo","status":"publish","type":"post","link":"https:\/\/compartilhabahia.com.br\/index.php\/2026\/04\/04\/byd-cresce-73-em-trimestre-historico-e-quebra-recorde-com-mais-de-16-mil-emplacamentos-em-marco-dolphin-mini-e-o-carro-mais-vendido-do-ano-no-varejo\/","title":{"rendered":"BYD cresce 73% em trimestre hist\u00f3rico e quebra recorde com mais de 16 mil emplacamentos em mar\u00e7o; Dolphin Mini \u00e9 o carro mais vendido do ano no varejo"},"content":{"rendered":"\n<p>A BYD encerrou mais um m\u00eas hist\u00f3rico, com<strong>&nbsp;o BYD Dolphin Mini como o carro mais vendido do primeiro trimestre no varejo. O el\u00e9trico mais vendido da hist\u00f3ria do pa\u00eds liderou, pelo segundo m\u00eas consecutivo<\/strong>,<strong>&nbsp;<\/strong>o ranking de emplacamentos.<strong>&nbsp;<\/strong>A greentech tamb\u00e9m&nbsp;<strong>quebrou o recorde de vendas mensal com 16.406 unidades&nbsp;<\/strong>emplacadas em todo o Brasil, entre autom\u00f3veis e comerciais leves.<strong>&nbsp;<\/strong>O recorde anterior era de dezembro de 2025 com 15.659 unidades.<\/p>\n\n\n\n<p>O resultado do&nbsp;<strong>primeiro trimestre de 2026 confirma o avan\u00e7o da marca no Brasil, com<\/strong>&nbsp;<strong>um crescimento de 73,67%<\/strong>&nbsp;em rela\u00e7\u00e3o ao mesmo per\u00edodo do ano anterior. Ao todo, a empresa emplacou&nbsp;<strong>37.637 ve\u00edculos<\/strong>&nbsp;nos tr\u00eas primeiros meses, ante 21.672 modelos no mesmo per\u00edodo de 2025, um avan\u00e7o de quase 16 mil ve\u00edculos.<\/p>\n\n\n\n<figure class=\"wp-block-image size-full\"><img loading=\"lazy\" decoding=\"async\" width=\"602\" height=\"338\" src=\"https:\/\/compartilhabahia.com.br\/wp-content\/uploads\/2026\/04\/image.png\" alt=\"\" class=\"wp-image-9589\" srcset=\"https:\/\/compartilhabahia.com.br\/wp-content\/uploads\/2026\/04\/image.png 602w, https:\/\/compartilhabahia.com.br\/wp-content\/uploads\/2026\/04\/image-300x168.png 300w, https:\/\/compartilhabahia.com.br\/wp-content\/uploads\/2026\/04\/image-600x338.png 600w\" sizes=\"auto, (max-width: 602px) 100vw, 602px\" \/><\/figure>\n\n\n\n<p><strong>VENDAS EM MAR\u00c7O CONSOLIDAM CRESCIMENTO DA BYD NO PA\u00cdS<\/strong><strong><br><\/strong>No ranking de ve\u00edculos de passeio no varejo, a marca se posiciona<strong>&nbsp;<\/strong>como a<strong>&nbsp;segunda mais vendida pelo quarto m\u00eas consecutivo,<\/strong>&nbsp;com 13.571 unidades e 12,9% de participa\u00e7\u00e3o no mercado.&nbsp;<strong>Ao somar com vendas diretas, a BYD ocupa a 5\u00aa posi\u00e7\u00e3o,<\/strong>&nbsp;com market share de 7,9% e 16.271 autom\u00f3veis emplacados,&nbsp;<strong>um crescimento de quase 105% em rela\u00e7\u00e3o ao mesmo per\u00edodo de 2025.<\/strong><\/p>\n\n\n\n<p><strong><\/strong><strong><br><\/strong>Fonte: Dados BYD<\/p>\n\n\n\n<p>\u201cOs resultados que estamos alcan\u00e7ando refletem, acima de tudo, o compromisso de longo prazo da BYD no Brasil e com a transforma\u00e7\u00e3o da mobilidade no pa\u00eds. Esse desempenho n\u00e3o seria poss\u00edvel sem um plano estruturado no mercado brasileiro, baseado em investimento, inova\u00e7\u00e3o e proximidade com o consumidor\u201d, destaca Alexandre Baldy, Vice-Presidente S\u00eanior da BYD do Brasil e Head de Marketing e Comercial da BYD Auto. \u201cA inaugura\u00e7\u00e3o da nossa unidade industrial em Cama\u00e7ari, na Bahia, foi um marco fundamental nesse processo, ao ampliar nossa capacidade produtiva e nos permitir responder com mais agilidade \u00e0 crescente demanda por ve\u00edculos eletrificados\u201d, completa o executivo.<\/p>\n\n\n\n<p><strong>BYD DOLPHIN MINI SE CONSOLIDA NA LIDERAN\u00c7A<\/strong><strong><br><\/strong>O BYD Dolphin Mini foi o<strong>&nbsp;l\u00edder de vendas no varejo brasileiro pelo segundo m\u00eas consecutivo,&nbsp;<\/strong>com mais de 6.077 unidades emplacadas em mar\u00e7o, e se tornou o&nbsp;<strong>carro mais vendido do ano no varejo, com 12.111 ve\u00edculos novos em circula\u00e7\u00e3o<\/strong>.<strong>&nbsp;<\/strong>O resultado refor\u00e7a uma mudan\u00e7a estrutural no mercado automotivo brasileiro. O modelo j\u00e1 havia feito hist\u00f3ria em fevereiro ao se tornar o primeiro carro el\u00e9trico a atingir o topo de vendas no ranking mensal do mercado varejista.&nbsp;<\/p>\n\n\n\n<p><img loading=\"lazy\" decoding=\"async\" height=\"298\" width=\"542\" alt=\"image.jpeg\" src=\"blob:https:\/\/compartilhabahia.com.br\/de067a45-0c43-4e83-8f58-e478e2325c52\"><br>Fonte: Dados BYD<\/p>\n\n\n\n<p>O bom desempenho do modelo impulsionou as vendas e ajudou&nbsp;<strong>a marca a quebrar o recorde hist\u00f3rico em mar\u00e7o com mais de 16 mil<\/strong>&nbsp;<strong>carros emplacados<\/strong>, um indicativo claro da crescente ades\u00e3o do consumidor brasileiro \u00e0 eletrifica\u00e7\u00e3o.<\/p>\n\n\n\n<p>\u201cO avan\u00e7o que observamos n\u00e3o \u00e9 pontual, reflete uma transforma\u00e7\u00e3o no comportamento do consumidor brasileiro, que cada vez mais reconhece a eletrifica\u00e7\u00e3o como uma alternativa vi\u00e1vel, eficiente e sustent\u00e1vel. Nosso foco permanece na expans\u00e3o da presen\u00e7a da BYD no pa\u00eds, com aumento cont\u00ednuo da capacidade produtiva local e amplia\u00e7\u00e3o do portf\u00f3lio de produtos. Atuamos como protagonistas dessa mudan\u00e7a e seguiremos conduzindo o crescimento de forma consistente e acelerada\u201d, comemora Tyler Li, presidente da BYD no Brasil.<\/p>\n\n\n\n<p><strong>PRIMEIRO LUGAR EM VENDAS<\/strong><strong><br><\/strong>Em mar\u00e7o, a BYD apresentou um desempenho de destaque no varejo baiano, alcan\u00e7ando o&nbsp;<strong>primeiro lugar na cidade de Salvador<\/strong>&nbsp;e a&nbsp;<strong>terceira posi\u00e7\u00e3o no estado.<\/strong>&nbsp;Al\u00e9m disso, o modelo&nbsp;<strong>BYD Dolphin Mini se destacou como o carro mais vendido no varejo em toda a Bahia<\/strong>, refor\u00e7ando a forte presen\u00e7a e aceita\u00e7\u00e3o da marca na regi\u00e3o.<\/p>\n\n\n\n<p>Esse resultado ganha ainda mais relev\u00e2ncia diante do investimento da empresa em sua f\u00e1brica de ve\u00edculos em Cama\u00e7ari, na Bahia, evidenciando uma estrat\u00e9gia alinhada entre produ\u00e7\u00e3o local e expans\u00e3o de mercado. A forte ades\u00e3o dos consumidores baianos demonstra que o p\u00fablico est\u00e1 n\u00e3o apenas aberto, mas cada vez mais receptivo aos carros el\u00e9tricos, consolidando o estado como um polo importante para a eletrifica\u00e7\u00e3o no Brasil.<\/p>\n\n\n\n<p>A BYD tamb\u00e9m ficou na lideran\u00e7a em vendas no varejo em diversas outras cidades brasileiras, com destaque para as capitais S\u00e3o Lu\u00eds, Macei\u00f3, Recife, Fortaleza, Natal e Bras\u00edlia. Nos estados de S\u00e3o Paulo e Rio de Janeiro, a BYD fechou o m\u00eas na segunda coloca\u00e7\u00e3o.&nbsp;<\/p>\n\n\n\n<p>O resultado de vendas \u00e9 impulsionado por uma rede robusta de concession\u00e1rias presentes em todas as capitais e principais cidades do pa\u00eds. No total, a BYD j\u00e1 conta com<a href=\"https:\/\/na01.safelinks.protection.outlook.com\/?url=https%3A%2F%2Fwww.byd.com%2Fbr%2Fdealer-list.html&amp;data=05%7C02%7C%7Cbe05dc7f6f8b44077a1008de90cab648%7C84df9e7fe9f640afb435aaaaaaaaaaaa%7C1%7C0%7C639107397962113955%7CUnknown%7CTWFpbGZsb3d8eyJFbXB0eU1hcGkiOnRydWUsIlYiOiIwLjAuMDAwMCIsIlAiOiJXaW4zMiIsIkFOIjoiTWFpbCIsIldUIjoyfQ%3D%3D%7C0%7C%7C%7C&amp;sdata=QBm9gz%2Bo5%2FHx8ch0gbSlgFEzylsPEekDCN9t0TJmy5U%3D&amp;reserved=0\">&nbsp;211 concession\u00e1rias<\/a>&nbsp;em opera\u00e7\u00e3o em todo o territ\u00f3rio nacional.<\/p>\n\n\n\n<p><strong>SOBRE A BYD<\/strong><strong><br><\/strong><em>A BYD \u00e9 l\u00edder global na produ\u00e7\u00e3o de ve\u00edculos el\u00e9tricos e h\u00edbridos plug-in. Com mais de 10 anos de atua\u00e7\u00e3o no Brasil, mant\u00e9m f\u00e1bricas de m\u00f3dulos fotovoltaicos e chassis de \u00f4nibus el\u00e9tricos em Campinas (SP), baterias em Manaus (AM) e ve\u00edculos de passeio eletrificados em Cama\u00e7ari (BA). A empresa tamb\u00e9m atua em sistemas de armazenamento de energia e em solu\u00e7\u00f5es de transporte sobre trilhos, sendo respons\u00e1vel pelo desenvolvimento do monotrilho da Linha 17\u2013Ouro do Metr\u00f4, em S\u00e3o Paulo. Em 2025, a BYD ultrapassou a marca de 207 mil ve\u00edculos em circula\u00e7\u00e3o no pa\u00eds, consolidando seu papel como protagonista da transi\u00e7\u00e3o energ\u00e9tica e avan\u00e7ando em sua miss\u00e3o global de contribuir para a redu\u00e7\u00e3o de 1 \u00b0C na temperatura do planeta.<\/em><\/p>\n\n\n\n<p><strong>SOBRE A F\u00c1BRICA DA BYD EM CAMA\u00c7ARI<\/strong><\/p>\n\n\n\n<p><em>A f\u00e1brica da BYD em Cama\u00e7ari (BA) ocupa uma \u00e1rea de 4,65 milh\u00f5es de metros quadrados, o equivalente a 645 campos de futebol. \u00c9 o maior complexo industrial da companhia fora da China. A capacidade inicial de produ\u00e7\u00e3o \u00e9 de 150 mil ve\u00edculos\/ano, com meta de chegar a at\u00e9 600 mil ve\u00edculos\/ano quando o projeto estiver completo. Atualmente, est\u00e3o sendo produzidos tr\u00eas modelos da marca: o compacto BYD Dolphin Mini, o sed\u00e3 BYD King e o SUV BYD Song Pro. O investimento no complexo de Cama\u00e7ari soma R$ 5,5 bilh\u00f5es e \u00e9 esperada a cria\u00e7\u00e3o de 20 mil empregos diretos e indiretos.<\/em><\/p>\n","protected":false},"excerpt":{"rendered":"<p>A BYD encerrou mais um m\u00eas hist\u00f3rico, com&nbsp;o BYD Dolphin Mini como o carro mais vendido do primeiro trimestre no varejo. O el\u00e9trico mais vendido da hist\u00f3ria do pa\u00eds liderou, pelo segundo m\u00eas consecutivo,&nbsp;o ranking de emplacamentos.&nbsp;A greentech tamb\u00e9m&nbsp;quebrou o recorde de vendas mensal com 16.406 unidades&nbsp;emplacadas em todo o Brasil, entre autom\u00f3veis e comerciais [&hellip;]<\/p>\n","protected":false},"author":1,"featured_media":9590,"comment_status":"open","ping_status":"open","sticky":false,"template":"","format":"standard","meta":{"footnotes":""},"categories":[8],"tags":[],"class_list":["post-9588","post","type-post","status-publish","format-standard","has-post-thumbnail","hentry","category-camacari"],"yoast_head":"<!-- This site is optimized with the Yoast SEO plugin v21.7 - https:\/\/yoast.com\/wordpress\/plugins\/seo\/ -->\n<title>BYD cresce 73% em trimestre hist\u00f3rico e quebra recorde com mais de 16 mil emplacamentos em mar\u00e7o; Dolphin Mini \u00e9 o carro mais vendido do ano no varejo - Compartilha Bahia<\/title>\n<meta name=\"robots\" content=\"index, follow, max-snippet:-1, max-image-preview:large, max-video-preview:-1\" \/>\n<link rel=\"canonical\" href=\"https:\/\/compartilhabahia.com.br\/index.php\/2026\/04\/04\/byd-cresce-73-em-trimestre-historico-e-quebra-recorde-com-mais-de-16-mil-emplacamentos-em-marco-dolphin-mini-e-o-carro-mais-vendido-do-ano-no-varejo\/\" \/>\n<meta property=\"og:locale\" content=\"pt_BR\" \/>\n<meta property=\"og:type\" content=\"article\" \/>\n<meta property=\"og:title\" content=\"BYD cresce 73% em trimestre hist\u00f3rico e quebra recorde com mais de 16 mil emplacamentos em mar\u00e7o; Dolphin Mini \u00e9 o carro mais vendido do ano no varejo - Compartilha Bahia\" \/>\n<meta property=\"og:description\" content=\"A BYD encerrou mais um m\u00eas hist\u00f3rico, com&nbsp;o BYD Dolphin Mini como o carro mais vendido do primeiro trimestre no varejo. O el\u00e9trico mais vendido da hist\u00f3ria do pa\u00eds liderou, pelo segundo m\u00eas consecutivo,&nbsp;o ranking de emplacamentos.&nbsp;A greentech tamb\u00e9m&nbsp;quebrou o recorde de vendas mensal com 16.406 unidades&nbsp;emplacadas em todo o Brasil, entre autom\u00f3veis e comerciais [&hellip;]\" \/>\n<meta property=\"og:url\" content=\"https:\/\/compartilhabahia.com.br\/index.php\/2026\/04\/04\/byd-cresce-73-em-trimestre-historico-e-quebra-recorde-com-mais-de-16-mil-emplacamentos-em-marco-dolphin-mini-e-o-carro-mais-vendido-do-ano-no-varejo\/\" \/>\n<meta property=\"og:site_name\" content=\"Compartilha Bahia\" \/>\n<meta property=\"article:publisher\" content=\"https:\/\/web.facebook.com\/compartilhabahia\" \/>\n<meta property=\"article:published_time\" content=\"2026-04-04T19:38:01+00:00\" \/>\n<meta property=\"article:modified_time\" content=\"2026-04-04T19:38:05+00:00\" \/>\n<meta property=\"og:image\" content=\"https:\/\/compartilhabahia.com.br\/wp-content\/uploads\/2026\/04\/bydrecord.jpg\" \/>\n\t<meta property=\"og:image:width\" content=\"877\" \/>\n\t<meta property=\"og:image:height\" content=\"585\" \/>\n\t<meta property=\"og:image:type\" content=\"image\/jpeg\" \/>\n<meta name=\"author\" content=\"admin\" \/>\n<meta name=\"twitter:card\" content=\"summary_large_image\" \/>\n<meta name=\"twitter:label1\" content=\"Escrito por\" \/>\n\t<meta name=\"twitter:data1\" content=\"admin\" \/>\n\t<meta name=\"twitter:label2\" content=\"Est. tempo de leitura\" \/>\n\t<meta name=\"twitter:data2\" content=\"6 minutos\" \/>\n<script type=\"application\/ld+json\" class=\"yoast-schema-graph\">{\"@context\":\"https:\/\/schema.org\",\"@graph\":[{\"@type\":\"Article\",\"@id\":\"https:\/\/compartilhabahia.com.br\/index.php\/2026\/04\/04\/byd-cresce-73-em-trimestre-historico-e-quebra-recorde-com-mais-de-16-mil-emplacamentos-em-marco-dolphin-mini-e-o-carro-mais-vendido-do-ano-no-varejo\/#article\",\"isPartOf\":{\"@id\":\"https:\/\/compartilhabahia.com.br\/index.php\/2026\/04\/04\/byd-cresce-73-em-trimestre-historico-e-quebra-recorde-com-mais-de-16-mil-emplacamentos-em-marco-dolphin-mini-e-o-carro-mais-vendido-do-ano-no-varejo\/\"},\"author\":{\"name\":\"admin\",\"@id\":\"https:\/\/compartilhabahia.com.br\/#\/schema\/person\/9b4f0c3178793b8248d6686732521c04\"},\"headline\":\"BYD cresce 73% em trimestre hist\u00f3rico e quebra recorde com mais de 16 mil emplacamentos em mar\u00e7o; Dolphin Mini \u00e9 o carro mais vendido do ano no varejo\",\"datePublished\":\"2026-04-04T19:38:01+00:00\",\"dateModified\":\"2026-04-04T19:38:05+00:00\",\"mainEntityOfPage\":{\"@id\":\"https:\/\/compartilhabahia.com.br\/index.php\/2026\/04\/04\/byd-cresce-73-em-trimestre-historico-e-quebra-recorde-com-mais-de-16-mil-emplacamentos-em-marco-dolphin-mini-e-o-carro-mais-vendido-do-ano-no-varejo\/\"},\"wordCount\":1096,\"commentCount\":0,\"publisher\":{\"@id\":\"https:\/\/compartilhabahia.com.br\/#organization\"},\"articleSection\":[\"Cama\u00e7ari\"],\"inLanguage\":\"pt-BR\",\"potentialAction\":[{\"@type\":\"CommentAction\",\"name\":\"Comment\",\"target\":[\"https:\/\/compartilhabahia.com.br\/index.php\/2026\/04\/04\/byd-cresce-73-em-trimestre-historico-e-quebra-recorde-com-mais-de-16-mil-emplacamentos-em-marco-dolphin-mini-e-o-carro-mais-vendido-do-ano-no-varejo\/#respond\"]}]},{\"@type\":\"WebPage\",\"@id\":\"https:\/\/compartilhabahia.com.br\/index.php\/2026\/04\/04\/byd-cresce-73-em-trimestre-historico-e-quebra-recorde-com-mais-de-16-mil-emplacamentos-em-marco-dolphin-mini-e-o-carro-mais-vendido-do-ano-no-varejo\/\",\"url\":\"https:\/\/compartilhabahia.com.br\/index.php\/2026\/04\/04\/byd-cresce-73-em-trimestre-historico-e-quebra-recorde-com-mais-de-16-mil-emplacamentos-em-marco-dolphin-mini-e-o-carro-mais-vendido-do-ano-no-varejo\/\",\"name\":\"BYD cresce 73% em trimestre hist\u00f3rico e quebra recorde com mais de 16 mil emplacamentos em mar\u00e7o; Dolphin Mini \u00e9 o carro mais vendido do ano no varejo - Compartilha Bahia\",\"isPartOf\":{\"@id\":\"https:\/\/compartilhabahia.com.br\/#website\"},\"datePublished\":\"2026-04-04T19:38:01+00:00\",\"dateModified\":\"2026-04-04T19:38:05+00:00\",\"breadcrumb\":{\"@id\":\"https:\/\/compartilhabahia.com.br\/index.php\/2026\/04\/04\/byd-cresce-73-em-trimestre-historico-e-quebra-recorde-com-mais-de-16-mil-emplacamentos-em-marco-dolphin-mini-e-o-carro-mais-vendido-do-ano-no-varejo\/#breadcrumb\"},\"inLanguage\":\"pt-BR\",\"potentialAction\":[{\"@type\":\"ReadAction\",\"target\":[\"https:\/\/compartilhabahia.com.br\/index.php\/2026\/04\/04\/byd-cresce-73-em-trimestre-historico-e-quebra-recorde-com-mais-de-16-mil-emplacamentos-em-marco-dolphin-mini-e-o-carro-mais-vendido-do-ano-no-varejo\/\"]}]},{\"@type\":\"BreadcrumbList\",\"@id\":\"https:\/\/compartilhabahia.com.br\/index.php\/2026\/04\/04\/byd-cresce-73-em-trimestre-historico-e-quebra-recorde-com-mais-de-16-mil-emplacamentos-em-marco-dolphin-mini-e-o-carro-mais-vendido-do-ano-no-varejo\/#breadcrumb\",\"itemListElement\":[{\"@type\":\"ListItem\",\"position\":1,\"name\":\"In\u00edcio\",\"item\":\"https:\/\/compartilhabahia.com.br\/\"},{\"@type\":\"ListItem\",\"position\":2,\"name\":\"BYD cresce 73% em trimestre hist\u00f3rico e quebra recorde com mais de 16 mil emplacamentos em mar\u00e7o; Dolphin Mini \u00e9 o carro mais vendido do ano no varejo\"}]},{\"@type\":\"WebSite\",\"@id\":\"https:\/\/compartilhabahia.com.br\/#website\",\"url\":\"https:\/\/compartilhabahia.com.br\/\",\"name\":\"Compartilha Bahia\",\"description\":\"\",\"publisher\":{\"@id\":\"https:\/\/compartilhabahia.com.br\/#organization\"},\"potentialAction\":[{\"@type\":\"SearchAction\",\"target\":{\"@type\":\"EntryPoint\",\"urlTemplate\":\"https:\/\/compartilhabahia.com.br\/?s={search_term_string}\"},\"query-input\":\"required name=search_term_string\"}],\"inLanguage\":\"pt-BR\"},{\"@type\":\"Organization\",\"@id\":\"https:\/\/compartilhabahia.com.br\/#organization\",\"name\":\"Compartilha Bahia\",\"url\":\"https:\/\/compartilhabahia.com.br\/\",\"logo\":{\"@type\":\"ImageObject\",\"inLanguage\":\"pt-BR\",\"@id\":\"https:\/\/compartilhabahia.com.br\/#\/schema\/logo\/image\/\",\"url\":\"https:\/\/compartilhabahia.com.br\/wp-content\/uploads\/2023\/12\/cropped-logo.png\",\"contentUrl\":\"https:\/\/compartilhabahia.com.br\/wp-content\/uploads\/2023\/12\/cropped-logo.png\",\"width\":300,\"height\":106,\"caption\":\"Compartilha Bahia\"},\"image\":{\"@id\":\"https:\/\/compartilhabahia.com.br\/#\/schema\/logo\/image\/\"},\"sameAs\":[\"https:\/\/web.facebook.com\/compartilhabahia\",\"https:\/\/www.instagram.com\/compartilhabahia\/\"]},{\"@type\":\"Person\",\"@id\":\"https:\/\/compartilhabahia.com.br\/#\/schema\/person\/9b4f0c3178793b8248d6686732521c04\",\"name\":\"admin\",\"image\":{\"@type\":\"ImageObject\",\"inLanguage\":\"pt-BR\",\"@id\":\"https:\/\/compartilhabahia.com.br\/#\/schema\/person\/image\/\",\"url\":\"https:\/\/secure.gravatar.com\/avatar\/9600df58751c5acbe914c538c03390ef649ea088cb65f84ba09c7ce66988eed6?s=96&d=mm&r=g\",\"contentUrl\":\"https:\/\/secure.gravatar.com\/avatar\/9600df58751c5acbe914c538c03390ef649ea088cb65f84ba09c7ce66988eed6?s=96&d=mm&r=g\",\"caption\":\"admin\"},\"sameAs\":[\"https:\/\/compartilhabahia.com.br\"],\"url\":\"https:\/\/compartilhabahia.com.br\/index.php\/author\/compartilhabahia\/\"}]}<\/script>\n<!-- \/ Yoast SEO plugin. -->","yoast_head_json":{"title":"BYD cresce 73% em trimestre hist\u00f3rico e quebra recorde com mais de 16 mil emplacamentos em mar\u00e7o; Dolphin Mini \u00e9 o carro mais vendido do ano no varejo - Compartilha Bahia","robots":{"index":"index","follow":"follow","max-snippet":"max-snippet:-1","max-image-preview":"max-image-preview:large","max-video-preview":"max-video-preview:-1"},"canonical":"https:\/\/compartilhabahia.com.br\/index.php\/2026\/04\/04\/byd-cresce-73-em-trimestre-historico-e-quebra-recorde-com-mais-de-16-mil-emplacamentos-em-marco-dolphin-mini-e-o-carro-mais-vendido-do-ano-no-varejo\/","og_locale":"pt_BR","og_type":"article","og_title":"BYD cresce 73% em trimestre hist\u00f3rico e quebra recorde com mais de 16 mil emplacamentos em mar\u00e7o; Dolphin Mini \u00e9 o carro mais vendido do ano no varejo - Compartilha Bahia","og_description":"A BYD encerrou mais um m\u00eas hist\u00f3rico, com&nbsp;o BYD Dolphin Mini como o carro mais vendido do primeiro trimestre no varejo. O el\u00e9trico mais vendido da hist\u00f3ria do pa\u00eds liderou, pelo segundo m\u00eas consecutivo,&nbsp;o ranking de emplacamentos.&nbsp;A greentech tamb\u00e9m&nbsp;quebrou o recorde de vendas mensal com 16.406 unidades&nbsp;emplacadas em todo o Brasil, entre autom\u00f3veis e comerciais [&hellip;]","og_url":"https:\/\/compartilhabahia.com.br\/index.php\/2026\/04\/04\/byd-cresce-73-em-trimestre-historico-e-quebra-recorde-com-mais-de-16-mil-emplacamentos-em-marco-dolphin-mini-e-o-carro-mais-vendido-do-ano-no-varejo\/","og_site_name":"Compartilha Bahia","article_publisher":"https:\/\/web.facebook.com\/compartilhabahia","article_published_time":"2026-04-04T19:38:01+00:00","article_modified_time":"2026-04-04T19:38:05+00:00","og_image":[{"width":877,"height":585,"url":"https:\/\/compartilhabahia.com.br\/wp-content\/uploads\/2026\/04\/bydrecord.jpg","type":"image\/jpeg"}],"author":"admin","twitter_card":"summary_large_image","twitter_misc":{"Escrito por":"admin","Est. tempo de leitura":"6 minutos"},"schema":{"@context":"https:\/\/schema.org","@graph":[{"@type":"Article","@id":"https:\/\/compartilhabahia.com.br\/index.php\/2026\/04\/04\/byd-cresce-73-em-trimestre-historico-e-quebra-recorde-com-mais-de-16-mil-emplacamentos-em-marco-dolphin-mini-e-o-carro-mais-vendido-do-ano-no-varejo\/#article","isPartOf":{"@id":"https:\/\/compartilhabahia.com.br\/index.php\/2026\/04\/04\/byd-cresce-73-em-trimestre-historico-e-quebra-recorde-com-mais-de-16-mil-emplacamentos-em-marco-dolphin-mini-e-o-carro-mais-vendido-do-ano-no-varejo\/"},"author":{"name":"admin","@id":"https:\/\/compartilhabahia.com.br\/#\/schema\/person\/9b4f0c3178793b8248d6686732521c04"},"headline":"BYD cresce 73% em trimestre hist\u00f3rico e quebra recorde com mais de 16 mil emplacamentos em mar\u00e7o; Dolphin Mini \u00e9 o carro mais vendido do ano no varejo","datePublished":"2026-04-04T19:38:01+00:00","dateModified":"2026-04-04T19:38:05+00:00","mainEntityOfPage":{"@id":"https:\/\/compartilhabahia.com.br\/index.php\/2026\/04\/04\/byd-cresce-73-em-trimestre-historico-e-quebra-recorde-com-mais-de-16-mil-emplacamentos-em-marco-dolphin-mini-e-o-carro-mais-vendido-do-ano-no-varejo\/"},"wordCount":1096,"commentCount":0,"publisher":{"@id":"https:\/\/compartilhabahia.com.br\/#organization"},"articleSection":["Cama\u00e7ari"],"inLanguage":"pt-BR","potentialAction":[{"@type":"CommentAction","name":"Comment","target":["https:\/\/compartilhabahia.com.br\/index.php\/2026\/04\/04\/byd-cresce-73-em-trimestre-historico-e-quebra-recorde-com-mais-de-16-mil-emplacamentos-em-marco-dolphin-mini-e-o-carro-mais-vendido-do-ano-no-varejo\/#respond"]}]},{"@type":"WebPage","@id":"https:\/\/compartilhabahia.com.br\/index.php\/2026\/04\/04\/byd-cresce-73-em-trimestre-historico-e-quebra-recorde-com-mais-de-16-mil-emplacamentos-em-marco-dolphin-mini-e-o-carro-mais-vendido-do-ano-no-varejo\/","url":"https:\/\/compartilhabahia.com.br\/index.php\/2026\/04\/04\/byd-cresce-73-em-trimestre-historico-e-quebra-recorde-com-mais-de-16-mil-emplacamentos-em-marco-dolphin-mini-e-o-carro-mais-vendido-do-ano-no-varejo\/","name":"BYD cresce 73% em trimestre hist\u00f3rico e quebra recorde com mais de 16 mil emplacamentos em mar\u00e7o; Dolphin Mini \u00e9 o carro mais vendido do ano no varejo - Compartilha Bahia","isPartOf":{"@id":"https:\/\/compartilhabahia.com.br\/#website"},"datePublished":"2026-04-04T19:38:01+00:00","dateModified":"2026-04-04T19:38:05+00:00","breadcrumb":{"@id":"https:\/\/compartilhabahia.com.br\/index.php\/2026\/04\/04\/byd-cresce-73-em-trimestre-historico-e-quebra-recorde-com-mais-de-16-mil-emplacamentos-em-marco-dolphin-mini-e-o-carro-mais-vendido-do-ano-no-varejo\/#breadcrumb"},"inLanguage":"pt-BR","potentialAction":[{"@type":"ReadAction","target":["https:\/\/compartilhabahia.com.br\/index.php\/2026\/04\/04\/byd-cresce-73-em-trimestre-historico-e-quebra-recorde-com-mais-de-16-mil-emplacamentos-em-marco-dolphin-mini-e-o-carro-mais-vendido-do-ano-no-varejo\/"]}]},{"@type":"BreadcrumbList","@id":"https:\/\/compartilhabahia.com.br\/index.php\/2026\/04\/04\/byd-cresce-73-em-trimestre-historico-e-quebra-recorde-com-mais-de-16-mil-emplacamentos-em-marco-dolphin-mini-e-o-carro-mais-vendido-do-ano-no-varejo\/#breadcrumb","itemListElement":[{"@type":"ListItem","position":1,"name":"In\u00edcio","item":"https:\/\/compartilhabahia.com.br\/"},{"@type":"ListItem","position":2,"name":"BYD cresce 73% em trimestre hist\u00f3rico e quebra recorde com mais de 16 mil emplacamentos em mar\u00e7o; Dolphin Mini \u00e9 o carro mais vendido do ano no varejo"}]},{"@type":"WebSite","@id":"https:\/\/compartilhabahia.com.br\/#website","url":"https:\/\/compartilhabahia.com.br\/","name":"Compartilha Bahia","description":"","publisher":{"@id":"https:\/\/compartilhabahia.com.br\/#organization"},"potentialAction":[{"@type":"SearchAction","target":{"@type":"EntryPoint","urlTemplate":"https:\/\/compartilhabahia.com.br\/?s={search_term_string}"},"query-input":"required name=search_term_string"}],"inLanguage":"pt-BR"},{"@type":"Organization","@id":"https:\/\/compartilhabahia.com.br\/#organization","name":"Compartilha Bahia","url":"https:\/\/compartilhabahia.com.br\/","logo":{"@type":"ImageObject","inLanguage":"pt-BR","@id":"https:\/\/compartilhabahia.com.br\/#\/schema\/logo\/image\/","url":"https:\/\/compartilhabahia.com.br\/wp-content\/uploads\/2023\/12\/cropped-logo.png","contentUrl":"https:\/\/compartilhabahia.com.br\/wp-content\/uploads\/2023\/12\/cropped-logo.png","width":300,"height":106,"caption":"Compartilha Bahia"},"image":{"@id":"https:\/\/compartilhabahia.com.br\/#\/schema\/logo\/image\/"},"sameAs":["https:\/\/web.facebook.com\/compartilhabahia","https:\/\/www.instagram.com\/compartilhabahia\/"]},{"@type":"Person","@id":"https:\/\/compartilhabahia.com.br\/#\/schema\/person\/9b4f0c3178793b8248d6686732521c04","name":"admin","image":{"@type":"ImageObject","inLanguage":"pt-BR","@id":"https:\/\/compartilhabahia.com.br\/#\/schema\/person\/image\/","url":"https:\/\/secure.gravatar.com\/avatar\/9600df58751c5acbe914c538c03390ef649ea088cb65f84ba09c7ce66988eed6?s=96&d=mm&r=g","contentUrl":"https:\/\/secure.gravatar.com\/avatar\/9600df58751c5acbe914c538c03390ef649ea088cb65f84ba09c7ce66988eed6?s=96&d=mm&r=g","caption":"admin"},"sameAs":["https:\/\/compartilhabahia.com.br"],"url":"https:\/\/compartilhabahia.com.br\/index.php\/author\/compartilhabahia\/"}]}},"_links":{"self":[{"href":"https:\/\/compartilhabahia.com.br\/index.php\/wp-json\/wp\/v2\/posts\/9588","targetHints":{"allow":["GET"]}}],"collection":[{"href":"https:\/\/compartilhabahia.com.br\/index.php\/wp-json\/wp\/v2\/posts"}],"about":[{"href":"https:\/\/compartilhabahia.com.br\/index.php\/wp-json\/wp\/v2\/types\/post"}],"author":[{"embeddable":true,"href":"https:\/\/compartilhabahia.com.br\/index.php\/wp-json\/wp\/v2\/users\/1"}],"replies":[{"embeddable":true,"href":"https:\/\/compartilhabahia.com.br\/index.php\/wp-json\/wp\/v2\/comments?post=9588"}],"version-history":[{"count":1,"href":"https:\/\/compartilhabahia.com.br\/index.php\/wp-json\/wp\/v2\/posts\/9588\/revisions"}],"predecessor-version":[{"id":9591,"href":"https:\/\/compartilhabahia.com.br\/index.php\/wp-json\/wp\/v2\/posts\/9588\/revisions\/9591"}],"wp:featuredmedia":[{"embeddable":true,"href":"https:\/\/compartilhabahia.com.br\/index.php\/wp-json\/wp\/v2\/media\/9590"}],"wp:attachment":[{"href":"https:\/\/compartilhabahia.com.br\/index.php\/wp-json\/wp\/v2\/media?parent=9588"}],"wp:term":[{"taxonomy":"category","embeddable":true,"href":"https:\/\/compartilhabahia.com.br\/index.php\/wp-json\/wp\/v2\/categories?post=9588"},{"taxonomy":"post_tag","embeddable":true,"href":"https:\/\/compartilhabahia.com.br\/index.php\/wp-json\/wp\/v2\/tags?post=9588"}],"curies":[{"name":"wp","href":"https:\/\/api.w.org\/{rel}","templated":true}]}}