{"id":9410,"date":"2026-03-17T00:01:31","date_gmt":"2026-03-17T03:01:31","guid":{"rendered":"https:\/\/compartilhabahia.com.br\/?p=9410"},"modified":"2026-03-17T00:02:30","modified_gmt":"2026-03-17T03:02:30","slug":"fabrica-byd-em-camacari-passa-operar-em-dois-turnos-e-reforca-geracao-de-empregos","status":"publish","type":"post","link":"https:\/\/compartilhabahia.com.br\/index.php\/2026\/03\/17\/fabrica-byd-em-camacari-passa-operar-em-dois-turnos-e-reforca-geracao-de-empregos\/","title":{"rendered":"F\u00e1brica BYD em Cama\u00e7ari passa operar em dois turnos e refor\u00e7a gera\u00e7\u00e3o de empregos"},"content":{"rendered":"\n<p><strong>Expans\u00e3o industrial da BYD: f\u00e1brica na Bahia passa a operar em dois turnos e refor\u00e7a gera\u00e7\u00e3o de empregos<\/strong><\/p>\n\n\n\n<p>Nesta segunda-feira (16), ter\u00e1 in\u00edcio o&nbsp;<strong>segundo turno de produ\u00e7\u00e3o no complexo industrial da BYD em Cama\u00e7ari<\/strong>, na Bahia. Ao todo, est\u00e3o sendo mobilizados cerca de&nbsp;<strong>800 novos trabalhadores na f\u00e1brica de montagem final<\/strong>, onde atualmente s\u00e3o produzidos tr\u00eas modelos: BYD Dolphin Mini, BYD King e Song Pro.<\/p>\n\n\n\n<p>A ado\u00e7\u00e3o do segundo turno implica na readequa\u00e7\u00e3o dos hor\u00e1rios de trabalho. O primeiro turno come\u00e7a \u00e0s 6h e se estende at\u00e9 \u00e0s 15h30. J\u00e1 o segundo tem in\u00edcio \u00e0s 15h30 e termina \u00e0s 00h37. Tanto os colaboradores da produ\u00e7\u00e3o quanto do administrativo seguem o regime de 42 horas semanais, de segunda a sexta-feira.<\/p>\n\n\n\n<p>A amplia\u00e7\u00e3o da opera\u00e7\u00e3o tamb\u00e9m exigiu o&nbsp;<strong>refor\u00e7o da infraestrutura de suporte \u00e0 f\u00e1brica, incluindo log\u00edstica de transporte de funcion\u00e1rios, servi\u00e7os de alimenta\u00e7\u00e3o e atendimento m\u00e9dico.<\/strong>&nbsp;O ambulat\u00f3rio do complexo, por exemplo, passa a contar com uma equipe adicional composta por m\u00e9dico, enfermeiros e motorista de ambul\u00e2ncia.<\/p>\n\n\n\n<p>\u201cEstamos avan\u00e7ando de forma consistente na amplia\u00e7\u00e3o da produ\u00e7\u00e3o de ve\u00edculos eletrificados em Cama\u00e7ari, sempre em linha com o planejamento tra\u00e7ado para a opera\u00e7\u00e3o no Brasil. A resposta do mercado brasileiro tem sido muito positiva, o que refor\u00e7a nossa confian\u00e7a no potencial do pa\u00eds e na receptividade aos ve\u00edculos tecnologicamente avan\u00e7ados e sustent\u00e1veis que a BYD oferece\u201d, afirma Alexandre Baldy, Vice-Presidente S\u00eanior e Head Comercial e de Marketing da BYD Brasil.<\/p>\n\n\n\n<p>Com a entrada do segundo turno, o&nbsp;<strong>n\u00famero de colaboradores da BYD em Cama\u00e7ari j\u00e1 supera 3.200 trabalhadores.<\/strong>&nbsp;Para viabilizar essa nova etapa da opera\u00e7\u00e3o, foi estruturada uma for\u00e7a-tarefa em parceria com os \u00f3rg\u00e3os de recrutamento da Prefeitura de Cama\u00e7ari e do Governo do Estado da Bahia, respons\u00e1veis pela sele\u00e7\u00e3o de profissionais para fun\u00e7\u00f5es como produ\u00e7\u00e3o, log\u00edstica e opera\u00e7\u00e3o de empilhadeiras.<\/p>\n\n\n\n<p>\u201cA cria\u00e7\u00e3o do segundo turno \u00e9 um avan\u00e7o extraordin\u00e1rio na nossa estrat\u00e9gia de expans\u00e3o sustent\u00e1vel. A medida permite atender ao aumento da procura com maior agilidade, refor\u00e7ando o compromisso com a efici\u00eancia operacional, a inova\u00e7\u00e3o e a valoriza\u00e7\u00e3o dos nossos colaboradores\u201d, afirma Tyler Li, Presidente da BYD Brasil.<\/p>\n\n\n\n<p><strong>Novos postos de trabalho<\/strong><strong><br><\/strong>Na \u00faltima quinta-feira (12), a Vice-Presidente Executiva da BYD e CEO para as Am\u00e9ricas e Europa, Stella Li, anunciou em Bras\u00edlia, durante reuni\u00e3o com o presidente Lu\u00eds In\u00e1cio Lula da Silva, a&nbsp;<strong>contrata\u00e7\u00e3o de mais 3.000 trabalhadores para o complexo industrial de Cama\u00e7ari.<\/strong><\/p>\n\n\n\n<p>Nos pr\u00f3ximos meses, com a abertura gradual das novas vagas, o total de profissionais no complexo industrial&nbsp;<strong>vai superar 6.200 trabalhadores apenas da BYD<\/strong>. Se somarmos com os cerca de&nbsp;<strong>3.500 funcion\u00e1rios das construtoras respons\u00e1veis pelas obras de amplia\u00e7\u00e3o do complexo, o n\u00famero total de postos de trabalho vai chegar a quase 10 mil<\/strong>.<\/p>\n\n\n\n<p>O ritmo de contrata\u00e7\u00f5es diretas da BYD em Cama\u00e7ari tem avan\u00e7ado de forma consistente e&nbsp;<strong>apenas nos primeiros dois meses de 2026 foram abertos 1.100 novos postos de trabalho<\/strong>. Nos pr\u00f3ximos meses, a BYD vai&nbsp;<strong>inaugurar os pr\u00e9dios de estamparia, soldagem e pintura<\/strong>&nbsp;para come\u00e7ar a produ\u00e7\u00e3o completa dos ve\u00edculos na Bahia.&nbsp;<\/p>\n\n\n\n<figure class=\"wp-block-image size-large\"><img loading=\"lazy\" decoding=\"async\" width=\"1024\" height=\"682\" src=\"https:\/\/compartilhabahia.com.br\/wp-content\/uploads\/2026\/03\/byd2turno-1024x682.jpeg\" alt=\"\" class=\"wp-image-9413\" srcset=\"https:\/\/compartilhabahia.com.br\/wp-content\/uploads\/2026\/03\/byd2turno-1024x682.jpeg 1024w, https:\/\/compartilhabahia.com.br\/wp-content\/uploads\/2026\/03\/byd2turno-300x200.jpeg 300w, https:\/\/compartilhabahia.com.br\/wp-content\/uploads\/2026\/03\/byd2turno-768x512.jpeg 768w, https:\/\/compartilhabahia.com.br\/wp-content\/uploads\/2026\/03\/byd2turno-1536x1023.jpeg 1536w, https:\/\/compartilhabahia.com.br\/wp-content\/uploads\/2026\/03\/byd2turno-1200x800.jpeg 1200w, https:\/\/compartilhabahia.com.br\/wp-content\/uploads\/2026\/03\/byd2turno.jpeg 1600w\" sizes=\"auto, (max-width: 1024px) 100vw, 1024px\" \/><\/figure>\n","protected":false},"excerpt":{"rendered":"<p>Expans\u00e3o industrial da BYD: f\u00e1brica na Bahia passa a operar em dois turnos e refor\u00e7a gera\u00e7\u00e3o de empregos Nesta segunda-feira (16), ter\u00e1 in\u00edcio o&nbsp;segundo turno de produ\u00e7\u00e3o no complexo industrial da BYD em Cama\u00e7ari, na Bahia. Ao todo, est\u00e3o sendo mobilizados cerca de&nbsp;800 novos trabalhadores na f\u00e1brica de montagem final, onde atualmente s\u00e3o produzidos tr\u00eas [&hellip;]<\/p>\n","protected":false},"author":1,"featured_media":9411,"comment_status":"open","ping_status":"open","sticky":false,"template":"","format":"standard","meta":{"footnotes":""},"categories":[10,8],"tags":[],"class_list":["post-9410","post","type-post","status-publish","format-standard","has-post-thumbnail","hentry","category-bahia","category-camacari"],"yoast_head":"<!-- This site is optimized with the Yoast SEO plugin v21.7 - https:\/\/yoast.com\/wordpress\/plugins\/seo\/ -->\n<title>F\u00e1brica BYD em Cama\u00e7ari passa operar em dois turnos e refor\u00e7a gera\u00e7\u00e3o de empregos - Compartilha Bahia<\/title>\n<meta name=\"robots\" content=\"index, follow, max-snippet:-1, max-image-preview:large, max-video-preview:-1\" \/>\n<link rel=\"canonical\" href=\"https:\/\/compartilhabahia.com.br\/index.php\/2026\/03\/17\/fabrica-byd-em-camacari-passa-operar-em-dois-turnos-e-reforca-geracao-de-empregos\/\" \/>\n<meta property=\"og:locale\" content=\"pt_BR\" \/>\n<meta property=\"og:type\" content=\"article\" \/>\n<meta property=\"og:title\" content=\"F\u00e1brica BYD em Cama\u00e7ari passa operar em dois turnos e refor\u00e7a gera\u00e7\u00e3o de empregos - Compartilha Bahia\" \/>\n<meta property=\"og:description\" content=\"Expans\u00e3o industrial da BYD: f\u00e1brica na Bahia passa a operar em dois turnos e refor\u00e7a gera\u00e7\u00e3o de empregos Nesta segunda-feira (16), ter\u00e1 in\u00edcio o&nbsp;segundo turno de produ\u00e7\u00e3o no complexo industrial da BYD em Cama\u00e7ari, na Bahia. Ao todo, est\u00e3o sendo mobilizados cerca de&nbsp;800 novos trabalhadores na f\u00e1brica de montagem final, onde atualmente s\u00e3o produzidos tr\u00eas [&hellip;]\" \/>\n<meta property=\"og:url\" content=\"https:\/\/compartilhabahia.com.br\/index.php\/2026\/03\/17\/fabrica-byd-em-camacari-passa-operar-em-dois-turnos-e-reforca-geracao-de-empregos\/\" \/>\n<meta property=\"og:site_name\" content=\"Compartilha Bahia\" \/>\n<meta property=\"article:publisher\" content=\"https:\/\/web.facebook.com\/compartilhabahia\" \/>\n<meta property=\"article:published_time\" content=\"2026-03-17T03:01:31+00:00\" \/>\n<meta property=\"article:modified_time\" content=\"2026-03-17T03:02:30+00:00\" \/>\n<meta property=\"og:image\" content=\"https:\/\/compartilhabahia.com.br\/wp-content\/uploads\/2026\/03\/byddoisturnos.jpeg\" \/>\n\t<meta property=\"og:image:width\" content=\"960\" \/>\n\t<meta property=\"og:image:height\" content=\"640\" \/>\n\t<meta property=\"og:image:type\" content=\"image\/jpeg\" \/>\n<meta name=\"author\" content=\"admin\" \/>\n<meta name=\"twitter:card\" content=\"summary_large_image\" \/>\n<meta name=\"twitter:label1\" content=\"Escrito por\" \/>\n\t<meta name=\"twitter:data1\" content=\"admin\" \/>\n\t<meta name=\"twitter:label2\" content=\"Est. tempo de leitura\" \/>\n\t<meta name=\"twitter:data2\" content=\"4 minutos\" \/>\n<script type=\"application\/ld+json\" class=\"yoast-schema-graph\">{\"@context\":\"https:\/\/schema.org\",\"@graph\":[{\"@type\":\"Article\",\"@id\":\"https:\/\/compartilhabahia.com.br\/index.php\/2026\/03\/17\/fabrica-byd-em-camacari-passa-operar-em-dois-turnos-e-reforca-geracao-de-empregos\/#article\",\"isPartOf\":{\"@id\":\"https:\/\/compartilhabahia.com.br\/index.php\/2026\/03\/17\/fabrica-byd-em-camacari-passa-operar-em-dois-turnos-e-reforca-geracao-de-empregos\/\"},\"author\":{\"name\":\"admin\",\"@id\":\"https:\/\/compartilhabahia.com.br\/#\/schema\/person\/9b4f0c3178793b8248d6686732521c04\"},\"headline\":\"F\u00e1brica BYD em Cama\u00e7ari passa operar em dois turnos e refor\u00e7a gera\u00e7\u00e3o de empregos\",\"datePublished\":\"2026-03-17T03:01:31+00:00\",\"dateModified\":\"2026-03-17T03:02:30+00:00\",\"mainEntityOfPage\":{\"@id\":\"https:\/\/compartilhabahia.com.br\/index.php\/2026\/03\/17\/fabrica-byd-em-camacari-passa-operar-em-dois-turnos-e-reforca-geracao-de-empregos\/\"},\"wordCount\":604,\"commentCount\":0,\"publisher\":{\"@id\":\"https:\/\/compartilhabahia.com.br\/#organization\"},\"articleSection\":[\"Bahia\",\"Cama\u00e7ari\"],\"inLanguage\":\"pt-BR\",\"potentialAction\":[{\"@type\":\"CommentAction\",\"name\":\"Comment\",\"target\":[\"https:\/\/compartilhabahia.com.br\/index.php\/2026\/03\/17\/fabrica-byd-em-camacari-passa-operar-em-dois-turnos-e-reforca-geracao-de-empregos\/#respond\"]}]},{\"@type\":\"WebPage\",\"@id\":\"https:\/\/compartilhabahia.com.br\/index.php\/2026\/03\/17\/fabrica-byd-em-camacari-passa-operar-em-dois-turnos-e-reforca-geracao-de-empregos\/\",\"url\":\"https:\/\/compartilhabahia.com.br\/index.php\/2026\/03\/17\/fabrica-byd-em-camacari-passa-operar-em-dois-turnos-e-reforca-geracao-de-empregos\/\",\"name\":\"F\u00e1brica BYD em Cama\u00e7ari passa operar em dois turnos e refor\u00e7a gera\u00e7\u00e3o de empregos - Compartilha Bahia\",\"isPartOf\":{\"@id\":\"https:\/\/compartilhabahia.com.br\/#website\"},\"datePublished\":\"2026-03-17T03:01:31+00:00\",\"dateModified\":\"2026-03-17T03:02:30+00:00\",\"breadcrumb\":{\"@id\":\"https:\/\/compartilhabahia.com.br\/index.php\/2026\/03\/17\/fabrica-byd-em-camacari-passa-operar-em-dois-turnos-e-reforca-geracao-de-empregos\/#breadcrumb\"},\"inLanguage\":\"pt-BR\",\"potentialAction\":[{\"@type\":\"ReadAction\",\"target\":[\"https:\/\/compartilhabahia.com.br\/index.php\/2026\/03\/17\/fabrica-byd-em-camacari-passa-operar-em-dois-turnos-e-reforca-geracao-de-empregos\/\"]}]},{\"@type\":\"BreadcrumbList\",\"@id\":\"https:\/\/compartilhabahia.com.br\/index.php\/2026\/03\/17\/fabrica-byd-em-camacari-passa-operar-em-dois-turnos-e-reforca-geracao-de-empregos\/#breadcrumb\",\"itemListElement\":[{\"@type\":\"ListItem\",\"position\":1,\"name\":\"In\u00edcio\",\"item\":\"https:\/\/compartilhabahia.com.br\/\"},{\"@type\":\"ListItem\",\"position\":2,\"name\":\"F\u00e1brica BYD em Cama\u00e7ari passa operar em dois turnos e refor\u00e7a gera\u00e7\u00e3o de empregos\"}]},{\"@type\":\"WebSite\",\"@id\":\"https:\/\/compartilhabahia.com.br\/#website\",\"url\":\"https:\/\/compartilhabahia.com.br\/\",\"name\":\"Compartilha Bahia\",\"description\":\"\",\"publisher\":{\"@id\":\"https:\/\/compartilhabahia.com.br\/#organization\"},\"potentialAction\":[{\"@type\":\"SearchAction\",\"target\":{\"@type\":\"EntryPoint\",\"urlTemplate\":\"https:\/\/compartilhabahia.com.br\/?s={search_term_string}\"},\"query-input\":\"required name=search_term_string\"}],\"inLanguage\":\"pt-BR\"},{\"@type\":\"Organization\",\"@id\":\"https:\/\/compartilhabahia.com.br\/#organization\",\"name\":\"Compartilha Bahia\",\"url\":\"https:\/\/compartilhabahia.com.br\/\",\"logo\":{\"@type\":\"ImageObject\",\"inLanguage\":\"pt-BR\",\"@id\":\"https:\/\/compartilhabahia.com.br\/#\/schema\/logo\/image\/\",\"url\":\"https:\/\/compartilhabahia.com.br\/wp-content\/uploads\/2023\/12\/cropped-logo.png\",\"contentUrl\":\"https:\/\/compartilhabahia.com.br\/wp-content\/uploads\/2023\/12\/cropped-logo.png\",\"width\":300,\"height\":106,\"caption\":\"Compartilha Bahia\"},\"image\":{\"@id\":\"https:\/\/compartilhabahia.com.br\/#\/schema\/logo\/image\/\"},\"sameAs\":[\"https:\/\/web.facebook.com\/compartilhabahia\",\"https:\/\/www.instagram.com\/compartilhabahia\/\"]},{\"@type\":\"Person\",\"@id\":\"https:\/\/compartilhabahia.com.br\/#\/schema\/person\/9b4f0c3178793b8248d6686732521c04\",\"name\":\"admin\",\"image\":{\"@type\":\"ImageObject\",\"inLanguage\":\"pt-BR\",\"@id\":\"https:\/\/compartilhabahia.com.br\/#\/schema\/person\/image\/\",\"url\":\"https:\/\/secure.gravatar.com\/avatar\/9600df58751c5acbe914c538c03390ef649ea088cb65f84ba09c7ce66988eed6?s=96&d=mm&r=g\",\"contentUrl\":\"https:\/\/secure.gravatar.com\/avatar\/9600df58751c5acbe914c538c03390ef649ea088cb65f84ba09c7ce66988eed6?s=96&d=mm&r=g\",\"caption\":\"admin\"},\"sameAs\":[\"https:\/\/compartilhabahia.com.br\"],\"url\":\"https:\/\/compartilhabahia.com.br\/index.php\/author\/compartilhabahia\/\"}]}<\/script>\n<!-- \/ Yoast SEO plugin. -->","yoast_head_json":{"title":"F\u00e1brica BYD em Cama\u00e7ari passa operar em dois turnos e refor\u00e7a gera\u00e7\u00e3o de empregos - Compartilha Bahia","robots":{"index":"index","follow":"follow","max-snippet":"max-snippet:-1","max-image-preview":"max-image-preview:large","max-video-preview":"max-video-preview:-1"},"canonical":"https:\/\/compartilhabahia.com.br\/index.php\/2026\/03\/17\/fabrica-byd-em-camacari-passa-operar-em-dois-turnos-e-reforca-geracao-de-empregos\/","og_locale":"pt_BR","og_type":"article","og_title":"F\u00e1brica BYD em Cama\u00e7ari passa operar em dois turnos e refor\u00e7a gera\u00e7\u00e3o de empregos - Compartilha Bahia","og_description":"Expans\u00e3o industrial da BYD: f\u00e1brica na Bahia passa a operar em dois turnos e refor\u00e7a gera\u00e7\u00e3o de empregos Nesta segunda-feira (16), ter\u00e1 in\u00edcio o&nbsp;segundo turno de produ\u00e7\u00e3o no complexo industrial da BYD em Cama\u00e7ari, na Bahia. Ao todo, est\u00e3o sendo mobilizados cerca de&nbsp;800 novos trabalhadores na f\u00e1brica de montagem final, onde atualmente s\u00e3o produzidos tr\u00eas [&hellip;]","og_url":"https:\/\/compartilhabahia.com.br\/index.php\/2026\/03\/17\/fabrica-byd-em-camacari-passa-operar-em-dois-turnos-e-reforca-geracao-de-empregos\/","og_site_name":"Compartilha Bahia","article_publisher":"https:\/\/web.facebook.com\/compartilhabahia","article_published_time":"2026-03-17T03:01:31+00:00","article_modified_time":"2026-03-17T03:02:30+00:00","og_image":[{"width":960,"height":640,"url":"https:\/\/compartilhabahia.com.br\/wp-content\/uploads\/2026\/03\/byddoisturnos.jpeg","type":"image\/jpeg"}],"author":"admin","twitter_card":"summary_large_image","twitter_misc":{"Escrito por":"admin","Est. tempo de leitura":"4 minutos"},"schema":{"@context":"https:\/\/schema.org","@graph":[{"@type":"Article","@id":"https:\/\/compartilhabahia.com.br\/index.php\/2026\/03\/17\/fabrica-byd-em-camacari-passa-operar-em-dois-turnos-e-reforca-geracao-de-empregos\/#article","isPartOf":{"@id":"https:\/\/compartilhabahia.com.br\/index.php\/2026\/03\/17\/fabrica-byd-em-camacari-passa-operar-em-dois-turnos-e-reforca-geracao-de-empregos\/"},"author":{"name":"admin","@id":"https:\/\/compartilhabahia.com.br\/#\/schema\/person\/9b4f0c3178793b8248d6686732521c04"},"headline":"F\u00e1brica BYD em Cama\u00e7ari passa operar em dois turnos e refor\u00e7a gera\u00e7\u00e3o de empregos","datePublished":"2026-03-17T03:01:31+00:00","dateModified":"2026-03-17T03:02:30+00:00","mainEntityOfPage":{"@id":"https:\/\/compartilhabahia.com.br\/index.php\/2026\/03\/17\/fabrica-byd-em-camacari-passa-operar-em-dois-turnos-e-reforca-geracao-de-empregos\/"},"wordCount":604,"commentCount":0,"publisher":{"@id":"https:\/\/compartilhabahia.com.br\/#organization"},"articleSection":["Bahia","Cama\u00e7ari"],"inLanguage":"pt-BR","potentialAction":[{"@type":"CommentAction","name":"Comment","target":["https:\/\/compartilhabahia.com.br\/index.php\/2026\/03\/17\/fabrica-byd-em-camacari-passa-operar-em-dois-turnos-e-reforca-geracao-de-empregos\/#respond"]}]},{"@type":"WebPage","@id":"https:\/\/compartilhabahia.com.br\/index.php\/2026\/03\/17\/fabrica-byd-em-camacari-passa-operar-em-dois-turnos-e-reforca-geracao-de-empregos\/","url":"https:\/\/compartilhabahia.com.br\/index.php\/2026\/03\/17\/fabrica-byd-em-camacari-passa-operar-em-dois-turnos-e-reforca-geracao-de-empregos\/","name":"F\u00e1brica BYD em Cama\u00e7ari passa operar em dois turnos e refor\u00e7a gera\u00e7\u00e3o de empregos - Compartilha Bahia","isPartOf":{"@id":"https:\/\/compartilhabahia.com.br\/#website"},"datePublished":"2026-03-17T03:01:31+00:00","dateModified":"2026-03-17T03:02:30+00:00","breadcrumb":{"@id":"https:\/\/compartilhabahia.com.br\/index.php\/2026\/03\/17\/fabrica-byd-em-camacari-passa-operar-em-dois-turnos-e-reforca-geracao-de-empregos\/#breadcrumb"},"inLanguage":"pt-BR","potentialAction":[{"@type":"ReadAction","target":["https:\/\/compartilhabahia.com.br\/index.php\/2026\/03\/17\/fabrica-byd-em-camacari-passa-operar-em-dois-turnos-e-reforca-geracao-de-empregos\/"]}]},{"@type":"BreadcrumbList","@id":"https:\/\/compartilhabahia.com.br\/index.php\/2026\/03\/17\/fabrica-byd-em-camacari-passa-operar-em-dois-turnos-e-reforca-geracao-de-empregos\/#breadcrumb","itemListElement":[{"@type":"ListItem","position":1,"name":"In\u00edcio","item":"https:\/\/compartilhabahia.com.br\/"},{"@type":"ListItem","position":2,"name":"F\u00e1brica BYD em Cama\u00e7ari passa operar em dois turnos e refor\u00e7a gera\u00e7\u00e3o de empregos"}]},{"@type":"WebSite","@id":"https:\/\/compartilhabahia.com.br\/#website","url":"https:\/\/compartilhabahia.com.br\/","name":"Compartilha Bahia","description":"","publisher":{"@id":"https:\/\/compartilhabahia.com.br\/#organization"},"potentialAction":[{"@type":"SearchAction","target":{"@type":"EntryPoint","urlTemplate":"https:\/\/compartilhabahia.com.br\/?s={search_term_string}"},"query-input":"required name=search_term_string"}],"inLanguage":"pt-BR"},{"@type":"Organization","@id":"https:\/\/compartilhabahia.com.br\/#organization","name":"Compartilha Bahia","url":"https:\/\/compartilhabahia.com.br\/","logo":{"@type":"ImageObject","inLanguage":"pt-BR","@id":"https:\/\/compartilhabahia.com.br\/#\/schema\/logo\/image\/","url":"https:\/\/compartilhabahia.com.br\/wp-content\/uploads\/2023\/12\/cropped-logo.png","contentUrl":"https:\/\/compartilhabahia.com.br\/wp-content\/uploads\/2023\/12\/cropped-logo.png","width":300,"height":106,"caption":"Compartilha Bahia"},"image":{"@id":"https:\/\/compartilhabahia.com.br\/#\/schema\/logo\/image\/"},"sameAs":["https:\/\/web.facebook.com\/compartilhabahia","https:\/\/www.instagram.com\/compartilhabahia\/"]},{"@type":"Person","@id":"https:\/\/compartilhabahia.com.br\/#\/schema\/person\/9b4f0c3178793b8248d6686732521c04","name":"admin","image":{"@type":"ImageObject","inLanguage":"pt-BR","@id":"https:\/\/compartilhabahia.com.br\/#\/schema\/person\/image\/","url":"https:\/\/secure.gravatar.com\/avatar\/9600df58751c5acbe914c538c03390ef649ea088cb65f84ba09c7ce66988eed6?s=96&d=mm&r=g","contentUrl":"https:\/\/secure.gravatar.com\/avatar\/9600df58751c5acbe914c538c03390ef649ea088cb65f84ba09c7ce66988eed6?s=96&d=mm&r=g","caption":"admin"},"sameAs":["https:\/\/compartilhabahia.com.br"],"url":"https:\/\/compartilhabahia.com.br\/index.php\/author\/compartilhabahia\/"}]}},"_links":{"self":[{"href":"https:\/\/compartilhabahia.com.br\/index.php\/wp-json\/wp\/v2\/posts\/9410","targetHints":{"allow":["GET"]}}],"collection":[{"href":"https:\/\/compartilhabahia.com.br\/index.php\/wp-json\/wp\/v2\/posts"}],"about":[{"href":"https:\/\/compartilhabahia.com.br\/index.php\/wp-json\/wp\/v2\/types\/post"}],"author":[{"embeddable":true,"href":"https:\/\/compartilhabahia.com.br\/index.php\/wp-json\/wp\/v2\/users\/1"}],"replies":[{"embeddable":true,"href":"https:\/\/compartilhabahia.com.br\/index.php\/wp-json\/wp\/v2\/comments?post=9410"}],"version-history":[{"count":1,"href":"https:\/\/compartilhabahia.com.br\/index.php\/wp-json\/wp\/v2\/posts\/9410\/revisions"}],"predecessor-version":[{"id":9414,"href":"https:\/\/compartilhabahia.com.br\/index.php\/wp-json\/wp\/v2\/posts\/9410\/revisions\/9414"}],"wp:featuredmedia":[{"embeddable":true,"href":"https:\/\/compartilhabahia.com.br\/index.php\/wp-json\/wp\/v2\/media\/9411"}],"wp:attachment":[{"href":"https:\/\/compartilhabahia.com.br\/index.php\/wp-json\/wp\/v2\/media?parent=9410"}],"wp:term":[{"taxonomy":"category","embeddable":true,"href":"https:\/\/compartilhabahia.com.br\/index.php\/wp-json\/wp\/v2\/categories?post=9410"},{"taxonomy":"post_tag","embeddable":true,"href":"https:\/\/compartilhabahia.com.br\/index.php\/wp-json\/wp\/v2\/tags?post=9410"}],"curies":[{"name":"wp","href":"https:\/\/api.w.org\/{rel}","templated":true}]}}