{"id":9405,"date":"2026-03-16T12:22:37","date_gmt":"2026-03-16T15:22:37","guid":{"rendered":"https:\/\/compartilhabahia.com.br\/?p=9405"},"modified":"2026-03-16T12:32:13","modified_gmt":"2026-03-16T15:32:13","slug":"neide-bassam-cassio-calmon-e-simpa-brilharam-no-palco-principal-de-arembepe","status":"publish","type":"post","link":"https:\/\/compartilhabahia.com.br\/index.php\/2026\/03\/16\/neide-bassam-cassio-calmon-e-simpa-brilharam-no-palco-principal-de-arembepe\/","title":{"rendered":"Neide Bassam, C\u00e1ssio Calmon e Simpa brilharam no palco principal de Arembepe"},"content":{"rendered":"\n<p>A noite deste domingo (15) marcou o encerramento das apresenta\u00e7\u00f5es no Palco Katita do Festival de Arembepe 2026. Desde sexta-feira (13), o local reuniu milhares de pessoas que vivenciaram cada apresenta\u00e7\u00e3o com intensidade e entusiasmo. Dados da Pol\u00edcia Militar (PM-BA), apontam que mais de 150 mil pessoas curtiram o festival nos tr\u00eas dias de festejos &#8211; estimativa que contempla tamb\u00e9m os p\u00fablicos dos blocos de rua e do palco Ra\u00edzes e Ritmos, instalado na Pra\u00e7a Tia Deja.<\/p>\n\n\n\n<p>O prefeito Luiz Caetano real\u00e7ou o sucesso do evento. \u201cT\u00e1 uma festa bonita demais. O festival movimenta a economia, valoriza os artistas e fortalece a identidade cultural do nosso munic\u00edpio. J\u00e1 tem artista pedindo para estar no Camaforr\u00f3. Gra\u00e7as a Deus, isso s\u00f3 mostra como estamos no caminho certo\u201d, pontuou.<\/p>\n\n\n\n<p>A programa\u00e7\u00e3o da \u00faltima noite come\u00e7ou com a energia contagiante de Simpa. Filho da terra, o artista agradeceu pela recep\u00e7\u00e3o calorosa. \u201c\u00c9 sempre uma alegria imensa estar aqui em Arembepe, sentindo essa vibra\u00e7\u00e3o da galera. Abrir a \u00faltima noite do festival \u00e9 uma responsabilidade e tamb\u00e9m um privil\u00e9gio pois sei a import\u00e2ncia dessa festa para o nosso munic\u00edpio, para todos n\u00f3s cama\u00e7arienses\u201d, endossou.<\/p>\n\n\n\n<figure class=\"wp-block-image size-large\"><img loading=\"lazy\" decoding=\"async\" width=\"1024\" height=\"682\" src=\"https:\/\/compartilhabahia.com.br\/wp-content\/uploads\/2026\/03\/Festival-de-Arembepe-2026_Palco-Katita_15-6-1024x682.jpeg\" alt=\"\" class=\"wp-image-9407\" srcset=\"https:\/\/compartilhabahia.com.br\/wp-content\/uploads\/2026\/03\/Festival-de-Arembepe-2026_Palco-Katita_15-6-1024x682.jpeg 1024w, https:\/\/compartilhabahia.com.br\/wp-content\/uploads\/2026\/03\/Festival-de-Arembepe-2026_Palco-Katita_15-6-300x200.jpeg 300w, https:\/\/compartilhabahia.com.br\/wp-content\/uploads\/2026\/03\/Festival-de-Arembepe-2026_Palco-Katita_15-6-768x512.jpeg 768w, https:\/\/compartilhabahia.com.br\/wp-content\/uploads\/2026\/03\/Festival-de-Arembepe-2026_Palco-Katita_15-6-1536x1023.jpeg 1536w, https:\/\/compartilhabahia.com.br\/wp-content\/uploads\/2026\/03\/Festival-de-Arembepe-2026_Palco-Katita_15-6-1200x800.jpeg 1200w, https:\/\/compartilhabahia.com.br\/wp-content\/uploads\/2026\/03\/Festival-de-Arembepe-2026_Palco-Katita_15-6.jpeg 1600w\" sizes=\"auto, (max-width: 1024px) 100vw, 1024px\" \/><\/figure>\n\n\n\n<p>E por falar em talentos cama\u00e7arienses, a cantora Neide Bassan se apresentou no s\u00e1bado (14) com um repert\u00f3rio de ritmos variados, animando o p\u00fablico e agitando a arena.<\/p>\n\n\n\n<p>A programa\u00e7\u00e3o da noite do dia 14 foi aberta com o reggae do cantor C\u00e1ssio Calmon, artista de Cama\u00e7ari que levou ao palco uma apresenta\u00e7\u00e3o marcada por vibra\u00e7\u00e3o positiva e conex\u00e3o com o p\u00fablico.<\/p>\n\n\n\n<p>O cantor destacou a satisfa\u00e7\u00e3o em, por mais um ano, subir ao palco principal do evento. \u201cFoi uma grande honra. A energia de Arembepe \u00e9 sempre surreal, e a gente fica muito feliz por fazer parte desse momento t\u00e3o importante para nossa cidade. Como m\u00fasico da casa, artista da terra, ser prestigiado e ocupar esse palco t\u00e3o maravilhoso \u00e9 s\u00f3 motivo de alegria\u201d, celebrou.<\/p>\n\n\n\n<p>O show de C\u00e1ssio Calmon contou ainda com a participa\u00e7\u00e3o especial do Reggae Man Nilton Spirro, tamb\u00e9m da cidade, refor\u00e7ando a presen\u00e7a de artistas locais na festa.<\/p>\n\n\n\n<figure class=\"wp-block-image size-large\"><img loading=\"lazy\" decoding=\"async\" width=\"1024\" height=\"682\" src=\"https:\/\/compartilhabahia.com.br\/wp-content\/uploads\/2026\/03\/Festival-de-Arembepe-2026_CASSIO-CALMON_Palco-Katita_14-5-1024x682.jpg\" alt=\"\" class=\"wp-image-9408\" srcset=\"https:\/\/compartilhabahia.com.br\/wp-content\/uploads\/2026\/03\/Festival-de-Arembepe-2026_CASSIO-CALMON_Palco-Katita_14-5-1024x682.jpg 1024w, https:\/\/compartilhabahia.com.br\/wp-content\/uploads\/2026\/03\/Festival-de-Arembepe-2026_CASSIO-CALMON_Palco-Katita_14-5-300x200.jpg 300w, https:\/\/compartilhabahia.com.br\/wp-content\/uploads\/2026\/03\/Festival-de-Arembepe-2026_CASSIO-CALMON_Palco-Katita_14-5-768x512.jpg 768w, https:\/\/compartilhabahia.com.br\/wp-content\/uploads\/2026\/03\/Festival-de-Arembepe-2026_CASSIO-CALMON_Palco-Katita_14-5-1200x800.jpg 1200w, https:\/\/compartilhabahia.com.br\/wp-content\/uploads\/2026\/03\/Festival-de-Arembepe-2026_CASSIO-CALMON_Palco-Katita_14-5.jpg 1280w\" sizes=\"auto, (max-width: 1024px) 100vw, 1024px\" \/><\/figure>\n\n\n\n<p><\/p>\n","protected":false},"excerpt":{"rendered":"<p>A noite deste domingo (15) marcou o encerramento das apresenta\u00e7\u00f5es no Palco Katita do Festival de Arembepe 2026. Desde sexta-feira (13), o local reuniu milhares de pessoas que vivenciaram cada apresenta\u00e7\u00e3o com intensidade e entusiasmo. Dados da Pol\u00edcia Militar (PM-BA), apontam que mais de 150 mil pessoas curtiram o festival nos tr\u00eas dias de festejos [&hellip;]<\/p>\n","protected":false},"author":1,"featured_media":9406,"comment_status":"open","ping_status":"open","sticky":false,"template":"","format":"standard","meta":{"footnotes":""},"categories":[8],"tags":[],"class_list":["post-9405","post","type-post","status-publish","format-standard","has-post-thumbnail","hentry","category-camacari"],"yoast_head":"<!-- This site is optimized with the Yoast SEO plugin v21.7 - https:\/\/yoast.com\/wordpress\/plugins\/seo\/ -->\n<title>Neide Bassam, C\u00e1ssio Calmon e Simpa brilharam no palco principal de Arembepe - Compartilha Bahia<\/title>\n<meta name=\"robots\" content=\"index, follow, max-snippet:-1, max-image-preview:large, max-video-preview:-1\" \/>\n<link rel=\"canonical\" href=\"https:\/\/compartilhabahia.com.br\/index.php\/2026\/03\/16\/neide-bassam-cassio-calmon-e-simpa-brilharam-no-palco-principal-de-arembepe\/\" \/>\n<meta property=\"og:locale\" content=\"pt_BR\" \/>\n<meta property=\"og:type\" content=\"article\" \/>\n<meta property=\"og:title\" content=\"Neide Bassam, C\u00e1ssio Calmon e Simpa brilharam no palco principal de Arembepe - Compartilha Bahia\" \/>\n<meta property=\"og:description\" content=\"A noite deste domingo (15) marcou o encerramento das apresenta\u00e7\u00f5es no Palco Katita do Festival de Arembepe 2026. Desde sexta-feira (13), o local reuniu milhares de pessoas que vivenciaram cada apresenta\u00e7\u00e3o com intensidade e entusiasmo. Dados da Pol\u00edcia Militar (PM-BA), apontam que mais de 150 mil pessoas curtiram o festival nos tr\u00eas dias de festejos [&hellip;]\" \/>\n<meta property=\"og:url\" content=\"https:\/\/compartilhabahia.com.br\/index.php\/2026\/03\/16\/neide-bassam-cassio-calmon-e-simpa-brilharam-no-palco-principal-de-arembepe\/\" \/>\n<meta property=\"og:site_name\" content=\"Compartilha Bahia\" \/>\n<meta property=\"article:publisher\" content=\"https:\/\/web.facebook.com\/compartilhabahia\" \/>\n<meta property=\"article:published_time\" content=\"2026-03-16T15:22:37+00:00\" \/>\n<meta property=\"article:modified_time\" content=\"2026-03-16T15:32:13+00:00\" \/>\n<meta property=\"og:image\" content=\"https:\/\/compartilhabahia.com.br\/wp-content\/uploads\/2026\/03\/neidebassam.jpg\" \/>\n\t<meta property=\"og:image:width\" content=\"1024\" \/>\n\t<meta property=\"og:image:height\" content=\"683\" \/>\n\t<meta property=\"og:image:type\" content=\"image\/jpeg\" \/>\n<meta name=\"author\" content=\"admin\" \/>\n<meta name=\"twitter:card\" content=\"summary_large_image\" \/>\n<meta name=\"twitter:label1\" content=\"Escrito por\" \/>\n\t<meta name=\"twitter:data1\" content=\"admin\" \/>\n\t<meta name=\"twitter:label2\" content=\"Est. tempo de leitura\" \/>\n\t<meta name=\"twitter:data2\" content=\"3 minutos\" \/>\n<script type=\"application\/ld+json\" class=\"yoast-schema-graph\">{\"@context\":\"https:\/\/schema.org\",\"@graph\":[{\"@type\":\"Article\",\"@id\":\"https:\/\/compartilhabahia.com.br\/index.php\/2026\/03\/16\/neide-bassam-cassio-calmon-e-simpa-brilharam-no-palco-principal-de-arembepe\/#article\",\"isPartOf\":{\"@id\":\"https:\/\/compartilhabahia.com.br\/index.php\/2026\/03\/16\/neide-bassam-cassio-calmon-e-simpa-brilharam-no-palco-principal-de-arembepe\/\"},\"author\":{\"name\":\"admin\",\"@id\":\"https:\/\/compartilhabahia.com.br\/#\/schema\/person\/9b4f0c3178793b8248d6686732521c04\"},\"headline\":\"Neide Bassam, C\u00e1ssio Calmon e Simpa brilharam no palco principal de Arembepe\",\"datePublished\":\"2026-03-16T15:22:37+00:00\",\"dateModified\":\"2026-03-16T15:32:13+00:00\",\"mainEntityOfPage\":{\"@id\":\"https:\/\/compartilhabahia.com.br\/index.php\/2026\/03\/16\/neide-bassam-cassio-calmon-e-simpa-brilharam-no-palco-principal-de-arembepe\/\"},\"wordCount\":387,\"commentCount\":0,\"publisher\":{\"@id\":\"https:\/\/compartilhabahia.com.br\/#organization\"},\"articleSection\":[\"Cama\u00e7ari\"],\"inLanguage\":\"pt-BR\",\"potentialAction\":[{\"@type\":\"CommentAction\",\"name\":\"Comment\",\"target\":[\"https:\/\/compartilhabahia.com.br\/index.php\/2026\/03\/16\/neide-bassam-cassio-calmon-e-simpa-brilharam-no-palco-principal-de-arembepe\/#respond\"]}]},{\"@type\":\"WebPage\",\"@id\":\"https:\/\/compartilhabahia.com.br\/index.php\/2026\/03\/16\/neide-bassam-cassio-calmon-e-simpa-brilharam-no-palco-principal-de-arembepe\/\",\"url\":\"https:\/\/compartilhabahia.com.br\/index.php\/2026\/03\/16\/neide-bassam-cassio-calmon-e-simpa-brilharam-no-palco-principal-de-arembepe\/\",\"name\":\"Neide Bassam, C\u00e1ssio Calmon e Simpa brilharam no palco principal de Arembepe - Compartilha Bahia\",\"isPartOf\":{\"@id\":\"https:\/\/compartilhabahia.com.br\/#website\"},\"datePublished\":\"2026-03-16T15:22:37+00:00\",\"dateModified\":\"2026-03-16T15:32:13+00:00\",\"breadcrumb\":{\"@id\":\"https:\/\/compartilhabahia.com.br\/index.php\/2026\/03\/16\/neide-bassam-cassio-calmon-e-simpa-brilharam-no-palco-principal-de-arembepe\/#breadcrumb\"},\"inLanguage\":\"pt-BR\",\"potentialAction\":[{\"@type\":\"ReadAction\",\"target\":[\"https:\/\/compartilhabahia.com.br\/index.php\/2026\/03\/16\/neide-bassam-cassio-calmon-e-simpa-brilharam-no-palco-principal-de-arembepe\/\"]}]},{\"@type\":\"BreadcrumbList\",\"@id\":\"https:\/\/compartilhabahia.com.br\/index.php\/2026\/03\/16\/neide-bassam-cassio-calmon-e-simpa-brilharam-no-palco-principal-de-arembepe\/#breadcrumb\",\"itemListElement\":[{\"@type\":\"ListItem\",\"position\":1,\"name\":\"In\u00edcio\",\"item\":\"https:\/\/compartilhabahia.com.br\/\"},{\"@type\":\"ListItem\",\"position\":2,\"name\":\"Neide Bassam, C\u00e1ssio Calmon e Simpa brilharam no palco principal de Arembepe\"}]},{\"@type\":\"WebSite\",\"@id\":\"https:\/\/compartilhabahia.com.br\/#website\",\"url\":\"https:\/\/compartilhabahia.com.br\/\",\"name\":\"Compartilha Bahia\",\"description\":\"\",\"publisher\":{\"@id\":\"https:\/\/compartilhabahia.com.br\/#organization\"},\"potentialAction\":[{\"@type\":\"SearchAction\",\"target\":{\"@type\":\"EntryPoint\",\"urlTemplate\":\"https:\/\/compartilhabahia.com.br\/?s={search_term_string}\"},\"query-input\":\"required name=search_term_string\"}],\"inLanguage\":\"pt-BR\"},{\"@type\":\"Organization\",\"@id\":\"https:\/\/compartilhabahia.com.br\/#organization\",\"name\":\"Compartilha Bahia\",\"url\":\"https:\/\/compartilhabahia.com.br\/\",\"logo\":{\"@type\":\"ImageObject\",\"inLanguage\":\"pt-BR\",\"@id\":\"https:\/\/compartilhabahia.com.br\/#\/schema\/logo\/image\/\",\"url\":\"https:\/\/compartilhabahia.com.br\/wp-content\/uploads\/2023\/12\/cropped-logo.png\",\"contentUrl\":\"https:\/\/compartilhabahia.com.br\/wp-content\/uploads\/2023\/12\/cropped-logo.png\",\"width\":300,\"height\":106,\"caption\":\"Compartilha Bahia\"},\"image\":{\"@id\":\"https:\/\/compartilhabahia.com.br\/#\/schema\/logo\/image\/\"},\"sameAs\":[\"https:\/\/web.facebook.com\/compartilhabahia\",\"https:\/\/www.instagram.com\/compartilhabahia\/\"]},{\"@type\":\"Person\",\"@id\":\"https:\/\/compartilhabahia.com.br\/#\/schema\/person\/9b4f0c3178793b8248d6686732521c04\",\"name\":\"admin\",\"image\":{\"@type\":\"ImageObject\",\"inLanguage\":\"pt-BR\",\"@id\":\"https:\/\/compartilhabahia.com.br\/#\/schema\/person\/image\/\",\"url\":\"https:\/\/secure.gravatar.com\/avatar\/9600df58751c5acbe914c538c03390ef649ea088cb65f84ba09c7ce66988eed6?s=96&d=mm&r=g\",\"contentUrl\":\"https:\/\/secure.gravatar.com\/avatar\/9600df58751c5acbe914c538c03390ef649ea088cb65f84ba09c7ce66988eed6?s=96&d=mm&r=g\",\"caption\":\"admin\"},\"sameAs\":[\"https:\/\/compartilhabahia.com.br\"],\"url\":\"https:\/\/compartilhabahia.com.br\/index.php\/author\/compartilhabahia\/\"}]}<\/script>\n<!-- \/ Yoast SEO plugin. -->","yoast_head_json":{"title":"Neide Bassam, C\u00e1ssio Calmon e Simpa brilharam no palco principal de Arembepe - Compartilha Bahia","robots":{"index":"index","follow":"follow","max-snippet":"max-snippet:-1","max-image-preview":"max-image-preview:large","max-video-preview":"max-video-preview:-1"},"canonical":"https:\/\/compartilhabahia.com.br\/index.php\/2026\/03\/16\/neide-bassam-cassio-calmon-e-simpa-brilharam-no-palco-principal-de-arembepe\/","og_locale":"pt_BR","og_type":"article","og_title":"Neide Bassam, C\u00e1ssio Calmon e Simpa brilharam no palco principal de Arembepe - Compartilha Bahia","og_description":"A noite deste domingo (15) marcou o encerramento das apresenta\u00e7\u00f5es no Palco Katita do Festival de Arembepe 2026. Desde sexta-feira (13), o local reuniu milhares de pessoas que vivenciaram cada apresenta\u00e7\u00e3o com intensidade e entusiasmo. Dados da Pol\u00edcia Militar (PM-BA), apontam que mais de 150 mil pessoas curtiram o festival nos tr\u00eas dias de festejos [&hellip;]","og_url":"https:\/\/compartilhabahia.com.br\/index.php\/2026\/03\/16\/neide-bassam-cassio-calmon-e-simpa-brilharam-no-palco-principal-de-arembepe\/","og_site_name":"Compartilha Bahia","article_publisher":"https:\/\/web.facebook.com\/compartilhabahia","article_published_time":"2026-03-16T15:22:37+00:00","article_modified_time":"2026-03-16T15:32:13+00:00","og_image":[{"width":1024,"height":683,"url":"https:\/\/compartilhabahia.com.br\/wp-content\/uploads\/2026\/03\/neidebassam.jpg","type":"image\/jpeg"}],"author":"admin","twitter_card":"summary_large_image","twitter_misc":{"Escrito por":"admin","Est. tempo de leitura":"3 minutos"},"schema":{"@context":"https:\/\/schema.org","@graph":[{"@type":"Article","@id":"https:\/\/compartilhabahia.com.br\/index.php\/2026\/03\/16\/neide-bassam-cassio-calmon-e-simpa-brilharam-no-palco-principal-de-arembepe\/#article","isPartOf":{"@id":"https:\/\/compartilhabahia.com.br\/index.php\/2026\/03\/16\/neide-bassam-cassio-calmon-e-simpa-brilharam-no-palco-principal-de-arembepe\/"},"author":{"name":"admin","@id":"https:\/\/compartilhabahia.com.br\/#\/schema\/person\/9b4f0c3178793b8248d6686732521c04"},"headline":"Neide Bassam, C\u00e1ssio Calmon e Simpa brilharam no palco principal de Arembepe","datePublished":"2026-03-16T15:22:37+00:00","dateModified":"2026-03-16T15:32:13+00:00","mainEntityOfPage":{"@id":"https:\/\/compartilhabahia.com.br\/index.php\/2026\/03\/16\/neide-bassam-cassio-calmon-e-simpa-brilharam-no-palco-principal-de-arembepe\/"},"wordCount":387,"commentCount":0,"publisher":{"@id":"https:\/\/compartilhabahia.com.br\/#organization"},"articleSection":["Cama\u00e7ari"],"inLanguage":"pt-BR","potentialAction":[{"@type":"CommentAction","name":"Comment","target":["https:\/\/compartilhabahia.com.br\/index.php\/2026\/03\/16\/neide-bassam-cassio-calmon-e-simpa-brilharam-no-palco-principal-de-arembepe\/#respond"]}]},{"@type":"WebPage","@id":"https:\/\/compartilhabahia.com.br\/index.php\/2026\/03\/16\/neide-bassam-cassio-calmon-e-simpa-brilharam-no-palco-principal-de-arembepe\/","url":"https:\/\/compartilhabahia.com.br\/index.php\/2026\/03\/16\/neide-bassam-cassio-calmon-e-simpa-brilharam-no-palco-principal-de-arembepe\/","name":"Neide Bassam, C\u00e1ssio Calmon e Simpa brilharam no palco principal de Arembepe - Compartilha Bahia","isPartOf":{"@id":"https:\/\/compartilhabahia.com.br\/#website"},"datePublished":"2026-03-16T15:22:37+00:00","dateModified":"2026-03-16T15:32:13+00:00","breadcrumb":{"@id":"https:\/\/compartilhabahia.com.br\/index.php\/2026\/03\/16\/neide-bassam-cassio-calmon-e-simpa-brilharam-no-palco-principal-de-arembepe\/#breadcrumb"},"inLanguage":"pt-BR","potentialAction":[{"@type":"ReadAction","target":["https:\/\/compartilhabahia.com.br\/index.php\/2026\/03\/16\/neide-bassam-cassio-calmon-e-simpa-brilharam-no-palco-principal-de-arembepe\/"]}]},{"@type":"BreadcrumbList","@id":"https:\/\/compartilhabahia.com.br\/index.php\/2026\/03\/16\/neide-bassam-cassio-calmon-e-simpa-brilharam-no-palco-principal-de-arembepe\/#breadcrumb","itemListElement":[{"@type":"ListItem","position":1,"name":"In\u00edcio","item":"https:\/\/compartilhabahia.com.br\/"},{"@type":"ListItem","position":2,"name":"Neide Bassam, C\u00e1ssio Calmon e Simpa brilharam no palco principal de Arembepe"}]},{"@type":"WebSite","@id":"https:\/\/compartilhabahia.com.br\/#website","url":"https:\/\/compartilhabahia.com.br\/","name":"Compartilha Bahia","description":"","publisher":{"@id":"https:\/\/compartilhabahia.com.br\/#organization"},"potentialAction":[{"@type":"SearchAction","target":{"@type":"EntryPoint","urlTemplate":"https:\/\/compartilhabahia.com.br\/?s={search_term_string}"},"query-input":"required name=search_term_string"}],"inLanguage":"pt-BR"},{"@type":"Organization","@id":"https:\/\/compartilhabahia.com.br\/#organization","name":"Compartilha Bahia","url":"https:\/\/compartilhabahia.com.br\/","logo":{"@type":"ImageObject","inLanguage":"pt-BR","@id":"https:\/\/compartilhabahia.com.br\/#\/schema\/logo\/image\/","url":"https:\/\/compartilhabahia.com.br\/wp-content\/uploads\/2023\/12\/cropped-logo.png","contentUrl":"https:\/\/compartilhabahia.com.br\/wp-content\/uploads\/2023\/12\/cropped-logo.png","width":300,"height":106,"caption":"Compartilha Bahia"},"image":{"@id":"https:\/\/compartilhabahia.com.br\/#\/schema\/logo\/image\/"},"sameAs":["https:\/\/web.facebook.com\/compartilhabahia","https:\/\/www.instagram.com\/compartilhabahia\/"]},{"@type":"Person","@id":"https:\/\/compartilhabahia.com.br\/#\/schema\/person\/9b4f0c3178793b8248d6686732521c04","name":"admin","image":{"@type":"ImageObject","inLanguage":"pt-BR","@id":"https:\/\/compartilhabahia.com.br\/#\/schema\/person\/image\/","url":"https:\/\/secure.gravatar.com\/avatar\/9600df58751c5acbe914c538c03390ef649ea088cb65f84ba09c7ce66988eed6?s=96&d=mm&r=g","contentUrl":"https:\/\/secure.gravatar.com\/avatar\/9600df58751c5acbe914c538c03390ef649ea088cb65f84ba09c7ce66988eed6?s=96&d=mm&r=g","caption":"admin"},"sameAs":["https:\/\/compartilhabahia.com.br"],"url":"https:\/\/compartilhabahia.com.br\/index.php\/author\/compartilhabahia\/"}]}},"_links":{"self":[{"href":"https:\/\/compartilhabahia.com.br\/index.php\/wp-json\/wp\/v2\/posts\/9405","targetHints":{"allow":["GET"]}}],"collection":[{"href":"https:\/\/compartilhabahia.com.br\/index.php\/wp-json\/wp\/v2\/posts"}],"about":[{"href":"https:\/\/compartilhabahia.com.br\/index.php\/wp-json\/wp\/v2\/types\/post"}],"author":[{"embeddable":true,"href":"https:\/\/compartilhabahia.com.br\/index.php\/wp-json\/wp\/v2\/users\/1"}],"replies":[{"embeddable":true,"href":"https:\/\/compartilhabahia.com.br\/index.php\/wp-json\/wp\/v2\/comments?post=9405"}],"version-history":[{"count":1,"href":"https:\/\/compartilhabahia.com.br\/index.php\/wp-json\/wp\/v2\/posts\/9405\/revisions"}],"predecessor-version":[{"id":9409,"href":"https:\/\/compartilhabahia.com.br\/index.php\/wp-json\/wp\/v2\/posts\/9405\/revisions\/9409"}],"wp:featuredmedia":[{"embeddable":true,"href":"https:\/\/compartilhabahia.com.br\/index.php\/wp-json\/wp\/v2\/media\/9406"}],"wp:attachment":[{"href":"https:\/\/compartilhabahia.com.br\/index.php\/wp-json\/wp\/v2\/media?parent=9405"}],"wp:term":[{"taxonomy":"category","embeddable":true,"href":"https:\/\/compartilhabahia.com.br\/index.php\/wp-json\/wp\/v2\/categories?post=9405"},{"taxonomy":"post_tag","embeddable":true,"href":"https:\/\/compartilhabahia.com.br\/index.php\/wp-json\/wp\/v2\/tags?post=9405"}],"curies":[{"name":"wp","href":"https:\/\/api.w.org\/{rel}","templated":true}]}}