{"id":9395,"date":"2026-03-15T17:25:44","date_gmt":"2026-03-15T20:25:44","guid":{"rendered":"https:\/\/compartilhabahia.com.br\/?p=9395"},"modified":"2026-03-15T17:25:46","modified_gmt":"2026-03-15T20:25:46","slug":"segundo-dia-de-arembepe-registra-momentos-de-pura-arte-e-descontracao","status":"publish","type":"post","link":"https:\/\/compartilhabahia.com.br\/index.php\/2026\/03\/15\/segundo-dia-de-arembepe-registra-momentos-de-pura-arte-e-descontracao\/","title":{"rendered":"Segundo dia de Arembepe registra momentos de pura arte e descontra\u00e7\u00e3o"},"content":{"rendered":"\n<p><strong>Palco Ra\u00edzes e Ritmos transforma Pra\u00e7a Tia Deja em espa\u00e7o de encontro familiar no segundo dia do Festival de Arembepe<\/strong><\/p>\n\n\n\n<p>O segundo dia de programa\u00e7\u00e3o do palco Ra\u00edzes e Ritmos, montado na Pra\u00e7a Tia Deja, reafirmou neste s\u00e1bado (14) o car\u00e1ter plural e acolhedor do Festival de Arembepe 2026. Entre apresenta\u00e7\u00f5es musicais, manifesta\u00e7\u00f5es culturais e muita intera\u00e7\u00e3o com o p\u00fablico, o espa\u00e7o se consolida como uma alternativa para quem deseja aproveitar a festa em um ambiente voltado para a fam\u00edlia, reunindo crian\u00e7as, jovens e adultos em torno da m\u00fasica e da cultura popular.<\/p>\n\n\n\n<figure class=\"wp-block-image size-full\"><img loading=\"lazy\" decoding=\"async\" width=\"768\" height=\"513\" src=\"https:\/\/compartilhabahia.com.br\/wp-content\/uploads\/2026\/03\/arte.jpg\" alt=\"\" class=\"wp-image-9397\" srcset=\"https:\/\/compartilhabahia.com.br\/wp-content\/uploads\/2026\/03\/arte.jpg 768w, https:\/\/compartilhabahia.com.br\/wp-content\/uploads\/2026\/03\/arte-300x200.jpg 300w\" sizes=\"auto, (max-width: 768px) 100vw, 768px\" \/><\/figure>\n\n\n\n<p>A festa foi aberta pela alegria do p\u00fablico infantil, animado com a apresenta\u00e7\u00e3o da banda cama\u00e7ariense P\u00e9 de Lata, formada pelos m\u00fasicos Patr\u00edcia Almeida, Adah Brito e Adriana Almeida. \u201c\u00c9 a segunda vez que participamos como atra\u00e7\u00e3o, no palco. Quando a gente v\u00ea os pequenos cantando e dan\u00e7ando nossas can\u00e7\u00f5es autorais, entendemos o quanto esse festival \u00e9 t\u00e3o importante, uma forma de deixar um legado, de movimentar a forma\u00e7\u00e3o cultural que come\u00e7a na inf\u00e2ncia\u201d, comentou Patr\u00edcia.<\/p>\n\n\n\n<p>A divers\u00e3o seguiu com o samba envolvente da turma do Samba do Litoral (SDL). Para o vocalista Egberto Brutus, tocar em Arembepe tem um significado especial. \u201cEsse lugar tem hist\u00f3ria, tem tradi\u00e7\u00e3o. Fazer samba aqui, vendo as pessoas sorrindo e cantando junto, \u00e9 algo que emociona qualquer artista\u201d, afirmou.<\/p>\n\n\n\n<p>Na sequ\u00eancia, o grupo cultural Samba Chula Filhos de Oy\u00f2 colocou a viola para chorar e abrir caminhos para uma tarde marcada por diversidade sonora e celebra\u00e7\u00e3o das ra\u00edzes culturais que ecoam e marcam a identidade ancestral presente no munic\u00edpio.<\/p>\n\n\n\n<figure class=\"wp-block-image size-large\"><img loading=\"lazy\" decoding=\"async\" width=\"1024\" height=\"683\" src=\"https:\/\/compartilhabahia.com.br\/wp-content\/uploads\/2026\/03\/FESTIVAL-DE-AREMBEPE2026_14.03_PALCO-RAIZES_JULIANO-SARRAF-2-1024x683.jpeg\" alt=\"\" class=\"wp-image-9398\" srcset=\"https:\/\/compartilhabahia.com.br\/wp-content\/uploads\/2026\/03\/FESTIVAL-DE-AREMBEPE2026_14.03_PALCO-RAIZES_JULIANO-SARRAF-2-1024x683.jpeg 1024w, https:\/\/compartilhabahia.com.br\/wp-content\/uploads\/2026\/03\/FESTIVAL-DE-AREMBEPE2026_14.03_PALCO-RAIZES_JULIANO-SARRAF-2-300x200.jpeg 300w, https:\/\/compartilhabahia.com.br\/wp-content\/uploads\/2026\/03\/FESTIVAL-DE-AREMBEPE2026_14.03_PALCO-RAIZES_JULIANO-SARRAF-2-768x512.jpeg 768w, https:\/\/compartilhabahia.com.br\/wp-content\/uploads\/2026\/03\/FESTIVAL-DE-AREMBEPE2026_14.03_PALCO-RAIZES_JULIANO-SARRAF-2-1200x800.jpeg 1200w, https:\/\/compartilhabahia.com.br\/wp-content\/uploads\/2026\/03\/FESTIVAL-DE-AREMBEPE2026_14.03_PALCO-RAIZES_JULIANO-SARRAF-2.jpeg 1280w\" sizes=\"auto, (max-width: 1024px) 100vw, 1024px\" \/><\/figure>\n\n\n\n<p>Representando a for\u00e7a da m\u00fasica alternativa que nasce nas ruas da cidade, o vocalista da banda \u00c1cido Baiano, Michael Alves, falou sobre o valor de espa\u00e7os que ampliam a diversidade musical, dentro do festival. \u201c\u00c9 um palco que abre portas para diferentes express\u00f5es culturais e talentos locais, como a gente. Estamos tendo a oportunidade de mostrar nossa m\u00fasica em um palco como o Ra\u00edzes, para nossos conterr\u00e2neos, mas tamb\u00e9m para pessoas que v\u00eam de outras cidade\u201d, enfatizou.<\/p>\n\n\n\n<p>Moradora da localidade h\u00e1 cinco anos, \u00c2ngela Fran\u00e7a, 51 anos, que acompanhava a programa\u00e7\u00e3o ao lado da fam\u00edlia, afirmou que o ambiente acolhedor ganha destaque. \u201c\u00c9 um espa\u00e7o muito agrad\u00e1vel para trazer as crian\u00e7as. A gente consegue curtir a m\u00fasica com tranquilidade e ainda encontrar amigos\u201d, contou.<\/p>\n\n\n\n<p>J\u00e1 Mary T\u00e2nia Perez, 61 anos, veio de Mata de S\u00e3o Jo\u00e3o para prestigiar o festival mais uma vez. \u201cEsse palco tem uma vibe diferente. \u00c9 mais intimista, familiar, e ao mesmo tempo muito animado. D\u00e1 vontade de ficar a noite inteira\u201d, avaliou.<\/p>\n\n\n\n<p>O palco ainda contou com a pot\u00eancia dos artistas Sil Figueiredo e Bruno Xonado, al\u00e9m do rock autoral da banda Caloi 10, que levaram ao p\u00fablico diferentes ritmos e estilos, ampliando o clima de festa e integra\u00e7\u00e3o.<\/p>\n\n\n\n<p>A programa\u00e7\u00e3o do palco Ra\u00edzes e Ritmos continua no domingo (15), a partir das 15h30. Na segunda-feira (16), \u00faltimo dia do Festival, as apresenta\u00e7\u00f5es come\u00e7am \u00e0s 19h30 com o tradicional Baile dos Coroas, encerrando a programa\u00e7\u00e3o com muita seresta.<\/p>\n\n\n\n<p>Veja, a seguir, a grade de atra\u00e7\u00f5es do palco Ra\u00edzes e Ritmos para os pr\u00f3ximos dias de festival:<\/p>\n\n\n\n<p>DOMINGO (15)<\/p>\n\n\n\n<p>Art Balan\u00e7o<br>Banda Pagod\u00e3o<br>Valzzito<br>Igor Jean<br>Carol e Gabi<br>Bruno Gold<br>Liu Menezes<br>Banda Petty<br>Savilar<\/p>\n\n\n\n<p>SEGUNDA-FEIRA (16)<\/p>\n\n\n\n<p>Baile dos Coroas com:<br>Nilson Santos<br>Leozinho Imperador<br>Dois Amores<br>Silva Filho<\/p>\n\n\n\n<p>Fotos: Juliano Sarraf<\/p>\n","protected":false},"excerpt":{"rendered":"<p>Palco Ra\u00edzes e Ritmos transforma Pra\u00e7a Tia Deja em espa\u00e7o de encontro familiar no segundo dia do Festival de Arembepe O segundo dia de programa\u00e7\u00e3o do palco Ra\u00edzes e Ritmos, montado na Pra\u00e7a Tia Deja, reafirmou neste s\u00e1bado (14) o car\u00e1ter plural e acolhedor do Festival de Arembepe 2026. Entre apresenta\u00e7\u00f5es musicais, manifesta\u00e7\u00f5es culturais e [&hellip;]<\/p>\n","protected":false},"author":1,"featured_media":9396,"comment_status":"open","ping_status":"open","sticky":false,"template":"","format":"standard","meta":{"footnotes":""},"categories":[8],"tags":[],"class_list":["post-9395","post","type-post","status-publish","format-standard","has-post-thumbnail","hentry","category-camacari"],"yoast_head":"<!-- This site is optimized with the Yoast SEO plugin v21.7 - https:\/\/yoast.com\/wordpress\/plugins\/seo\/ -->\n<title>Segundo dia de Arembepe registra momentos de pura arte e descontra\u00e7\u00e3o - Compartilha Bahia<\/title>\n<meta name=\"robots\" content=\"index, follow, max-snippet:-1, max-image-preview:large, max-video-preview:-1\" \/>\n<link rel=\"canonical\" href=\"https:\/\/compartilhabahia.com.br\/index.php\/2026\/03\/15\/segundo-dia-de-arembepe-registra-momentos-de-pura-arte-e-descontracao\/\" \/>\n<meta property=\"og:locale\" content=\"pt_BR\" \/>\n<meta property=\"og:type\" content=\"article\" \/>\n<meta property=\"og:title\" content=\"Segundo dia de Arembepe registra momentos de pura arte e descontra\u00e7\u00e3o - Compartilha Bahia\" \/>\n<meta property=\"og:description\" content=\"Palco Ra\u00edzes e Ritmos transforma Pra\u00e7a Tia Deja em espa\u00e7o de encontro familiar no segundo dia do Festival de Arembepe O segundo dia de programa\u00e7\u00e3o do palco Ra\u00edzes e Ritmos, montado na Pra\u00e7a Tia Deja, reafirmou neste s\u00e1bado (14) o car\u00e1ter plural e acolhedor do Festival de Arembepe 2026. Entre apresenta\u00e7\u00f5es musicais, manifesta\u00e7\u00f5es culturais e [&hellip;]\" \/>\n<meta property=\"og:url\" content=\"https:\/\/compartilhabahia.com.br\/index.php\/2026\/03\/15\/segundo-dia-de-arembepe-registra-momentos-de-pura-arte-e-descontracao\/\" \/>\n<meta property=\"og:site_name\" content=\"Compartilha Bahia\" \/>\n<meta property=\"article:publisher\" content=\"https:\/\/web.facebook.com\/compartilhabahia\" \/>\n<meta property=\"article:published_time\" content=\"2026-03-15T20:25:44+00:00\" \/>\n<meta property=\"article:modified_time\" content=\"2026-03-15T20:25:46+00:00\" \/>\n<meta property=\"og:image\" content=\"https:\/\/compartilhabahia.com.br\/wp-content\/uploads\/2026\/03\/artedois.jpg\" \/>\n\t<meta property=\"og:image:width\" content=\"896\" \/>\n\t<meta property=\"og:image:height\" content=\"598\" \/>\n\t<meta property=\"og:image:type\" content=\"image\/jpeg\" \/>\n<meta name=\"author\" content=\"admin\" \/>\n<meta name=\"twitter:card\" content=\"summary_large_image\" \/>\n<meta name=\"twitter:label1\" content=\"Escrito por\" \/>\n\t<meta name=\"twitter:data1\" content=\"admin\" \/>\n\t<meta name=\"twitter:label2\" content=\"Est. tempo de leitura\" \/>\n\t<meta name=\"twitter:data2\" content=\"4 minutos\" \/>\n<script type=\"application\/ld+json\" class=\"yoast-schema-graph\">{\"@context\":\"https:\/\/schema.org\",\"@graph\":[{\"@type\":\"Article\",\"@id\":\"https:\/\/compartilhabahia.com.br\/index.php\/2026\/03\/15\/segundo-dia-de-arembepe-registra-momentos-de-pura-arte-e-descontracao\/#article\",\"isPartOf\":{\"@id\":\"https:\/\/compartilhabahia.com.br\/index.php\/2026\/03\/15\/segundo-dia-de-arembepe-registra-momentos-de-pura-arte-e-descontracao\/\"},\"author\":{\"name\":\"admin\",\"@id\":\"https:\/\/compartilhabahia.com.br\/#\/schema\/person\/9b4f0c3178793b8248d6686732521c04\"},\"headline\":\"Segundo dia de Arembepe registra momentos de pura arte e descontra\u00e7\u00e3o\",\"datePublished\":\"2026-03-15T20:25:44+00:00\",\"dateModified\":\"2026-03-15T20:25:46+00:00\",\"mainEntityOfPage\":{\"@id\":\"https:\/\/compartilhabahia.com.br\/index.php\/2026\/03\/15\/segundo-dia-de-arembepe-registra-momentos-de-pura-arte-e-descontracao\/\"},\"wordCount\":610,\"commentCount\":0,\"publisher\":{\"@id\":\"https:\/\/compartilhabahia.com.br\/#organization\"},\"articleSection\":[\"Cama\u00e7ari\"],\"inLanguage\":\"pt-BR\",\"potentialAction\":[{\"@type\":\"CommentAction\",\"name\":\"Comment\",\"target\":[\"https:\/\/compartilhabahia.com.br\/index.php\/2026\/03\/15\/segundo-dia-de-arembepe-registra-momentos-de-pura-arte-e-descontracao\/#respond\"]}]},{\"@type\":\"WebPage\",\"@id\":\"https:\/\/compartilhabahia.com.br\/index.php\/2026\/03\/15\/segundo-dia-de-arembepe-registra-momentos-de-pura-arte-e-descontracao\/\",\"url\":\"https:\/\/compartilhabahia.com.br\/index.php\/2026\/03\/15\/segundo-dia-de-arembepe-registra-momentos-de-pura-arte-e-descontracao\/\",\"name\":\"Segundo dia de Arembepe registra momentos de pura arte e descontra\u00e7\u00e3o - Compartilha Bahia\",\"isPartOf\":{\"@id\":\"https:\/\/compartilhabahia.com.br\/#website\"},\"datePublished\":\"2026-03-15T20:25:44+00:00\",\"dateModified\":\"2026-03-15T20:25:46+00:00\",\"breadcrumb\":{\"@id\":\"https:\/\/compartilhabahia.com.br\/index.php\/2026\/03\/15\/segundo-dia-de-arembepe-registra-momentos-de-pura-arte-e-descontracao\/#breadcrumb\"},\"inLanguage\":\"pt-BR\",\"potentialAction\":[{\"@type\":\"ReadAction\",\"target\":[\"https:\/\/compartilhabahia.com.br\/index.php\/2026\/03\/15\/segundo-dia-de-arembepe-registra-momentos-de-pura-arte-e-descontracao\/\"]}]},{\"@type\":\"BreadcrumbList\",\"@id\":\"https:\/\/compartilhabahia.com.br\/index.php\/2026\/03\/15\/segundo-dia-de-arembepe-registra-momentos-de-pura-arte-e-descontracao\/#breadcrumb\",\"itemListElement\":[{\"@type\":\"ListItem\",\"position\":1,\"name\":\"In\u00edcio\",\"item\":\"https:\/\/compartilhabahia.com.br\/\"},{\"@type\":\"ListItem\",\"position\":2,\"name\":\"Segundo dia de Arembepe registra momentos de pura arte e descontra\u00e7\u00e3o\"}]},{\"@type\":\"WebSite\",\"@id\":\"https:\/\/compartilhabahia.com.br\/#website\",\"url\":\"https:\/\/compartilhabahia.com.br\/\",\"name\":\"Compartilha Bahia\",\"description\":\"\",\"publisher\":{\"@id\":\"https:\/\/compartilhabahia.com.br\/#organization\"},\"potentialAction\":[{\"@type\":\"SearchAction\",\"target\":{\"@type\":\"EntryPoint\",\"urlTemplate\":\"https:\/\/compartilhabahia.com.br\/?s={search_term_string}\"},\"query-input\":\"required name=search_term_string\"}],\"inLanguage\":\"pt-BR\"},{\"@type\":\"Organization\",\"@id\":\"https:\/\/compartilhabahia.com.br\/#organization\",\"name\":\"Compartilha Bahia\",\"url\":\"https:\/\/compartilhabahia.com.br\/\",\"logo\":{\"@type\":\"ImageObject\",\"inLanguage\":\"pt-BR\",\"@id\":\"https:\/\/compartilhabahia.com.br\/#\/schema\/logo\/image\/\",\"url\":\"https:\/\/compartilhabahia.com.br\/wp-content\/uploads\/2023\/12\/cropped-logo.png\",\"contentUrl\":\"https:\/\/compartilhabahia.com.br\/wp-content\/uploads\/2023\/12\/cropped-logo.png\",\"width\":300,\"height\":106,\"caption\":\"Compartilha Bahia\"},\"image\":{\"@id\":\"https:\/\/compartilhabahia.com.br\/#\/schema\/logo\/image\/\"},\"sameAs\":[\"https:\/\/web.facebook.com\/compartilhabahia\",\"https:\/\/www.instagram.com\/compartilhabahia\/\"]},{\"@type\":\"Person\",\"@id\":\"https:\/\/compartilhabahia.com.br\/#\/schema\/person\/9b4f0c3178793b8248d6686732521c04\",\"name\":\"admin\",\"image\":{\"@type\":\"ImageObject\",\"inLanguage\":\"pt-BR\",\"@id\":\"https:\/\/compartilhabahia.com.br\/#\/schema\/person\/image\/\",\"url\":\"https:\/\/secure.gravatar.com\/avatar\/9600df58751c5acbe914c538c03390ef649ea088cb65f84ba09c7ce66988eed6?s=96&d=mm&r=g\",\"contentUrl\":\"https:\/\/secure.gravatar.com\/avatar\/9600df58751c5acbe914c538c03390ef649ea088cb65f84ba09c7ce66988eed6?s=96&d=mm&r=g\",\"caption\":\"admin\"},\"sameAs\":[\"https:\/\/compartilhabahia.com.br\"],\"url\":\"https:\/\/compartilhabahia.com.br\/index.php\/author\/compartilhabahia\/\"}]}<\/script>\n<!-- \/ Yoast SEO plugin. -->","yoast_head_json":{"title":"Segundo dia de Arembepe registra momentos de pura arte e descontra\u00e7\u00e3o - Compartilha Bahia","robots":{"index":"index","follow":"follow","max-snippet":"max-snippet:-1","max-image-preview":"max-image-preview:large","max-video-preview":"max-video-preview:-1"},"canonical":"https:\/\/compartilhabahia.com.br\/index.php\/2026\/03\/15\/segundo-dia-de-arembepe-registra-momentos-de-pura-arte-e-descontracao\/","og_locale":"pt_BR","og_type":"article","og_title":"Segundo dia de Arembepe registra momentos de pura arte e descontra\u00e7\u00e3o - Compartilha Bahia","og_description":"Palco Ra\u00edzes e Ritmos transforma Pra\u00e7a Tia Deja em espa\u00e7o de encontro familiar no segundo dia do Festival de Arembepe O segundo dia de programa\u00e7\u00e3o do palco Ra\u00edzes e Ritmos, montado na Pra\u00e7a Tia Deja, reafirmou neste s\u00e1bado (14) o car\u00e1ter plural e acolhedor do Festival de Arembepe 2026. Entre apresenta\u00e7\u00f5es musicais, manifesta\u00e7\u00f5es culturais e [&hellip;]","og_url":"https:\/\/compartilhabahia.com.br\/index.php\/2026\/03\/15\/segundo-dia-de-arembepe-registra-momentos-de-pura-arte-e-descontracao\/","og_site_name":"Compartilha Bahia","article_publisher":"https:\/\/web.facebook.com\/compartilhabahia","article_published_time":"2026-03-15T20:25:44+00:00","article_modified_time":"2026-03-15T20:25:46+00:00","og_image":[{"width":896,"height":598,"url":"https:\/\/compartilhabahia.com.br\/wp-content\/uploads\/2026\/03\/artedois.jpg","type":"image\/jpeg"}],"author":"admin","twitter_card":"summary_large_image","twitter_misc":{"Escrito por":"admin","Est. tempo de leitura":"4 minutos"},"schema":{"@context":"https:\/\/schema.org","@graph":[{"@type":"Article","@id":"https:\/\/compartilhabahia.com.br\/index.php\/2026\/03\/15\/segundo-dia-de-arembepe-registra-momentos-de-pura-arte-e-descontracao\/#article","isPartOf":{"@id":"https:\/\/compartilhabahia.com.br\/index.php\/2026\/03\/15\/segundo-dia-de-arembepe-registra-momentos-de-pura-arte-e-descontracao\/"},"author":{"name":"admin","@id":"https:\/\/compartilhabahia.com.br\/#\/schema\/person\/9b4f0c3178793b8248d6686732521c04"},"headline":"Segundo dia de Arembepe registra momentos de pura arte e descontra\u00e7\u00e3o","datePublished":"2026-03-15T20:25:44+00:00","dateModified":"2026-03-15T20:25:46+00:00","mainEntityOfPage":{"@id":"https:\/\/compartilhabahia.com.br\/index.php\/2026\/03\/15\/segundo-dia-de-arembepe-registra-momentos-de-pura-arte-e-descontracao\/"},"wordCount":610,"commentCount":0,"publisher":{"@id":"https:\/\/compartilhabahia.com.br\/#organization"},"articleSection":["Cama\u00e7ari"],"inLanguage":"pt-BR","potentialAction":[{"@type":"CommentAction","name":"Comment","target":["https:\/\/compartilhabahia.com.br\/index.php\/2026\/03\/15\/segundo-dia-de-arembepe-registra-momentos-de-pura-arte-e-descontracao\/#respond"]}]},{"@type":"WebPage","@id":"https:\/\/compartilhabahia.com.br\/index.php\/2026\/03\/15\/segundo-dia-de-arembepe-registra-momentos-de-pura-arte-e-descontracao\/","url":"https:\/\/compartilhabahia.com.br\/index.php\/2026\/03\/15\/segundo-dia-de-arembepe-registra-momentos-de-pura-arte-e-descontracao\/","name":"Segundo dia de Arembepe registra momentos de pura arte e descontra\u00e7\u00e3o - Compartilha Bahia","isPartOf":{"@id":"https:\/\/compartilhabahia.com.br\/#website"},"datePublished":"2026-03-15T20:25:44+00:00","dateModified":"2026-03-15T20:25:46+00:00","breadcrumb":{"@id":"https:\/\/compartilhabahia.com.br\/index.php\/2026\/03\/15\/segundo-dia-de-arembepe-registra-momentos-de-pura-arte-e-descontracao\/#breadcrumb"},"inLanguage":"pt-BR","potentialAction":[{"@type":"ReadAction","target":["https:\/\/compartilhabahia.com.br\/index.php\/2026\/03\/15\/segundo-dia-de-arembepe-registra-momentos-de-pura-arte-e-descontracao\/"]}]},{"@type":"BreadcrumbList","@id":"https:\/\/compartilhabahia.com.br\/index.php\/2026\/03\/15\/segundo-dia-de-arembepe-registra-momentos-de-pura-arte-e-descontracao\/#breadcrumb","itemListElement":[{"@type":"ListItem","position":1,"name":"In\u00edcio","item":"https:\/\/compartilhabahia.com.br\/"},{"@type":"ListItem","position":2,"name":"Segundo dia de Arembepe registra momentos de pura arte e descontra\u00e7\u00e3o"}]},{"@type":"WebSite","@id":"https:\/\/compartilhabahia.com.br\/#website","url":"https:\/\/compartilhabahia.com.br\/","name":"Compartilha Bahia","description":"","publisher":{"@id":"https:\/\/compartilhabahia.com.br\/#organization"},"potentialAction":[{"@type":"SearchAction","target":{"@type":"EntryPoint","urlTemplate":"https:\/\/compartilhabahia.com.br\/?s={search_term_string}"},"query-input":"required name=search_term_string"}],"inLanguage":"pt-BR"},{"@type":"Organization","@id":"https:\/\/compartilhabahia.com.br\/#organization","name":"Compartilha Bahia","url":"https:\/\/compartilhabahia.com.br\/","logo":{"@type":"ImageObject","inLanguage":"pt-BR","@id":"https:\/\/compartilhabahia.com.br\/#\/schema\/logo\/image\/","url":"https:\/\/compartilhabahia.com.br\/wp-content\/uploads\/2023\/12\/cropped-logo.png","contentUrl":"https:\/\/compartilhabahia.com.br\/wp-content\/uploads\/2023\/12\/cropped-logo.png","width":300,"height":106,"caption":"Compartilha Bahia"},"image":{"@id":"https:\/\/compartilhabahia.com.br\/#\/schema\/logo\/image\/"},"sameAs":["https:\/\/web.facebook.com\/compartilhabahia","https:\/\/www.instagram.com\/compartilhabahia\/"]},{"@type":"Person","@id":"https:\/\/compartilhabahia.com.br\/#\/schema\/person\/9b4f0c3178793b8248d6686732521c04","name":"admin","image":{"@type":"ImageObject","inLanguage":"pt-BR","@id":"https:\/\/compartilhabahia.com.br\/#\/schema\/person\/image\/","url":"https:\/\/secure.gravatar.com\/avatar\/9600df58751c5acbe914c538c03390ef649ea088cb65f84ba09c7ce66988eed6?s=96&d=mm&r=g","contentUrl":"https:\/\/secure.gravatar.com\/avatar\/9600df58751c5acbe914c538c03390ef649ea088cb65f84ba09c7ce66988eed6?s=96&d=mm&r=g","caption":"admin"},"sameAs":["https:\/\/compartilhabahia.com.br"],"url":"https:\/\/compartilhabahia.com.br\/index.php\/author\/compartilhabahia\/"}]}},"_links":{"self":[{"href":"https:\/\/compartilhabahia.com.br\/index.php\/wp-json\/wp\/v2\/posts\/9395","targetHints":{"allow":["GET"]}}],"collection":[{"href":"https:\/\/compartilhabahia.com.br\/index.php\/wp-json\/wp\/v2\/posts"}],"about":[{"href":"https:\/\/compartilhabahia.com.br\/index.php\/wp-json\/wp\/v2\/types\/post"}],"author":[{"embeddable":true,"href":"https:\/\/compartilhabahia.com.br\/index.php\/wp-json\/wp\/v2\/users\/1"}],"replies":[{"embeddable":true,"href":"https:\/\/compartilhabahia.com.br\/index.php\/wp-json\/wp\/v2\/comments?post=9395"}],"version-history":[{"count":1,"href":"https:\/\/compartilhabahia.com.br\/index.php\/wp-json\/wp\/v2\/posts\/9395\/revisions"}],"predecessor-version":[{"id":9399,"href":"https:\/\/compartilhabahia.com.br\/index.php\/wp-json\/wp\/v2\/posts\/9395\/revisions\/9399"}],"wp:featuredmedia":[{"embeddable":true,"href":"https:\/\/compartilhabahia.com.br\/index.php\/wp-json\/wp\/v2\/media\/9396"}],"wp:attachment":[{"href":"https:\/\/compartilhabahia.com.br\/index.php\/wp-json\/wp\/v2\/media?parent=9395"}],"wp:term":[{"taxonomy":"category","embeddable":true,"href":"https:\/\/compartilhabahia.com.br\/index.php\/wp-json\/wp\/v2\/categories?post=9395"},{"taxonomy":"post_tag","embeddable":true,"href":"https:\/\/compartilhabahia.com.br\/index.php\/wp-json\/wp\/v2\/tags?post=9395"}],"curies":[{"name":"wp","href":"https:\/\/api.w.org\/{rel}","templated":true}]}}