{"id":9390,"date":"2026-03-15T17:09:57","date_gmt":"2026-03-15T20:09:57","guid":{"rendered":"https:\/\/compartilhabahia.com.br\/?p=9390"},"modified":"2026-03-15T17:12:23","modified_gmt":"2026-03-15T20:12:23","slug":"sala-de-imprensa-silva-cavalcanti-fortalece-cobertura-jornalistica-no-festival-de-arembepe-2026","status":"publish","type":"post","link":"https:\/\/compartilhabahia.com.br\/index.php\/2026\/03\/15\/sala-de-imprensa-silva-cavalcanti-fortalece-cobertura-jornalistica-no-festival-de-arembepe-2026\/","title":{"rendered":"Geraldo Honorato homenageia imprensa na cobertura do Festival de Arembepe 2026"},"content":{"rendered":"\n<p>Sala de Imprensa Silva Cavalcanti fortalece cobertura jornal\u00edstica no Festival de Arembepe 2026<\/p>\n\n\n\n<p>A Prefeitura de Cama\u00e7ari preparou uma estrutura especial para receber os profissionais de comunica\u00e7\u00e3o que realizam a cobertura do Festival de Arembepe 2026. Como forma de reconhecimento \u00e0 hist\u00f3ria da imprensa local, a sala montada para o evento foi batizada de Sala de Imprensa Silva Cavalcanti, em homenagem ao radialista Josu\u00e9 Cavalcanti da Silva, que faleceu em 2021.<\/p>\n\n\n\n<p>Carinhosamente chamado de Silva, o comunicador construiu uma trajet\u00f3ria marcante no jornalismo da cidade. Durante sua carreira, atuou em ve\u00edculos como as r\u00e1dios Metropolitana, Cama\u00e7ari FM e 88 FM. Tamb\u00e9m trabalhou na TV Cama\u00e7ari, na Cama\u00e7ari TV e administrava o portal \u00c9 Not\u00edcia BA. Ao longo da carreira, recebeu ainda o Pr\u00eamio Destaque Legislativo de Imprensa.<\/p>\n\n\n\n<p>O diretor de Comunica\u00e7\u00e3o da Prefeitura de Cama\u00e7ari, Geraldo Honorato, destacou a import\u00e2ncia da homenagem. \u201cPra gente \u00e9 uma honra prestar essa homenagem a um radialista t\u00e3o marcante, t\u00e3o importante na comunica\u00e7\u00e3o da nossa cidade. A gente precisa ter esse olhar para nossa hist\u00f3ria, um olhar de reconhecimento da import\u00e2ncia daqueles que contribu\u00edram para o crescimento da imprensa da cidade. Com esse olhar afetivo tamb\u00e9m com o Silva, que sempre foi uma figura incentivadora de todos n\u00f3s, profissionais, para que pud\u00e9ssemos nos aperfei\u00e7oar. Ele foi uma grande refer\u00eancia e deixou um legado. Essa \u00e9 uma forma simb\u00f3lica de reconhecimento com a nossa sala de imprensa\u201d, afirmou.<\/p>\n\n\n\n<p>Representando a fam\u00edlia, o irm\u00e3o do homenageado, Rosivaldo Cavalcanti, tamb\u00e9m profissional da imprensa, agradeceu o gesto. \u201cSilva foi meu professor de profiss\u00e3o, e acredito que de tantas outras pessoas tamb\u00e9m. Receber essa placa de homenagem me deixa muito feliz e transmitirei para toda a fam\u00edlia esse reconhecimento demonstrado\u201d, disse.<\/p>\n\n\n\n<p>Para a cobertura do festival, mais de 70 ve\u00edculos de imprensa foram credenciados pela Diretoria de Comunica\u00e7\u00e3o (Dicom) para atuar no evento. Durante os quatro dias da festa, que segue at\u00e9 segunda-feira (16), os profissionais contam com uma infraestrutura preparada especialmente para atender \u00e0s demandas da cobertura jornal\u00edstica.<\/p>\n\n\n\n<p>O espa\u00e7o exclusivo foi planejado para oferecer um ambiente humanizado e funcional, equipado com climatiza\u00e7\u00e3o e tecnologia, al\u00e9m de rede Wi-Fi, mobili\u00e1rio confort\u00e1vel e servi\u00e7os de alimenta\u00e7\u00e3o para dar suporte ao trabalho dos comunicadores.<\/p>\n\n\n\n<p>Al\u00e9m da estrutura voltada \u00e0 imprensa, a equipe digital da gest\u00e3o municipal tamb\u00e9m realiza a transmiss\u00e3o ao vivo do festival, sob o comando de Mila Loureiro e Gil Santana, por meio dos canais oficiais da prefeitura no YouTube e no Instagram, al\u00e9m da produ\u00e7\u00e3o de reportagens com rep\u00f3rteres nas ruas, acompanhando a movimenta\u00e7\u00e3o do p\u00fablico e as atra\u00e7\u00f5es do evento.<\/p>\n\n\n\n<p>O Festival de Arembepe \u00e9 realizado pela Prefeitura de Cama\u00e7ari, por meio da Secretaria de Governo (Segov), atrav\u00e9s da Coordena\u00e7\u00e3o de Eventos. Os festejos marcam o encerramento da temporada das tradicionais lavagens e festas populares do munic\u00edpio, reunindo m\u00fasica, cultura e tradi\u00e7\u00e3o na localidade de Arembepe.<\/p>\n\n\n\n<p>Foto: Patrick Abreu<\/p>\n","protected":false},"excerpt":{"rendered":"<p>Sala de Imprensa Silva Cavalcanti fortalece cobertura jornal\u00edstica no Festival de Arembepe 2026 A Prefeitura de Cama\u00e7ari preparou uma estrutura especial para receber os profissionais de comunica\u00e7\u00e3o que realizam a cobertura do Festival de Arembepe 2026. Como forma de reconhecimento \u00e0 hist\u00f3ria da imprensa local, a sala montada para o evento foi batizada de Sala [&hellip;]<\/p>\n","protected":false},"author":1,"featured_media":9391,"comment_status":"open","ping_status":"open","sticky":false,"template":"","format":"standard","meta":{"footnotes":""},"categories":[8],"tags":[],"class_list":["post-9390","post","type-post","status-publish","format-standard","has-post-thumbnail","hentry","category-camacari"],"yoast_head":"<!-- This site is optimized with the Yoast SEO plugin v21.7 - https:\/\/yoast.com\/wordpress\/plugins\/seo\/ -->\n<title>Geraldo Honorato homenageia imprensa na cobertura do Festival de Arembepe 2026 - Compartilha Bahia<\/title>\n<meta name=\"robots\" content=\"index, follow, max-snippet:-1, max-image-preview:large, max-video-preview:-1\" \/>\n<link rel=\"canonical\" href=\"https:\/\/compartilhabahia.com.br\/index.php\/2026\/03\/15\/sala-de-imprensa-silva-cavalcanti-fortalece-cobertura-jornalistica-no-festival-de-arembepe-2026\/\" \/>\n<meta property=\"og:locale\" content=\"pt_BR\" \/>\n<meta property=\"og:type\" content=\"article\" \/>\n<meta property=\"og:title\" content=\"Geraldo Honorato homenageia imprensa na cobertura do Festival de Arembepe 2026 - Compartilha Bahia\" \/>\n<meta property=\"og:description\" content=\"Sala de Imprensa Silva Cavalcanti fortalece cobertura jornal\u00edstica no Festival de Arembepe 2026 A Prefeitura de Cama\u00e7ari preparou uma estrutura especial para receber os profissionais de comunica\u00e7\u00e3o que realizam a cobertura do Festival de Arembepe 2026. Como forma de reconhecimento \u00e0 hist\u00f3ria da imprensa local, a sala montada para o evento foi batizada de Sala [&hellip;]\" \/>\n<meta property=\"og:url\" content=\"https:\/\/compartilhabahia.com.br\/index.php\/2026\/03\/15\/sala-de-imprensa-silva-cavalcanti-fortalece-cobertura-jornalistica-no-festival-de-arembepe-2026\/\" \/>\n<meta property=\"og:site_name\" content=\"Compartilha Bahia\" \/>\n<meta property=\"article:publisher\" content=\"https:\/\/web.facebook.com\/compartilhabahia\" \/>\n<meta property=\"article:published_time\" content=\"2026-03-15T20:09:57+00:00\" \/>\n<meta property=\"article:modified_time\" content=\"2026-03-15T20:12:23+00:00\" \/>\n<meta property=\"og:image\" content=\"https:\/\/compartilhabahia.com.br\/wp-content\/uploads\/2026\/03\/geraldo.jpg\" \/>\n\t<meta property=\"og:image:width\" content=\"896\" \/>\n\t<meta property=\"og:image:height\" content=\"598\" \/>\n\t<meta property=\"og:image:type\" content=\"image\/jpeg\" \/>\n<meta name=\"author\" content=\"admin\" \/>\n<meta name=\"twitter:card\" content=\"summary_large_image\" \/>\n<meta name=\"twitter:label1\" content=\"Escrito por\" \/>\n\t<meta name=\"twitter:data1\" content=\"admin\" \/>\n\t<meta name=\"twitter:label2\" content=\"Est. tempo de leitura\" \/>\n\t<meta name=\"twitter:data2\" content=\"3 minutos\" \/>\n<script type=\"application\/ld+json\" class=\"yoast-schema-graph\">{\"@context\":\"https:\/\/schema.org\",\"@graph\":[{\"@type\":\"Article\",\"@id\":\"https:\/\/compartilhabahia.com.br\/index.php\/2026\/03\/15\/sala-de-imprensa-silva-cavalcanti-fortalece-cobertura-jornalistica-no-festival-de-arembepe-2026\/#article\",\"isPartOf\":{\"@id\":\"https:\/\/compartilhabahia.com.br\/index.php\/2026\/03\/15\/sala-de-imprensa-silva-cavalcanti-fortalece-cobertura-jornalistica-no-festival-de-arembepe-2026\/\"},\"author\":{\"name\":\"admin\",\"@id\":\"https:\/\/compartilhabahia.com.br\/#\/schema\/person\/9b4f0c3178793b8248d6686732521c04\"},\"headline\":\"Geraldo Honorato homenageia imprensa na cobertura do Festival de Arembepe 2026\",\"datePublished\":\"2026-03-15T20:09:57+00:00\",\"dateModified\":\"2026-03-15T20:12:23+00:00\",\"mainEntityOfPage\":{\"@id\":\"https:\/\/compartilhabahia.com.br\/index.php\/2026\/03\/15\/sala-de-imprensa-silva-cavalcanti-fortalece-cobertura-jornalistica-no-festival-de-arembepe-2026\/\"},\"wordCount\":531,\"commentCount\":0,\"publisher\":{\"@id\":\"https:\/\/compartilhabahia.com.br\/#organization\"},\"articleSection\":[\"Cama\u00e7ari\"],\"inLanguage\":\"pt-BR\",\"potentialAction\":[{\"@type\":\"CommentAction\",\"name\":\"Comment\",\"target\":[\"https:\/\/compartilhabahia.com.br\/index.php\/2026\/03\/15\/sala-de-imprensa-silva-cavalcanti-fortalece-cobertura-jornalistica-no-festival-de-arembepe-2026\/#respond\"]}]},{\"@type\":\"WebPage\",\"@id\":\"https:\/\/compartilhabahia.com.br\/index.php\/2026\/03\/15\/sala-de-imprensa-silva-cavalcanti-fortalece-cobertura-jornalistica-no-festival-de-arembepe-2026\/\",\"url\":\"https:\/\/compartilhabahia.com.br\/index.php\/2026\/03\/15\/sala-de-imprensa-silva-cavalcanti-fortalece-cobertura-jornalistica-no-festival-de-arembepe-2026\/\",\"name\":\"Geraldo Honorato homenageia imprensa na cobertura do Festival de Arembepe 2026 - Compartilha Bahia\",\"isPartOf\":{\"@id\":\"https:\/\/compartilhabahia.com.br\/#website\"},\"datePublished\":\"2026-03-15T20:09:57+00:00\",\"dateModified\":\"2026-03-15T20:12:23+00:00\",\"breadcrumb\":{\"@id\":\"https:\/\/compartilhabahia.com.br\/index.php\/2026\/03\/15\/sala-de-imprensa-silva-cavalcanti-fortalece-cobertura-jornalistica-no-festival-de-arembepe-2026\/#breadcrumb\"},\"inLanguage\":\"pt-BR\",\"potentialAction\":[{\"@type\":\"ReadAction\",\"target\":[\"https:\/\/compartilhabahia.com.br\/index.php\/2026\/03\/15\/sala-de-imprensa-silva-cavalcanti-fortalece-cobertura-jornalistica-no-festival-de-arembepe-2026\/\"]}]},{\"@type\":\"BreadcrumbList\",\"@id\":\"https:\/\/compartilhabahia.com.br\/index.php\/2026\/03\/15\/sala-de-imprensa-silva-cavalcanti-fortalece-cobertura-jornalistica-no-festival-de-arembepe-2026\/#breadcrumb\",\"itemListElement\":[{\"@type\":\"ListItem\",\"position\":1,\"name\":\"In\u00edcio\",\"item\":\"https:\/\/compartilhabahia.com.br\/\"},{\"@type\":\"ListItem\",\"position\":2,\"name\":\"Geraldo Honorato homenageia imprensa na cobertura do Festival de Arembepe 2026\"}]},{\"@type\":\"WebSite\",\"@id\":\"https:\/\/compartilhabahia.com.br\/#website\",\"url\":\"https:\/\/compartilhabahia.com.br\/\",\"name\":\"Compartilha Bahia\",\"description\":\"\",\"publisher\":{\"@id\":\"https:\/\/compartilhabahia.com.br\/#organization\"},\"potentialAction\":[{\"@type\":\"SearchAction\",\"target\":{\"@type\":\"EntryPoint\",\"urlTemplate\":\"https:\/\/compartilhabahia.com.br\/?s={search_term_string}\"},\"query-input\":\"required name=search_term_string\"}],\"inLanguage\":\"pt-BR\"},{\"@type\":\"Organization\",\"@id\":\"https:\/\/compartilhabahia.com.br\/#organization\",\"name\":\"Compartilha Bahia\",\"url\":\"https:\/\/compartilhabahia.com.br\/\",\"logo\":{\"@type\":\"ImageObject\",\"inLanguage\":\"pt-BR\",\"@id\":\"https:\/\/compartilhabahia.com.br\/#\/schema\/logo\/image\/\",\"url\":\"https:\/\/compartilhabahia.com.br\/wp-content\/uploads\/2023\/12\/cropped-logo.png\",\"contentUrl\":\"https:\/\/compartilhabahia.com.br\/wp-content\/uploads\/2023\/12\/cropped-logo.png\",\"width\":300,\"height\":106,\"caption\":\"Compartilha Bahia\"},\"image\":{\"@id\":\"https:\/\/compartilhabahia.com.br\/#\/schema\/logo\/image\/\"},\"sameAs\":[\"https:\/\/web.facebook.com\/compartilhabahia\",\"https:\/\/www.instagram.com\/compartilhabahia\/\"]},{\"@type\":\"Person\",\"@id\":\"https:\/\/compartilhabahia.com.br\/#\/schema\/person\/9b4f0c3178793b8248d6686732521c04\",\"name\":\"admin\",\"image\":{\"@type\":\"ImageObject\",\"inLanguage\":\"pt-BR\",\"@id\":\"https:\/\/compartilhabahia.com.br\/#\/schema\/person\/image\/\",\"url\":\"https:\/\/secure.gravatar.com\/avatar\/9600df58751c5acbe914c538c03390ef649ea088cb65f84ba09c7ce66988eed6?s=96&d=mm&r=g\",\"contentUrl\":\"https:\/\/secure.gravatar.com\/avatar\/9600df58751c5acbe914c538c03390ef649ea088cb65f84ba09c7ce66988eed6?s=96&d=mm&r=g\",\"caption\":\"admin\"},\"sameAs\":[\"https:\/\/compartilhabahia.com.br\"],\"url\":\"https:\/\/compartilhabahia.com.br\/index.php\/author\/compartilhabahia\/\"}]}<\/script>\n<!-- \/ Yoast SEO plugin. -->","yoast_head_json":{"title":"Geraldo Honorato homenageia imprensa na cobertura do Festival de Arembepe 2026 - Compartilha Bahia","robots":{"index":"index","follow":"follow","max-snippet":"max-snippet:-1","max-image-preview":"max-image-preview:large","max-video-preview":"max-video-preview:-1"},"canonical":"https:\/\/compartilhabahia.com.br\/index.php\/2026\/03\/15\/sala-de-imprensa-silva-cavalcanti-fortalece-cobertura-jornalistica-no-festival-de-arembepe-2026\/","og_locale":"pt_BR","og_type":"article","og_title":"Geraldo Honorato homenageia imprensa na cobertura do Festival de Arembepe 2026 - Compartilha Bahia","og_description":"Sala de Imprensa Silva Cavalcanti fortalece cobertura jornal\u00edstica no Festival de Arembepe 2026 A Prefeitura de Cama\u00e7ari preparou uma estrutura especial para receber os profissionais de comunica\u00e7\u00e3o que realizam a cobertura do Festival de Arembepe 2026. Como forma de reconhecimento \u00e0 hist\u00f3ria da imprensa local, a sala montada para o evento foi batizada de Sala [&hellip;]","og_url":"https:\/\/compartilhabahia.com.br\/index.php\/2026\/03\/15\/sala-de-imprensa-silva-cavalcanti-fortalece-cobertura-jornalistica-no-festival-de-arembepe-2026\/","og_site_name":"Compartilha Bahia","article_publisher":"https:\/\/web.facebook.com\/compartilhabahia","article_published_time":"2026-03-15T20:09:57+00:00","article_modified_time":"2026-03-15T20:12:23+00:00","og_image":[{"width":896,"height":598,"url":"https:\/\/compartilhabahia.com.br\/wp-content\/uploads\/2026\/03\/geraldo.jpg","type":"image\/jpeg"}],"author":"admin","twitter_card":"summary_large_image","twitter_misc":{"Escrito por":"admin","Est. tempo de leitura":"3 minutos"},"schema":{"@context":"https:\/\/schema.org","@graph":[{"@type":"Article","@id":"https:\/\/compartilhabahia.com.br\/index.php\/2026\/03\/15\/sala-de-imprensa-silva-cavalcanti-fortalece-cobertura-jornalistica-no-festival-de-arembepe-2026\/#article","isPartOf":{"@id":"https:\/\/compartilhabahia.com.br\/index.php\/2026\/03\/15\/sala-de-imprensa-silva-cavalcanti-fortalece-cobertura-jornalistica-no-festival-de-arembepe-2026\/"},"author":{"name":"admin","@id":"https:\/\/compartilhabahia.com.br\/#\/schema\/person\/9b4f0c3178793b8248d6686732521c04"},"headline":"Geraldo Honorato homenageia imprensa na cobertura do Festival de Arembepe 2026","datePublished":"2026-03-15T20:09:57+00:00","dateModified":"2026-03-15T20:12:23+00:00","mainEntityOfPage":{"@id":"https:\/\/compartilhabahia.com.br\/index.php\/2026\/03\/15\/sala-de-imprensa-silva-cavalcanti-fortalece-cobertura-jornalistica-no-festival-de-arembepe-2026\/"},"wordCount":531,"commentCount":0,"publisher":{"@id":"https:\/\/compartilhabahia.com.br\/#organization"},"articleSection":["Cama\u00e7ari"],"inLanguage":"pt-BR","potentialAction":[{"@type":"CommentAction","name":"Comment","target":["https:\/\/compartilhabahia.com.br\/index.php\/2026\/03\/15\/sala-de-imprensa-silva-cavalcanti-fortalece-cobertura-jornalistica-no-festival-de-arembepe-2026\/#respond"]}]},{"@type":"WebPage","@id":"https:\/\/compartilhabahia.com.br\/index.php\/2026\/03\/15\/sala-de-imprensa-silva-cavalcanti-fortalece-cobertura-jornalistica-no-festival-de-arembepe-2026\/","url":"https:\/\/compartilhabahia.com.br\/index.php\/2026\/03\/15\/sala-de-imprensa-silva-cavalcanti-fortalece-cobertura-jornalistica-no-festival-de-arembepe-2026\/","name":"Geraldo Honorato homenageia imprensa na cobertura do Festival de Arembepe 2026 - Compartilha Bahia","isPartOf":{"@id":"https:\/\/compartilhabahia.com.br\/#website"},"datePublished":"2026-03-15T20:09:57+00:00","dateModified":"2026-03-15T20:12:23+00:00","breadcrumb":{"@id":"https:\/\/compartilhabahia.com.br\/index.php\/2026\/03\/15\/sala-de-imprensa-silva-cavalcanti-fortalece-cobertura-jornalistica-no-festival-de-arembepe-2026\/#breadcrumb"},"inLanguage":"pt-BR","potentialAction":[{"@type":"ReadAction","target":["https:\/\/compartilhabahia.com.br\/index.php\/2026\/03\/15\/sala-de-imprensa-silva-cavalcanti-fortalece-cobertura-jornalistica-no-festival-de-arembepe-2026\/"]}]},{"@type":"BreadcrumbList","@id":"https:\/\/compartilhabahia.com.br\/index.php\/2026\/03\/15\/sala-de-imprensa-silva-cavalcanti-fortalece-cobertura-jornalistica-no-festival-de-arembepe-2026\/#breadcrumb","itemListElement":[{"@type":"ListItem","position":1,"name":"In\u00edcio","item":"https:\/\/compartilhabahia.com.br\/"},{"@type":"ListItem","position":2,"name":"Geraldo Honorato homenageia imprensa na cobertura do Festival de Arembepe 2026"}]},{"@type":"WebSite","@id":"https:\/\/compartilhabahia.com.br\/#website","url":"https:\/\/compartilhabahia.com.br\/","name":"Compartilha Bahia","description":"","publisher":{"@id":"https:\/\/compartilhabahia.com.br\/#organization"},"potentialAction":[{"@type":"SearchAction","target":{"@type":"EntryPoint","urlTemplate":"https:\/\/compartilhabahia.com.br\/?s={search_term_string}"},"query-input":"required name=search_term_string"}],"inLanguage":"pt-BR"},{"@type":"Organization","@id":"https:\/\/compartilhabahia.com.br\/#organization","name":"Compartilha Bahia","url":"https:\/\/compartilhabahia.com.br\/","logo":{"@type":"ImageObject","inLanguage":"pt-BR","@id":"https:\/\/compartilhabahia.com.br\/#\/schema\/logo\/image\/","url":"https:\/\/compartilhabahia.com.br\/wp-content\/uploads\/2023\/12\/cropped-logo.png","contentUrl":"https:\/\/compartilhabahia.com.br\/wp-content\/uploads\/2023\/12\/cropped-logo.png","width":300,"height":106,"caption":"Compartilha Bahia"},"image":{"@id":"https:\/\/compartilhabahia.com.br\/#\/schema\/logo\/image\/"},"sameAs":["https:\/\/web.facebook.com\/compartilhabahia","https:\/\/www.instagram.com\/compartilhabahia\/"]},{"@type":"Person","@id":"https:\/\/compartilhabahia.com.br\/#\/schema\/person\/9b4f0c3178793b8248d6686732521c04","name":"admin","image":{"@type":"ImageObject","inLanguage":"pt-BR","@id":"https:\/\/compartilhabahia.com.br\/#\/schema\/person\/image\/","url":"https:\/\/secure.gravatar.com\/avatar\/9600df58751c5acbe914c538c03390ef649ea088cb65f84ba09c7ce66988eed6?s=96&d=mm&r=g","contentUrl":"https:\/\/secure.gravatar.com\/avatar\/9600df58751c5acbe914c538c03390ef649ea088cb65f84ba09c7ce66988eed6?s=96&d=mm&r=g","caption":"admin"},"sameAs":["https:\/\/compartilhabahia.com.br"],"url":"https:\/\/compartilhabahia.com.br\/index.php\/author\/compartilhabahia\/"}]}},"_links":{"self":[{"href":"https:\/\/compartilhabahia.com.br\/index.php\/wp-json\/wp\/v2\/posts\/9390","targetHints":{"allow":["GET"]}}],"collection":[{"href":"https:\/\/compartilhabahia.com.br\/index.php\/wp-json\/wp\/v2\/posts"}],"about":[{"href":"https:\/\/compartilhabahia.com.br\/index.php\/wp-json\/wp\/v2\/types\/post"}],"author":[{"embeddable":true,"href":"https:\/\/compartilhabahia.com.br\/index.php\/wp-json\/wp\/v2\/users\/1"}],"replies":[{"embeddable":true,"href":"https:\/\/compartilhabahia.com.br\/index.php\/wp-json\/wp\/v2\/comments?post=9390"}],"version-history":[{"count":2,"href":"https:\/\/compartilhabahia.com.br\/index.php\/wp-json\/wp\/v2\/posts\/9390\/revisions"}],"predecessor-version":[{"id":9394,"href":"https:\/\/compartilhabahia.com.br\/index.php\/wp-json\/wp\/v2\/posts\/9390\/revisions\/9394"}],"wp:featuredmedia":[{"embeddable":true,"href":"https:\/\/compartilhabahia.com.br\/index.php\/wp-json\/wp\/v2\/media\/9391"}],"wp:attachment":[{"href":"https:\/\/compartilhabahia.com.br\/index.php\/wp-json\/wp\/v2\/media?parent=9390"}],"wp:term":[{"taxonomy":"category","embeddable":true,"href":"https:\/\/compartilhabahia.com.br\/index.php\/wp-json\/wp\/v2\/categories?post=9390"},{"taxonomy":"post_tag","embeddable":true,"href":"https:\/\/compartilhabahia.com.br\/index.php\/wp-json\/wp\/v2\/tags?post=9390"}],"curies":[{"name":"wp","href":"https:\/\/api.w.org\/{rel}","templated":true}]}}