{"id":9387,"date":"2026-03-14T14:03:17","date_gmt":"2026-03-14T17:03:17","guid":{"rendered":"https:\/\/compartilhabahia.com.br\/?p=9387"},"modified":"2026-03-14T14:03:19","modified_gmt":"2026-03-14T17:03:19","slug":"em-ritmo-de-alegria-milhares-de-pessoas-celebram-em-arembepe","status":"publish","type":"post","link":"https:\/\/compartilhabahia.com.br\/index.php\/2026\/03\/14\/em-ritmo-de-alegria-milhares-de-pessoas-celebram-em-arembepe\/","title":{"rendered":"Em ritmo de alegria, milhares de pessoas celebram em Arembepe"},"content":{"rendered":"\n<p>O som de batuques e das charangas levou, com alegria, milhares de pessoas at\u00e9 a igreja de S\u00e3o Francisco de Assis durante o tradicional cortejo religioso e cultural, que marca a abertura oficial do Festival de Arembepe 2026, realizado nesta sexta-feira, (13). O evento, que fecha o ciclo de lavagens e festas populares da orla de Cama\u00e7ari, segue at\u00e9 segunda (16).<\/p>\n\n\n\n<p>Ressaltando o respeito \u00e0 diversidade religiosa, o prefeito Luiz Caetano agradeceu ao padroei-ro de Arembepe e destacou a import\u00e2ncia do respeito e da uni\u00e3o. \u201cTemos que fazer um go-verno que respeite a todos, sem machismo e valorizando o espa\u00e7o das mulheres. Hoje, para mim, \u00e9 um dia de muita sorte, pois estiveram presentes aqui o governador Jer\u00f4nimo Rodrigues e o ministro Rui Costa, que anunciou R$ 40 milh\u00f5es em investimentos na \u00e1rea da sa\u00fade. Em breve, tamb\u00e9m vamos anunciar obras de saneamento b\u00e1sico\u201d, afirmou, ao ressaltar ainda a import\u00e2ncia do festival para o munic\u00edpio. \u201cEssa festa fortalece o turismo e valoriza o nosso povo\u201d, concluiu, pedindo que todos celebrem o evento em clima de paz.<\/p>\n\n\n\n<p>O cortejo foi organizado pela Secretaria de Cultura (Secult), e a titular da pasta, Elci Freitas, destacou a import\u00e2ncia da iniciativa. \u201cA secretaria tem a alegria de organizar este cortejo cul-tural t\u00e3o bonito, que re\u00fane baianas, charangas, afox\u00e9s, capoeiristas e diversos grupos que re-presentam a riqueza das nossas manifesta\u00e7\u00f5es culturais. \u00c9 Cama\u00e7ari celebrando sua identida-de e fortalecendo a cultura como um direito de todos, garantindo que nossas tradi\u00e7\u00f5es sejam valorizadas, preservadas e vividas pelo nosso povo\u201d, destacou.<\/p>\n\n\n\n<p>A tradi\u00e7\u00e3o esteve presente com a aposentada Joalise Dias Cavalcante, 62 anos, que desde os 16 participa da festa como baiana. \u201cA mem\u00f3ria dessa festa, para mim, \u00e9 important\u00edssima, porque sou nativa de Arembepe. Fomos n\u00f3s que iniciamos a lavagem com jarro de barro e flores do campo. Eu fico esperando o ano todo para sair de baiana. E, se n\u00e3o tiver baiana, n\u00e3o existe festa. \u00c9 muito bonito mesmo\u201d, ressaltou.<\/p>\n\n\n\n<p>A f\u00e9 em S\u00e3o Francisco de Assis trouxe ao cortejo a moradora da sede de Cama\u00e7ari e dona de casa Ana Eug\u00eania Rodrigues Vaz da Silva, 58 anos, que estava acompanhada do marido, Valmir Ant\u00f4nio da Silva, 63 anos. \u201cVim mais para pagar uma promessa. Passei por um pro-cesso recentemente e, gra\u00e7as a Deus, estou livre. Ent\u00e3o, vim at\u00e9 aqui, na beira da igreja, para fazer minha ora\u00e7\u00e3o\u201d, afirmou.<\/p>\n\n\n\n<p>Al\u00e9m da tradi\u00e7\u00e3o e da f\u00e9, a alegria tamb\u00e9m marca presen\u00e7a na festa. Foi com esse sentimento que a moradora de Salvador, Gra\u00e7a Schetinni, 64 anos, decidiu conhecer o festival. \u201c\u00c9 o pri-meiro ano que venho e estou curtindo muito. Tenho uma irm\u00e3 que mora aqui e ela me chamou. \u00c9 aquele entusiasmo que contagia, o incentivo da pr\u00f3pria festa\u201d, contou a artes\u00e3, que est\u00e1 programada para aproveitar todos os dias do evento.<\/p>\n\n\n\n<p>Durante o cortejo religioso, seguindo a ala das baianas, estavam as charangas Tropicana, Art\u2019Vila e Big Band; os afox\u00e9s Il\u00ea As\u00e9 Od\u00e9 Oba Lod\u00ea e Oromi Lay\u00f4; o grupo circense Cia. Isartes; al\u00e9m dos grupos culturais Groove dos Tambores, Ra\u00edzes da Terra, Caboclo Mirim, Boi Tricotado e Samba de Caboclo; a Burrinha Preciosa; o Movimento Percussivo Beira de Rua; e os grupos de capoeira Aquilombar, Liberta\u00e7\u00e3o e Arte e Bimba\u00ea, al\u00e9m dos Filhos de Gandhy.<\/p>\n","protected":false},"excerpt":{"rendered":"<p>O som de batuques e das charangas levou, com alegria, milhares de pessoas at\u00e9 a igreja de S\u00e3o Francisco de Assis durante o tradicional cortejo religioso e cultural, que marca a abertura oficial do Festival de Arembepe 2026, realizado nesta sexta-feira, (13). O evento, que fecha o ciclo de lavagens e festas populares da orla [&hellip;]<\/p>\n","protected":false},"author":1,"featured_media":9388,"comment_status":"open","ping_status":"open","sticky":false,"template":"","format":"standard","meta":{"footnotes":""},"categories":[8],"tags":[],"class_list":["post-9387","post","type-post","status-publish","format-standard","has-post-thumbnail","hentry","category-camacari"],"yoast_head":"<!-- This site is optimized with the Yoast SEO plugin v21.7 - https:\/\/yoast.com\/wordpress\/plugins\/seo\/ -->\n<title>Em ritmo de alegria, milhares de pessoas celebram em Arembepe - Compartilha Bahia<\/title>\n<meta name=\"robots\" content=\"index, follow, max-snippet:-1, max-image-preview:large, max-video-preview:-1\" \/>\n<link rel=\"canonical\" href=\"https:\/\/compartilhabahia.com.br\/index.php\/2026\/03\/14\/em-ritmo-de-alegria-milhares-de-pessoas-celebram-em-arembepe\/\" \/>\n<meta property=\"og:locale\" content=\"pt_BR\" \/>\n<meta property=\"og:type\" content=\"article\" \/>\n<meta property=\"og:title\" content=\"Em ritmo de alegria, milhares de pessoas celebram em Arembepe - Compartilha Bahia\" \/>\n<meta property=\"og:description\" content=\"O som de batuques e das charangas levou, com alegria, milhares de pessoas at\u00e9 a igreja de S\u00e3o Francisco de Assis durante o tradicional cortejo religioso e cultural, que marca a abertura oficial do Festival de Arembepe 2026, realizado nesta sexta-feira, (13). O evento, que fecha o ciclo de lavagens e festas populares da orla [&hellip;]\" \/>\n<meta property=\"og:url\" content=\"https:\/\/compartilhabahia.com.br\/index.php\/2026\/03\/14\/em-ritmo-de-alegria-milhares-de-pessoas-celebram-em-arembepe\/\" \/>\n<meta property=\"og:site_name\" content=\"Compartilha Bahia\" \/>\n<meta property=\"article:publisher\" content=\"https:\/\/web.facebook.com\/compartilhabahia\" \/>\n<meta property=\"article:published_time\" content=\"2026-03-14T17:03:17+00:00\" \/>\n<meta property=\"article:modified_time\" content=\"2026-03-14T17:03:19+00:00\" \/>\n<meta property=\"og:image\" content=\"https:\/\/compartilhabahia.com.br\/wp-content\/uploads\/2026\/03\/festivalum.jpg\" \/>\n\t<meta property=\"og:image:width\" content=\"800\" \/>\n\t<meta property=\"og:image:height\" content=\"533\" \/>\n\t<meta property=\"og:image:type\" content=\"image\/jpeg\" \/>\n<meta name=\"author\" content=\"admin\" \/>\n<meta name=\"twitter:card\" content=\"summary_large_image\" \/>\n<meta name=\"twitter:label1\" content=\"Escrito por\" \/>\n\t<meta name=\"twitter:data1\" content=\"admin\" \/>\n\t<meta name=\"twitter:label2\" content=\"Est. tempo de leitura\" \/>\n\t<meta name=\"twitter:data2\" content=\"4 minutos\" \/>\n<script type=\"application\/ld+json\" class=\"yoast-schema-graph\">{\"@context\":\"https:\/\/schema.org\",\"@graph\":[{\"@type\":\"Article\",\"@id\":\"https:\/\/compartilhabahia.com.br\/index.php\/2026\/03\/14\/em-ritmo-de-alegria-milhares-de-pessoas-celebram-em-arembepe\/#article\",\"isPartOf\":{\"@id\":\"https:\/\/compartilhabahia.com.br\/index.php\/2026\/03\/14\/em-ritmo-de-alegria-milhares-de-pessoas-celebram-em-arembepe\/\"},\"author\":{\"name\":\"admin\",\"@id\":\"https:\/\/compartilhabahia.com.br\/#\/schema\/person\/9b4f0c3178793b8248d6686732521c04\"},\"headline\":\"Em ritmo de alegria, milhares de pessoas celebram em Arembepe\",\"datePublished\":\"2026-03-14T17:03:17+00:00\",\"dateModified\":\"2026-03-14T17:03:19+00:00\",\"mainEntityOfPage\":{\"@id\":\"https:\/\/compartilhabahia.com.br\/index.php\/2026\/03\/14\/em-ritmo-de-alegria-milhares-de-pessoas-celebram-em-arembepe\/\"},\"wordCount\":579,\"commentCount\":0,\"publisher\":{\"@id\":\"https:\/\/compartilhabahia.com.br\/#organization\"},\"articleSection\":[\"Cama\u00e7ari\"],\"inLanguage\":\"pt-BR\",\"potentialAction\":[{\"@type\":\"CommentAction\",\"name\":\"Comment\",\"target\":[\"https:\/\/compartilhabahia.com.br\/index.php\/2026\/03\/14\/em-ritmo-de-alegria-milhares-de-pessoas-celebram-em-arembepe\/#respond\"]}]},{\"@type\":\"WebPage\",\"@id\":\"https:\/\/compartilhabahia.com.br\/index.php\/2026\/03\/14\/em-ritmo-de-alegria-milhares-de-pessoas-celebram-em-arembepe\/\",\"url\":\"https:\/\/compartilhabahia.com.br\/index.php\/2026\/03\/14\/em-ritmo-de-alegria-milhares-de-pessoas-celebram-em-arembepe\/\",\"name\":\"Em ritmo de alegria, milhares de pessoas celebram em Arembepe - Compartilha Bahia\",\"isPartOf\":{\"@id\":\"https:\/\/compartilhabahia.com.br\/#website\"},\"datePublished\":\"2026-03-14T17:03:17+00:00\",\"dateModified\":\"2026-03-14T17:03:19+00:00\",\"breadcrumb\":{\"@id\":\"https:\/\/compartilhabahia.com.br\/index.php\/2026\/03\/14\/em-ritmo-de-alegria-milhares-de-pessoas-celebram-em-arembepe\/#breadcrumb\"},\"inLanguage\":\"pt-BR\",\"potentialAction\":[{\"@type\":\"ReadAction\",\"target\":[\"https:\/\/compartilhabahia.com.br\/index.php\/2026\/03\/14\/em-ritmo-de-alegria-milhares-de-pessoas-celebram-em-arembepe\/\"]}]},{\"@type\":\"BreadcrumbList\",\"@id\":\"https:\/\/compartilhabahia.com.br\/index.php\/2026\/03\/14\/em-ritmo-de-alegria-milhares-de-pessoas-celebram-em-arembepe\/#breadcrumb\",\"itemListElement\":[{\"@type\":\"ListItem\",\"position\":1,\"name\":\"In\u00edcio\",\"item\":\"https:\/\/compartilhabahia.com.br\/\"},{\"@type\":\"ListItem\",\"position\":2,\"name\":\"Em ritmo de alegria, milhares de pessoas celebram em Arembepe\"}]},{\"@type\":\"WebSite\",\"@id\":\"https:\/\/compartilhabahia.com.br\/#website\",\"url\":\"https:\/\/compartilhabahia.com.br\/\",\"name\":\"Compartilha Bahia\",\"description\":\"\",\"publisher\":{\"@id\":\"https:\/\/compartilhabahia.com.br\/#organization\"},\"potentialAction\":[{\"@type\":\"SearchAction\",\"target\":{\"@type\":\"EntryPoint\",\"urlTemplate\":\"https:\/\/compartilhabahia.com.br\/?s={search_term_string}\"},\"query-input\":\"required name=search_term_string\"}],\"inLanguage\":\"pt-BR\"},{\"@type\":\"Organization\",\"@id\":\"https:\/\/compartilhabahia.com.br\/#organization\",\"name\":\"Compartilha Bahia\",\"url\":\"https:\/\/compartilhabahia.com.br\/\",\"logo\":{\"@type\":\"ImageObject\",\"inLanguage\":\"pt-BR\",\"@id\":\"https:\/\/compartilhabahia.com.br\/#\/schema\/logo\/image\/\",\"url\":\"https:\/\/compartilhabahia.com.br\/wp-content\/uploads\/2023\/12\/cropped-logo.png\",\"contentUrl\":\"https:\/\/compartilhabahia.com.br\/wp-content\/uploads\/2023\/12\/cropped-logo.png\",\"width\":300,\"height\":106,\"caption\":\"Compartilha Bahia\"},\"image\":{\"@id\":\"https:\/\/compartilhabahia.com.br\/#\/schema\/logo\/image\/\"},\"sameAs\":[\"https:\/\/web.facebook.com\/compartilhabahia\",\"https:\/\/www.instagram.com\/compartilhabahia\/\"]},{\"@type\":\"Person\",\"@id\":\"https:\/\/compartilhabahia.com.br\/#\/schema\/person\/9b4f0c3178793b8248d6686732521c04\",\"name\":\"admin\",\"image\":{\"@type\":\"ImageObject\",\"inLanguage\":\"pt-BR\",\"@id\":\"https:\/\/compartilhabahia.com.br\/#\/schema\/person\/image\/\",\"url\":\"https:\/\/secure.gravatar.com\/avatar\/9600df58751c5acbe914c538c03390ef649ea088cb65f84ba09c7ce66988eed6?s=96&d=mm&r=g\",\"contentUrl\":\"https:\/\/secure.gravatar.com\/avatar\/9600df58751c5acbe914c538c03390ef649ea088cb65f84ba09c7ce66988eed6?s=96&d=mm&r=g\",\"caption\":\"admin\"},\"sameAs\":[\"https:\/\/compartilhabahia.com.br\"],\"url\":\"https:\/\/compartilhabahia.com.br\/index.php\/author\/compartilhabahia\/\"}]}<\/script>\n<!-- \/ Yoast SEO plugin. -->","yoast_head_json":{"title":"Em ritmo de alegria, milhares de pessoas celebram em Arembepe - Compartilha Bahia","robots":{"index":"index","follow":"follow","max-snippet":"max-snippet:-1","max-image-preview":"max-image-preview:large","max-video-preview":"max-video-preview:-1"},"canonical":"https:\/\/compartilhabahia.com.br\/index.php\/2026\/03\/14\/em-ritmo-de-alegria-milhares-de-pessoas-celebram-em-arembepe\/","og_locale":"pt_BR","og_type":"article","og_title":"Em ritmo de alegria, milhares de pessoas celebram em Arembepe - Compartilha Bahia","og_description":"O som de batuques e das charangas levou, com alegria, milhares de pessoas at\u00e9 a igreja de S\u00e3o Francisco de Assis durante o tradicional cortejo religioso e cultural, que marca a abertura oficial do Festival de Arembepe 2026, realizado nesta sexta-feira, (13). O evento, que fecha o ciclo de lavagens e festas populares da orla [&hellip;]","og_url":"https:\/\/compartilhabahia.com.br\/index.php\/2026\/03\/14\/em-ritmo-de-alegria-milhares-de-pessoas-celebram-em-arembepe\/","og_site_name":"Compartilha Bahia","article_publisher":"https:\/\/web.facebook.com\/compartilhabahia","article_published_time":"2026-03-14T17:03:17+00:00","article_modified_time":"2026-03-14T17:03:19+00:00","og_image":[{"width":800,"height":533,"url":"https:\/\/compartilhabahia.com.br\/wp-content\/uploads\/2026\/03\/festivalum.jpg","type":"image\/jpeg"}],"author":"admin","twitter_card":"summary_large_image","twitter_misc":{"Escrito por":"admin","Est. tempo de leitura":"4 minutos"},"schema":{"@context":"https:\/\/schema.org","@graph":[{"@type":"Article","@id":"https:\/\/compartilhabahia.com.br\/index.php\/2026\/03\/14\/em-ritmo-de-alegria-milhares-de-pessoas-celebram-em-arembepe\/#article","isPartOf":{"@id":"https:\/\/compartilhabahia.com.br\/index.php\/2026\/03\/14\/em-ritmo-de-alegria-milhares-de-pessoas-celebram-em-arembepe\/"},"author":{"name":"admin","@id":"https:\/\/compartilhabahia.com.br\/#\/schema\/person\/9b4f0c3178793b8248d6686732521c04"},"headline":"Em ritmo de alegria, milhares de pessoas celebram em Arembepe","datePublished":"2026-03-14T17:03:17+00:00","dateModified":"2026-03-14T17:03:19+00:00","mainEntityOfPage":{"@id":"https:\/\/compartilhabahia.com.br\/index.php\/2026\/03\/14\/em-ritmo-de-alegria-milhares-de-pessoas-celebram-em-arembepe\/"},"wordCount":579,"commentCount":0,"publisher":{"@id":"https:\/\/compartilhabahia.com.br\/#organization"},"articleSection":["Cama\u00e7ari"],"inLanguage":"pt-BR","potentialAction":[{"@type":"CommentAction","name":"Comment","target":["https:\/\/compartilhabahia.com.br\/index.php\/2026\/03\/14\/em-ritmo-de-alegria-milhares-de-pessoas-celebram-em-arembepe\/#respond"]}]},{"@type":"WebPage","@id":"https:\/\/compartilhabahia.com.br\/index.php\/2026\/03\/14\/em-ritmo-de-alegria-milhares-de-pessoas-celebram-em-arembepe\/","url":"https:\/\/compartilhabahia.com.br\/index.php\/2026\/03\/14\/em-ritmo-de-alegria-milhares-de-pessoas-celebram-em-arembepe\/","name":"Em ritmo de alegria, milhares de pessoas celebram em Arembepe - Compartilha Bahia","isPartOf":{"@id":"https:\/\/compartilhabahia.com.br\/#website"},"datePublished":"2026-03-14T17:03:17+00:00","dateModified":"2026-03-14T17:03:19+00:00","breadcrumb":{"@id":"https:\/\/compartilhabahia.com.br\/index.php\/2026\/03\/14\/em-ritmo-de-alegria-milhares-de-pessoas-celebram-em-arembepe\/#breadcrumb"},"inLanguage":"pt-BR","potentialAction":[{"@type":"ReadAction","target":["https:\/\/compartilhabahia.com.br\/index.php\/2026\/03\/14\/em-ritmo-de-alegria-milhares-de-pessoas-celebram-em-arembepe\/"]}]},{"@type":"BreadcrumbList","@id":"https:\/\/compartilhabahia.com.br\/index.php\/2026\/03\/14\/em-ritmo-de-alegria-milhares-de-pessoas-celebram-em-arembepe\/#breadcrumb","itemListElement":[{"@type":"ListItem","position":1,"name":"In\u00edcio","item":"https:\/\/compartilhabahia.com.br\/"},{"@type":"ListItem","position":2,"name":"Em ritmo de alegria, milhares de pessoas celebram em Arembepe"}]},{"@type":"WebSite","@id":"https:\/\/compartilhabahia.com.br\/#website","url":"https:\/\/compartilhabahia.com.br\/","name":"Compartilha Bahia","description":"","publisher":{"@id":"https:\/\/compartilhabahia.com.br\/#organization"},"potentialAction":[{"@type":"SearchAction","target":{"@type":"EntryPoint","urlTemplate":"https:\/\/compartilhabahia.com.br\/?s={search_term_string}"},"query-input":"required name=search_term_string"}],"inLanguage":"pt-BR"},{"@type":"Organization","@id":"https:\/\/compartilhabahia.com.br\/#organization","name":"Compartilha Bahia","url":"https:\/\/compartilhabahia.com.br\/","logo":{"@type":"ImageObject","inLanguage":"pt-BR","@id":"https:\/\/compartilhabahia.com.br\/#\/schema\/logo\/image\/","url":"https:\/\/compartilhabahia.com.br\/wp-content\/uploads\/2023\/12\/cropped-logo.png","contentUrl":"https:\/\/compartilhabahia.com.br\/wp-content\/uploads\/2023\/12\/cropped-logo.png","width":300,"height":106,"caption":"Compartilha Bahia"},"image":{"@id":"https:\/\/compartilhabahia.com.br\/#\/schema\/logo\/image\/"},"sameAs":["https:\/\/web.facebook.com\/compartilhabahia","https:\/\/www.instagram.com\/compartilhabahia\/"]},{"@type":"Person","@id":"https:\/\/compartilhabahia.com.br\/#\/schema\/person\/9b4f0c3178793b8248d6686732521c04","name":"admin","image":{"@type":"ImageObject","inLanguage":"pt-BR","@id":"https:\/\/compartilhabahia.com.br\/#\/schema\/person\/image\/","url":"https:\/\/secure.gravatar.com\/avatar\/9600df58751c5acbe914c538c03390ef649ea088cb65f84ba09c7ce66988eed6?s=96&d=mm&r=g","contentUrl":"https:\/\/secure.gravatar.com\/avatar\/9600df58751c5acbe914c538c03390ef649ea088cb65f84ba09c7ce66988eed6?s=96&d=mm&r=g","caption":"admin"},"sameAs":["https:\/\/compartilhabahia.com.br"],"url":"https:\/\/compartilhabahia.com.br\/index.php\/author\/compartilhabahia\/"}]}},"_links":{"self":[{"href":"https:\/\/compartilhabahia.com.br\/index.php\/wp-json\/wp\/v2\/posts\/9387","targetHints":{"allow":["GET"]}}],"collection":[{"href":"https:\/\/compartilhabahia.com.br\/index.php\/wp-json\/wp\/v2\/posts"}],"about":[{"href":"https:\/\/compartilhabahia.com.br\/index.php\/wp-json\/wp\/v2\/types\/post"}],"author":[{"embeddable":true,"href":"https:\/\/compartilhabahia.com.br\/index.php\/wp-json\/wp\/v2\/users\/1"}],"replies":[{"embeddable":true,"href":"https:\/\/compartilhabahia.com.br\/index.php\/wp-json\/wp\/v2\/comments?post=9387"}],"version-history":[{"count":1,"href":"https:\/\/compartilhabahia.com.br\/index.php\/wp-json\/wp\/v2\/posts\/9387\/revisions"}],"predecessor-version":[{"id":9389,"href":"https:\/\/compartilhabahia.com.br\/index.php\/wp-json\/wp\/v2\/posts\/9387\/revisions\/9389"}],"wp:featuredmedia":[{"embeddable":true,"href":"https:\/\/compartilhabahia.com.br\/index.php\/wp-json\/wp\/v2\/media\/9388"}],"wp:attachment":[{"href":"https:\/\/compartilhabahia.com.br\/index.php\/wp-json\/wp\/v2\/media?parent=9387"}],"wp:term":[{"taxonomy":"category","embeddable":true,"href":"https:\/\/compartilhabahia.com.br\/index.php\/wp-json\/wp\/v2\/categories?post=9387"},{"taxonomy":"post_tag","embeddable":true,"href":"https:\/\/compartilhabahia.com.br\/index.php\/wp-json\/wp\/v2\/tags?post=9387"}],"curies":[{"name":"wp","href":"https:\/\/api.w.org\/{rel}","templated":true}]}}