{"id":9383,"date":"2026-03-14T13:50:30","date_gmt":"2026-03-14T16:50:30","guid":{"rendered":"https:\/\/compartilhabahia.com.br\/?p=9383"},"modified":"2026-03-14T13:50:33","modified_gmt":"2026-03-14T16:50:33","slug":"palco-raizes-e-ritmos-valoriza-diversidade-cultural-de-camacari-e-anima-primeira-noite-do-festival-de-arembepe-2026","status":"publish","type":"post","link":"https:\/\/compartilhabahia.com.br\/index.php\/2026\/03\/14\/palco-raizes-e-ritmos-valoriza-diversidade-cultural-de-camacari-e-anima-primeira-noite-do-festival-de-arembepe-2026\/","title":{"rendered":"Palco Ra\u00edzes e Ritmos valoriza diversidade cultural de Cama\u00e7ari e anima primeira noite do Festival de Arembepe 2026"},"content":{"rendered":"\n<p>O Palco Ra\u00edzes e Ritmos, montado na Pra\u00e7a Tia Deja (antiga dos Coqueiros), est\u00e1 sendo mais uma op\u00e7\u00e3o para quem curte o Festival de Arembepe 2026. Nesta sexta-feira (13), primeira noite de festa, o local atraiu o p\u00fablico, que acompanhou apresenta\u00e7\u00f5es marcadas pela diversidade musical e pela valoriza\u00e7\u00e3o das ra\u00edzes culturais de Cama\u00e7ari.<\/p>\n\n\n\n<p>O fomento aos artistas locais foi destacado pela Secret\u00e1ria de Cultura de Cama\u00e7ari, Elci Freitas, ao enfatizar a premissa do espa\u00e7o como encontro de diferentes express\u00f5es. \u201cEsse palco foi pensado justamente para a valoriza\u00e7\u00e3o da nossa arte, nossa musicalidade e as tradi\u00e7\u00f5es que fazem de Cama\u00e7ari um territ\u00f3rio t\u00e3o rico culturalmente\u201d, disse.<\/p>\n\n\n\n<p>\u201cAqui se encontram diferentes estilos, diferentes vozes e diferentes hist\u00f3rias, mostrando a for\u00e7a da cultura do nosso povo. Quando a gest\u00e3o p\u00fablica cria espa\u00e7os como este, est\u00e1 garantindo algo muito importante: o acesso \u00e0 cultura. Cultura \u00e9 direito, \u00e9 identidade, \u00e9 pertencimento. E ver tantos artistas locais e o p\u00fablico reunido, mostra que estamos no caminho certo, fortalecendo quem produz arte e aproximando a popula\u00e7\u00e3o daquilo que \u00e9 nosso\u201d, completou a secret\u00e1ria.<\/p>\n\n\n\n<p>Evocando a ancestralidade da comunidade de Barra do Pojuca, o Grupo Cultural Espermacete abriu a programa\u00e7\u00e3o com o tradicional samba de roda, conectando o p\u00fablico com a for\u00e7a das tradi\u00e7\u00f5es populares e da cultura afro-brasileira presentes no munic\u00edpio.<\/p>\n\n\n\n<p>Logo depois, subiu ao palco o artista Jorginaldo Assis, animando o p\u00fablico com o melhor da m\u00fasica popular e mantendo o clima festivo que tomou conta da pra\u00e7a.<\/p>\n\n\n\n<p>Outro destaque da noite foi o grupo Kalunduh, que movimenta a cena cultural de Cama\u00e7ari ao fundir musicalidade afro com discurso e presen\u00e7a, expressando a m\u00fasica como resist\u00eancia e territ\u00f3rio de afirma\u00e7\u00e3o cultural. Guiada pelo conceito de M\u00fasica Preta Brasileira, a banda apresentou um show composto por m\u00fasicas autorais e covers, majoritariamente nacionais.<\/p>\n\n\n\n<p>A vocalista do grupo, Lara Nunes, falou do sentimento de se apresentar no Festival de Arembepe, pela primeira vez. \u201cUma felicidade imensa pra gente, estar aqui. Somos uma banda que &#8216;t\u00e1&#8217; na luta desde 2019, ent\u00e3o, \u00e9 uma honra participar desse evento, para o qual j\u00e1 vim muitas vezes pra curtir e agora &#8216;t\u00f4&#8217; tendo essa primeira experi\u00eancia como profissional, pra mim, foi maravilhoso. O p\u00fablico incr\u00edvel, animado, s\u00f3 alegria\u201d, destacou.<\/p>\n\n\n\n<figure class=\"wp-block-image size-large\"><img loading=\"lazy\" decoding=\"async\" width=\"1024\" height=\"682\" src=\"https:\/\/compartilhabahia.com.br\/wp-content\/uploads\/2026\/03\/WhatsApp-Image-2026-03-14-at-01.04.33-1024x682.jpeg\" alt=\"\" class=\"wp-image-9385\" srcset=\"https:\/\/compartilhabahia.com.br\/wp-content\/uploads\/2026\/03\/WhatsApp-Image-2026-03-14-at-01.04.33-1024x682.jpeg 1024w, https:\/\/compartilhabahia.com.br\/wp-content\/uploads\/2026\/03\/WhatsApp-Image-2026-03-14-at-01.04.33-300x200.jpeg 300w, https:\/\/compartilhabahia.com.br\/wp-content\/uploads\/2026\/03\/WhatsApp-Image-2026-03-14-at-01.04.33-768x512.jpeg 768w, https:\/\/compartilhabahia.com.br\/wp-content\/uploads\/2026\/03\/WhatsApp-Image-2026-03-14-at-01.04.33-1536x1023.jpeg 1536w, https:\/\/compartilhabahia.com.br\/wp-content\/uploads\/2026\/03\/WhatsApp-Image-2026-03-14-at-01.04.33-1200x800.jpeg 1200w, https:\/\/compartilhabahia.com.br\/wp-content\/uploads\/2026\/03\/WhatsApp-Image-2026-03-14-at-01.04.33.jpeg 1600w\" sizes=\"auto, (max-width: 1024px) 100vw, 1024px\" \/><\/figure>\n\n\n\n<p>Entre as espectadoras vibrantes estava a aut\u00f4noma P\u00e2mela Vit\u00f3ria Dias Barros, 24 anos, que contou de maneira positiva a experi\u00eancia de aproveitar o Palco Ra\u00edzes e Ritmos e conhecer a Kalunduh. \u201cEste \u00e9 um espa\u00e7o importante, que movimenta a cultura da nossa cidade e valoriza artistas da terra. E \u00e9 especialmente muito bom ver mulheres potentes de Cama\u00e7ari no palco do Festival de Arembepe\u201d, ressaltou a moradora local.<\/p>\n\n\n\n<p>Em seguida, o grupo Kartel Pacifista subiu ao palco com uma apresenta\u00e7\u00e3o de rap, batidas marcantes, letras que dialogam com temas sociais e forte presen\u00e7a da cultura urbana.<\/p>\n\n\n\n<p>Entre os vocalistas da banda, Kiko Pacifista celebrou fazer parte do festejo e levar para a plateia mensagens de paz e consci\u00eancia. \u201cO Festival de Arembepe \u00e9 uma festa magn\u00edfica. Estamos na \u2018correria\u2019 do hip-hop desde 2008 e de l\u00e1 pra c\u00e1 foi muito ch\u00e3o, muito caminho trilhado e muita mensagem de paz e amor pra poder transmitir. \u00c9 m\u00fasica com conte\u00fado. Ent\u00e3o, essa \u00e9 a nossa miss\u00e3o, a positividade\u201d, afirmou.<\/p>\n\n\n\n<p>Na sequ\u00eancia, fazendo todo mundo dan\u00e7ar \u201cjuntinho\u201d, o cantor Edy Xote levou o forr\u00f3 tradicional \u00e0 pra\u00e7a, embalando o p\u00fablico com cl\u00e1ssicos do ritmo nordestino e garantindo um clima de confraterniza\u00e7\u00e3o entre moradores e visitantes.<\/p>\n\n\n\n<p>Encerrando a programa\u00e7\u00e3o da noite, representando a pr\u00f3pria comunidade de Arembepe, o artista Rege FX levou muita anima\u00e7\u00e3o. No repert\u00f3rio, ritmos variados, m\u00fasicas autorais e releituras, incluindo homenagens \u00e0 localidade da orla que inspira parte de sua produ\u00e7\u00e3o musical.<\/p>\n\n\n\n<p>Relatos positivos sobre o Palco Ra\u00edzes e Ritmos foram compartilhados por muitas pessoas do p\u00fablico, como Alcin\u00e9ia Soares, 43 anos. \u201cSempre venho aproveitar o evento e estou curtindo essa edi\u00e7\u00e3o. Esse espa\u00e7o \u00e9 legal por diversificar a programa\u00e7\u00e3o, atendendo diversos gostos e, principalmente, trazendo artistas locais\u201d, disse a professora de educa\u00e7\u00e3o f\u00edsica, que \u00e9 natural de Salvador, mas mora em Arembepe h\u00e1 tr\u00eas anos.<\/p>\n\n\n\n<p>Quem tamb\u00e9m se encantou e resolveu vir morar em Arembepe h\u00e1 dois anos, foi o argentino F\u00e1bio \u00c1guia, 50 anos. Ele contou ter curtido as apresenta\u00e7\u00f5es por l\u00e1. \u201cVim no ano passado para o festival e estou participando mais uma vez. \u00c9 uma festa muito boa e estou gostando dos shows por aqui\u201d, expressou.<\/p>\n\n\n\n<p>O Festival de Arembepe 2026 \u00e9 realizado pela Prefeitura de Cama\u00e7ari, por meio da Secretaria de Governo (Segov), atrav\u00e9s da Coordena\u00e7\u00e3o de Eventos, com o apoio das demais pastas e institui\u00e7\u00f5es municipais, encerrando o ciclo de festejos e lavagens populares da orla do munic\u00edpio.<\/p>\n\n\n\n<p>A programa\u00e7\u00e3o do Palco Ra\u00edzes e Ritmos segue neste s\u00e1bado (14) e domingo (15), a partir das 15h30. J\u00e1 na segunda-feira (16), a partir das 19h30, ocorre por l\u00e1 o tradicional Baile dos Coroas, com o melhor da seresta. Veja a programa\u00e7\u00e3o a seguir:<\/p>\n\n\n\n<p>S\u00c1BADO (14):<\/p>\n\n\n\n<p>P\u00e9 de Lata<br>Samba Chula Filhos de Oy\u00f2<br>Samba do Litoral (SDL)<br>\u00c1cido Baiano<br>Sil Figueiredo<br>Caloi 10<br>Bruno Xonado<\/p>\n\n\n\n<p>DOMINGO (15):<\/p>\n\n\n\n<p>Art Balan\u00e7o<br>Banda Pagod\u00e3o<br>Valzzito<br>Igor Jean<br>Carol e Gabi<br>Bruno Gold<br>Liu Menezes<br>Banda Petty<br>Savilar<\/p>\n\n\n\n<p>SEGUNDA-FEIRA (16):<\/p>\n\n\n\n<p>Baile dos Coroas com:<br>Nilson Santos<br>Leozinho Imperador<br>Dois Amores<br>Silva Filho<\/p>\n\n\n\n<p>Foto: Juliano Sarraf<\/p>\n","protected":false},"excerpt":{"rendered":"<p>O Palco Ra\u00edzes e Ritmos, montado na Pra\u00e7a Tia Deja (antiga dos Coqueiros), est\u00e1 sendo mais uma op\u00e7\u00e3o para quem curte o Festival de Arembepe 2026. Nesta sexta-feira (13), primeira noite de festa, o local atraiu o p\u00fablico, que acompanhou apresenta\u00e7\u00f5es marcadas pela diversidade musical e pela valoriza\u00e7\u00e3o das ra\u00edzes culturais de Cama\u00e7ari. O fomento [&hellip;]<\/p>\n","protected":false},"author":1,"featured_media":9384,"comment_status":"open","ping_status":"open","sticky":false,"template":"","format":"standard","meta":{"footnotes":""},"categories":[8],"tags":[],"class_list":["post-9383","post","type-post","status-publish","format-standard","has-post-thumbnail","hentry","category-camacari"],"yoast_head":"<!-- This site is optimized with the Yoast SEO plugin v21.7 - https:\/\/yoast.com\/wordpress\/plugins\/seo\/ -->\n<title>Palco Ra\u00edzes e Ritmos valoriza diversidade cultural de Cama\u00e7ari e anima primeira noite do Festival de Arembepe 2026 - Compartilha Bahia<\/title>\n<meta name=\"robots\" content=\"index, follow, max-snippet:-1, max-image-preview:large, max-video-preview:-1\" \/>\n<link rel=\"canonical\" href=\"https:\/\/compartilhabahia.com.br\/index.php\/2026\/03\/14\/palco-raizes-e-ritmos-valoriza-diversidade-cultural-de-camacari-e-anima-primeira-noite-do-festival-de-arembepe-2026\/\" \/>\n<meta property=\"og:locale\" content=\"pt_BR\" \/>\n<meta property=\"og:type\" content=\"article\" \/>\n<meta property=\"og:title\" content=\"Palco Ra\u00edzes e Ritmos valoriza diversidade cultural de Cama\u00e7ari e anima primeira noite do Festival de Arembepe 2026 - Compartilha Bahia\" \/>\n<meta property=\"og:description\" content=\"O Palco Ra\u00edzes e Ritmos, montado na Pra\u00e7a Tia Deja (antiga dos Coqueiros), est\u00e1 sendo mais uma op\u00e7\u00e3o para quem curte o Festival de Arembepe 2026. Nesta sexta-feira (13), primeira noite de festa, o local atraiu o p\u00fablico, que acompanhou apresenta\u00e7\u00f5es marcadas pela diversidade musical e pela valoriza\u00e7\u00e3o das ra\u00edzes culturais de Cama\u00e7ari. O fomento [&hellip;]\" \/>\n<meta property=\"og:url\" content=\"https:\/\/compartilhabahia.com.br\/index.php\/2026\/03\/14\/palco-raizes-e-ritmos-valoriza-diversidade-cultural-de-camacari-e-anima-primeira-noite-do-festival-de-arembepe-2026\/\" \/>\n<meta property=\"og:site_name\" content=\"Compartilha Bahia\" \/>\n<meta property=\"article:publisher\" content=\"https:\/\/web.facebook.com\/compartilhabahia\" \/>\n<meta property=\"article:published_time\" content=\"2026-03-14T16:50:30+00:00\" \/>\n<meta property=\"article:modified_time\" content=\"2026-03-14T16:50:33+00:00\" \/>\n<meta property=\"og:image\" content=\"https:\/\/compartilhabahia.com.br\/wp-content\/uploads\/2026\/03\/reg.jpg\" \/>\n\t<meta property=\"og:image:width\" content=\"800\" \/>\n\t<meta property=\"og:image:height\" content=\"533\" \/>\n\t<meta property=\"og:image:type\" content=\"image\/jpeg\" \/>\n<meta name=\"author\" content=\"admin\" \/>\n<meta name=\"twitter:card\" content=\"summary_large_image\" \/>\n<meta name=\"twitter:label1\" content=\"Escrito por\" \/>\n\t<meta name=\"twitter:data1\" content=\"admin\" \/>\n\t<meta name=\"twitter:label2\" content=\"Est. tempo de leitura\" \/>\n\t<meta name=\"twitter:data2\" content=\"6 minutos\" \/>\n<script type=\"application\/ld+json\" class=\"yoast-schema-graph\">{\"@context\":\"https:\/\/schema.org\",\"@graph\":[{\"@type\":\"Article\",\"@id\":\"https:\/\/compartilhabahia.com.br\/index.php\/2026\/03\/14\/palco-raizes-e-ritmos-valoriza-diversidade-cultural-de-camacari-e-anima-primeira-noite-do-festival-de-arembepe-2026\/#article\",\"isPartOf\":{\"@id\":\"https:\/\/compartilhabahia.com.br\/index.php\/2026\/03\/14\/palco-raizes-e-ritmos-valoriza-diversidade-cultural-de-camacari-e-anima-primeira-noite-do-festival-de-arembepe-2026\/\"},\"author\":{\"name\":\"admin\",\"@id\":\"https:\/\/compartilhabahia.com.br\/#\/schema\/person\/9b4f0c3178793b8248d6686732521c04\"},\"headline\":\"Palco Ra\u00edzes e Ritmos valoriza diversidade cultural de Cama\u00e7ari e anima primeira noite do Festival de Arembepe 2026\",\"datePublished\":\"2026-03-14T16:50:30+00:00\",\"dateModified\":\"2026-03-14T16:50:33+00:00\",\"mainEntityOfPage\":{\"@id\":\"https:\/\/compartilhabahia.com.br\/index.php\/2026\/03\/14\/palco-raizes-e-ritmos-valoriza-diversidade-cultural-de-camacari-e-anima-primeira-noite-do-festival-de-arembepe-2026\/\"},\"wordCount\":944,\"commentCount\":0,\"publisher\":{\"@id\":\"https:\/\/compartilhabahia.com.br\/#organization\"},\"articleSection\":[\"Cama\u00e7ari\"],\"inLanguage\":\"pt-BR\",\"potentialAction\":[{\"@type\":\"CommentAction\",\"name\":\"Comment\",\"target\":[\"https:\/\/compartilhabahia.com.br\/index.php\/2026\/03\/14\/palco-raizes-e-ritmos-valoriza-diversidade-cultural-de-camacari-e-anima-primeira-noite-do-festival-de-arembepe-2026\/#respond\"]}]},{\"@type\":\"WebPage\",\"@id\":\"https:\/\/compartilhabahia.com.br\/index.php\/2026\/03\/14\/palco-raizes-e-ritmos-valoriza-diversidade-cultural-de-camacari-e-anima-primeira-noite-do-festival-de-arembepe-2026\/\",\"url\":\"https:\/\/compartilhabahia.com.br\/index.php\/2026\/03\/14\/palco-raizes-e-ritmos-valoriza-diversidade-cultural-de-camacari-e-anima-primeira-noite-do-festival-de-arembepe-2026\/\",\"name\":\"Palco Ra\u00edzes e Ritmos valoriza diversidade cultural de Cama\u00e7ari e anima primeira noite do Festival de Arembepe 2026 - Compartilha Bahia\",\"isPartOf\":{\"@id\":\"https:\/\/compartilhabahia.com.br\/#website\"},\"datePublished\":\"2026-03-14T16:50:30+00:00\",\"dateModified\":\"2026-03-14T16:50:33+00:00\",\"breadcrumb\":{\"@id\":\"https:\/\/compartilhabahia.com.br\/index.php\/2026\/03\/14\/palco-raizes-e-ritmos-valoriza-diversidade-cultural-de-camacari-e-anima-primeira-noite-do-festival-de-arembepe-2026\/#breadcrumb\"},\"inLanguage\":\"pt-BR\",\"potentialAction\":[{\"@type\":\"ReadAction\",\"target\":[\"https:\/\/compartilhabahia.com.br\/index.php\/2026\/03\/14\/palco-raizes-e-ritmos-valoriza-diversidade-cultural-de-camacari-e-anima-primeira-noite-do-festival-de-arembepe-2026\/\"]}]},{\"@type\":\"BreadcrumbList\",\"@id\":\"https:\/\/compartilhabahia.com.br\/index.php\/2026\/03\/14\/palco-raizes-e-ritmos-valoriza-diversidade-cultural-de-camacari-e-anima-primeira-noite-do-festival-de-arembepe-2026\/#breadcrumb\",\"itemListElement\":[{\"@type\":\"ListItem\",\"position\":1,\"name\":\"In\u00edcio\",\"item\":\"https:\/\/compartilhabahia.com.br\/\"},{\"@type\":\"ListItem\",\"position\":2,\"name\":\"Palco Ra\u00edzes e Ritmos valoriza diversidade cultural de Cama\u00e7ari e anima primeira noite do Festival de Arembepe 2026\"}]},{\"@type\":\"WebSite\",\"@id\":\"https:\/\/compartilhabahia.com.br\/#website\",\"url\":\"https:\/\/compartilhabahia.com.br\/\",\"name\":\"Compartilha Bahia\",\"description\":\"\",\"publisher\":{\"@id\":\"https:\/\/compartilhabahia.com.br\/#organization\"},\"potentialAction\":[{\"@type\":\"SearchAction\",\"target\":{\"@type\":\"EntryPoint\",\"urlTemplate\":\"https:\/\/compartilhabahia.com.br\/?s={search_term_string}\"},\"query-input\":\"required name=search_term_string\"}],\"inLanguage\":\"pt-BR\"},{\"@type\":\"Organization\",\"@id\":\"https:\/\/compartilhabahia.com.br\/#organization\",\"name\":\"Compartilha Bahia\",\"url\":\"https:\/\/compartilhabahia.com.br\/\",\"logo\":{\"@type\":\"ImageObject\",\"inLanguage\":\"pt-BR\",\"@id\":\"https:\/\/compartilhabahia.com.br\/#\/schema\/logo\/image\/\",\"url\":\"https:\/\/compartilhabahia.com.br\/wp-content\/uploads\/2023\/12\/cropped-logo.png\",\"contentUrl\":\"https:\/\/compartilhabahia.com.br\/wp-content\/uploads\/2023\/12\/cropped-logo.png\",\"width\":300,\"height\":106,\"caption\":\"Compartilha Bahia\"},\"image\":{\"@id\":\"https:\/\/compartilhabahia.com.br\/#\/schema\/logo\/image\/\"},\"sameAs\":[\"https:\/\/web.facebook.com\/compartilhabahia\",\"https:\/\/www.instagram.com\/compartilhabahia\/\"]},{\"@type\":\"Person\",\"@id\":\"https:\/\/compartilhabahia.com.br\/#\/schema\/person\/9b4f0c3178793b8248d6686732521c04\",\"name\":\"admin\",\"image\":{\"@type\":\"ImageObject\",\"inLanguage\":\"pt-BR\",\"@id\":\"https:\/\/compartilhabahia.com.br\/#\/schema\/person\/image\/\",\"url\":\"https:\/\/secure.gravatar.com\/avatar\/9600df58751c5acbe914c538c03390ef649ea088cb65f84ba09c7ce66988eed6?s=96&d=mm&r=g\",\"contentUrl\":\"https:\/\/secure.gravatar.com\/avatar\/9600df58751c5acbe914c538c03390ef649ea088cb65f84ba09c7ce66988eed6?s=96&d=mm&r=g\",\"caption\":\"admin\"},\"sameAs\":[\"https:\/\/compartilhabahia.com.br\"],\"url\":\"https:\/\/compartilhabahia.com.br\/index.php\/author\/compartilhabahia\/\"}]}<\/script>\n<!-- \/ Yoast SEO plugin. -->","yoast_head_json":{"title":"Palco Ra\u00edzes e Ritmos valoriza diversidade cultural de Cama\u00e7ari e anima primeira noite do Festival de Arembepe 2026 - Compartilha Bahia","robots":{"index":"index","follow":"follow","max-snippet":"max-snippet:-1","max-image-preview":"max-image-preview:large","max-video-preview":"max-video-preview:-1"},"canonical":"https:\/\/compartilhabahia.com.br\/index.php\/2026\/03\/14\/palco-raizes-e-ritmos-valoriza-diversidade-cultural-de-camacari-e-anima-primeira-noite-do-festival-de-arembepe-2026\/","og_locale":"pt_BR","og_type":"article","og_title":"Palco Ra\u00edzes e Ritmos valoriza diversidade cultural de Cama\u00e7ari e anima primeira noite do Festival de Arembepe 2026 - Compartilha Bahia","og_description":"O Palco Ra\u00edzes e Ritmos, montado na Pra\u00e7a Tia Deja (antiga dos Coqueiros), est\u00e1 sendo mais uma op\u00e7\u00e3o para quem curte o Festival de Arembepe 2026. Nesta sexta-feira (13), primeira noite de festa, o local atraiu o p\u00fablico, que acompanhou apresenta\u00e7\u00f5es marcadas pela diversidade musical e pela valoriza\u00e7\u00e3o das ra\u00edzes culturais de Cama\u00e7ari. O fomento [&hellip;]","og_url":"https:\/\/compartilhabahia.com.br\/index.php\/2026\/03\/14\/palco-raizes-e-ritmos-valoriza-diversidade-cultural-de-camacari-e-anima-primeira-noite-do-festival-de-arembepe-2026\/","og_site_name":"Compartilha Bahia","article_publisher":"https:\/\/web.facebook.com\/compartilhabahia","article_published_time":"2026-03-14T16:50:30+00:00","article_modified_time":"2026-03-14T16:50:33+00:00","og_image":[{"width":800,"height":533,"url":"https:\/\/compartilhabahia.com.br\/wp-content\/uploads\/2026\/03\/reg.jpg","type":"image\/jpeg"}],"author":"admin","twitter_card":"summary_large_image","twitter_misc":{"Escrito por":"admin","Est. tempo de leitura":"6 minutos"},"schema":{"@context":"https:\/\/schema.org","@graph":[{"@type":"Article","@id":"https:\/\/compartilhabahia.com.br\/index.php\/2026\/03\/14\/palco-raizes-e-ritmos-valoriza-diversidade-cultural-de-camacari-e-anima-primeira-noite-do-festival-de-arembepe-2026\/#article","isPartOf":{"@id":"https:\/\/compartilhabahia.com.br\/index.php\/2026\/03\/14\/palco-raizes-e-ritmos-valoriza-diversidade-cultural-de-camacari-e-anima-primeira-noite-do-festival-de-arembepe-2026\/"},"author":{"name":"admin","@id":"https:\/\/compartilhabahia.com.br\/#\/schema\/person\/9b4f0c3178793b8248d6686732521c04"},"headline":"Palco Ra\u00edzes e Ritmos valoriza diversidade cultural de Cama\u00e7ari e anima primeira noite do Festival de Arembepe 2026","datePublished":"2026-03-14T16:50:30+00:00","dateModified":"2026-03-14T16:50:33+00:00","mainEntityOfPage":{"@id":"https:\/\/compartilhabahia.com.br\/index.php\/2026\/03\/14\/palco-raizes-e-ritmos-valoriza-diversidade-cultural-de-camacari-e-anima-primeira-noite-do-festival-de-arembepe-2026\/"},"wordCount":944,"commentCount":0,"publisher":{"@id":"https:\/\/compartilhabahia.com.br\/#organization"},"articleSection":["Cama\u00e7ari"],"inLanguage":"pt-BR","potentialAction":[{"@type":"CommentAction","name":"Comment","target":["https:\/\/compartilhabahia.com.br\/index.php\/2026\/03\/14\/palco-raizes-e-ritmos-valoriza-diversidade-cultural-de-camacari-e-anima-primeira-noite-do-festival-de-arembepe-2026\/#respond"]}]},{"@type":"WebPage","@id":"https:\/\/compartilhabahia.com.br\/index.php\/2026\/03\/14\/palco-raizes-e-ritmos-valoriza-diversidade-cultural-de-camacari-e-anima-primeira-noite-do-festival-de-arembepe-2026\/","url":"https:\/\/compartilhabahia.com.br\/index.php\/2026\/03\/14\/palco-raizes-e-ritmos-valoriza-diversidade-cultural-de-camacari-e-anima-primeira-noite-do-festival-de-arembepe-2026\/","name":"Palco Ra\u00edzes e Ritmos valoriza diversidade cultural de Cama\u00e7ari e anima primeira noite do Festival de Arembepe 2026 - Compartilha Bahia","isPartOf":{"@id":"https:\/\/compartilhabahia.com.br\/#website"},"datePublished":"2026-03-14T16:50:30+00:00","dateModified":"2026-03-14T16:50:33+00:00","breadcrumb":{"@id":"https:\/\/compartilhabahia.com.br\/index.php\/2026\/03\/14\/palco-raizes-e-ritmos-valoriza-diversidade-cultural-de-camacari-e-anima-primeira-noite-do-festival-de-arembepe-2026\/#breadcrumb"},"inLanguage":"pt-BR","potentialAction":[{"@type":"ReadAction","target":["https:\/\/compartilhabahia.com.br\/index.php\/2026\/03\/14\/palco-raizes-e-ritmos-valoriza-diversidade-cultural-de-camacari-e-anima-primeira-noite-do-festival-de-arembepe-2026\/"]}]},{"@type":"BreadcrumbList","@id":"https:\/\/compartilhabahia.com.br\/index.php\/2026\/03\/14\/palco-raizes-e-ritmos-valoriza-diversidade-cultural-de-camacari-e-anima-primeira-noite-do-festival-de-arembepe-2026\/#breadcrumb","itemListElement":[{"@type":"ListItem","position":1,"name":"In\u00edcio","item":"https:\/\/compartilhabahia.com.br\/"},{"@type":"ListItem","position":2,"name":"Palco Ra\u00edzes e Ritmos valoriza diversidade cultural de Cama\u00e7ari e anima primeira noite do Festival de Arembepe 2026"}]},{"@type":"WebSite","@id":"https:\/\/compartilhabahia.com.br\/#website","url":"https:\/\/compartilhabahia.com.br\/","name":"Compartilha Bahia","description":"","publisher":{"@id":"https:\/\/compartilhabahia.com.br\/#organization"},"potentialAction":[{"@type":"SearchAction","target":{"@type":"EntryPoint","urlTemplate":"https:\/\/compartilhabahia.com.br\/?s={search_term_string}"},"query-input":"required name=search_term_string"}],"inLanguage":"pt-BR"},{"@type":"Organization","@id":"https:\/\/compartilhabahia.com.br\/#organization","name":"Compartilha Bahia","url":"https:\/\/compartilhabahia.com.br\/","logo":{"@type":"ImageObject","inLanguage":"pt-BR","@id":"https:\/\/compartilhabahia.com.br\/#\/schema\/logo\/image\/","url":"https:\/\/compartilhabahia.com.br\/wp-content\/uploads\/2023\/12\/cropped-logo.png","contentUrl":"https:\/\/compartilhabahia.com.br\/wp-content\/uploads\/2023\/12\/cropped-logo.png","width":300,"height":106,"caption":"Compartilha Bahia"},"image":{"@id":"https:\/\/compartilhabahia.com.br\/#\/schema\/logo\/image\/"},"sameAs":["https:\/\/web.facebook.com\/compartilhabahia","https:\/\/www.instagram.com\/compartilhabahia\/"]},{"@type":"Person","@id":"https:\/\/compartilhabahia.com.br\/#\/schema\/person\/9b4f0c3178793b8248d6686732521c04","name":"admin","image":{"@type":"ImageObject","inLanguage":"pt-BR","@id":"https:\/\/compartilhabahia.com.br\/#\/schema\/person\/image\/","url":"https:\/\/secure.gravatar.com\/avatar\/9600df58751c5acbe914c538c03390ef649ea088cb65f84ba09c7ce66988eed6?s=96&d=mm&r=g","contentUrl":"https:\/\/secure.gravatar.com\/avatar\/9600df58751c5acbe914c538c03390ef649ea088cb65f84ba09c7ce66988eed6?s=96&d=mm&r=g","caption":"admin"},"sameAs":["https:\/\/compartilhabahia.com.br"],"url":"https:\/\/compartilhabahia.com.br\/index.php\/author\/compartilhabahia\/"}]}},"_links":{"self":[{"href":"https:\/\/compartilhabahia.com.br\/index.php\/wp-json\/wp\/v2\/posts\/9383","targetHints":{"allow":["GET"]}}],"collection":[{"href":"https:\/\/compartilhabahia.com.br\/index.php\/wp-json\/wp\/v2\/posts"}],"about":[{"href":"https:\/\/compartilhabahia.com.br\/index.php\/wp-json\/wp\/v2\/types\/post"}],"author":[{"embeddable":true,"href":"https:\/\/compartilhabahia.com.br\/index.php\/wp-json\/wp\/v2\/users\/1"}],"replies":[{"embeddable":true,"href":"https:\/\/compartilhabahia.com.br\/index.php\/wp-json\/wp\/v2\/comments?post=9383"}],"version-history":[{"count":1,"href":"https:\/\/compartilhabahia.com.br\/index.php\/wp-json\/wp\/v2\/posts\/9383\/revisions"}],"predecessor-version":[{"id":9386,"href":"https:\/\/compartilhabahia.com.br\/index.php\/wp-json\/wp\/v2\/posts\/9383\/revisions\/9386"}],"wp:featuredmedia":[{"embeddable":true,"href":"https:\/\/compartilhabahia.com.br\/index.php\/wp-json\/wp\/v2\/media\/9384"}],"wp:attachment":[{"href":"https:\/\/compartilhabahia.com.br\/index.php\/wp-json\/wp\/v2\/media?parent=9383"}],"wp:term":[{"taxonomy":"category","embeddable":true,"href":"https:\/\/compartilhabahia.com.br\/index.php\/wp-json\/wp\/v2\/categories?post=9383"},{"taxonomy":"post_tag","embeddable":true,"href":"https:\/\/compartilhabahia.com.br\/index.php\/wp-json\/wp\/v2\/tags?post=9383"}],"curies":[{"name":"wp","href":"https:\/\/api.w.org\/{rel}","templated":true}]}}