{"id":9380,"date":"2026-03-14T13:47:48","date_gmt":"2026-03-14T16:47:48","guid":{"rendered":"https:\/\/compartilhabahia.com.br\/?p=9380"},"modified":"2026-03-14T13:47:50","modified_gmt":"2026-03-14T16:47:50","slug":"primeira-noite-do-festival-de-arembepe-reune-grandes-atracoes-na-arena-principal","status":"publish","type":"post","link":"https:\/\/compartilhabahia.com.br\/index.php\/2026\/03\/14\/primeira-noite-do-festival-de-arembepe-reune-grandes-atracoes-na-arena-principal\/","title":{"rendered":"Primeira noite do Festival de Arembepe re\u00fane grandes atra\u00e7\u00f5es na Arena Principal"},"content":{"rendered":"\n<p>O primeiro dia de apresenta\u00e7\u00f5es na Arena Principal do Festival de Arembepe 2026 mostrou que a festa mais tradicional da orla de Cama\u00e7ari come\u00e7ou em grande estilo. Sob as luzes do Palco Katita, grandes nomes da m\u00fasica brasileira e artistas da regi\u00e3o, transformaram a noite em um encontro de ritmos, energia e celebra\u00e7\u00e3o, reunindo moradores, visitantes e turistas em uma atmosfera vibrante.<\/p>\n\n\n\n<p>O prefeito Luiz Caetano falou sobre o significado do festival para a cidade e para quem escolheu Arembepe para celebrar. \u201c\u00c9 uma alegria enorme ver o povo reunido. O Festival de Arembepe \u00e9 parte da identidade de Cama\u00e7ari e foi preparado com muito carinho para moradores e visitantes\u201d, afirmou.<\/p>\n\n\n\n<p>Quem abriu a sequ\u00eancia de shows na arena principal foi a banda Chegue Mais, trazendo como convidado especial o cantor Nego L\u00e9o. Na sequ\u00eancia, o pagode baiano da banda Diumbanda assumiu o palco e manteve o p\u00fablico em movimento. O vocalista Zacarias Higino de Jesus celebrou a recep\u00e7\u00e3o calorosa. \u201cCantar em Arembepe \u00e9 especial demais. A energia do p\u00fablico \u00e9 diferente, a galera vem para curtir de verdade\u201d, comentou.<\/p>\n\n\n\n<p>A terceira atra\u00e7\u00e3o da noite trouxe romantismo e pot\u00eancia ao palco. O cantor pernambucano Jo\u00e3o Gomes embalou cora\u00e7\u00f5es apaixonados com sucessos do piseiro, fazendo o p\u00fablico cantar junto e transformar a arena em um grande coro coletivo.<\/p>\n\n\n\n<p>A anima\u00e7\u00e3o seguiu em alta com a banda soteropolitana Filhos de Jorge. \u201cQuando a gente sobe nesse palco e v\u00ea essa multid\u00e3o cantando e dan\u00e7ando, entende porque esse festival \u00e9 t\u00e3o especial\u201d, compartilhou Arthur Ramos, um dos vocalistas da banda.<\/p>\n\n\n\n<p>Encerrando a primeira noite, a banda Guig Ghetto levou para o palco o balan\u00e7o do pagode e da swingueira baiana. O vocalista Falc\u00e3o, n\u00e3o deixou ningu\u00e9m parado. \u201cEssa festa \u00e9 uma das mais tradicionais da Bahia. Temos uma hist\u00f3ria com o festival, fizemos bloco nos anos anteriores e esse ano estreamos, com grande alegria, no palco principal\u201d, celebrou.<\/p>\n\n\n\n<p>No meio da multid\u00e3o, o sentimento era de entusiasmo. Moradores da sede de Cama\u00e7ari, o casal Rose Sousa, 41 anos, e John Silva, 37 anos, acompanham o festival todos os anos. \u201cArembepe fica ainda mais especial nesses dias, eu amo esse lugar, essa festa, e esse ano ela est\u00e1 mais linda ainda. Tudo perfeito\u201d, opinou Rose.<\/p>\n\n\n\n<p>J\u00e1 Ana Paula Villar, 44 anos, veio de S\u00e3o Paulo para aproveitar a programa\u00e7\u00e3o ao lado da filha e do esposo. \u201cPrimeira vez na cidade e j\u00e1 vim para vivenciar essa festa. M\u00fasica boa, gente animada e um lugar incr\u00edvel. At\u00e9 domingo, ficaremos aqui, curtindo\u201d, avaliou.<\/p>\n\n\n\n<p>A coordenadora de Eventos, Aline Marques, falou sobre o resultado da primeira noite. \u201cPlanejamos cada detalhe com muita aten\u00e7\u00e3o para garantir conforto e uma programa\u00e7\u00e3o que contemplasse tanto artistas nacionais quanto artistas que est\u00e3o perto de n\u00f3s. Arembepe tem essa energia de consagrar artistas, quem \u00e9 grande hoje, um dia foi pequeno, e o festival d\u00e1 essa oportunidade aos talentos locais que est\u00e3o abrilhantando a arena principal. Esperamos reunir cerca de cem mil pessoas por dia, ao longo de todo evento, que ainda inclui os blocos de rua e o palco Ra\u00edzes e Ritmos\u201d, comemorou.<\/p>\n\n\n\n<p>Realizado pela Prefeitura de Cama\u00e7ari, por meio da Secretaria de Governo (Segov), atrav\u00e9s da Coordena\u00e7\u00e3o de Eventos, o Festival de Arembepe 2026 conta com o apoio das demais secretarias e institui\u00e7\u00f5es municipais. A programa\u00e7\u00e3o no Palco Katita segue at\u00e9 o domingo (15), mantendo viva a tradi\u00e7\u00e3o que transforma Arembepe em um grande palco de m\u00fasica, cultura e encontro de pessoas.<\/p>\n\n\n\n<p>Veja, a seguir, as atra\u00e7\u00f5es para os pr\u00f3ximos dias na arena principal:<\/p>\n\n\n\n<p>S\u00e1bado (14)<br>Palco Katita \u2013 a partir das 19h30<br>C\u00e1ssio Calmon convida Nilton Spirro<br>Neide Bassan<br>Priscila Senna<br>Renatinho da Bahia convida Xex\u00e9u<br>Tony Salles<\/p>\n\n\n\n<p>Domingo (15)<br>Palco Katita &#8211; a partir das 19h30<br>Simpa convida Everton Cardoso<br>Fantasm\u00e3o<br>Maneva<br>Tayrone<\/p>\n\n\n\n<p>Foto: Patrick Abreu e P10<\/p>\n","protected":false},"excerpt":{"rendered":"<p>O primeiro dia de apresenta\u00e7\u00f5es na Arena Principal do Festival de Arembepe 2026 mostrou que a festa mais tradicional da orla de Cama\u00e7ari come\u00e7ou em grande estilo. Sob as luzes do Palco Katita, grandes nomes da m\u00fasica brasileira e artistas da regi\u00e3o, transformaram a noite em um encontro de ritmos, energia e celebra\u00e7\u00e3o, reunindo moradores, [&hellip;]<\/p>\n","protected":false},"author":1,"featured_media":9381,"comment_status":"open","ping_status":"open","sticky":false,"template":"","format":"standard","meta":{"footnotes":""},"categories":[8],"tags":[],"class_list":["post-9380","post","type-post","status-publish","format-standard","has-post-thumbnail","hentry","category-camacari"],"yoast_head":"<!-- This site is optimized with the Yoast SEO plugin v21.7 - https:\/\/yoast.com\/wordpress\/plugins\/seo\/ -->\n<title>Primeira noite do Festival de Arembepe re\u00fane grandes atra\u00e7\u00f5es na Arena Principal - Compartilha Bahia<\/title>\n<meta name=\"robots\" content=\"index, follow, max-snippet:-1, max-image-preview:large, max-video-preview:-1\" \/>\n<link rel=\"canonical\" href=\"https:\/\/compartilhabahia.com.br\/index.php\/2026\/03\/14\/primeira-noite-do-festival-de-arembepe-reune-grandes-atracoes-na-arena-principal\/\" \/>\n<meta property=\"og:locale\" content=\"pt_BR\" \/>\n<meta property=\"og:type\" content=\"article\" \/>\n<meta property=\"og:title\" content=\"Primeira noite do Festival de Arembepe re\u00fane grandes atra\u00e7\u00f5es na Arena Principal - Compartilha Bahia\" \/>\n<meta property=\"og:description\" content=\"O primeiro dia de apresenta\u00e7\u00f5es na Arena Principal do Festival de Arembepe 2026 mostrou que a festa mais tradicional da orla de Cama\u00e7ari come\u00e7ou em grande estilo. Sob as luzes do Palco Katita, grandes nomes da m\u00fasica brasileira e artistas da regi\u00e3o, transformaram a noite em um encontro de ritmos, energia e celebra\u00e7\u00e3o, reunindo moradores, [&hellip;]\" \/>\n<meta property=\"og:url\" content=\"https:\/\/compartilhabahia.com.br\/index.php\/2026\/03\/14\/primeira-noite-do-festival-de-arembepe-reune-grandes-atracoes-na-arena-principal\/\" \/>\n<meta property=\"og:site_name\" content=\"Compartilha Bahia\" \/>\n<meta property=\"article:publisher\" content=\"https:\/\/web.facebook.com\/compartilhabahia\" \/>\n<meta property=\"article:published_time\" content=\"2026-03-14T16:47:48+00:00\" \/>\n<meta property=\"article:modified_time\" content=\"2026-03-14T16:47:50+00:00\" \/>\n<meta property=\"og:image\" content=\"https:\/\/compartilhabahia.com.br\/wp-content\/uploads\/2026\/03\/festa2026.jpg\" \/>\n\t<meta property=\"og:image:width\" content=\"800\" \/>\n\t<meta property=\"og:image:height\" content=\"533\" \/>\n\t<meta property=\"og:image:type\" content=\"image\/jpeg\" \/>\n<meta name=\"author\" content=\"admin\" \/>\n<meta name=\"twitter:card\" content=\"summary_large_image\" \/>\n<meta name=\"twitter:label1\" content=\"Escrito por\" \/>\n\t<meta name=\"twitter:data1\" content=\"admin\" \/>\n\t<meta name=\"twitter:label2\" content=\"Est. tempo de leitura\" \/>\n\t<meta name=\"twitter:data2\" content=\"4 minutos\" \/>\n<script type=\"application\/ld+json\" class=\"yoast-schema-graph\">{\"@context\":\"https:\/\/schema.org\",\"@graph\":[{\"@type\":\"Article\",\"@id\":\"https:\/\/compartilhabahia.com.br\/index.php\/2026\/03\/14\/primeira-noite-do-festival-de-arembepe-reune-grandes-atracoes-na-arena-principal\/#article\",\"isPartOf\":{\"@id\":\"https:\/\/compartilhabahia.com.br\/index.php\/2026\/03\/14\/primeira-noite-do-festival-de-arembepe-reune-grandes-atracoes-na-arena-principal\/\"},\"author\":{\"name\":\"admin\",\"@id\":\"https:\/\/compartilhabahia.com.br\/#\/schema\/person\/9b4f0c3178793b8248d6686732521c04\"},\"headline\":\"Primeira noite do Festival de Arembepe re\u00fane grandes atra\u00e7\u00f5es na Arena Principal\",\"datePublished\":\"2026-03-14T16:47:48+00:00\",\"dateModified\":\"2026-03-14T16:47:50+00:00\",\"mainEntityOfPage\":{\"@id\":\"https:\/\/compartilhabahia.com.br\/index.php\/2026\/03\/14\/primeira-noite-do-festival-de-arembepe-reune-grandes-atracoes-na-arena-principal\/\"},\"wordCount\":673,\"commentCount\":0,\"publisher\":{\"@id\":\"https:\/\/compartilhabahia.com.br\/#organization\"},\"articleSection\":[\"Cama\u00e7ari\"],\"inLanguage\":\"pt-BR\",\"potentialAction\":[{\"@type\":\"CommentAction\",\"name\":\"Comment\",\"target\":[\"https:\/\/compartilhabahia.com.br\/index.php\/2026\/03\/14\/primeira-noite-do-festival-de-arembepe-reune-grandes-atracoes-na-arena-principal\/#respond\"]}]},{\"@type\":\"WebPage\",\"@id\":\"https:\/\/compartilhabahia.com.br\/index.php\/2026\/03\/14\/primeira-noite-do-festival-de-arembepe-reune-grandes-atracoes-na-arena-principal\/\",\"url\":\"https:\/\/compartilhabahia.com.br\/index.php\/2026\/03\/14\/primeira-noite-do-festival-de-arembepe-reune-grandes-atracoes-na-arena-principal\/\",\"name\":\"Primeira noite do Festival de Arembepe re\u00fane grandes atra\u00e7\u00f5es na Arena Principal - Compartilha Bahia\",\"isPartOf\":{\"@id\":\"https:\/\/compartilhabahia.com.br\/#website\"},\"datePublished\":\"2026-03-14T16:47:48+00:00\",\"dateModified\":\"2026-03-14T16:47:50+00:00\",\"breadcrumb\":{\"@id\":\"https:\/\/compartilhabahia.com.br\/index.php\/2026\/03\/14\/primeira-noite-do-festival-de-arembepe-reune-grandes-atracoes-na-arena-principal\/#breadcrumb\"},\"inLanguage\":\"pt-BR\",\"potentialAction\":[{\"@type\":\"ReadAction\",\"target\":[\"https:\/\/compartilhabahia.com.br\/index.php\/2026\/03\/14\/primeira-noite-do-festival-de-arembepe-reune-grandes-atracoes-na-arena-principal\/\"]}]},{\"@type\":\"BreadcrumbList\",\"@id\":\"https:\/\/compartilhabahia.com.br\/index.php\/2026\/03\/14\/primeira-noite-do-festival-de-arembepe-reune-grandes-atracoes-na-arena-principal\/#breadcrumb\",\"itemListElement\":[{\"@type\":\"ListItem\",\"position\":1,\"name\":\"In\u00edcio\",\"item\":\"https:\/\/compartilhabahia.com.br\/\"},{\"@type\":\"ListItem\",\"position\":2,\"name\":\"Primeira noite do Festival de Arembepe re\u00fane grandes atra\u00e7\u00f5es na Arena Principal\"}]},{\"@type\":\"WebSite\",\"@id\":\"https:\/\/compartilhabahia.com.br\/#website\",\"url\":\"https:\/\/compartilhabahia.com.br\/\",\"name\":\"Compartilha Bahia\",\"description\":\"\",\"publisher\":{\"@id\":\"https:\/\/compartilhabahia.com.br\/#organization\"},\"potentialAction\":[{\"@type\":\"SearchAction\",\"target\":{\"@type\":\"EntryPoint\",\"urlTemplate\":\"https:\/\/compartilhabahia.com.br\/?s={search_term_string}\"},\"query-input\":\"required name=search_term_string\"}],\"inLanguage\":\"pt-BR\"},{\"@type\":\"Organization\",\"@id\":\"https:\/\/compartilhabahia.com.br\/#organization\",\"name\":\"Compartilha Bahia\",\"url\":\"https:\/\/compartilhabahia.com.br\/\",\"logo\":{\"@type\":\"ImageObject\",\"inLanguage\":\"pt-BR\",\"@id\":\"https:\/\/compartilhabahia.com.br\/#\/schema\/logo\/image\/\",\"url\":\"https:\/\/compartilhabahia.com.br\/wp-content\/uploads\/2023\/12\/cropped-logo.png\",\"contentUrl\":\"https:\/\/compartilhabahia.com.br\/wp-content\/uploads\/2023\/12\/cropped-logo.png\",\"width\":300,\"height\":106,\"caption\":\"Compartilha Bahia\"},\"image\":{\"@id\":\"https:\/\/compartilhabahia.com.br\/#\/schema\/logo\/image\/\"},\"sameAs\":[\"https:\/\/web.facebook.com\/compartilhabahia\",\"https:\/\/www.instagram.com\/compartilhabahia\/\"]},{\"@type\":\"Person\",\"@id\":\"https:\/\/compartilhabahia.com.br\/#\/schema\/person\/9b4f0c3178793b8248d6686732521c04\",\"name\":\"admin\",\"image\":{\"@type\":\"ImageObject\",\"inLanguage\":\"pt-BR\",\"@id\":\"https:\/\/compartilhabahia.com.br\/#\/schema\/person\/image\/\",\"url\":\"https:\/\/secure.gravatar.com\/avatar\/9600df58751c5acbe914c538c03390ef649ea088cb65f84ba09c7ce66988eed6?s=96&d=mm&r=g\",\"contentUrl\":\"https:\/\/secure.gravatar.com\/avatar\/9600df58751c5acbe914c538c03390ef649ea088cb65f84ba09c7ce66988eed6?s=96&d=mm&r=g\",\"caption\":\"admin\"},\"sameAs\":[\"https:\/\/compartilhabahia.com.br\"],\"url\":\"https:\/\/compartilhabahia.com.br\/index.php\/author\/compartilhabahia\/\"}]}<\/script>\n<!-- \/ Yoast SEO plugin. -->","yoast_head_json":{"title":"Primeira noite do Festival de Arembepe re\u00fane grandes atra\u00e7\u00f5es na Arena Principal - Compartilha Bahia","robots":{"index":"index","follow":"follow","max-snippet":"max-snippet:-1","max-image-preview":"max-image-preview:large","max-video-preview":"max-video-preview:-1"},"canonical":"https:\/\/compartilhabahia.com.br\/index.php\/2026\/03\/14\/primeira-noite-do-festival-de-arembepe-reune-grandes-atracoes-na-arena-principal\/","og_locale":"pt_BR","og_type":"article","og_title":"Primeira noite do Festival de Arembepe re\u00fane grandes atra\u00e7\u00f5es na Arena Principal - Compartilha Bahia","og_description":"O primeiro dia de apresenta\u00e7\u00f5es na Arena Principal do Festival de Arembepe 2026 mostrou que a festa mais tradicional da orla de Cama\u00e7ari come\u00e7ou em grande estilo. Sob as luzes do Palco Katita, grandes nomes da m\u00fasica brasileira e artistas da regi\u00e3o, transformaram a noite em um encontro de ritmos, energia e celebra\u00e7\u00e3o, reunindo moradores, [&hellip;]","og_url":"https:\/\/compartilhabahia.com.br\/index.php\/2026\/03\/14\/primeira-noite-do-festival-de-arembepe-reune-grandes-atracoes-na-arena-principal\/","og_site_name":"Compartilha Bahia","article_publisher":"https:\/\/web.facebook.com\/compartilhabahia","article_published_time":"2026-03-14T16:47:48+00:00","article_modified_time":"2026-03-14T16:47:50+00:00","og_image":[{"width":800,"height":533,"url":"https:\/\/compartilhabahia.com.br\/wp-content\/uploads\/2026\/03\/festa2026.jpg","type":"image\/jpeg"}],"author":"admin","twitter_card":"summary_large_image","twitter_misc":{"Escrito por":"admin","Est. tempo de leitura":"4 minutos"},"schema":{"@context":"https:\/\/schema.org","@graph":[{"@type":"Article","@id":"https:\/\/compartilhabahia.com.br\/index.php\/2026\/03\/14\/primeira-noite-do-festival-de-arembepe-reune-grandes-atracoes-na-arena-principal\/#article","isPartOf":{"@id":"https:\/\/compartilhabahia.com.br\/index.php\/2026\/03\/14\/primeira-noite-do-festival-de-arembepe-reune-grandes-atracoes-na-arena-principal\/"},"author":{"name":"admin","@id":"https:\/\/compartilhabahia.com.br\/#\/schema\/person\/9b4f0c3178793b8248d6686732521c04"},"headline":"Primeira noite do Festival de Arembepe re\u00fane grandes atra\u00e7\u00f5es na Arena Principal","datePublished":"2026-03-14T16:47:48+00:00","dateModified":"2026-03-14T16:47:50+00:00","mainEntityOfPage":{"@id":"https:\/\/compartilhabahia.com.br\/index.php\/2026\/03\/14\/primeira-noite-do-festival-de-arembepe-reune-grandes-atracoes-na-arena-principal\/"},"wordCount":673,"commentCount":0,"publisher":{"@id":"https:\/\/compartilhabahia.com.br\/#organization"},"articleSection":["Cama\u00e7ari"],"inLanguage":"pt-BR","potentialAction":[{"@type":"CommentAction","name":"Comment","target":["https:\/\/compartilhabahia.com.br\/index.php\/2026\/03\/14\/primeira-noite-do-festival-de-arembepe-reune-grandes-atracoes-na-arena-principal\/#respond"]}]},{"@type":"WebPage","@id":"https:\/\/compartilhabahia.com.br\/index.php\/2026\/03\/14\/primeira-noite-do-festival-de-arembepe-reune-grandes-atracoes-na-arena-principal\/","url":"https:\/\/compartilhabahia.com.br\/index.php\/2026\/03\/14\/primeira-noite-do-festival-de-arembepe-reune-grandes-atracoes-na-arena-principal\/","name":"Primeira noite do Festival de Arembepe re\u00fane grandes atra\u00e7\u00f5es na Arena Principal - Compartilha Bahia","isPartOf":{"@id":"https:\/\/compartilhabahia.com.br\/#website"},"datePublished":"2026-03-14T16:47:48+00:00","dateModified":"2026-03-14T16:47:50+00:00","breadcrumb":{"@id":"https:\/\/compartilhabahia.com.br\/index.php\/2026\/03\/14\/primeira-noite-do-festival-de-arembepe-reune-grandes-atracoes-na-arena-principal\/#breadcrumb"},"inLanguage":"pt-BR","potentialAction":[{"@type":"ReadAction","target":["https:\/\/compartilhabahia.com.br\/index.php\/2026\/03\/14\/primeira-noite-do-festival-de-arembepe-reune-grandes-atracoes-na-arena-principal\/"]}]},{"@type":"BreadcrumbList","@id":"https:\/\/compartilhabahia.com.br\/index.php\/2026\/03\/14\/primeira-noite-do-festival-de-arembepe-reune-grandes-atracoes-na-arena-principal\/#breadcrumb","itemListElement":[{"@type":"ListItem","position":1,"name":"In\u00edcio","item":"https:\/\/compartilhabahia.com.br\/"},{"@type":"ListItem","position":2,"name":"Primeira noite do Festival de Arembepe re\u00fane grandes atra\u00e7\u00f5es na Arena Principal"}]},{"@type":"WebSite","@id":"https:\/\/compartilhabahia.com.br\/#website","url":"https:\/\/compartilhabahia.com.br\/","name":"Compartilha Bahia","description":"","publisher":{"@id":"https:\/\/compartilhabahia.com.br\/#organization"},"potentialAction":[{"@type":"SearchAction","target":{"@type":"EntryPoint","urlTemplate":"https:\/\/compartilhabahia.com.br\/?s={search_term_string}"},"query-input":"required name=search_term_string"}],"inLanguage":"pt-BR"},{"@type":"Organization","@id":"https:\/\/compartilhabahia.com.br\/#organization","name":"Compartilha Bahia","url":"https:\/\/compartilhabahia.com.br\/","logo":{"@type":"ImageObject","inLanguage":"pt-BR","@id":"https:\/\/compartilhabahia.com.br\/#\/schema\/logo\/image\/","url":"https:\/\/compartilhabahia.com.br\/wp-content\/uploads\/2023\/12\/cropped-logo.png","contentUrl":"https:\/\/compartilhabahia.com.br\/wp-content\/uploads\/2023\/12\/cropped-logo.png","width":300,"height":106,"caption":"Compartilha Bahia"},"image":{"@id":"https:\/\/compartilhabahia.com.br\/#\/schema\/logo\/image\/"},"sameAs":["https:\/\/web.facebook.com\/compartilhabahia","https:\/\/www.instagram.com\/compartilhabahia\/"]},{"@type":"Person","@id":"https:\/\/compartilhabahia.com.br\/#\/schema\/person\/9b4f0c3178793b8248d6686732521c04","name":"admin","image":{"@type":"ImageObject","inLanguage":"pt-BR","@id":"https:\/\/compartilhabahia.com.br\/#\/schema\/person\/image\/","url":"https:\/\/secure.gravatar.com\/avatar\/9600df58751c5acbe914c538c03390ef649ea088cb65f84ba09c7ce66988eed6?s=96&d=mm&r=g","contentUrl":"https:\/\/secure.gravatar.com\/avatar\/9600df58751c5acbe914c538c03390ef649ea088cb65f84ba09c7ce66988eed6?s=96&d=mm&r=g","caption":"admin"},"sameAs":["https:\/\/compartilhabahia.com.br"],"url":"https:\/\/compartilhabahia.com.br\/index.php\/author\/compartilhabahia\/"}]}},"_links":{"self":[{"href":"https:\/\/compartilhabahia.com.br\/index.php\/wp-json\/wp\/v2\/posts\/9380","targetHints":{"allow":["GET"]}}],"collection":[{"href":"https:\/\/compartilhabahia.com.br\/index.php\/wp-json\/wp\/v2\/posts"}],"about":[{"href":"https:\/\/compartilhabahia.com.br\/index.php\/wp-json\/wp\/v2\/types\/post"}],"author":[{"embeddable":true,"href":"https:\/\/compartilhabahia.com.br\/index.php\/wp-json\/wp\/v2\/users\/1"}],"replies":[{"embeddable":true,"href":"https:\/\/compartilhabahia.com.br\/index.php\/wp-json\/wp\/v2\/comments?post=9380"}],"version-history":[{"count":1,"href":"https:\/\/compartilhabahia.com.br\/index.php\/wp-json\/wp\/v2\/posts\/9380\/revisions"}],"predecessor-version":[{"id":9382,"href":"https:\/\/compartilhabahia.com.br\/index.php\/wp-json\/wp\/v2\/posts\/9380\/revisions\/9382"}],"wp:featuredmedia":[{"embeddable":true,"href":"https:\/\/compartilhabahia.com.br\/index.php\/wp-json\/wp\/v2\/media\/9381"}],"wp:attachment":[{"href":"https:\/\/compartilhabahia.com.br\/index.php\/wp-json\/wp\/v2\/media?parent=9380"}],"wp:term":[{"taxonomy":"category","embeddable":true,"href":"https:\/\/compartilhabahia.com.br\/index.php\/wp-json\/wp\/v2\/categories?post=9380"},{"taxonomy":"post_tag","embeddable":true,"href":"https:\/\/compartilhabahia.com.br\/index.php\/wp-json\/wp\/v2\/tags?post=9380"}],"curies":[{"name":"wp","href":"https:\/\/api.w.org\/{rel}","templated":true}]}}