{"id":9372,"date":"2026-03-13T21:46:03","date_gmt":"2026-03-14T00:46:03","guid":{"rendered":"https:\/\/compartilhabahia.com.br\/?p=9372"},"modified":"2026-03-13T21:46:06","modified_gmt":"2026-03-14T00:46:06","slug":"camacari-recebe-quase-r-40-milhoes-para-construcao-de-novas-unidades-de-saude","status":"publish","type":"post","link":"https:\/\/compartilhabahia.com.br\/index.php\/2026\/03\/13\/camacari-recebe-quase-r-40-milhoes-para-construcao-de-novas-unidades-de-saude\/","title":{"rendered":"Cama\u00e7ari recebe quase R$ 40 milh\u00f5es para constru\u00e7\u00e3o de novas unidades de sa\u00fade"},"content":{"rendered":"\n<p>Durante agenda em Cama\u00e7ari nesta sexta-feira (13), o governador Jer\u00f4nimo Rodrigues, ao lado do ministro da Casa Civil, Rui Costa, do senador Jaques Wagner, e do prefeito Luiz Caetano, autorizou um pacote de quase R$ 40 milh\u00f5es em investimentos destinados \u00e0 constru\u00e7\u00e3o de novas unidades de sa\u00fade no munic\u00edpio.<\/p>\n\n\n\n<p>Foram assinadas a ordem de servi\u00e7o para a constru\u00e7\u00e3o da Unidade de Pronto Atendimento (UPA) Tipo II de Monte Gordo e as autoriza\u00e7\u00f5es para abertura de licita\u00e7\u00f5es destinadas \u00e0 constru\u00e7\u00e3o do Centro Especializado em Reabilita\u00e7\u00e3o (CER) Tipo IV, de tr\u00eas unidades B\u00e1sicas de Sa\u00fade (UBSs), nos bairros Jardim Limoeiro e Massaranduba, na sede, e no distrito de Abrantes, na orla, al\u00e9m de um Centro de Aten\u00e7\u00e3o Psicossocial (CAPS) Tipo III, no bairro Jardim Limoeiro, onde tamb\u00e9m ser\u00e1 constru\u00edda uma Unidade de Acolhimento em Sa\u00fade Mental (UA).<\/p>\n\n\n\n<p>Na oportunidade, a comitiva realizou visita t\u00e9cnica \u00e0s obras de constru\u00e7\u00e3o da Policl\u00ednica Regional de Sa\u00fade, a 1\u00aa do pa\u00eds no \u00e2mbito do Novo PAC, localizada na Avenida Conc\u00eantrica. Com previs\u00e3o de inaugura\u00e7\u00e3o ainda no primeiro semestre deste ano, o equipamento conta com investimento estimado em R$ 24 milh\u00f5es.<\/p>\n\n\n\n<p>O governador disse que o que est\u00e1 acontecendo hoje em Cama\u00e7ari \u00e9 o cumprimento do compromisso feito pelos governos federal e da Bahia. \u201cHoje \u00e9 uma agenda de an\u00fancios e de entregas na \u00e1rea da sa\u00fade, com recursos do governo do Estado, do Novo PAC do governo federal, e do governo municipal\u201d, afirmou Jer\u00f4nimo.<\/p>\n\n\n\n<p>O prefeito de Cama\u00e7ari, Luiz Caetano, destacou o volume de investimentos na \u00e1rea da sa\u00fade no munic\u00edpio. \u201c\u00c9 uma revolu\u00e7\u00e3o para Cama\u00e7ari todo esse investimento que estamos recebendo. S\u00e3o diversos equipamentos, 11 no total\u201d, comemorou.<\/p>\n\n\n\n<p>O ministro Rui Costa destacou que a nova policl\u00ednica ampliar\u00e1 o acesso da popula\u00e7\u00e3o de Cama\u00e7ari a exames e consultas especializadas. \u201cVai mais do que dobrar a oferta de exames e consultas para a popula\u00e7\u00e3o. Atualmente, s\u00f3 tem a policl\u00ednica de Sim\u00f5es Filho para atender a Regi\u00e3o Metropolitana\u201d, afirmou.<\/p>\n\n\n\n<p>Fotos: William Rocha<\/p>\n","protected":false},"excerpt":{"rendered":"<p>Durante agenda em Cama\u00e7ari nesta sexta-feira (13), o governador Jer\u00f4nimo Rodrigues, ao lado do ministro da Casa Civil, Rui Costa, do senador Jaques Wagner, e do prefeito Luiz Caetano, autorizou um pacote de quase R$ 40 milh\u00f5es em investimentos destinados \u00e0 constru\u00e7\u00e3o de novas unidades de sa\u00fade no munic\u00edpio. Foram assinadas a ordem de servi\u00e7o [&hellip;]<\/p>\n","protected":false},"author":1,"featured_media":9373,"comment_status":"open","ping_status":"open","sticky":false,"template":"","format":"standard","meta":{"footnotes":""},"categories":[8],"tags":[],"class_list":["post-9372","post","type-post","status-publish","format-standard","has-post-thumbnail","hentry","category-camacari"],"yoast_head":"<!-- This site is optimized with the Yoast SEO plugin v21.7 - https:\/\/yoast.com\/wordpress\/plugins\/seo\/ -->\n<title>Cama\u00e7ari recebe quase R$ 40 milh\u00f5es para constru\u00e7\u00e3o de novas unidades de sa\u00fade - Compartilha Bahia<\/title>\n<meta name=\"robots\" content=\"index, follow, max-snippet:-1, max-image-preview:large, max-video-preview:-1\" \/>\n<link rel=\"canonical\" href=\"https:\/\/compartilhabahia.com.br\/index.php\/2026\/03\/13\/camacari-recebe-quase-r-40-milhoes-para-construcao-de-novas-unidades-de-saude\/\" \/>\n<meta property=\"og:locale\" content=\"pt_BR\" \/>\n<meta property=\"og:type\" content=\"article\" \/>\n<meta property=\"og:title\" content=\"Cama\u00e7ari recebe quase R$ 40 milh\u00f5es para constru\u00e7\u00e3o de novas unidades de sa\u00fade - Compartilha Bahia\" \/>\n<meta property=\"og:description\" content=\"Durante agenda em Cama\u00e7ari nesta sexta-feira (13), o governador Jer\u00f4nimo Rodrigues, ao lado do ministro da Casa Civil, Rui Costa, do senador Jaques Wagner, e do prefeito Luiz Caetano, autorizou um pacote de quase R$ 40 milh\u00f5es em investimentos destinados \u00e0 constru\u00e7\u00e3o de novas unidades de sa\u00fade no munic\u00edpio. Foram assinadas a ordem de servi\u00e7o [&hellip;]\" \/>\n<meta property=\"og:url\" content=\"https:\/\/compartilhabahia.com.br\/index.php\/2026\/03\/13\/camacari-recebe-quase-r-40-milhoes-para-construcao-de-novas-unidades-de-saude\/\" \/>\n<meta property=\"og:site_name\" content=\"Compartilha Bahia\" \/>\n<meta property=\"article:publisher\" content=\"https:\/\/web.facebook.com\/compartilhabahia\" \/>\n<meta property=\"article:published_time\" content=\"2026-03-14T00:46:03+00:00\" \/>\n<meta property=\"article:modified_time\" content=\"2026-03-14T00:46:06+00:00\" \/>\n<meta property=\"og:image\" content=\"https:\/\/compartilhabahia.com.br\/wp-content\/uploads\/2026\/03\/caetanoejeronimo.jpg\" \/>\n\t<meta property=\"og:image:width\" content=\"800\" \/>\n\t<meta property=\"og:image:height\" content=\"533\" \/>\n\t<meta property=\"og:image:type\" content=\"image\/jpeg\" \/>\n<meta name=\"author\" content=\"admin\" \/>\n<meta name=\"twitter:card\" content=\"summary_large_image\" \/>\n<meta name=\"twitter:label1\" content=\"Escrito por\" \/>\n\t<meta name=\"twitter:data1\" content=\"admin\" \/>\n\t<meta name=\"twitter:label2\" content=\"Est. tempo de leitura\" \/>\n\t<meta name=\"twitter:data2\" content=\"2 minutos\" \/>\n<script type=\"application\/ld+json\" class=\"yoast-schema-graph\">{\"@context\":\"https:\/\/schema.org\",\"@graph\":[{\"@type\":\"Article\",\"@id\":\"https:\/\/compartilhabahia.com.br\/index.php\/2026\/03\/13\/camacari-recebe-quase-r-40-milhoes-para-construcao-de-novas-unidades-de-saude\/#article\",\"isPartOf\":{\"@id\":\"https:\/\/compartilhabahia.com.br\/index.php\/2026\/03\/13\/camacari-recebe-quase-r-40-milhoes-para-construcao-de-novas-unidades-de-saude\/\"},\"author\":{\"name\":\"admin\",\"@id\":\"https:\/\/compartilhabahia.com.br\/#\/schema\/person\/9b4f0c3178793b8248d6686732521c04\"},\"headline\":\"Cama\u00e7ari recebe quase R$ 40 milh\u00f5es para constru\u00e7\u00e3o de novas unidades de sa\u00fade\",\"datePublished\":\"2026-03-14T00:46:03+00:00\",\"dateModified\":\"2026-03-14T00:46:06+00:00\",\"mainEntityOfPage\":{\"@id\":\"https:\/\/compartilhabahia.com.br\/index.php\/2026\/03\/13\/camacari-recebe-quase-r-40-milhoes-para-construcao-de-novas-unidades-de-saude\/\"},\"wordCount\":377,\"commentCount\":0,\"publisher\":{\"@id\":\"https:\/\/compartilhabahia.com.br\/#organization\"},\"articleSection\":[\"Cama\u00e7ari\"],\"inLanguage\":\"pt-BR\",\"potentialAction\":[{\"@type\":\"CommentAction\",\"name\":\"Comment\",\"target\":[\"https:\/\/compartilhabahia.com.br\/index.php\/2026\/03\/13\/camacari-recebe-quase-r-40-milhoes-para-construcao-de-novas-unidades-de-saude\/#respond\"]}]},{\"@type\":\"WebPage\",\"@id\":\"https:\/\/compartilhabahia.com.br\/index.php\/2026\/03\/13\/camacari-recebe-quase-r-40-milhoes-para-construcao-de-novas-unidades-de-saude\/\",\"url\":\"https:\/\/compartilhabahia.com.br\/index.php\/2026\/03\/13\/camacari-recebe-quase-r-40-milhoes-para-construcao-de-novas-unidades-de-saude\/\",\"name\":\"Cama\u00e7ari recebe quase R$ 40 milh\u00f5es para constru\u00e7\u00e3o de novas unidades de sa\u00fade - Compartilha Bahia\",\"isPartOf\":{\"@id\":\"https:\/\/compartilhabahia.com.br\/#website\"},\"datePublished\":\"2026-03-14T00:46:03+00:00\",\"dateModified\":\"2026-03-14T00:46:06+00:00\",\"breadcrumb\":{\"@id\":\"https:\/\/compartilhabahia.com.br\/index.php\/2026\/03\/13\/camacari-recebe-quase-r-40-milhoes-para-construcao-de-novas-unidades-de-saude\/#breadcrumb\"},\"inLanguage\":\"pt-BR\",\"potentialAction\":[{\"@type\":\"ReadAction\",\"target\":[\"https:\/\/compartilhabahia.com.br\/index.php\/2026\/03\/13\/camacari-recebe-quase-r-40-milhoes-para-construcao-de-novas-unidades-de-saude\/\"]}]},{\"@type\":\"BreadcrumbList\",\"@id\":\"https:\/\/compartilhabahia.com.br\/index.php\/2026\/03\/13\/camacari-recebe-quase-r-40-milhoes-para-construcao-de-novas-unidades-de-saude\/#breadcrumb\",\"itemListElement\":[{\"@type\":\"ListItem\",\"position\":1,\"name\":\"In\u00edcio\",\"item\":\"https:\/\/compartilhabahia.com.br\/\"},{\"@type\":\"ListItem\",\"position\":2,\"name\":\"Cama\u00e7ari recebe quase R$ 40 milh\u00f5es para constru\u00e7\u00e3o de novas unidades de sa\u00fade\"}]},{\"@type\":\"WebSite\",\"@id\":\"https:\/\/compartilhabahia.com.br\/#website\",\"url\":\"https:\/\/compartilhabahia.com.br\/\",\"name\":\"Compartilha Bahia\",\"description\":\"\",\"publisher\":{\"@id\":\"https:\/\/compartilhabahia.com.br\/#organization\"},\"potentialAction\":[{\"@type\":\"SearchAction\",\"target\":{\"@type\":\"EntryPoint\",\"urlTemplate\":\"https:\/\/compartilhabahia.com.br\/?s={search_term_string}\"},\"query-input\":\"required name=search_term_string\"}],\"inLanguage\":\"pt-BR\"},{\"@type\":\"Organization\",\"@id\":\"https:\/\/compartilhabahia.com.br\/#organization\",\"name\":\"Compartilha Bahia\",\"url\":\"https:\/\/compartilhabahia.com.br\/\",\"logo\":{\"@type\":\"ImageObject\",\"inLanguage\":\"pt-BR\",\"@id\":\"https:\/\/compartilhabahia.com.br\/#\/schema\/logo\/image\/\",\"url\":\"https:\/\/compartilhabahia.com.br\/wp-content\/uploads\/2023\/12\/cropped-logo.png\",\"contentUrl\":\"https:\/\/compartilhabahia.com.br\/wp-content\/uploads\/2023\/12\/cropped-logo.png\",\"width\":300,\"height\":106,\"caption\":\"Compartilha Bahia\"},\"image\":{\"@id\":\"https:\/\/compartilhabahia.com.br\/#\/schema\/logo\/image\/\"},\"sameAs\":[\"https:\/\/web.facebook.com\/compartilhabahia\",\"https:\/\/www.instagram.com\/compartilhabahia\/\"]},{\"@type\":\"Person\",\"@id\":\"https:\/\/compartilhabahia.com.br\/#\/schema\/person\/9b4f0c3178793b8248d6686732521c04\",\"name\":\"admin\",\"image\":{\"@type\":\"ImageObject\",\"inLanguage\":\"pt-BR\",\"@id\":\"https:\/\/compartilhabahia.com.br\/#\/schema\/person\/image\/\",\"url\":\"https:\/\/secure.gravatar.com\/avatar\/9600df58751c5acbe914c538c03390ef649ea088cb65f84ba09c7ce66988eed6?s=96&d=mm&r=g\",\"contentUrl\":\"https:\/\/secure.gravatar.com\/avatar\/9600df58751c5acbe914c538c03390ef649ea088cb65f84ba09c7ce66988eed6?s=96&d=mm&r=g\",\"caption\":\"admin\"},\"sameAs\":[\"https:\/\/compartilhabahia.com.br\"],\"url\":\"https:\/\/compartilhabahia.com.br\/index.php\/author\/compartilhabahia\/\"}]}<\/script>\n<!-- \/ Yoast SEO plugin. -->","yoast_head_json":{"title":"Cama\u00e7ari recebe quase R$ 40 milh\u00f5es para constru\u00e7\u00e3o de novas unidades de sa\u00fade - Compartilha Bahia","robots":{"index":"index","follow":"follow","max-snippet":"max-snippet:-1","max-image-preview":"max-image-preview:large","max-video-preview":"max-video-preview:-1"},"canonical":"https:\/\/compartilhabahia.com.br\/index.php\/2026\/03\/13\/camacari-recebe-quase-r-40-milhoes-para-construcao-de-novas-unidades-de-saude\/","og_locale":"pt_BR","og_type":"article","og_title":"Cama\u00e7ari recebe quase R$ 40 milh\u00f5es para constru\u00e7\u00e3o de novas unidades de sa\u00fade - Compartilha Bahia","og_description":"Durante agenda em Cama\u00e7ari nesta sexta-feira (13), o governador Jer\u00f4nimo Rodrigues, ao lado do ministro da Casa Civil, Rui Costa, do senador Jaques Wagner, e do prefeito Luiz Caetano, autorizou um pacote de quase R$ 40 milh\u00f5es em investimentos destinados \u00e0 constru\u00e7\u00e3o de novas unidades de sa\u00fade no munic\u00edpio. Foram assinadas a ordem de servi\u00e7o [&hellip;]","og_url":"https:\/\/compartilhabahia.com.br\/index.php\/2026\/03\/13\/camacari-recebe-quase-r-40-milhoes-para-construcao-de-novas-unidades-de-saude\/","og_site_name":"Compartilha Bahia","article_publisher":"https:\/\/web.facebook.com\/compartilhabahia","article_published_time":"2026-03-14T00:46:03+00:00","article_modified_time":"2026-03-14T00:46:06+00:00","og_image":[{"width":800,"height":533,"url":"https:\/\/compartilhabahia.com.br\/wp-content\/uploads\/2026\/03\/caetanoejeronimo.jpg","type":"image\/jpeg"}],"author":"admin","twitter_card":"summary_large_image","twitter_misc":{"Escrito por":"admin","Est. tempo de leitura":"2 minutos"},"schema":{"@context":"https:\/\/schema.org","@graph":[{"@type":"Article","@id":"https:\/\/compartilhabahia.com.br\/index.php\/2026\/03\/13\/camacari-recebe-quase-r-40-milhoes-para-construcao-de-novas-unidades-de-saude\/#article","isPartOf":{"@id":"https:\/\/compartilhabahia.com.br\/index.php\/2026\/03\/13\/camacari-recebe-quase-r-40-milhoes-para-construcao-de-novas-unidades-de-saude\/"},"author":{"name":"admin","@id":"https:\/\/compartilhabahia.com.br\/#\/schema\/person\/9b4f0c3178793b8248d6686732521c04"},"headline":"Cama\u00e7ari recebe quase R$ 40 milh\u00f5es para constru\u00e7\u00e3o de novas unidades de sa\u00fade","datePublished":"2026-03-14T00:46:03+00:00","dateModified":"2026-03-14T00:46:06+00:00","mainEntityOfPage":{"@id":"https:\/\/compartilhabahia.com.br\/index.php\/2026\/03\/13\/camacari-recebe-quase-r-40-milhoes-para-construcao-de-novas-unidades-de-saude\/"},"wordCount":377,"commentCount":0,"publisher":{"@id":"https:\/\/compartilhabahia.com.br\/#organization"},"articleSection":["Cama\u00e7ari"],"inLanguage":"pt-BR","potentialAction":[{"@type":"CommentAction","name":"Comment","target":["https:\/\/compartilhabahia.com.br\/index.php\/2026\/03\/13\/camacari-recebe-quase-r-40-milhoes-para-construcao-de-novas-unidades-de-saude\/#respond"]}]},{"@type":"WebPage","@id":"https:\/\/compartilhabahia.com.br\/index.php\/2026\/03\/13\/camacari-recebe-quase-r-40-milhoes-para-construcao-de-novas-unidades-de-saude\/","url":"https:\/\/compartilhabahia.com.br\/index.php\/2026\/03\/13\/camacari-recebe-quase-r-40-milhoes-para-construcao-de-novas-unidades-de-saude\/","name":"Cama\u00e7ari recebe quase R$ 40 milh\u00f5es para constru\u00e7\u00e3o de novas unidades de sa\u00fade - Compartilha Bahia","isPartOf":{"@id":"https:\/\/compartilhabahia.com.br\/#website"},"datePublished":"2026-03-14T00:46:03+00:00","dateModified":"2026-03-14T00:46:06+00:00","breadcrumb":{"@id":"https:\/\/compartilhabahia.com.br\/index.php\/2026\/03\/13\/camacari-recebe-quase-r-40-milhoes-para-construcao-de-novas-unidades-de-saude\/#breadcrumb"},"inLanguage":"pt-BR","potentialAction":[{"@type":"ReadAction","target":["https:\/\/compartilhabahia.com.br\/index.php\/2026\/03\/13\/camacari-recebe-quase-r-40-milhoes-para-construcao-de-novas-unidades-de-saude\/"]}]},{"@type":"BreadcrumbList","@id":"https:\/\/compartilhabahia.com.br\/index.php\/2026\/03\/13\/camacari-recebe-quase-r-40-milhoes-para-construcao-de-novas-unidades-de-saude\/#breadcrumb","itemListElement":[{"@type":"ListItem","position":1,"name":"In\u00edcio","item":"https:\/\/compartilhabahia.com.br\/"},{"@type":"ListItem","position":2,"name":"Cama\u00e7ari recebe quase R$ 40 milh\u00f5es para constru\u00e7\u00e3o de novas unidades de sa\u00fade"}]},{"@type":"WebSite","@id":"https:\/\/compartilhabahia.com.br\/#website","url":"https:\/\/compartilhabahia.com.br\/","name":"Compartilha Bahia","description":"","publisher":{"@id":"https:\/\/compartilhabahia.com.br\/#organization"},"potentialAction":[{"@type":"SearchAction","target":{"@type":"EntryPoint","urlTemplate":"https:\/\/compartilhabahia.com.br\/?s={search_term_string}"},"query-input":"required name=search_term_string"}],"inLanguage":"pt-BR"},{"@type":"Organization","@id":"https:\/\/compartilhabahia.com.br\/#organization","name":"Compartilha Bahia","url":"https:\/\/compartilhabahia.com.br\/","logo":{"@type":"ImageObject","inLanguage":"pt-BR","@id":"https:\/\/compartilhabahia.com.br\/#\/schema\/logo\/image\/","url":"https:\/\/compartilhabahia.com.br\/wp-content\/uploads\/2023\/12\/cropped-logo.png","contentUrl":"https:\/\/compartilhabahia.com.br\/wp-content\/uploads\/2023\/12\/cropped-logo.png","width":300,"height":106,"caption":"Compartilha Bahia"},"image":{"@id":"https:\/\/compartilhabahia.com.br\/#\/schema\/logo\/image\/"},"sameAs":["https:\/\/web.facebook.com\/compartilhabahia","https:\/\/www.instagram.com\/compartilhabahia\/"]},{"@type":"Person","@id":"https:\/\/compartilhabahia.com.br\/#\/schema\/person\/9b4f0c3178793b8248d6686732521c04","name":"admin","image":{"@type":"ImageObject","inLanguage":"pt-BR","@id":"https:\/\/compartilhabahia.com.br\/#\/schema\/person\/image\/","url":"https:\/\/secure.gravatar.com\/avatar\/9600df58751c5acbe914c538c03390ef649ea088cb65f84ba09c7ce66988eed6?s=96&d=mm&r=g","contentUrl":"https:\/\/secure.gravatar.com\/avatar\/9600df58751c5acbe914c538c03390ef649ea088cb65f84ba09c7ce66988eed6?s=96&d=mm&r=g","caption":"admin"},"sameAs":["https:\/\/compartilhabahia.com.br"],"url":"https:\/\/compartilhabahia.com.br\/index.php\/author\/compartilhabahia\/"}]}},"_links":{"self":[{"href":"https:\/\/compartilhabahia.com.br\/index.php\/wp-json\/wp\/v2\/posts\/9372","targetHints":{"allow":["GET"]}}],"collection":[{"href":"https:\/\/compartilhabahia.com.br\/index.php\/wp-json\/wp\/v2\/posts"}],"about":[{"href":"https:\/\/compartilhabahia.com.br\/index.php\/wp-json\/wp\/v2\/types\/post"}],"author":[{"embeddable":true,"href":"https:\/\/compartilhabahia.com.br\/index.php\/wp-json\/wp\/v2\/users\/1"}],"replies":[{"embeddable":true,"href":"https:\/\/compartilhabahia.com.br\/index.php\/wp-json\/wp\/v2\/comments?post=9372"}],"version-history":[{"count":1,"href":"https:\/\/compartilhabahia.com.br\/index.php\/wp-json\/wp\/v2\/posts\/9372\/revisions"}],"predecessor-version":[{"id":9374,"href":"https:\/\/compartilhabahia.com.br\/index.php\/wp-json\/wp\/v2\/posts\/9372\/revisions\/9374"}],"wp:featuredmedia":[{"embeddable":true,"href":"https:\/\/compartilhabahia.com.br\/index.php\/wp-json\/wp\/v2\/media\/9373"}],"wp:attachment":[{"href":"https:\/\/compartilhabahia.com.br\/index.php\/wp-json\/wp\/v2\/media?parent=9372"}],"wp:term":[{"taxonomy":"category","embeddable":true,"href":"https:\/\/compartilhabahia.com.br\/index.php\/wp-json\/wp\/v2\/categories?post=9372"},{"taxonomy":"post_tag","embeddable":true,"href":"https:\/\/compartilhabahia.com.br\/index.php\/wp-json\/wp\/v2\/tags?post=9372"}],"curies":[{"name":"wp","href":"https:\/\/api.w.org\/{rel}","templated":true}]}}