{"id":9369,"date":"2026-03-12T20:22:52","date_gmt":"2026-03-12T23:22:52","guid":{"rendered":"https:\/\/compartilhabahia.com.br\/?p=9369"},"modified":"2026-03-12T20:22:54","modified_gmt":"2026-03-12T23:22:54","slug":"oposicao-aprova-isencao-do-iptu-governistas-nao-votam-e-prometem-outro-projeto","status":"publish","type":"post","link":"https:\/\/compartilhabahia.com.br\/index.php\/2026\/03\/12\/oposicao-aprova-isencao-do-iptu-governistas-nao-votam-e-prometem-outro-projeto\/","title":{"rendered":"Oposi\u00e7\u00e3o aprova isen\u00e7\u00e3o do IPTU, governistas n\u00e3o votam e prometem outro projeto"},"content":{"rendered":"\n<p>Atendendo pedido de moradores que se encontram sufocados em suas dividas, vereadores de Cama\u00e7ari da bancada de oposi\u00e7\u00e3o aprovaram nesta quinta-feira (12) um projeto de lei que garante isen\u00e7\u00e3o vital\u00edcia do Imposto sobre Propriedade Predial e Territorial Urbana (IPTU), em algumas situa\u00e7\u00f5es, a exemplo dos moradores do Minha Casa Minha Vida. J\u00e1 a bancada governistas liderada pelo vereador Tagner, n\u00e3o votou favor\u00e1vel ao referido projeto, na verdade nem votaram, se ausentaram da sess\u00e3o, para mais tarde divulgarem pelas redes sociais, que apresentar\u00e3o um novo projeto para tratar desse assunto. <\/p>\n\n\n\n<p>Veja o que diz a assessoria oficial da C\u00e2mara Municipal de Cama\u00e7ari:<\/p>\n\n\n\n<p><\/p>\n\n\n\n<p><strong>C\u00e2mara aprova isen\u00e7\u00e3o vital\u00edcia do IPTU para moradores de programas habitacionais<\/strong><\/p>\n\n\n\n<p>A C\u00e2mara de Cama\u00e7ari aprovou, por unanimidade dos presentes, o Projeto de Lei N\u00ba 08\/2026, que garante isen\u00e7\u00e3o vital\u00edcia do Imposto sobre Propriedade Predial e Territorial Urbana (IPTU), previsto na Lei n\u00ba 1657\/2021, que concede benef\u00edcios fiscais a empreendimentos habitacionais de interesse social. O PL, apresentado pelos vereadores da Bancada da Oposi\u00e7\u00e3o, passou por duas vota\u00e7\u00f5es, na a 5\u00aa Sess\u00e3o Ordin\u00e1ria e a 1\u00aa Sess\u00e3o Extraordin\u00e1ria, realizadas nesta quinta-feira (12\/03).<\/p>\n\n\n\n<p>O PL recebeu 11 votos favor\u00e1veis dos vereadores presentes, sendo eles: Dr. Elias Natan (PSDB), Herbinho (Uni\u00e3o), Manoel Filho (PL), Manoel Jacar\u00e9 (PP), Dr. Samuka (PRD), Jamessom (Uni\u00e3o), Jackson Josu\u00e9 (Uni\u00e3o), Jamel\u00e3o (Cidadania), Maur\u00edcio Qualidade (Uni\u00e3o), Tarc\u00edsio Coiffeur (PSDB), Dudu do Povo (Uni\u00e3o). As sess\u00f5es foram conduzidas pelo presidente da Casa, vereador Niltinho Maturino (PRD), que n\u00e3o teve o voto contabilizado, pois, conforme Regimento Interno, seu voto s\u00f3 \u00e9 permitido em caso de desempate. Os vereadores da Bancada de Governo n\u00e3o estiveram presentes nas sess\u00f5es.<\/p>\n\n\n\n<p>Ao usar a tribuna para tratar da mat\u00e9ria, o vereador Dr. Samuka parabenizou os moradores do Conjunto Habitacional das Agarobas, presentes no plen\u00e1rio, que trouxeram para pauta da Casa Legislativa essa demanda. \u201cRecebemos essa reivindica\u00e7\u00e3o de um grupo de moradores do Algarobas, que buscaram garantir que esse direito fosse efetivado para todos os moradores de conjuntos habitacionais de interesse social. O projeto \u00e9 constitucional, inclusive com aval do Supremo Tribunal Federal (STF), que diz que o Legislativo pode sim propor projetos de lei nesse sentido, desde que apresente estudo de impacto or\u00e7ament\u00e1rio. E foi o que fizemos\u201d, afirmou.<\/p>\n\n\n\n<p>O l\u00edder da Oposi\u00e7\u00e3o, vereador Dudu do Povo, comentou a aus\u00eancia dos vereadores de Governo. \u201cN\u00e3o podemos deixar de encarar essa aus\u00eancia nessa discuss\u00e3o t\u00e3o importante como algo muito negativo. Estamos debatendo uma demanda urgente, importante e justa para os moradores de conjuntos habitacionais do nosso munic\u00edpio. Pessoas carentes, que dependem do aux\u00edlio da gest\u00e3o municipal. E os representantes do governo n\u00e3o est\u00e3o presentes para defender nosso povo\u201d, pontuou. O presidente da C\u00e2mara, vereador Niltinho Maturino, destacou a for\u00e7a da comunidade. \u201cEssa vit\u00f3ria \u00e9 da comunidade, das m\u00e3es e pais de fam\u00edlia que vieram defender seus direitos. E encontraram aqui parlamentares respons\u00e1veis e comprometidos com a real necessidade da nossa cidade, n\u00e3o com quest\u00f5es partid\u00e1rias e pol\u00edticas\u201d, declarou.<\/p>\n\n\n\n<p>Se sancionado pelo Poder Executivo, o projeto diz que para fazer jus ao direito, o mutu\u00e1rio precisar\u00e1 comprovar que possui renda familiar de at\u00e9 quatro sal\u00e1rios m\u00ednimos, e o im\u00f3vel seja de sua posse para fins de moradia permanente. O PL segue agora para san\u00e7\u00e3o ou veto do Poder Executivo.<\/p>\n\n\n\n<p>Ainda durante a sess\u00e3o foi aprovado em segundo turno o Projeto de Lei do Legislativo N\u00ba 110\/2025, de autoria da vereadora Neidinha (PT), que institui o Programa Municipal \u201cInd\u00fastria com Elas\u201d e a Indica\u00e7\u00e3o N\u00ba 25\/2026, de autoria do vereador Jackson Josu\u00e9 (Uni\u00e3o), que solicitou estudo de viabilidade econ\u00f4mico-financeira e plano de implementa\u00e7\u00e3o para aplica\u00e7\u00e3o da Lei Federal Complementar n\u00ba 226\/2026, conhecida como Descongela J\u00e1. A lei permite que estados e munic\u00edpios paguem retroativamente vantagens funcionais (anu\u00eanios, tri\u00eanios, quinqu\u00eanios, licen\u00e7a-pr\u00eamio) suspensas entre 28\/05\/2020 e 31\/12\/2021, per\u00edodo da pandemia da Covid-19. \u201cPedimos \u00e0 gest\u00e3o municipal que d\u00ea uma aten\u00e7\u00e3o a isso, pois s\u00e3o direitos dos servidores de carreira que est\u00e3o sendo prejudicados\u201d, afirmou.<\/p>\n","protected":false},"excerpt":{"rendered":"<p>Atendendo pedido de moradores que se encontram sufocados em suas dividas, vereadores de Cama\u00e7ari da bancada de oposi\u00e7\u00e3o aprovaram nesta quinta-feira (12) um projeto de lei que garante isen\u00e7\u00e3o vital\u00edcia do Imposto sobre Propriedade Predial e Territorial Urbana (IPTU), em algumas situa\u00e7\u00f5es, a exemplo dos moradores do Minha Casa Minha Vida. J\u00e1 a bancada governistas [&hellip;]<\/p>\n","protected":false},"author":1,"featured_media":9370,"comment_status":"open","ping_status":"open","sticky":false,"template":"","format":"standard","meta":{"footnotes":""},"categories":[8],"tags":[],"class_list":["post-9369","post","type-post","status-publish","format-standard","has-post-thumbnail","hentry","category-camacari"],"yoast_head":"<!-- This site is optimized with the Yoast SEO plugin v21.7 - https:\/\/yoast.com\/wordpress\/plugins\/seo\/ -->\n<title>Oposi\u00e7\u00e3o aprova isen\u00e7\u00e3o do IPTU, governistas n\u00e3o votam e prometem outro projeto - Compartilha Bahia<\/title>\n<meta name=\"robots\" content=\"index, follow, max-snippet:-1, max-image-preview:large, max-video-preview:-1\" \/>\n<link rel=\"canonical\" href=\"https:\/\/compartilhabahia.com.br\/index.php\/2026\/03\/12\/oposicao-aprova-isencao-do-iptu-governistas-nao-votam-e-prometem-outro-projeto\/\" \/>\n<meta property=\"og:locale\" content=\"pt_BR\" \/>\n<meta property=\"og:type\" content=\"article\" \/>\n<meta property=\"og:title\" content=\"Oposi\u00e7\u00e3o aprova isen\u00e7\u00e3o do IPTU, governistas n\u00e3o votam e prometem outro projeto - Compartilha Bahia\" \/>\n<meta property=\"og:description\" content=\"Atendendo pedido de moradores que se encontram sufocados em suas dividas, vereadores de Cama\u00e7ari da bancada de oposi\u00e7\u00e3o aprovaram nesta quinta-feira (12) um projeto de lei que garante isen\u00e7\u00e3o vital\u00edcia do Imposto sobre Propriedade Predial e Territorial Urbana (IPTU), em algumas situa\u00e7\u00f5es, a exemplo dos moradores do Minha Casa Minha Vida. J\u00e1 a bancada governistas [&hellip;]\" \/>\n<meta property=\"og:url\" content=\"https:\/\/compartilhabahia.com.br\/index.php\/2026\/03\/12\/oposicao-aprova-isencao-do-iptu-governistas-nao-votam-e-prometem-outro-projeto\/\" \/>\n<meta property=\"og:site_name\" content=\"Compartilha Bahia\" \/>\n<meta property=\"article:publisher\" content=\"https:\/\/web.facebook.com\/compartilhabahia\" \/>\n<meta property=\"article:published_time\" content=\"2026-03-12T23:22:52+00:00\" \/>\n<meta property=\"article:modified_time\" content=\"2026-03-12T23:22:54+00:00\" \/>\n<meta property=\"og:image\" content=\"https:\/\/compartilhabahia.com.br\/wp-content\/uploads\/2026\/03\/camarahoje.jpg\" \/>\n\t<meta property=\"og:image:width\" content=\"800\" \/>\n\t<meta property=\"og:image:height\" content=\"450\" \/>\n\t<meta property=\"og:image:type\" content=\"image\/jpeg\" \/>\n<meta name=\"author\" content=\"admin\" \/>\n<meta name=\"twitter:card\" content=\"summary_large_image\" \/>\n<meta name=\"twitter:label1\" content=\"Escrito por\" \/>\n\t<meta name=\"twitter:data1\" content=\"admin\" \/>\n\t<meta name=\"twitter:label2\" content=\"Est. tempo de leitura\" \/>\n\t<meta name=\"twitter:data2\" content=\"4 minutos\" \/>\n<script type=\"application\/ld+json\" class=\"yoast-schema-graph\">{\"@context\":\"https:\/\/schema.org\",\"@graph\":[{\"@type\":\"Article\",\"@id\":\"https:\/\/compartilhabahia.com.br\/index.php\/2026\/03\/12\/oposicao-aprova-isencao-do-iptu-governistas-nao-votam-e-prometem-outro-projeto\/#article\",\"isPartOf\":{\"@id\":\"https:\/\/compartilhabahia.com.br\/index.php\/2026\/03\/12\/oposicao-aprova-isencao-do-iptu-governistas-nao-votam-e-prometem-outro-projeto\/\"},\"author\":{\"name\":\"admin\",\"@id\":\"https:\/\/compartilhabahia.com.br\/#\/schema\/person\/9b4f0c3178793b8248d6686732521c04\"},\"headline\":\"Oposi\u00e7\u00e3o aprova isen\u00e7\u00e3o do IPTU, governistas n\u00e3o votam e prometem outro projeto\",\"datePublished\":\"2026-03-12T23:22:52+00:00\",\"dateModified\":\"2026-03-12T23:22:54+00:00\",\"mainEntityOfPage\":{\"@id\":\"https:\/\/compartilhabahia.com.br\/index.php\/2026\/03\/12\/oposicao-aprova-isencao-do-iptu-governistas-nao-votam-e-prometem-outro-projeto\/\"},\"wordCount\":732,\"commentCount\":0,\"publisher\":{\"@id\":\"https:\/\/compartilhabahia.com.br\/#organization\"},\"articleSection\":[\"Cama\u00e7ari\"],\"inLanguage\":\"pt-BR\",\"potentialAction\":[{\"@type\":\"CommentAction\",\"name\":\"Comment\",\"target\":[\"https:\/\/compartilhabahia.com.br\/index.php\/2026\/03\/12\/oposicao-aprova-isencao-do-iptu-governistas-nao-votam-e-prometem-outro-projeto\/#respond\"]}]},{\"@type\":\"WebPage\",\"@id\":\"https:\/\/compartilhabahia.com.br\/index.php\/2026\/03\/12\/oposicao-aprova-isencao-do-iptu-governistas-nao-votam-e-prometem-outro-projeto\/\",\"url\":\"https:\/\/compartilhabahia.com.br\/index.php\/2026\/03\/12\/oposicao-aprova-isencao-do-iptu-governistas-nao-votam-e-prometem-outro-projeto\/\",\"name\":\"Oposi\u00e7\u00e3o aprova isen\u00e7\u00e3o do IPTU, governistas n\u00e3o votam e prometem outro projeto - Compartilha Bahia\",\"isPartOf\":{\"@id\":\"https:\/\/compartilhabahia.com.br\/#website\"},\"datePublished\":\"2026-03-12T23:22:52+00:00\",\"dateModified\":\"2026-03-12T23:22:54+00:00\",\"breadcrumb\":{\"@id\":\"https:\/\/compartilhabahia.com.br\/index.php\/2026\/03\/12\/oposicao-aprova-isencao-do-iptu-governistas-nao-votam-e-prometem-outro-projeto\/#breadcrumb\"},\"inLanguage\":\"pt-BR\",\"potentialAction\":[{\"@type\":\"ReadAction\",\"target\":[\"https:\/\/compartilhabahia.com.br\/index.php\/2026\/03\/12\/oposicao-aprova-isencao-do-iptu-governistas-nao-votam-e-prometem-outro-projeto\/\"]}]},{\"@type\":\"BreadcrumbList\",\"@id\":\"https:\/\/compartilhabahia.com.br\/index.php\/2026\/03\/12\/oposicao-aprova-isencao-do-iptu-governistas-nao-votam-e-prometem-outro-projeto\/#breadcrumb\",\"itemListElement\":[{\"@type\":\"ListItem\",\"position\":1,\"name\":\"In\u00edcio\",\"item\":\"https:\/\/compartilhabahia.com.br\/\"},{\"@type\":\"ListItem\",\"position\":2,\"name\":\"Oposi\u00e7\u00e3o aprova isen\u00e7\u00e3o do IPTU, governistas n\u00e3o votam e prometem outro projeto\"}]},{\"@type\":\"WebSite\",\"@id\":\"https:\/\/compartilhabahia.com.br\/#website\",\"url\":\"https:\/\/compartilhabahia.com.br\/\",\"name\":\"Compartilha Bahia\",\"description\":\"\",\"publisher\":{\"@id\":\"https:\/\/compartilhabahia.com.br\/#organization\"},\"potentialAction\":[{\"@type\":\"SearchAction\",\"target\":{\"@type\":\"EntryPoint\",\"urlTemplate\":\"https:\/\/compartilhabahia.com.br\/?s={search_term_string}\"},\"query-input\":\"required name=search_term_string\"}],\"inLanguage\":\"pt-BR\"},{\"@type\":\"Organization\",\"@id\":\"https:\/\/compartilhabahia.com.br\/#organization\",\"name\":\"Compartilha Bahia\",\"url\":\"https:\/\/compartilhabahia.com.br\/\",\"logo\":{\"@type\":\"ImageObject\",\"inLanguage\":\"pt-BR\",\"@id\":\"https:\/\/compartilhabahia.com.br\/#\/schema\/logo\/image\/\",\"url\":\"https:\/\/compartilhabahia.com.br\/wp-content\/uploads\/2023\/12\/cropped-logo.png\",\"contentUrl\":\"https:\/\/compartilhabahia.com.br\/wp-content\/uploads\/2023\/12\/cropped-logo.png\",\"width\":300,\"height\":106,\"caption\":\"Compartilha Bahia\"},\"image\":{\"@id\":\"https:\/\/compartilhabahia.com.br\/#\/schema\/logo\/image\/\"},\"sameAs\":[\"https:\/\/web.facebook.com\/compartilhabahia\",\"https:\/\/www.instagram.com\/compartilhabahia\/\"]},{\"@type\":\"Person\",\"@id\":\"https:\/\/compartilhabahia.com.br\/#\/schema\/person\/9b4f0c3178793b8248d6686732521c04\",\"name\":\"admin\",\"image\":{\"@type\":\"ImageObject\",\"inLanguage\":\"pt-BR\",\"@id\":\"https:\/\/compartilhabahia.com.br\/#\/schema\/person\/image\/\",\"url\":\"https:\/\/secure.gravatar.com\/avatar\/9600df58751c5acbe914c538c03390ef649ea088cb65f84ba09c7ce66988eed6?s=96&d=mm&r=g\",\"contentUrl\":\"https:\/\/secure.gravatar.com\/avatar\/9600df58751c5acbe914c538c03390ef649ea088cb65f84ba09c7ce66988eed6?s=96&d=mm&r=g\",\"caption\":\"admin\"},\"sameAs\":[\"https:\/\/compartilhabahia.com.br\"],\"url\":\"https:\/\/compartilhabahia.com.br\/index.php\/author\/compartilhabahia\/\"}]}<\/script>\n<!-- \/ Yoast SEO plugin. -->","yoast_head_json":{"title":"Oposi\u00e7\u00e3o aprova isen\u00e7\u00e3o do IPTU, governistas n\u00e3o votam e prometem outro projeto - Compartilha Bahia","robots":{"index":"index","follow":"follow","max-snippet":"max-snippet:-1","max-image-preview":"max-image-preview:large","max-video-preview":"max-video-preview:-1"},"canonical":"https:\/\/compartilhabahia.com.br\/index.php\/2026\/03\/12\/oposicao-aprova-isencao-do-iptu-governistas-nao-votam-e-prometem-outro-projeto\/","og_locale":"pt_BR","og_type":"article","og_title":"Oposi\u00e7\u00e3o aprova isen\u00e7\u00e3o do IPTU, governistas n\u00e3o votam e prometem outro projeto - Compartilha Bahia","og_description":"Atendendo pedido de moradores que se encontram sufocados em suas dividas, vereadores de Cama\u00e7ari da bancada de oposi\u00e7\u00e3o aprovaram nesta quinta-feira (12) um projeto de lei que garante isen\u00e7\u00e3o vital\u00edcia do Imposto sobre Propriedade Predial e Territorial Urbana (IPTU), em algumas situa\u00e7\u00f5es, a exemplo dos moradores do Minha Casa Minha Vida. J\u00e1 a bancada governistas [&hellip;]","og_url":"https:\/\/compartilhabahia.com.br\/index.php\/2026\/03\/12\/oposicao-aprova-isencao-do-iptu-governistas-nao-votam-e-prometem-outro-projeto\/","og_site_name":"Compartilha Bahia","article_publisher":"https:\/\/web.facebook.com\/compartilhabahia","article_published_time":"2026-03-12T23:22:52+00:00","article_modified_time":"2026-03-12T23:22:54+00:00","og_image":[{"width":800,"height":450,"url":"https:\/\/compartilhabahia.com.br\/wp-content\/uploads\/2026\/03\/camarahoje.jpg","type":"image\/jpeg"}],"author":"admin","twitter_card":"summary_large_image","twitter_misc":{"Escrito por":"admin","Est. tempo de leitura":"4 minutos"},"schema":{"@context":"https:\/\/schema.org","@graph":[{"@type":"Article","@id":"https:\/\/compartilhabahia.com.br\/index.php\/2026\/03\/12\/oposicao-aprova-isencao-do-iptu-governistas-nao-votam-e-prometem-outro-projeto\/#article","isPartOf":{"@id":"https:\/\/compartilhabahia.com.br\/index.php\/2026\/03\/12\/oposicao-aprova-isencao-do-iptu-governistas-nao-votam-e-prometem-outro-projeto\/"},"author":{"name":"admin","@id":"https:\/\/compartilhabahia.com.br\/#\/schema\/person\/9b4f0c3178793b8248d6686732521c04"},"headline":"Oposi\u00e7\u00e3o aprova isen\u00e7\u00e3o do IPTU, governistas n\u00e3o votam e prometem outro projeto","datePublished":"2026-03-12T23:22:52+00:00","dateModified":"2026-03-12T23:22:54+00:00","mainEntityOfPage":{"@id":"https:\/\/compartilhabahia.com.br\/index.php\/2026\/03\/12\/oposicao-aprova-isencao-do-iptu-governistas-nao-votam-e-prometem-outro-projeto\/"},"wordCount":732,"commentCount":0,"publisher":{"@id":"https:\/\/compartilhabahia.com.br\/#organization"},"articleSection":["Cama\u00e7ari"],"inLanguage":"pt-BR","potentialAction":[{"@type":"CommentAction","name":"Comment","target":["https:\/\/compartilhabahia.com.br\/index.php\/2026\/03\/12\/oposicao-aprova-isencao-do-iptu-governistas-nao-votam-e-prometem-outro-projeto\/#respond"]}]},{"@type":"WebPage","@id":"https:\/\/compartilhabahia.com.br\/index.php\/2026\/03\/12\/oposicao-aprova-isencao-do-iptu-governistas-nao-votam-e-prometem-outro-projeto\/","url":"https:\/\/compartilhabahia.com.br\/index.php\/2026\/03\/12\/oposicao-aprova-isencao-do-iptu-governistas-nao-votam-e-prometem-outro-projeto\/","name":"Oposi\u00e7\u00e3o aprova isen\u00e7\u00e3o do IPTU, governistas n\u00e3o votam e prometem outro projeto - Compartilha Bahia","isPartOf":{"@id":"https:\/\/compartilhabahia.com.br\/#website"},"datePublished":"2026-03-12T23:22:52+00:00","dateModified":"2026-03-12T23:22:54+00:00","breadcrumb":{"@id":"https:\/\/compartilhabahia.com.br\/index.php\/2026\/03\/12\/oposicao-aprova-isencao-do-iptu-governistas-nao-votam-e-prometem-outro-projeto\/#breadcrumb"},"inLanguage":"pt-BR","potentialAction":[{"@type":"ReadAction","target":["https:\/\/compartilhabahia.com.br\/index.php\/2026\/03\/12\/oposicao-aprova-isencao-do-iptu-governistas-nao-votam-e-prometem-outro-projeto\/"]}]},{"@type":"BreadcrumbList","@id":"https:\/\/compartilhabahia.com.br\/index.php\/2026\/03\/12\/oposicao-aprova-isencao-do-iptu-governistas-nao-votam-e-prometem-outro-projeto\/#breadcrumb","itemListElement":[{"@type":"ListItem","position":1,"name":"In\u00edcio","item":"https:\/\/compartilhabahia.com.br\/"},{"@type":"ListItem","position":2,"name":"Oposi\u00e7\u00e3o aprova isen\u00e7\u00e3o do IPTU, governistas n\u00e3o votam e prometem outro projeto"}]},{"@type":"WebSite","@id":"https:\/\/compartilhabahia.com.br\/#website","url":"https:\/\/compartilhabahia.com.br\/","name":"Compartilha Bahia","description":"","publisher":{"@id":"https:\/\/compartilhabahia.com.br\/#organization"},"potentialAction":[{"@type":"SearchAction","target":{"@type":"EntryPoint","urlTemplate":"https:\/\/compartilhabahia.com.br\/?s={search_term_string}"},"query-input":"required name=search_term_string"}],"inLanguage":"pt-BR"},{"@type":"Organization","@id":"https:\/\/compartilhabahia.com.br\/#organization","name":"Compartilha Bahia","url":"https:\/\/compartilhabahia.com.br\/","logo":{"@type":"ImageObject","inLanguage":"pt-BR","@id":"https:\/\/compartilhabahia.com.br\/#\/schema\/logo\/image\/","url":"https:\/\/compartilhabahia.com.br\/wp-content\/uploads\/2023\/12\/cropped-logo.png","contentUrl":"https:\/\/compartilhabahia.com.br\/wp-content\/uploads\/2023\/12\/cropped-logo.png","width":300,"height":106,"caption":"Compartilha Bahia"},"image":{"@id":"https:\/\/compartilhabahia.com.br\/#\/schema\/logo\/image\/"},"sameAs":["https:\/\/web.facebook.com\/compartilhabahia","https:\/\/www.instagram.com\/compartilhabahia\/"]},{"@type":"Person","@id":"https:\/\/compartilhabahia.com.br\/#\/schema\/person\/9b4f0c3178793b8248d6686732521c04","name":"admin","image":{"@type":"ImageObject","inLanguage":"pt-BR","@id":"https:\/\/compartilhabahia.com.br\/#\/schema\/person\/image\/","url":"https:\/\/secure.gravatar.com\/avatar\/9600df58751c5acbe914c538c03390ef649ea088cb65f84ba09c7ce66988eed6?s=96&d=mm&r=g","contentUrl":"https:\/\/secure.gravatar.com\/avatar\/9600df58751c5acbe914c538c03390ef649ea088cb65f84ba09c7ce66988eed6?s=96&d=mm&r=g","caption":"admin"},"sameAs":["https:\/\/compartilhabahia.com.br"],"url":"https:\/\/compartilhabahia.com.br\/index.php\/author\/compartilhabahia\/"}]}},"_links":{"self":[{"href":"https:\/\/compartilhabahia.com.br\/index.php\/wp-json\/wp\/v2\/posts\/9369","targetHints":{"allow":["GET"]}}],"collection":[{"href":"https:\/\/compartilhabahia.com.br\/index.php\/wp-json\/wp\/v2\/posts"}],"about":[{"href":"https:\/\/compartilhabahia.com.br\/index.php\/wp-json\/wp\/v2\/types\/post"}],"author":[{"embeddable":true,"href":"https:\/\/compartilhabahia.com.br\/index.php\/wp-json\/wp\/v2\/users\/1"}],"replies":[{"embeddable":true,"href":"https:\/\/compartilhabahia.com.br\/index.php\/wp-json\/wp\/v2\/comments?post=9369"}],"version-history":[{"count":1,"href":"https:\/\/compartilhabahia.com.br\/index.php\/wp-json\/wp\/v2\/posts\/9369\/revisions"}],"predecessor-version":[{"id":9371,"href":"https:\/\/compartilhabahia.com.br\/index.php\/wp-json\/wp\/v2\/posts\/9369\/revisions\/9371"}],"wp:featuredmedia":[{"embeddable":true,"href":"https:\/\/compartilhabahia.com.br\/index.php\/wp-json\/wp\/v2\/media\/9370"}],"wp:attachment":[{"href":"https:\/\/compartilhabahia.com.br\/index.php\/wp-json\/wp\/v2\/media?parent=9369"}],"wp:term":[{"taxonomy":"category","embeddable":true,"href":"https:\/\/compartilhabahia.com.br\/index.php\/wp-json\/wp\/v2\/categories?post=9369"},{"taxonomy":"post_tag","embeddable":true,"href":"https:\/\/compartilhabahia.com.br\/index.php\/wp-json\/wp\/v2\/tags?post=9369"}],"curies":[{"name":"wp","href":"https:\/\/api.w.org\/{rel}","templated":true}]}}