{"id":9366,"date":"2026-03-12T12:30:18","date_gmt":"2026-03-12T15:30:18","guid":{"rendered":"https:\/\/compartilhabahia.com.br\/?p=9366"},"modified":"2026-03-12T12:30:21","modified_gmt":"2026-03-12T15:30:21","slug":"finep-pelo-brasil-chega-a-salvador","status":"publish","type":"post","link":"https:\/\/compartilhabahia.com.br\/index.php\/2026\/03\/12\/finep-pelo-brasil-chega-a-salvador\/","title":{"rendered":"&#8220;Finep pelo Brasil&#8221; chega a Salvador"},"content":{"rendered":"\n<p><br>Iniciativa promovida pela ag\u00eancia de inova\u00e7\u00e3o, MCTI e Senai Cimatec amplia o acesso de empresas e institui\u00e7\u00f5es de pesquisa da Bahia e da regi\u00e3o aos investimentos em Ci\u00eancia, Tecnologia e Inova\u00e7\u00e3o<\/p>\n\n\n\n<p>A Finep (Financiadora de Estudos e Projetos), o Minist\u00e9rio da Ci\u00eancia, Tecnologia e Inova\u00e7\u00e3o (MCTI) e o Senai Cimatec realizam, nesta quinta-feira (12), em Salvador, mais uma etapa do programa \u2018Finep pelo Brasil\u2019. A iniciativa aproxima do ecossistema de inova\u00e7\u00e3o do Nordeste instrumentos de financiamento, como cr\u00e9dito e recursos n\u00e3o reembols\u00e1veis (subven\u00e7\u00e3o econ\u00f4mica), com o objetivo de ampliar e simplificar o acesso de empresas de todos os portes e setores, cooperativas e institui\u00e7\u00f5es cient\u00edficas e tecnol\u00f3gicas (ICTs) \u00e0s linhas de apoio oferecidas pela Finep.<\/p>\n\n\n\n<p>A agenda prev\u00ea uma s\u00e9rie de 100 encontros itinerantes que percorrer\u00e1 as principais capitais e cidades do interior em todas as regi\u00f5es do pa\u00eds, com o objetivo de ampliar o acesso \u00e0s linhas de cr\u00e9dito e aos recursos n\u00e3o reembols\u00e1veis da Finep, refor\u00e7ando a descentraliza\u00e7\u00e3o do fomento e o fortalecimento do ecossistema inovador baiano.<\/p>\n\n\n\n<p>De acordo com o presidente da Finep, Luiz Ant\u00f4nio Elias, o \u2018Finep pelo Brasil\u2019 refor\u00e7a a colabora\u00e7\u00e3o entre as institui\u00e7\u00f5es. \u201cO pa\u00eds vive um novo momento, com a ci\u00eancia e tecnologia em evid\u00eancia e orientadas para o futuro. O que desejamos com essa iniciativa \u00e9 ampliar e democratizar o acesso \u00e0s oportunidades de fomento, dando um passo decisivo para fortalecer a inova\u00e7\u00e3o no pa\u00eds\u201d, ressalta o presidente da ag\u00eancia.<\/p>\n\n\n\n<p>Recursos com foco no Nordeste<\/p>\n\n\n\n<p>Os recursos s\u00e3o ofertados com taxas bem mais competitivas do que as praticadas pelo mercado, para o desenvolvimento de projetos de inova\u00e7\u00e3o que diminuam a depend\u00eancia tecnol\u00f3gica do Brasil, fortalecendo sua soberania no atual cen\u00e1rio geopol\u00edtico global. Na ocasi\u00e3o, a Finep apresentar\u00e1 detalhes dos 13 editais que acaba de lan\u00e7ar, no total de R$ 3,3 bilh\u00f5es, para propostas de financiamento de empresas de todo o Brasil, a partir do compromisso de fomentar a moderniza\u00e7\u00e3o tecnol\u00f3gica do setor produtivo.<\/p>\n\n\n\n<p>Dentre esses editais est\u00e1 a segunda rodada do programa Mais Inova\u00e7\u00e3o, que destinar\u00e1 o montante de R$ 150 milh\u00f5es em recursos n\u00e3o reembols\u00e1veis (subven\u00e7\u00e3o econ\u00f4mica) exclusivamente para empresas da regi\u00e3o Nordeste com faturamento anual de at\u00e9 R$ 90 milh\u00f5es. O edital tamb\u00e9m reserva 30% dos recursos especificamente para micro e pequenas empresas com faturamento de at\u00e9 R$ 4,8 milh\u00f5es.<\/p>\n\n\n\n<p>Com o objetivo de estimular a incorpora\u00e7\u00e3o de tecnologias 4.0, fortalecer a ind\u00fastria nacional de bens de capital e reduzir assimetrias regionais, a Finep e o BNDES criaram a Difus\u00e3o Tecnol\u00f3gica. Esta \u00e9 uma linha de cr\u00e9dito com aporte de R$ 2 bilh\u00f5es, prioritariamente focada em empresas das regi\u00f5es Norte, Nordeste e Centro-Oeste, visando ampliar o acesso ao cr\u00e9dito destinado \u00e0 moderniza\u00e7\u00e3o do parque industrial brasileiro.<\/p>\n\n\n\n<p>Em linha com a redu\u00e7\u00e3o das desigualdades territoriais, a Finep abriu novo ciclo de cr\u00e9dito descentralizado do Inovacred para todo o pa\u00eds. Ao todo, foram disponibilizados R$ 1 bilh\u00e3o para fomentar a inova\u00e7\u00e3o e ampliar a competitividade nacional, sendo R$ 300 milh\u00f5es destinados \u00e0s regi\u00f5es Norte, Nordeste e Centro-Oeste.<\/p>\n\n\n\n<p>Servi\u00e7o:<br>Evento: Finep Pelo Brasil \u2013 Salvador (BA)<br>Data: 12 de mar\u00e7o de 2026<br>Hor\u00e1rio: 14h<br>Local: Senai Cimatec &#8211; Av. Orlando Gomes, 1845, Piat\u00e3<br>Formul\u00e1rio de inscri\u00e7\u00f5es dispon\u00edvel aqui. (https:\/\/forms.office.com\/r\/a1iwN7dpSH?origin=lprLink)<\/p>\n","protected":false},"excerpt":{"rendered":"<p>Iniciativa promovida pela ag\u00eancia de inova\u00e7\u00e3o, MCTI e Senai Cimatec amplia o acesso de empresas e institui\u00e7\u00f5es de pesquisa da Bahia e da regi\u00e3o aos investimentos em Ci\u00eancia, Tecnologia e Inova\u00e7\u00e3o A Finep (Financiadora de Estudos e Projetos), o Minist\u00e9rio da Ci\u00eancia, Tecnologia e Inova\u00e7\u00e3o (MCTI) e o Senai Cimatec realizam, nesta quinta-feira (12), em [&hellip;]<\/p>\n","protected":false},"author":1,"featured_media":9367,"comment_status":"open","ping_status":"open","sticky":false,"template":"","format":"standard","meta":{"footnotes":""},"categories":[10],"tags":[],"class_list":["post-9366","post","type-post","status-publish","format-standard","has-post-thumbnail","hentry","category-bahia"],"yoast_head":"<!-- This site is optimized with the Yoast SEO plugin v21.7 - https:\/\/yoast.com\/wordpress\/plugins\/seo\/ -->\n<title>&quot;Finep pelo Brasil&quot; chega a Salvador - Compartilha Bahia<\/title>\n<meta name=\"robots\" content=\"index, follow, max-snippet:-1, max-image-preview:large, max-video-preview:-1\" \/>\n<link rel=\"canonical\" href=\"https:\/\/compartilhabahia.com.br\/index.php\/2026\/03\/12\/finep-pelo-brasil-chega-a-salvador\/\" \/>\n<meta property=\"og:locale\" content=\"pt_BR\" \/>\n<meta property=\"og:type\" content=\"article\" \/>\n<meta property=\"og:title\" content=\"&quot;Finep pelo Brasil&quot; chega a Salvador - Compartilha Bahia\" \/>\n<meta property=\"og:description\" content=\"Iniciativa promovida pela ag\u00eancia de inova\u00e7\u00e3o, MCTI e Senai Cimatec amplia o acesso de empresas e institui\u00e7\u00f5es de pesquisa da Bahia e da regi\u00e3o aos investimentos em Ci\u00eancia, Tecnologia e Inova\u00e7\u00e3o A Finep (Financiadora de Estudos e Projetos), o Minist\u00e9rio da Ci\u00eancia, Tecnologia e Inova\u00e7\u00e3o (MCTI) e o Senai Cimatec realizam, nesta quinta-feira (12), em [&hellip;]\" \/>\n<meta property=\"og:url\" content=\"https:\/\/compartilhabahia.com.br\/index.php\/2026\/03\/12\/finep-pelo-brasil-chega-a-salvador\/\" \/>\n<meta property=\"og:site_name\" content=\"Compartilha Bahia\" \/>\n<meta property=\"article:publisher\" content=\"https:\/\/web.facebook.com\/compartilhabahia\" \/>\n<meta property=\"article:published_time\" content=\"2026-03-12T15:30:18+00:00\" \/>\n<meta property=\"article:modified_time\" content=\"2026-03-12T15:30:21+00:00\" \/>\n<meta property=\"og:image\" content=\"https:\/\/compartilhabahia.com.br\/wp-content\/uploads\/2026\/03\/finepsalvador.jpg\" \/>\n\t<meta property=\"og:image:width\" content=\"1080\" \/>\n\t<meta property=\"og:image:height\" content=\"1350\" \/>\n\t<meta property=\"og:image:type\" content=\"image\/jpeg\" \/>\n<meta name=\"author\" content=\"admin\" \/>\n<meta name=\"twitter:card\" content=\"summary_large_image\" \/>\n<meta name=\"twitter:label1\" content=\"Escrito por\" \/>\n\t<meta name=\"twitter:data1\" content=\"admin\" \/>\n\t<meta name=\"twitter:label2\" content=\"Est. tempo de leitura\" \/>\n\t<meta name=\"twitter:data2\" content=\"4 minutos\" \/>\n<script type=\"application\/ld+json\" class=\"yoast-schema-graph\">{\"@context\":\"https:\/\/schema.org\",\"@graph\":[{\"@type\":\"Article\",\"@id\":\"https:\/\/compartilhabahia.com.br\/index.php\/2026\/03\/12\/finep-pelo-brasil-chega-a-salvador\/#article\",\"isPartOf\":{\"@id\":\"https:\/\/compartilhabahia.com.br\/index.php\/2026\/03\/12\/finep-pelo-brasil-chega-a-salvador\/\"},\"author\":{\"name\":\"admin\",\"@id\":\"https:\/\/compartilhabahia.com.br\/#\/schema\/person\/9b4f0c3178793b8248d6686732521c04\"},\"headline\":\"&#8220;Finep pelo Brasil&#8221; chega a Salvador\",\"datePublished\":\"2026-03-12T15:30:18+00:00\",\"dateModified\":\"2026-03-12T15:30:21+00:00\",\"mainEntityOfPage\":{\"@id\":\"https:\/\/compartilhabahia.com.br\/index.php\/2026\/03\/12\/finep-pelo-brasil-chega-a-salvador\/\"},\"wordCount\":600,\"commentCount\":0,\"publisher\":{\"@id\":\"https:\/\/compartilhabahia.com.br\/#organization\"},\"articleSection\":[\"Bahia\"],\"inLanguage\":\"pt-BR\",\"potentialAction\":[{\"@type\":\"CommentAction\",\"name\":\"Comment\",\"target\":[\"https:\/\/compartilhabahia.com.br\/index.php\/2026\/03\/12\/finep-pelo-brasil-chega-a-salvador\/#respond\"]}]},{\"@type\":\"WebPage\",\"@id\":\"https:\/\/compartilhabahia.com.br\/index.php\/2026\/03\/12\/finep-pelo-brasil-chega-a-salvador\/\",\"url\":\"https:\/\/compartilhabahia.com.br\/index.php\/2026\/03\/12\/finep-pelo-brasil-chega-a-salvador\/\",\"name\":\"\\\"Finep pelo Brasil\\\" chega a Salvador - Compartilha Bahia\",\"isPartOf\":{\"@id\":\"https:\/\/compartilhabahia.com.br\/#website\"},\"datePublished\":\"2026-03-12T15:30:18+00:00\",\"dateModified\":\"2026-03-12T15:30:21+00:00\",\"breadcrumb\":{\"@id\":\"https:\/\/compartilhabahia.com.br\/index.php\/2026\/03\/12\/finep-pelo-brasil-chega-a-salvador\/#breadcrumb\"},\"inLanguage\":\"pt-BR\",\"potentialAction\":[{\"@type\":\"ReadAction\",\"target\":[\"https:\/\/compartilhabahia.com.br\/index.php\/2026\/03\/12\/finep-pelo-brasil-chega-a-salvador\/\"]}]},{\"@type\":\"BreadcrumbList\",\"@id\":\"https:\/\/compartilhabahia.com.br\/index.php\/2026\/03\/12\/finep-pelo-brasil-chega-a-salvador\/#breadcrumb\",\"itemListElement\":[{\"@type\":\"ListItem\",\"position\":1,\"name\":\"In\u00edcio\",\"item\":\"https:\/\/compartilhabahia.com.br\/\"},{\"@type\":\"ListItem\",\"position\":2,\"name\":\"&#8220;Finep pelo Brasil&#8221; chega a Salvador\"}]},{\"@type\":\"WebSite\",\"@id\":\"https:\/\/compartilhabahia.com.br\/#website\",\"url\":\"https:\/\/compartilhabahia.com.br\/\",\"name\":\"Compartilha Bahia\",\"description\":\"\",\"publisher\":{\"@id\":\"https:\/\/compartilhabahia.com.br\/#organization\"},\"potentialAction\":[{\"@type\":\"SearchAction\",\"target\":{\"@type\":\"EntryPoint\",\"urlTemplate\":\"https:\/\/compartilhabahia.com.br\/?s={search_term_string}\"},\"query-input\":\"required name=search_term_string\"}],\"inLanguage\":\"pt-BR\"},{\"@type\":\"Organization\",\"@id\":\"https:\/\/compartilhabahia.com.br\/#organization\",\"name\":\"Compartilha Bahia\",\"url\":\"https:\/\/compartilhabahia.com.br\/\",\"logo\":{\"@type\":\"ImageObject\",\"inLanguage\":\"pt-BR\",\"@id\":\"https:\/\/compartilhabahia.com.br\/#\/schema\/logo\/image\/\",\"url\":\"https:\/\/compartilhabahia.com.br\/wp-content\/uploads\/2023\/12\/cropped-logo.png\",\"contentUrl\":\"https:\/\/compartilhabahia.com.br\/wp-content\/uploads\/2023\/12\/cropped-logo.png\",\"width\":300,\"height\":106,\"caption\":\"Compartilha Bahia\"},\"image\":{\"@id\":\"https:\/\/compartilhabahia.com.br\/#\/schema\/logo\/image\/\"},\"sameAs\":[\"https:\/\/web.facebook.com\/compartilhabahia\",\"https:\/\/www.instagram.com\/compartilhabahia\/\"]},{\"@type\":\"Person\",\"@id\":\"https:\/\/compartilhabahia.com.br\/#\/schema\/person\/9b4f0c3178793b8248d6686732521c04\",\"name\":\"admin\",\"image\":{\"@type\":\"ImageObject\",\"inLanguage\":\"pt-BR\",\"@id\":\"https:\/\/compartilhabahia.com.br\/#\/schema\/person\/image\/\",\"url\":\"https:\/\/secure.gravatar.com\/avatar\/9600df58751c5acbe914c538c03390ef649ea088cb65f84ba09c7ce66988eed6?s=96&d=mm&r=g\",\"contentUrl\":\"https:\/\/secure.gravatar.com\/avatar\/9600df58751c5acbe914c538c03390ef649ea088cb65f84ba09c7ce66988eed6?s=96&d=mm&r=g\",\"caption\":\"admin\"},\"sameAs\":[\"https:\/\/compartilhabahia.com.br\"],\"url\":\"https:\/\/compartilhabahia.com.br\/index.php\/author\/compartilhabahia\/\"}]}<\/script>\n<!-- \/ Yoast SEO plugin. -->","yoast_head_json":{"title":"\"Finep pelo Brasil\" chega a Salvador - Compartilha Bahia","robots":{"index":"index","follow":"follow","max-snippet":"max-snippet:-1","max-image-preview":"max-image-preview:large","max-video-preview":"max-video-preview:-1"},"canonical":"https:\/\/compartilhabahia.com.br\/index.php\/2026\/03\/12\/finep-pelo-brasil-chega-a-salvador\/","og_locale":"pt_BR","og_type":"article","og_title":"\"Finep pelo Brasil\" chega a Salvador - Compartilha Bahia","og_description":"Iniciativa promovida pela ag\u00eancia de inova\u00e7\u00e3o, MCTI e Senai Cimatec amplia o acesso de empresas e institui\u00e7\u00f5es de pesquisa da Bahia e da regi\u00e3o aos investimentos em Ci\u00eancia, Tecnologia e Inova\u00e7\u00e3o A Finep (Financiadora de Estudos e Projetos), o Minist\u00e9rio da Ci\u00eancia, Tecnologia e Inova\u00e7\u00e3o (MCTI) e o Senai Cimatec realizam, nesta quinta-feira (12), em [&hellip;]","og_url":"https:\/\/compartilhabahia.com.br\/index.php\/2026\/03\/12\/finep-pelo-brasil-chega-a-salvador\/","og_site_name":"Compartilha Bahia","article_publisher":"https:\/\/web.facebook.com\/compartilhabahia","article_published_time":"2026-03-12T15:30:18+00:00","article_modified_time":"2026-03-12T15:30:21+00:00","og_image":[{"width":1080,"height":1350,"url":"https:\/\/compartilhabahia.com.br\/wp-content\/uploads\/2026\/03\/finepsalvador.jpg","type":"image\/jpeg"}],"author":"admin","twitter_card":"summary_large_image","twitter_misc":{"Escrito por":"admin","Est. tempo de leitura":"4 minutos"},"schema":{"@context":"https:\/\/schema.org","@graph":[{"@type":"Article","@id":"https:\/\/compartilhabahia.com.br\/index.php\/2026\/03\/12\/finep-pelo-brasil-chega-a-salvador\/#article","isPartOf":{"@id":"https:\/\/compartilhabahia.com.br\/index.php\/2026\/03\/12\/finep-pelo-brasil-chega-a-salvador\/"},"author":{"name":"admin","@id":"https:\/\/compartilhabahia.com.br\/#\/schema\/person\/9b4f0c3178793b8248d6686732521c04"},"headline":"&#8220;Finep pelo Brasil&#8221; chega a Salvador","datePublished":"2026-03-12T15:30:18+00:00","dateModified":"2026-03-12T15:30:21+00:00","mainEntityOfPage":{"@id":"https:\/\/compartilhabahia.com.br\/index.php\/2026\/03\/12\/finep-pelo-brasil-chega-a-salvador\/"},"wordCount":600,"commentCount":0,"publisher":{"@id":"https:\/\/compartilhabahia.com.br\/#organization"},"articleSection":["Bahia"],"inLanguage":"pt-BR","potentialAction":[{"@type":"CommentAction","name":"Comment","target":["https:\/\/compartilhabahia.com.br\/index.php\/2026\/03\/12\/finep-pelo-brasil-chega-a-salvador\/#respond"]}]},{"@type":"WebPage","@id":"https:\/\/compartilhabahia.com.br\/index.php\/2026\/03\/12\/finep-pelo-brasil-chega-a-salvador\/","url":"https:\/\/compartilhabahia.com.br\/index.php\/2026\/03\/12\/finep-pelo-brasil-chega-a-salvador\/","name":"\"Finep pelo Brasil\" chega a Salvador - Compartilha Bahia","isPartOf":{"@id":"https:\/\/compartilhabahia.com.br\/#website"},"datePublished":"2026-03-12T15:30:18+00:00","dateModified":"2026-03-12T15:30:21+00:00","breadcrumb":{"@id":"https:\/\/compartilhabahia.com.br\/index.php\/2026\/03\/12\/finep-pelo-brasil-chega-a-salvador\/#breadcrumb"},"inLanguage":"pt-BR","potentialAction":[{"@type":"ReadAction","target":["https:\/\/compartilhabahia.com.br\/index.php\/2026\/03\/12\/finep-pelo-brasil-chega-a-salvador\/"]}]},{"@type":"BreadcrumbList","@id":"https:\/\/compartilhabahia.com.br\/index.php\/2026\/03\/12\/finep-pelo-brasil-chega-a-salvador\/#breadcrumb","itemListElement":[{"@type":"ListItem","position":1,"name":"In\u00edcio","item":"https:\/\/compartilhabahia.com.br\/"},{"@type":"ListItem","position":2,"name":"&#8220;Finep pelo Brasil&#8221; chega a Salvador"}]},{"@type":"WebSite","@id":"https:\/\/compartilhabahia.com.br\/#website","url":"https:\/\/compartilhabahia.com.br\/","name":"Compartilha Bahia","description":"","publisher":{"@id":"https:\/\/compartilhabahia.com.br\/#organization"},"potentialAction":[{"@type":"SearchAction","target":{"@type":"EntryPoint","urlTemplate":"https:\/\/compartilhabahia.com.br\/?s={search_term_string}"},"query-input":"required name=search_term_string"}],"inLanguage":"pt-BR"},{"@type":"Organization","@id":"https:\/\/compartilhabahia.com.br\/#organization","name":"Compartilha Bahia","url":"https:\/\/compartilhabahia.com.br\/","logo":{"@type":"ImageObject","inLanguage":"pt-BR","@id":"https:\/\/compartilhabahia.com.br\/#\/schema\/logo\/image\/","url":"https:\/\/compartilhabahia.com.br\/wp-content\/uploads\/2023\/12\/cropped-logo.png","contentUrl":"https:\/\/compartilhabahia.com.br\/wp-content\/uploads\/2023\/12\/cropped-logo.png","width":300,"height":106,"caption":"Compartilha Bahia"},"image":{"@id":"https:\/\/compartilhabahia.com.br\/#\/schema\/logo\/image\/"},"sameAs":["https:\/\/web.facebook.com\/compartilhabahia","https:\/\/www.instagram.com\/compartilhabahia\/"]},{"@type":"Person","@id":"https:\/\/compartilhabahia.com.br\/#\/schema\/person\/9b4f0c3178793b8248d6686732521c04","name":"admin","image":{"@type":"ImageObject","inLanguage":"pt-BR","@id":"https:\/\/compartilhabahia.com.br\/#\/schema\/person\/image\/","url":"https:\/\/secure.gravatar.com\/avatar\/9600df58751c5acbe914c538c03390ef649ea088cb65f84ba09c7ce66988eed6?s=96&d=mm&r=g","contentUrl":"https:\/\/secure.gravatar.com\/avatar\/9600df58751c5acbe914c538c03390ef649ea088cb65f84ba09c7ce66988eed6?s=96&d=mm&r=g","caption":"admin"},"sameAs":["https:\/\/compartilhabahia.com.br"],"url":"https:\/\/compartilhabahia.com.br\/index.php\/author\/compartilhabahia\/"}]}},"_links":{"self":[{"href":"https:\/\/compartilhabahia.com.br\/index.php\/wp-json\/wp\/v2\/posts\/9366","targetHints":{"allow":["GET"]}}],"collection":[{"href":"https:\/\/compartilhabahia.com.br\/index.php\/wp-json\/wp\/v2\/posts"}],"about":[{"href":"https:\/\/compartilhabahia.com.br\/index.php\/wp-json\/wp\/v2\/types\/post"}],"author":[{"embeddable":true,"href":"https:\/\/compartilhabahia.com.br\/index.php\/wp-json\/wp\/v2\/users\/1"}],"replies":[{"embeddable":true,"href":"https:\/\/compartilhabahia.com.br\/index.php\/wp-json\/wp\/v2\/comments?post=9366"}],"version-history":[{"count":1,"href":"https:\/\/compartilhabahia.com.br\/index.php\/wp-json\/wp\/v2\/posts\/9366\/revisions"}],"predecessor-version":[{"id":9368,"href":"https:\/\/compartilhabahia.com.br\/index.php\/wp-json\/wp\/v2\/posts\/9366\/revisions\/9368"}],"wp:featuredmedia":[{"embeddable":true,"href":"https:\/\/compartilhabahia.com.br\/index.php\/wp-json\/wp\/v2\/media\/9367"}],"wp:attachment":[{"href":"https:\/\/compartilhabahia.com.br\/index.php\/wp-json\/wp\/v2\/media?parent=9366"}],"wp:term":[{"taxonomy":"category","embeddable":true,"href":"https:\/\/compartilhabahia.com.br\/index.php\/wp-json\/wp\/v2\/categories?post=9366"},{"taxonomy":"post_tag","embeddable":true,"href":"https:\/\/compartilhabahia.com.br\/index.php\/wp-json\/wp\/v2\/tags?post=9366"}],"curies":[{"name":"wp","href":"https:\/\/api.w.org\/{rel}","templated":true}]}}