{"id":9361,"date":"2026-03-12T11:46:24","date_gmt":"2026-03-12T14:46:24","guid":{"rendered":"https:\/\/compartilhabahia.com.br\/?p=9361"},"modified":"2026-03-12T11:46:26","modified_gmt":"2026-03-12T14:46:26","slug":"hospital-geral-de-camacari-empossa-1a-comissao-local-de-saude-do-trabalhador","status":"publish","type":"post","link":"https:\/\/compartilhabahia.com.br\/index.php\/2026\/03\/12\/hospital-geral-de-camacari-empossa-1a-comissao-local-de-saude-do-trabalhador\/","title":{"rendered":"Hospital Geral de Cama\u00e7ari empossa 1\u00aa Comiss\u00e3o Local de Sa\u00fade do Trabalhador"},"content":{"rendered":"\n<p>Inst\u00e2ncia representativa dos trabalhadores, a comiss\u00e3o atuar\u00e1 no fortalecimento das a\u00e7\u00f5es de promo\u00e7\u00e3o, preven\u00e7\u00e3o e vigil\u00e2ncia em sa\u00fade do trabalhador no \u00e2mbito da unidade.<\/p>\n\n\n\n<p>O Hospital Geral de Cama\u00e7ari realizou, na tarde desta quarta-feira (11), o ato de posse da 1\u00aa Comiss\u00e3o Local de Sa\u00fade do Trabalhador (CLST) da unidade. A iniciativa marca um importante avan\u00e7o na consolida\u00e7\u00e3o de espa\u00e7os de participa\u00e7\u00e3o dos trabalhadores nas decis\u00f5es relacionadas \u00e0s condi\u00e7\u00f5es e aos processos de trabalho no ambiente hospitalar.<\/p>\n\n\n\n<p>A comiss\u00e3o \u00e9 composta por sete membros, sendo quatro titulares e tr\u00eas suplentes, eleitos diretamente pelos trabalhadores da unidade para um mandato de dois anos. Tomaram posse como membros titulares Clodoaldo Lima, Erica Cristina Lima, Livia Passos e Patr\u00edcio Valen\u00e7a. Como suplentes, integram a comiss\u00e3o Cleiseana Dantas, Joseilton Bastos e Zedina Nascimento.<\/p>\n\n\n\n<figure class=\"wp-block-image size-large\"><img loading=\"lazy\" decoding=\"async\" width=\"1024\" height=\"568\" src=\"https:\/\/compartilhabahia.com.br\/wp-content\/uploads\/2026\/03\/WhatsApp-Image-2026-03-12-at-11.05.50-1024x568.jpeg\" alt=\"\" class=\"wp-image-9364\" srcset=\"https:\/\/compartilhabahia.com.br\/wp-content\/uploads\/2026\/03\/WhatsApp-Image-2026-03-12-at-11.05.50-1024x568.jpeg 1024w, https:\/\/compartilhabahia.com.br\/wp-content\/uploads\/2026\/03\/WhatsApp-Image-2026-03-12-at-11.05.50-300x166.jpeg 300w, https:\/\/compartilhabahia.com.br\/wp-content\/uploads\/2026\/03\/WhatsApp-Image-2026-03-12-at-11.05.50-768x426.jpeg 768w, https:\/\/compartilhabahia.com.br\/wp-content\/uploads\/2026\/03\/WhatsApp-Image-2026-03-12-at-11.05.50.jpeg 1280w\" sizes=\"auto, (max-width: 1024px) 100vw, 1024px\" \/><\/figure>\n\n\n\n<p>Criada por meio da Portaria SESAB n\u00ba 1761, de 20 de dezembro de 2012, a Comiss\u00e3o Local de Sa\u00fade do Trabalhador \u00e9 uma inst\u00e2ncia leg\u00edtima e representativa do conjunto de trabalhadores de cada unidade da Secretaria da Sa\u00fade do Estado da Bahia (Sesab). Com caracter\u00edsticas semelhantes \u00e0 Comiss\u00e3o Interna de Preven\u00e7\u00e3o de Acidentes (CIPA), por\u00e9m em uma perspectiva mais ampliada, a CLST atua na promo\u00e7\u00e3o do di\u00e1logo e na negocia\u00e7\u00e3o de melhorias nas condi\u00e7\u00f5es, rela\u00e7\u00f5es e processos de trabalho.<\/p>\n\n\n\n<p>Entre os principais objetivos da comiss\u00e3o est\u00e3o estimular a humaniza\u00e7\u00e3o do trabalho e a participa\u00e7\u00e3o ativa dos trabalhadores como protagonistas na constru\u00e7\u00e3o de um ambiente laboral mais saud\u00e1vel; incluir os profissionais nas decis\u00f5es relacionadas \u00e0s condi\u00e7\u00f5es de trabalho; e promover a\u00e7\u00f5es voltadas \u00e0 melhoria da sa\u00fade, seguran\u00e7a e qualidade de vida nos locais de trabalho, com \u00eanfase na identifica\u00e7\u00e3o e controle de riscos ocupacionais.<\/p>\n\n\n\n<p>Durante o ato de posse, a diretora-geral do HGC, Tha\u00eds Fraga, destacou a import\u00e2ncia da comiss\u00e3o como instrumento de fortalecimento da participa\u00e7\u00e3o dos trabalhadores e de aprimoramento do ambiente institucional.<br>\u201cA cria\u00e7\u00e3o da Comiss\u00e3o Local de Sa\u00fade do Trabalhador \u00e9 um marco hist\u00f3rico para a nossa unidade e representa um passo importante para o fortalecimento do di\u00e1logo e da participa\u00e7\u00e3o dos profissionais nas decis\u00f5es que impactam diretamente o seu cotidiano de trabalho. Nosso compromisso \u00e9 construir, de forma coletiva, um ambiente cada vez mais seguro, saud\u00e1vel e humanizado para todos\u201d, afirmou.<\/p>\n\n\n\n<p>Tamb\u00e9m participaram da solenidade o diretor m\u00e9dico, F\u00e1bio Rom\u00e3o, o diretor administrativo, Caio C\u00e9zar Nascimento, a diretora de enfermagem, Elane Reis, al\u00e9m de coordenadores e lideran\u00e7as da unidade.<\/p>\n\n\n\n<p>Sobre o processo eleitoral<\/p>\n\n\n\n<p>O processo eleitoral para composi\u00e7\u00e3o da 1\u00aa CLST do Hospital Geral de Cama\u00e7ari foi conduzido pela Comiss\u00e3o Eleitoral, com apoio do setor de Recursos Humanos, e ocorreu em diferentes etapas.<\/p>\n\n\n\n<p>As inscri\u00e7\u00f5es dos candidatos foram realizadas no per\u00edodo de 02 de fevereiro a 02 de mar\u00e7o de 2026. A rela\u00e7\u00e3o dos inscritos foi divulgada para toda a unidade entre os dias 03 e 04 de mar\u00e7o.<\/p>\n\n\n\n<p>A elei\u00e7\u00e3o aconteceu no dia 05 de mar\u00e7o de 2026, no corredor principal da unidade, em frente ao refeit\u00f3rio, das 7h \u00e0s 20h, por meio de vota\u00e7\u00e3o direta e secreta, aberta a todos os trabalhadores do hospital.<\/p>\n\n\n\n<p>A apura\u00e7\u00e3o dos votos foi realizada no dia 06 de mar\u00e7o, \u00e0s 10h, com a participa\u00e7\u00e3o da Comiss\u00e3o Eleitoral, representantes do setor de Recursos Humanos e dos candidatos.<\/p>\n\n\n\n<p>Ao final do mandato, previsto para dois anos, um novo processo eleitoral dever\u00e1 ser convocado para a escolha dos pr\u00f3ximos representantes da comiss\u00e3o.<\/p>\n\n\n\n<figure class=\"wp-block-image size-large\"><img loading=\"lazy\" decoding=\"async\" width=\"1024\" height=\"768\" src=\"https:\/\/compartilhabahia.com.br\/wp-content\/uploads\/2026\/03\/WhatsApp-Image-2026-03-12-at-11.05.49-1024x768.jpeg\" alt=\"\" class=\"wp-image-9363\" srcset=\"https:\/\/compartilhabahia.com.br\/wp-content\/uploads\/2026\/03\/WhatsApp-Image-2026-03-12-at-11.05.49-1024x768.jpeg 1024w, https:\/\/compartilhabahia.com.br\/wp-content\/uploads\/2026\/03\/WhatsApp-Image-2026-03-12-at-11.05.49-300x225.jpeg 300w, https:\/\/compartilhabahia.com.br\/wp-content\/uploads\/2026\/03\/WhatsApp-Image-2026-03-12-at-11.05.49-768x576.jpeg 768w, https:\/\/compartilhabahia.com.br\/wp-content\/uploads\/2026\/03\/WhatsApp-Image-2026-03-12-at-11.05.49.jpeg 1280w\" sizes=\"auto, (max-width: 1024px) 100vw, 1024px\" \/><\/figure>\n\n\n\n<p>ASCOM\/HGC<\/p>\n","protected":false},"excerpt":{"rendered":"<p>Inst\u00e2ncia representativa dos trabalhadores, a comiss\u00e3o atuar\u00e1 no fortalecimento das a\u00e7\u00f5es de promo\u00e7\u00e3o, preven\u00e7\u00e3o e vigil\u00e2ncia em sa\u00fade do trabalhador no \u00e2mbito da unidade. O Hospital Geral de Cama\u00e7ari realizou, na tarde desta quarta-feira (11), o ato de posse da 1\u00aa Comiss\u00e3o Local de Sa\u00fade do Trabalhador (CLST) da unidade. A iniciativa marca um importante [&hellip;]<\/p>\n","protected":false},"author":1,"featured_media":9362,"comment_status":"open","ping_status":"open","sticky":false,"template":"","format":"standard","meta":{"footnotes":""},"categories":[8],"tags":[],"class_list":["post-9361","post","type-post","status-publish","format-standard","has-post-thumbnail","hentry","category-camacari"],"yoast_head":"<!-- This site is optimized with the Yoast SEO plugin v21.7 - https:\/\/yoast.com\/wordpress\/plugins\/seo\/ -->\n<title>Hospital Geral de Cama\u00e7ari empossa 1\u00aa Comiss\u00e3o Local de Sa\u00fade do Trabalhador - Compartilha Bahia<\/title>\n<meta name=\"robots\" content=\"index, follow, max-snippet:-1, max-image-preview:large, max-video-preview:-1\" \/>\n<link rel=\"canonical\" href=\"https:\/\/compartilhabahia.com.br\/index.php\/2026\/03\/12\/hospital-geral-de-camacari-empossa-1a-comissao-local-de-saude-do-trabalhador\/\" \/>\n<meta property=\"og:locale\" content=\"pt_BR\" \/>\n<meta property=\"og:type\" content=\"article\" \/>\n<meta property=\"og:title\" content=\"Hospital Geral de Cama\u00e7ari empossa 1\u00aa Comiss\u00e3o Local de Sa\u00fade do Trabalhador - Compartilha Bahia\" \/>\n<meta property=\"og:description\" content=\"Inst\u00e2ncia representativa dos trabalhadores, a comiss\u00e3o atuar\u00e1 no fortalecimento das a\u00e7\u00f5es de promo\u00e7\u00e3o, preven\u00e7\u00e3o e vigil\u00e2ncia em sa\u00fade do trabalhador no \u00e2mbito da unidade. O Hospital Geral de Cama\u00e7ari realizou, na tarde desta quarta-feira (11), o ato de posse da 1\u00aa Comiss\u00e3o Local de Sa\u00fade do Trabalhador (CLST) da unidade. A iniciativa marca um importante [&hellip;]\" \/>\n<meta property=\"og:url\" content=\"https:\/\/compartilhabahia.com.br\/index.php\/2026\/03\/12\/hospital-geral-de-camacari-empossa-1a-comissao-local-de-saude-do-trabalhador\/\" \/>\n<meta property=\"og:site_name\" content=\"Compartilha Bahia\" \/>\n<meta property=\"article:publisher\" content=\"https:\/\/web.facebook.com\/compartilhabahia\" \/>\n<meta property=\"article:published_time\" content=\"2026-03-12T14:46:24+00:00\" \/>\n<meta property=\"article:modified_time\" content=\"2026-03-12T14:46:26+00:00\" \/>\n<meta property=\"og:image\" content=\"https:\/\/compartilhabahia.com.br\/wp-content\/uploads\/2026\/03\/possenohgc.jpg\" \/>\n\t<meta property=\"og:image:width\" content=\"896\" \/>\n\t<meta property=\"og:image:height\" content=\"672\" \/>\n\t<meta property=\"og:image:type\" content=\"image\/jpeg\" \/>\n<meta name=\"author\" content=\"admin\" \/>\n<meta name=\"twitter:card\" content=\"summary_large_image\" \/>\n<meta name=\"twitter:label1\" content=\"Escrito por\" \/>\n\t<meta name=\"twitter:data1\" content=\"admin\" \/>\n\t<meta name=\"twitter:label2\" content=\"Est. tempo de leitura\" \/>\n\t<meta name=\"twitter:data2\" content=\"4 minutos\" \/>\n<script type=\"application\/ld+json\" class=\"yoast-schema-graph\">{\"@context\":\"https:\/\/schema.org\",\"@graph\":[{\"@type\":\"Article\",\"@id\":\"https:\/\/compartilhabahia.com.br\/index.php\/2026\/03\/12\/hospital-geral-de-camacari-empossa-1a-comissao-local-de-saude-do-trabalhador\/#article\",\"isPartOf\":{\"@id\":\"https:\/\/compartilhabahia.com.br\/index.php\/2026\/03\/12\/hospital-geral-de-camacari-empossa-1a-comissao-local-de-saude-do-trabalhador\/\"},\"author\":{\"name\":\"admin\",\"@id\":\"https:\/\/compartilhabahia.com.br\/#\/schema\/person\/9b4f0c3178793b8248d6686732521c04\"},\"headline\":\"Hospital Geral de Cama\u00e7ari empossa 1\u00aa Comiss\u00e3o Local de Sa\u00fade do Trabalhador\",\"datePublished\":\"2026-03-12T14:46:24+00:00\",\"dateModified\":\"2026-03-12T14:46:26+00:00\",\"mainEntityOfPage\":{\"@id\":\"https:\/\/compartilhabahia.com.br\/index.php\/2026\/03\/12\/hospital-geral-de-camacari-empossa-1a-comissao-local-de-saude-do-trabalhador\/\"},\"wordCount\":629,\"commentCount\":0,\"publisher\":{\"@id\":\"https:\/\/compartilhabahia.com.br\/#organization\"},\"articleSection\":[\"Cama\u00e7ari\"],\"inLanguage\":\"pt-BR\",\"potentialAction\":[{\"@type\":\"CommentAction\",\"name\":\"Comment\",\"target\":[\"https:\/\/compartilhabahia.com.br\/index.php\/2026\/03\/12\/hospital-geral-de-camacari-empossa-1a-comissao-local-de-saude-do-trabalhador\/#respond\"]}]},{\"@type\":\"WebPage\",\"@id\":\"https:\/\/compartilhabahia.com.br\/index.php\/2026\/03\/12\/hospital-geral-de-camacari-empossa-1a-comissao-local-de-saude-do-trabalhador\/\",\"url\":\"https:\/\/compartilhabahia.com.br\/index.php\/2026\/03\/12\/hospital-geral-de-camacari-empossa-1a-comissao-local-de-saude-do-trabalhador\/\",\"name\":\"Hospital Geral de Cama\u00e7ari empossa 1\u00aa Comiss\u00e3o Local de Sa\u00fade do Trabalhador - Compartilha Bahia\",\"isPartOf\":{\"@id\":\"https:\/\/compartilhabahia.com.br\/#website\"},\"datePublished\":\"2026-03-12T14:46:24+00:00\",\"dateModified\":\"2026-03-12T14:46:26+00:00\",\"breadcrumb\":{\"@id\":\"https:\/\/compartilhabahia.com.br\/index.php\/2026\/03\/12\/hospital-geral-de-camacari-empossa-1a-comissao-local-de-saude-do-trabalhador\/#breadcrumb\"},\"inLanguage\":\"pt-BR\",\"potentialAction\":[{\"@type\":\"ReadAction\",\"target\":[\"https:\/\/compartilhabahia.com.br\/index.php\/2026\/03\/12\/hospital-geral-de-camacari-empossa-1a-comissao-local-de-saude-do-trabalhador\/\"]}]},{\"@type\":\"BreadcrumbList\",\"@id\":\"https:\/\/compartilhabahia.com.br\/index.php\/2026\/03\/12\/hospital-geral-de-camacari-empossa-1a-comissao-local-de-saude-do-trabalhador\/#breadcrumb\",\"itemListElement\":[{\"@type\":\"ListItem\",\"position\":1,\"name\":\"In\u00edcio\",\"item\":\"https:\/\/compartilhabahia.com.br\/\"},{\"@type\":\"ListItem\",\"position\":2,\"name\":\"Hospital Geral de Cama\u00e7ari empossa 1\u00aa Comiss\u00e3o Local de Sa\u00fade do Trabalhador\"}]},{\"@type\":\"WebSite\",\"@id\":\"https:\/\/compartilhabahia.com.br\/#website\",\"url\":\"https:\/\/compartilhabahia.com.br\/\",\"name\":\"Compartilha Bahia\",\"description\":\"\",\"publisher\":{\"@id\":\"https:\/\/compartilhabahia.com.br\/#organization\"},\"potentialAction\":[{\"@type\":\"SearchAction\",\"target\":{\"@type\":\"EntryPoint\",\"urlTemplate\":\"https:\/\/compartilhabahia.com.br\/?s={search_term_string}\"},\"query-input\":\"required name=search_term_string\"}],\"inLanguage\":\"pt-BR\"},{\"@type\":\"Organization\",\"@id\":\"https:\/\/compartilhabahia.com.br\/#organization\",\"name\":\"Compartilha Bahia\",\"url\":\"https:\/\/compartilhabahia.com.br\/\",\"logo\":{\"@type\":\"ImageObject\",\"inLanguage\":\"pt-BR\",\"@id\":\"https:\/\/compartilhabahia.com.br\/#\/schema\/logo\/image\/\",\"url\":\"https:\/\/compartilhabahia.com.br\/wp-content\/uploads\/2023\/12\/cropped-logo.png\",\"contentUrl\":\"https:\/\/compartilhabahia.com.br\/wp-content\/uploads\/2023\/12\/cropped-logo.png\",\"width\":300,\"height\":106,\"caption\":\"Compartilha Bahia\"},\"image\":{\"@id\":\"https:\/\/compartilhabahia.com.br\/#\/schema\/logo\/image\/\"},\"sameAs\":[\"https:\/\/web.facebook.com\/compartilhabahia\",\"https:\/\/www.instagram.com\/compartilhabahia\/\"]},{\"@type\":\"Person\",\"@id\":\"https:\/\/compartilhabahia.com.br\/#\/schema\/person\/9b4f0c3178793b8248d6686732521c04\",\"name\":\"admin\",\"image\":{\"@type\":\"ImageObject\",\"inLanguage\":\"pt-BR\",\"@id\":\"https:\/\/compartilhabahia.com.br\/#\/schema\/person\/image\/\",\"url\":\"https:\/\/secure.gravatar.com\/avatar\/9600df58751c5acbe914c538c03390ef649ea088cb65f84ba09c7ce66988eed6?s=96&d=mm&r=g\",\"contentUrl\":\"https:\/\/secure.gravatar.com\/avatar\/9600df58751c5acbe914c538c03390ef649ea088cb65f84ba09c7ce66988eed6?s=96&d=mm&r=g\",\"caption\":\"admin\"},\"sameAs\":[\"https:\/\/compartilhabahia.com.br\"],\"url\":\"https:\/\/compartilhabahia.com.br\/index.php\/author\/compartilhabahia\/\"}]}<\/script>\n<!-- \/ Yoast SEO plugin. -->","yoast_head_json":{"title":"Hospital Geral de Cama\u00e7ari empossa 1\u00aa Comiss\u00e3o Local de Sa\u00fade do Trabalhador - Compartilha Bahia","robots":{"index":"index","follow":"follow","max-snippet":"max-snippet:-1","max-image-preview":"max-image-preview:large","max-video-preview":"max-video-preview:-1"},"canonical":"https:\/\/compartilhabahia.com.br\/index.php\/2026\/03\/12\/hospital-geral-de-camacari-empossa-1a-comissao-local-de-saude-do-trabalhador\/","og_locale":"pt_BR","og_type":"article","og_title":"Hospital Geral de Cama\u00e7ari empossa 1\u00aa Comiss\u00e3o Local de Sa\u00fade do Trabalhador - Compartilha Bahia","og_description":"Inst\u00e2ncia representativa dos trabalhadores, a comiss\u00e3o atuar\u00e1 no fortalecimento das a\u00e7\u00f5es de promo\u00e7\u00e3o, preven\u00e7\u00e3o e vigil\u00e2ncia em sa\u00fade do trabalhador no \u00e2mbito da unidade. O Hospital Geral de Cama\u00e7ari realizou, na tarde desta quarta-feira (11), o ato de posse da 1\u00aa Comiss\u00e3o Local de Sa\u00fade do Trabalhador (CLST) da unidade. A iniciativa marca um importante [&hellip;]","og_url":"https:\/\/compartilhabahia.com.br\/index.php\/2026\/03\/12\/hospital-geral-de-camacari-empossa-1a-comissao-local-de-saude-do-trabalhador\/","og_site_name":"Compartilha Bahia","article_publisher":"https:\/\/web.facebook.com\/compartilhabahia","article_published_time":"2026-03-12T14:46:24+00:00","article_modified_time":"2026-03-12T14:46:26+00:00","og_image":[{"width":896,"height":672,"url":"https:\/\/compartilhabahia.com.br\/wp-content\/uploads\/2026\/03\/possenohgc.jpg","type":"image\/jpeg"}],"author":"admin","twitter_card":"summary_large_image","twitter_misc":{"Escrito por":"admin","Est. tempo de leitura":"4 minutos"},"schema":{"@context":"https:\/\/schema.org","@graph":[{"@type":"Article","@id":"https:\/\/compartilhabahia.com.br\/index.php\/2026\/03\/12\/hospital-geral-de-camacari-empossa-1a-comissao-local-de-saude-do-trabalhador\/#article","isPartOf":{"@id":"https:\/\/compartilhabahia.com.br\/index.php\/2026\/03\/12\/hospital-geral-de-camacari-empossa-1a-comissao-local-de-saude-do-trabalhador\/"},"author":{"name":"admin","@id":"https:\/\/compartilhabahia.com.br\/#\/schema\/person\/9b4f0c3178793b8248d6686732521c04"},"headline":"Hospital Geral de Cama\u00e7ari empossa 1\u00aa Comiss\u00e3o Local de Sa\u00fade do Trabalhador","datePublished":"2026-03-12T14:46:24+00:00","dateModified":"2026-03-12T14:46:26+00:00","mainEntityOfPage":{"@id":"https:\/\/compartilhabahia.com.br\/index.php\/2026\/03\/12\/hospital-geral-de-camacari-empossa-1a-comissao-local-de-saude-do-trabalhador\/"},"wordCount":629,"commentCount":0,"publisher":{"@id":"https:\/\/compartilhabahia.com.br\/#organization"},"articleSection":["Cama\u00e7ari"],"inLanguage":"pt-BR","potentialAction":[{"@type":"CommentAction","name":"Comment","target":["https:\/\/compartilhabahia.com.br\/index.php\/2026\/03\/12\/hospital-geral-de-camacari-empossa-1a-comissao-local-de-saude-do-trabalhador\/#respond"]}]},{"@type":"WebPage","@id":"https:\/\/compartilhabahia.com.br\/index.php\/2026\/03\/12\/hospital-geral-de-camacari-empossa-1a-comissao-local-de-saude-do-trabalhador\/","url":"https:\/\/compartilhabahia.com.br\/index.php\/2026\/03\/12\/hospital-geral-de-camacari-empossa-1a-comissao-local-de-saude-do-trabalhador\/","name":"Hospital Geral de Cama\u00e7ari empossa 1\u00aa Comiss\u00e3o Local de Sa\u00fade do Trabalhador - Compartilha Bahia","isPartOf":{"@id":"https:\/\/compartilhabahia.com.br\/#website"},"datePublished":"2026-03-12T14:46:24+00:00","dateModified":"2026-03-12T14:46:26+00:00","breadcrumb":{"@id":"https:\/\/compartilhabahia.com.br\/index.php\/2026\/03\/12\/hospital-geral-de-camacari-empossa-1a-comissao-local-de-saude-do-trabalhador\/#breadcrumb"},"inLanguage":"pt-BR","potentialAction":[{"@type":"ReadAction","target":["https:\/\/compartilhabahia.com.br\/index.php\/2026\/03\/12\/hospital-geral-de-camacari-empossa-1a-comissao-local-de-saude-do-trabalhador\/"]}]},{"@type":"BreadcrumbList","@id":"https:\/\/compartilhabahia.com.br\/index.php\/2026\/03\/12\/hospital-geral-de-camacari-empossa-1a-comissao-local-de-saude-do-trabalhador\/#breadcrumb","itemListElement":[{"@type":"ListItem","position":1,"name":"In\u00edcio","item":"https:\/\/compartilhabahia.com.br\/"},{"@type":"ListItem","position":2,"name":"Hospital Geral de Cama\u00e7ari empossa 1\u00aa Comiss\u00e3o Local de Sa\u00fade do Trabalhador"}]},{"@type":"WebSite","@id":"https:\/\/compartilhabahia.com.br\/#website","url":"https:\/\/compartilhabahia.com.br\/","name":"Compartilha Bahia","description":"","publisher":{"@id":"https:\/\/compartilhabahia.com.br\/#organization"},"potentialAction":[{"@type":"SearchAction","target":{"@type":"EntryPoint","urlTemplate":"https:\/\/compartilhabahia.com.br\/?s={search_term_string}"},"query-input":"required name=search_term_string"}],"inLanguage":"pt-BR"},{"@type":"Organization","@id":"https:\/\/compartilhabahia.com.br\/#organization","name":"Compartilha Bahia","url":"https:\/\/compartilhabahia.com.br\/","logo":{"@type":"ImageObject","inLanguage":"pt-BR","@id":"https:\/\/compartilhabahia.com.br\/#\/schema\/logo\/image\/","url":"https:\/\/compartilhabahia.com.br\/wp-content\/uploads\/2023\/12\/cropped-logo.png","contentUrl":"https:\/\/compartilhabahia.com.br\/wp-content\/uploads\/2023\/12\/cropped-logo.png","width":300,"height":106,"caption":"Compartilha Bahia"},"image":{"@id":"https:\/\/compartilhabahia.com.br\/#\/schema\/logo\/image\/"},"sameAs":["https:\/\/web.facebook.com\/compartilhabahia","https:\/\/www.instagram.com\/compartilhabahia\/"]},{"@type":"Person","@id":"https:\/\/compartilhabahia.com.br\/#\/schema\/person\/9b4f0c3178793b8248d6686732521c04","name":"admin","image":{"@type":"ImageObject","inLanguage":"pt-BR","@id":"https:\/\/compartilhabahia.com.br\/#\/schema\/person\/image\/","url":"https:\/\/secure.gravatar.com\/avatar\/9600df58751c5acbe914c538c03390ef649ea088cb65f84ba09c7ce66988eed6?s=96&d=mm&r=g","contentUrl":"https:\/\/secure.gravatar.com\/avatar\/9600df58751c5acbe914c538c03390ef649ea088cb65f84ba09c7ce66988eed6?s=96&d=mm&r=g","caption":"admin"},"sameAs":["https:\/\/compartilhabahia.com.br"],"url":"https:\/\/compartilhabahia.com.br\/index.php\/author\/compartilhabahia\/"}]}},"_links":{"self":[{"href":"https:\/\/compartilhabahia.com.br\/index.php\/wp-json\/wp\/v2\/posts\/9361","targetHints":{"allow":["GET"]}}],"collection":[{"href":"https:\/\/compartilhabahia.com.br\/index.php\/wp-json\/wp\/v2\/posts"}],"about":[{"href":"https:\/\/compartilhabahia.com.br\/index.php\/wp-json\/wp\/v2\/types\/post"}],"author":[{"embeddable":true,"href":"https:\/\/compartilhabahia.com.br\/index.php\/wp-json\/wp\/v2\/users\/1"}],"replies":[{"embeddable":true,"href":"https:\/\/compartilhabahia.com.br\/index.php\/wp-json\/wp\/v2\/comments?post=9361"}],"version-history":[{"count":1,"href":"https:\/\/compartilhabahia.com.br\/index.php\/wp-json\/wp\/v2\/posts\/9361\/revisions"}],"predecessor-version":[{"id":9365,"href":"https:\/\/compartilhabahia.com.br\/index.php\/wp-json\/wp\/v2\/posts\/9361\/revisions\/9365"}],"wp:featuredmedia":[{"embeddable":true,"href":"https:\/\/compartilhabahia.com.br\/index.php\/wp-json\/wp\/v2\/media\/9362"}],"wp:attachment":[{"href":"https:\/\/compartilhabahia.com.br\/index.php\/wp-json\/wp\/v2\/media?parent=9361"}],"wp:term":[{"taxonomy":"category","embeddable":true,"href":"https:\/\/compartilhabahia.com.br\/index.php\/wp-json\/wp\/v2\/categories?post=9361"},{"taxonomy":"post_tag","embeddable":true,"href":"https:\/\/compartilhabahia.com.br\/index.php\/wp-json\/wp\/v2\/tags?post=9361"}],"curies":[{"name":"wp","href":"https:\/\/api.w.org\/{rel}","templated":true}]}}