{"id":9346,"date":"2026-03-10T19:24:35","date_gmt":"2026-03-10T22:24:35","guid":{"rendered":"https:\/\/compartilhabahia.com.br\/?p=9346"},"modified":"2026-03-10T19:28:09","modified_gmt":"2026-03-10T22:28:09","slug":"marco-amarelo-alerta-para-a-prevencao-e-o-diagnostico-precoce-das-doencas-renais","status":"publish","type":"post","link":"https:\/\/compartilhabahia.com.br\/index.php\/2026\/03\/10\/marco-amarelo-alerta-para-a-prevencao-e-o-diagnostico-precoce-das-doencas-renais\/","title":{"rendered":"Mar\u00e7o Amarelo alerta para a preven\u00e7\u00e3o e o diagn\u00f3stico precoce das doen\u00e7as renais"},"content":{"rendered":"\n<p><\/p>\n\n\n\n<p>Inspirado no Dia Mundial do Rim, celebrado na segunda quinta-feira de mar\u00e7o pela Sociedade Internacional de Nefrologia, o Mar\u00e7o Amarelo refor\u00e7a a import\u00e2ncia da conscientiza\u00e7\u00e3o sobre as doen\u00e7as renais e da realiza\u00e7\u00e3o do diagn\u00f3stico precoce. No Brasil, mais de 172 mil pessoas dependem de di\u00e1lise para sobreviver, e a estimativa \u00e9 de que os casos cres\u00e7am 170% at\u00e9 2032. Al\u00e9m disso, mais de 80% das pessoas com Doen\u00e7a Renal Cr\u00f4nica (DRC) em est\u00e1gio 3 n\u00e3o sabem que t\u00eam a doen\u00e7a, segundo dados da Sociedade Brasileira de Nefrologia (SBN). Muitas vezes silenciosa nos est\u00e1gios iniciais, a doen\u00e7a pode ser identificada precocemente por meio de exames simples, como a dosagem de creatinina no sangue e o exame de urina.<\/p>\n\n\n\n<figure class=\"wp-block-image size-large is-resized\"><img loading=\"lazy\" decoding=\"async\" width=\"682\" height=\"1024\" src=\"https:\/\/compartilhabahia.com.br\/wp-content\/uploads\/2026\/03\/WhatsApp-Image-2026-03-10-at-14.39.40-1-682x1024.jpeg\" alt=\"\" class=\"wp-image-9349\" style=\"aspect-ratio:0.6660230914777774;width:453px;height:auto\" srcset=\"https:\/\/compartilhabahia.com.br\/wp-content\/uploads\/2026\/03\/WhatsApp-Image-2026-03-10-at-14.39.40-1-682x1024.jpeg 682w, https:\/\/compartilhabahia.com.br\/wp-content\/uploads\/2026\/03\/WhatsApp-Image-2026-03-10-at-14.39.40-1-200x300.jpeg 200w, https:\/\/compartilhabahia.com.br\/wp-content\/uploads\/2026\/03\/WhatsApp-Image-2026-03-10-at-14.39.40-1-768x1153.jpeg 768w, https:\/\/compartilhabahia.com.br\/wp-content\/uploads\/2026\/03\/WhatsApp-Image-2026-03-10-at-14.39.40-1-1023x1536.jpeg 1023w, https:\/\/compartilhabahia.com.br\/wp-content\/uploads\/2026\/03\/WhatsApp-Image-2026-03-10-at-14.39.40-1-600x900.jpeg 600w, https:\/\/compartilhabahia.com.br\/wp-content\/uploads\/2026\/03\/WhatsApp-Image-2026-03-10-at-14.39.40-1.jpeg 1066w\" sizes=\"auto, (max-width: 682px) 100vw, 682px\" \/><\/figure>\n\n\n\n<p>De acordo com a m\u00e9dica nefrologista Manuela Lordelo, os rins desempenham fun\u00e7\u00f5es vitais para o organismo: filtram o sangue, eliminam toxinas pela urina, controlam a press\u00e3o arterial, equilibram sais minerais e ajudam na produ\u00e7\u00e3o de horm\u00f4nios. Quando esses \u00f3rg\u00e3os perdem a capacidade de filtrar adequadamente, todo o corpo \u00e9 impactado. \u201cA doen\u00e7a renal pode evoluir de forma silenciosa. Diabetes e hipertens\u00e3o s\u00e3o as principais causas, mas infec\u00e7\u00f5es urin\u00e1rias de repeti\u00e7\u00e3o, uso excessivo de anti-inflamat\u00f3rios e hist\u00f3rico familiar tamb\u00e9m s\u00e3o fatores de risco importantes\u201d, explica. Entre as doen\u00e7as mais comuns est\u00e3o a doen\u00e7a renal cr\u00f4nica, c\u00e1lculos renais e infec\u00e7\u00f5es urin\u00e1rias.<\/p>\n\n\n\n<p>A especialista conta que a preven\u00e7\u00e3o passa, principalmente, pelo controle rigoroso da press\u00e3o arterial e da glicemia, alimenta\u00e7\u00e3o equilibrada com redu\u00e7\u00e3o de sal, pr\u00e1tica regular de atividade f\u00edsica, hidrata\u00e7\u00e3o adequada e acompanhamento m\u00e9dico peri\u00f3dico. Segundo Manuela Lordelo, o diagn\u00f3stico precoce \u00e9 determinante para evitar a progress\u00e3o da doen\u00e7a. \u201cQuando identificamos altera\u00e7\u00f5es renais no in\u00edcio, conseguimos intervir com medica\u00e7\u00e3o, ajustes no estilo de vida e monitoramento cont\u00ednuo, retardando ou at\u00e9 impedindo a evolu\u00e7\u00e3o para est\u00e1gios mais graves\u201d, destaca Manuela Lordelo.<\/p>\n\n\n\n<p>Hemodi\u00e1lise: o que \u00e9 e qual sua import\u00e2ncia<\/p>\n\n\n\n<p>A hemodi\u00e1lise \u00e9 um tratamento indicado quando os rins perdem grande parte de sua fun\u00e7\u00e3o. O procedimento funciona como um \u201crim artificial\u201d, filtrando o sangue e removendo toxinas e excesso de l\u00edquidos do organismo. Embora seja essencial para manter a vida em casos avan\u00e7ados de insufici\u00eancia renal, a nefrologista refor\u00e7a que o objetivo da campanha \u00e9 justamente evitar que os pacientes cheguem a essa etapa. \u201cA hemodi\u00e1lise \u00e9 um recurso fundamental e salva vidas, mas a informa\u00e7\u00e3o e o cuidado preventivo ainda s\u00e3o as melhores estrat\u00e9gias\u201d, conclui.<\/p>\n\n\n\n<p>Dra. Manuela Lordelo.<\/p>\n\n\n\n<p>M\u00e9dica formada pela Faculdade de Medicina de Campos &#8211; RJ em 2017.<\/p>\n\n\n\n<p>Especialista em Cl\u00ednica M\u00e9dica pela Universidade Federal de Vi\u00e7osa (2018-2020).<\/p>\n\n\n\n<p>Especialista em Nefrologia pelo Hospital Ana Nery (2020-2022).<\/p>\n\n\n\n<p>Membro do corpo cl\u00ednico do Hospital Alayde Costa, Hospital Ana Nery, Hospital Geral Roberto Santos e Cl\u00ednica Senhor do Bonfim.<\/p>\n\n\n\n<figure class=\"wp-block-image size-large is-resized\"><img loading=\"lazy\" decoding=\"async\" width=\"682\" height=\"1024\" src=\"https:\/\/compartilhabahia.com.br\/wp-content\/uploads\/2026\/03\/WhatsApp-Image-2026-03-10-at-14.39.40-682x1024.jpeg\" alt=\"\" class=\"wp-image-9348\" style=\"aspect-ratio:0.6660185085160779;width:485px;height:auto\" srcset=\"https:\/\/compartilhabahia.com.br\/wp-content\/uploads\/2026\/03\/WhatsApp-Image-2026-03-10-at-14.39.40-682x1024.jpeg 682w, https:\/\/compartilhabahia.com.br\/wp-content\/uploads\/2026\/03\/WhatsApp-Image-2026-03-10-at-14.39.40-200x300.jpeg 200w, https:\/\/compartilhabahia.com.br\/wp-content\/uploads\/2026\/03\/WhatsApp-Image-2026-03-10-at-14.39.40-768x1153.jpeg 768w, https:\/\/compartilhabahia.com.br\/wp-content\/uploads\/2026\/03\/WhatsApp-Image-2026-03-10-at-14.39.40-1023x1536.jpeg 1023w, https:\/\/compartilhabahia.com.br\/wp-content\/uploads\/2026\/03\/WhatsApp-Image-2026-03-10-at-14.39.40-600x900.jpeg 600w, https:\/\/compartilhabahia.com.br\/wp-content\/uploads\/2026\/03\/WhatsApp-Image-2026-03-10-at-14.39.40.jpeg 1066w\" sizes=\"auto, (max-width: 682px) 100vw, 682px\" \/><\/figure>\n","protected":false},"excerpt":{"rendered":"<p>Inspirado no Dia Mundial do Rim, celebrado na segunda quinta-feira de mar\u00e7o pela Sociedade Internacional de Nefrologia, o Mar\u00e7o Amarelo refor\u00e7a a import\u00e2ncia da conscientiza\u00e7\u00e3o sobre as doen\u00e7as renais e da realiza\u00e7\u00e3o do diagn\u00f3stico precoce. No Brasil, mais de 172 mil pessoas dependem de di\u00e1lise para sobreviver, e a estimativa \u00e9 de que os casos [&hellip;]<\/p>\n","protected":false},"author":1,"featured_media":9347,"comment_status":"open","ping_status":"open","sticky":false,"template":"","format":"standard","meta":{"footnotes":""},"categories":[10],"tags":[],"class_list":["post-9346","post","type-post","status-publish","format-standard","has-post-thumbnail","hentry","category-bahia"],"yoast_head":"<!-- This site is optimized with the Yoast SEO plugin v21.7 - https:\/\/yoast.com\/wordpress\/plugins\/seo\/ -->\n<title>Mar\u00e7o Amarelo alerta para a preven\u00e7\u00e3o e o diagn\u00f3stico precoce das doen\u00e7as renais - Compartilha Bahia<\/title>\n<meta name=\"robots\" content=\"index, follow, max-snippet:-1, max-image-preview:large, max-video-preview:-1\" \/>\n<link rel=\"canonical\" href=\"https:\/\/compartilhabahia.com.br\/index.php\/2026\/03\/10\/marco-amarelo-alerta-para-a-prevencao-e-o-diagnostico-precoce-das-doencas-renais\/\" \/>\n<meta property=\"og:locale\" content=\"pt_BR\" \/>\n<meta property=\"og:type\" content=\"article\" \/>\n<meta property=\"og:title\" content=\"Mar\u00e7o Amarelo alerta para a preven\u00e7\u00e3o e o diagn\u00f3stico precoce das doen\u00e7as renais - Compartilha Bahia\" \/>\n<meta property=\"og:description\" content=\"Inspirado no Dia Mundial do Rim, celebrado na segunda quinta-feira de mar\u00e7o pela Sociedade Internacional de Nefrologia, o Mar\u00e7o Amarelo refor\u00e7a a import\u00e2ncia da conscientiza\u00e7\u00e3o sobre as doen\u00e7as renais e da realiza\u00e7\u00e3o do diagn\u00f3stico precoce. No Brasil, mais de 172 mil pessoas dependem de di\u00e1lise para sobreviver, e a estimativa \u00e9 de que os casos [&hellip;]\" \/>\n<meta property=\"og:url\" content=\"https:\/\/compartilhabahia.com.br\/index.php\/2026\/03\/10\/marco-amarelo-alerta-para-a-prevencao-e-o-diagnostico-precoce-das-doencas-renais\/\" \/>\n<meta property=\"og:site_name\" content=\"Compartilha Bahia\" \/>\n<meta property=\"article:publisher\" content=\"https:\/\/web.facebook.com\/compartilhabahia\" \/>\n<meta property=\"article:published_time\" content=\"2026-03-10T22:24:35+00:00\" \/>\n<meta property=\"article:modified_time\" content=\"2026-03-10T22:28:09+00:00\" \/>\n<meta property=\"og:image\" content=\"https:\/\/compartilhabahia.com.br\/wp-content\/uploads\/2026\/03\/doutora.jpg\" \/>\n\t<meta property=\"og:image:width\" content=\"745\" \/>\n\t<meta property=\"og:image:height\" content=\"563\" \/>\n\t<meta property=\"og:image:type\" content=\"image\/jpeg\" \/>\n<meta name=\"author\" content=\"admin\" \/>\n<meta name=\"twitter:card\" content=\"summary_large_image\" \/>\n<meta name=\"twitter:label1\" content=\"Escrito por\" \/>\n\t<meta name=\"twitter:data1\" content=\"admin\" \/>\n\t<meta name=\"twitter:label2\" content=\"Est. tempo de leitura\" \/>\n\t<meta name=\"twitter:data2\" content=\"4 minutos\" \/>\n<script type=\"application\/ld+json\" class=\"yoast-schema-graph\">{\"@context\":\"https:\/\/schema.org\",\"@graph\":[{\"@type\":\"Article\",\"@id\":\"https:\/\/compartilhabahia.com.br\/index.php\/2026\/03\/10\/marco-amarelo-alerta-para-a-prevencao-e-o-diagnostico-precoce-das-doencas-renais\/#article\",\"isPartOf\":{\"@id\":\"https:\/\/compartilhabahia.com.br\/index.php\/2026\/03\/10\/marco-amarelo-alerta-para-a-prevencao-e-o-diagnostico-precoce-das-doencas-renais\/\"},\"author\":{\"name\":\"admin\",\"@id\":\"https:\/\/compartilhabahia.com.br\/#\/schema\/person\/9b4f0c3178793b8248d6686732521c04\"},\"headline\":\"Mar\u00e7o Amarelo alerta para a preven\u00e7\u00e3o e o diagn\u00f3stico precoce das doen\u00e7as renais\",\"datePublished\":\"2026-03-10T22:24:35+00:00\",\"dateModified\":\"2026-03-10T22:28:09+00:00\",\"mainEntityOfPage\":{\"@id\":\"https:\/\/compartilhabahia.com.br\/index.php\/2026\/03\/10\/marco-amarelo-alerta-para-a-prevencao-e-o-diagnostico-precoce-das-doencas-renais\/\"},\"wordCount\":525,\"commentCount\":0,\"publisher\":{\"@id\":\"https:\/\/compartilhabahia.com.br\/#organization\"},\"articleSection\":[\"Bahia\"],\"inLanguage\":\"pt-BR\",\"potentialAction\":[{\"@type\":\"CommentAction\",\"name\":\"Comment\",\"target\":[\"https:\/\/compartilhabahia.com.br\/index.php\/2026\/03\/10\/marco-amarelo-alerta-para-a-prevencao-e-o-diagnostico-precoce-das-doencas-renais\/#respond\"]}]},{\"@type\":\"WebPage\",\"@id\":\"https:\/\/compartilhabahia.com.br\/index.php\/2026\/03\/10\/marco-amarelo-alerta-para-a-prevencao-e-o-diagnostico-precoce-das-doencas-renais\/\",\"url\":\"https:\/\/compartilhabahia.com.br\/index.php\/2026\/03\/10\/marco-amarelo-alerta-para-a-prevencao-e-o-diagnostico-precoce-das-doencas-renais\/\",\"name\":\"Mar\u00e7o Amarelo alerta para a preven\u00e7\u00e3o e o diagn\u00f3stico precoce das doen\u00e7as renais - Compartilha Bahia\",\"isPartOf\":{\"@id\":\"https:\/\/compartilhabahia.com.br\/#website\"},\"datePublished\":\"2026-03-10T22:24:35+00:00\",\"dateModified\":\"2026-03-10T22:28:09+00:00\",\"breadcrumb\":{\"@id\":\"https:\/\/compartilhabahia.com.br\/index.php\/2026\/03\/10\/marco-amarelo-alerta-para-a-prevencao-e-o-diagnostico-precoce-das-doencas-renais\/#breadcrumb\"},\"inLanguage\":\"pt-BR\",\"potentialAction\":[{\"@type\":\"ReadAction\",\"target\":[\"https:\/\/compartilhabahia.com.br\/index.php\/2026\/03\/10\/marco-amarelo-alerta-para-a-prevencao-e-o-diagnostico-precoce-das-doencas-renais\/\"]}]},{\"@type\":\"BreadcrumbList\",\"@id\":\"https:\/\/compartilhabahia.com.br\/index.php\/2026\/03\/10\/marco-amarelo-alerta-para-a-prevencao-e-o-diagnostico-precoce-das-doencas-renais\/#breadcrumb\",\"itemListElement\":[{\"@type\":\"ListItem\",\"position\":1,\"name\":\"In\u00edcio\",\"item\":\"https:\/\/compartilhabahia.com.br\/\"},{\"@type\":\"ListItem\",\"position\":2,\"name\":\"Mar\u00e7o Amarelo alerta para a preven\u00e7\u00e3o e o diagn\u00f3stico precoce das doen\u00e7as renais\"}]},{\"@type\":\"WebSite\",\"@id\":\"https:\/\/compartilhabahia.com.br\/#website\",\"url\":\"https:\/\/compartilhabahia.com.br\/\",\"name\":\"Compartilha Bahia\",\"description\":\"\",\"publisher\":{\"@id\":\"https:\/\/compartilhabahia.com.br\/#organization\"},\"potentialAction\":[{\"@type\":\"SearchAction\",\"target\":{\"@type\":\"EntryPoint\",\"urlTemplate\":\"https:\/\/compartilhabahia.com.br\/?s={search_term_string}\"},\"query-input\":\"required name=search_term_string\"}],\"inLanguage\":\"pt-BR\"},{\"@type\":\"Organization\",\"@id\":\"https:\/\/compartilhabahia.com.br\/#organization\",\"name\":\"Compartilha Bahia\",\"url\":\"https:\/\/compartilhabahia.com.br\/\",\"logo\":{\"@type\":\"ImageObject\",\"inLanguage\":\"pt-BR\",\"@id\":\"https:\/\/compartilhabahia.com.br\/#\/schema\/logo\/image\/\",\"url\":\"https:\/\/compartilhabahia.com.br\/wp-content\/uploads\/2023\/12\/cropped-logo.png\",\"contentUrl\":\"https:\/\/compartilhabahia.com.br\/wp-content\/uploads\/2023\/12\/cropped-logo.png\",\"width\":300,\"height\":106,\"caption\":\"Compartilha Bahia\"},\"image\":{\"@id\":\"https:\/\/compartilhabahia.com.br\/#\/schema\/logo\/image\/\"},\"sameAs\":[\"https:\/\/web.facebook.com\/compartilhabahia\",\"https:\/\/www.instagram.com\/compartilhabahia\/\"]},{\"@type\":\"Person\",\"@id\":\"https:\/\/compartilhabahia.com.br\/#\/schema\/person\/9b4f0c3178793b8248d6686732521c04\",\"name\":\"admin\",\"image\":{\"@type\":\"ImageObject\",\"inLanguage\":\"pt-BR\",\"@id\":\"https:\/\/compartilhabahia.com.br\/#\/schema\/person\/image\/\",\"url\":\"https:\/\/secure.gravatar.com\/avatar\/9600df58751c5acbe914c538c03390ef649ea088cb65f84ba09c7ce66988eed6?s=96&d=mm&r=g\",\"contentUrl\":\"https:\/\/secure.gravatar.com\/avatar\/9600df58751c5acbe914c538c03390ef649ea088cb65f84ba09c7ce66988eed6?s=96&d=mm&r=g\",\"caption\":\"admin\"},\"sameAs\":[\"https:\/\/compartilhabahia.com.br\"],\"url\":\"https:\/\/compartilhabahia.com.br\/index.php\/author\/compartilhabahia\/\"}]}<\/script>\n<!-- \/ Yoast SEO plugin. -->","yoast_head_json":{"title":"Mar\u00e7o Amarelo alerta para a preven\u00e7\u00e3o e o diagn\u00f3stico precoce das doen\u00e7as renais - Compartilha Bahia","robots":{"index":"index","follow":"follow","max-snippet":"max-snippet:-1","max-image-preview":"max-image-preview:large","max-video-preview":"max-video-preview:-1"},"canonical":"https:\/\/compartilhabahia.com.br\/index.php\/2026\/03\/10\/marco-amarelo-alerta-para-a-prevencao-e-o-diagnostico-precoce-das-doencas-renais\/","og_locale":"pt_BR","og_type":"article","og_title":"Mar\u00e7o Amarelo alerta para a preven\u00e7\u00e3o e o diagn\u00f3stico precoce das doen\u00e7as renais - Compartilha Bahia","og_description":"Inspirado no Dia Mundial do Rim, celebrado na segunda quinta-feira de mar\u00e7o pela Sociedade Internacional de Nefrologia, o Mar\u00e7o Amarelo refor\u00e7a a import\u00e2ncia da conscientiza\u00e7\u00e3o sobre as doen\u00e7as renais e da realiza\u00e7\u00e3o do diagn\u00f3stico precoce. No Brasil, mais de 172 mil pessoas dependem de di\u00e1lise para sobreviver, e a estimativa \u00e9 de que os casos [&hellip;]","og_url":"https:\/\/compartilhabahia.com.br\/index.php\/2026\/03\/10\/marco-amarelo-alerta-para-a-prevencao-e-o-diagnostico-precoce-das-doencas-renais\/","og_site_name":"Compartilha Bahia","article_publisher":"https:\/\/web.facebook.com\/compartilhabahia","article_published_time":"2026-03-10T22:24:35+00:00","article_modified_time":"2026-03-10T22:28:09+00:00","og_image":[{"width":745,"height":563,"url":"https:\/\/compartilhabahia.com.br\/wp-content\/uploads\/2026\/03\/doutora.jpg","type":"image\/jpeg"}],"author":"admin","twitter_card":"summary_large_image","twitter_misc":{"Escrito por":"admin","Est. tempo de leitura":"4 minutos"},"schema":{"@context":"https:\/\/schema.org","@graph":[{"@type":"Article","@id":"https:\/\/compartilhabahia.com.br\/index.php\/2026\/03\/10\/marco-amarelo-alerta-para-a-prevencao-e-o-diagnostico-precoce-das-doencas-renais\/#article","isPartOf":{"@id":"https:\/\/compartilhabahia.com.br\/index.php\/2026\/03\/10\/marco-amarelo-alerta-para-a-prevencao-e-o-diagnostico-precoce-das-doencas-renais\/"},"author":{"name":"admin","@id":"https:\/\/compartilhabahia.com.br\/#\/schema\/person\/9b4f0c3178793b8248d6686732521c04"},"headline":"Mar\u00e7o Amarelo alerta para a preven\u00e7\u00e3o e o diagn\u00f3stico precoce das doen\u00e7as renais","datePublished":"2026-03-10T22:24:35+00:00","dateModified":"2026-03-10T22:28:09+00:00","mainEntityOfPage":{"@id":"https:\/\/compartilhabahia.com.br\/index.php\/2026\/03\/10\/marco-amarelo-alerta-para-a-prevencao-e-o-diagnostico-precoce-das-doencas-renais\/"},"wordCount":525,"commentCount":0,"publisher":{"@id":"https:\/\/compartilhabahia.com.br\/#organization"},"articleSection":["Bahia"],"inLanguage":"pt-BR","potentialAction":[{"@type":"CommentAction","name":"Comment","target":["https:\/\/compartilhabahia.com.br\/index.php\/2026\/03\/10\/marco-amarelo-alerta-para-a-prevencao-e-o-diagnostico-precoce-das-doencas-renais\/#respond"]}]},{"@type":"WebPage","@id":"https:\/\/compartilhabahia.com.br\/index.php\/2026\/03\/10\/marco-amarelo-alerta-para-a-prevencao-e-o-diagnostico-precoce-das-doencas-renais\/","url":"https:\/\/compartilhabahia.com.br\/index.php\/2026\/03\/10\/marco-amarelo-alerta-para-a-prevencao-e-o-diagnostico-precoce-das-doencas-renais\/","name":"Mar\u00e7o Amarelo alerta para a preven\u00e7\u00e3o e o diagn\u00f3stico precoce das doen\u00e7as renais - Compartilha Bahia","isPartOf":{"@id":"https:\/\/compartilhabahia.com.br\/#website"},"datePublished":"2026-03-10T22:24:35+00:00","dateModified":"2026-03-10T22:28:09+00:00","breadcrumb":{"@id":"https:\/\/compartilhabahia.com.br\/index.php\/2026\/03\/10\/marco-amarelo-alerta-para-a-prevencao-e-o-diagnostico-precoce-das-doencas-renais\/#breadcrumb"},"inLanguage":"pt-BR","potentialAction":[{"@type":"ReadAction","target":["https:\/\/compartilhabahia.com.br\/index.php\/2026\/03\/10\/marco-amarelo-alerta-para-a-prevencao-e-o-diagnostico-precoce-das-doencas-renais\/"]}]},{"@type":"BreadcrumbList","@id":"https:\/\/compartilhabahia.com.br\/index.php\/2026\/03\/10\/marco-amarelo-alerta-para-a-prevencao-e-o-diagnostico-precoce-das-doencas-renais\/#breadcrumb","itemListElement":[{"@type":"ListItem","position":1,"name":"In\u00edcio","item":"https:\/\/compartilhabahia.com.br\/"},{"@type":"ListItem","position":2,"name":"Mar\u00e7o Amarelo alerta para a preven\u00e7\u00e3o e o diagn\u00f3stico precoce das doen\u00e7as renais"}]},{"@type":"WebSite","@id":"https:\/\/compartilhabahia.com.br\/#website","url":"https:\/\/compartilhabahia.com.br\/","name":"Compartilha Bahia","description":"","publisher":{"@id":"https:\/\/compartilhabahia.com.br\/#organization"},"potentialAction":[{"@type":"SearchAction","target":{"@type":"EntryPoint","urlTemplate":"https:\/\/compartilhabahia.com.br\/?s={search_term_string}"},"query-input":"required name=search_term_string"}],"inLanguage":"pt-BR"},{"@type":"Organization","@id":"https:\/\/compartilhabahia.com.br\/#organization","name":"Compartilha Bahia","url":"https:\/\/compartilhabahia.com.br\/","logo":{"@type":"ImageObject","inLanguage":"pt-BR","@id":"https:\/\/compartilhabahia.com.br\/#\/schema\/logo\/image\/","url":"https:\/\/compartilhabahia.com.br\/wp-content\/uploads\/2023\/12\/cropped-logo.png","contentUrl":"https:\/\/compartilhabahia.com.br\/wp-content\/uploads\/2023\/12\/cropped-logo.png","width":300,"height":106,"caption":"Compartilha Bahia"},"image":{"@id":"https:\/\/compartilhabahia.com.br\/#\/schema\/logo\/image\/"},"sameAs":["https:\/\/web.facebook.com\/compartilhabahia","https:\/\/www.instagram.com\/compartilhabahia\/"]},{"@type":"Person","@id":"https:\/\/compartilhabahia.com.br\/#\/schema\/person\/9b4f0c3178793b8248d6686732521c04","name":"admin","image":{"@type":"ImageObject","inLanguage":"pt-BR","@id":"https:\/\/compartilhabahia.com.br\/#\/schema\/person\/image\/","url":"https:\/\/secure.gravatar.com\/avatar\/9600df58751c5acbe914c538c03390ef649ea088cb65f84ba09c7ce66988eed6?s=96&d=mm&r=g","contentUrl":"https:\/\/secure.gravatar.com\/avatar\/9600df58751c5acbe914c538c03390ef649ea088cb65f84ba09c7ce66988eed6?s=96&d=mm&r=g","caption":"admin"},"sameAs":["https:\/\/compartilhabahia.com.br"],"url":"https:\/\/compartilhabahia.com.br\/index.php\/author\/compartilhabahia\/"}]}},"_links":{"self":[{"href":"https:\/\/compartilhabahia.com.br\/index.php\/wp-json\/wp\/v2\/posts\/9346","targetHints":{"allow":["GET"]}}],"collection":[{"href":"https:\/\/compartilhabahia.com.br\/index.php\/wp-json\/wp\/v2\/posts"}],"about":[{"href":"https:\/\/compartilhabahia.com.br\/index.php\/wp-json\/wp\/v2\/types\/post"}],"author":[{"embeddable":true,"href":"https:\/\/compartilhabahia.com.br\/index.php\/wp-json\/wp\/v2\/users\/1"}],"replies":[{"embeddable":true,"href":"https:\/\/compartilhabahia.com.br\/index.php\/wp-json\/wp\/v2\/comments?post=9346"}],"version-history":[{"count":2,"href":"https:\/\/compartilhabahia.com.br\/index.php\/wp-json\/wp\/v2\/posts\/9346\/revisions"}],"predecessor-version":[{"id":9351,"href":"https:\/\/compartilhabahia.com.br\/index.php\/wp-json\/wp\/v2\/posts\/9346\/revisions\/9351"}],"wp:featuredmedia":[{"embeddable":true,"href":"https:\/\/compartilhabahia.com.br\/index.php\/wp-json\/wp\/v2\/media\/9347"}],"wp:attachment":[{"href":"https:\/\/compartilhabahia.com.br\/index.php\/wp-json\/wp\/v2\/media?parent=9346"}],"wp:term":[{"taxonomy":"category","embeddable":true,"href":"https:\/\/compartilhabahia.com.br\/index.php\/wp-json\/wp\/v2\/categories?post=9346"},{"taxonomy":"post_tag","embeddable":true,"href":"https:\/\/compartilhabahia.com.br\/index.php\/wp-json\/wp\/v2\/tags?post=9346"}],"curies":[{"name":"wp","href":"https:\/\/api.w.org\/{rel}","templated":true}]}}