{"id":9341,"date":"2026-03-09T22:42:13","date_gmt":"2026-03-10T01:42:13","guid":{"rendered":"https:\/\/compartilhabahia.com.br\/?p=9341"},"modified":"2026-03-09T22:42:15","modified_gmt":"2026-03-10T01:42:15","slug":"ela-venceu-de-novo-em-uma-semana-adriana-conquistou-dois-podios","status":"publish","type":"post","link":"https:\/\/compartilhabahia.com.br\/index.php\/2026\/03\/09\/ela-venceu-de-novo-em-uma-semana-adriana-conquistou-dois-podios\/","title":{"rendered":"Ela venceu de novo: em uma semana Adriana conquistou dois p\u00f3dios"},"content":{"rendered":"\n<p>A nossa hero\u00edna das provas de rua de Cama\u00e7ari, Adriana Nascimento, 39 anos, subiu ao p\u00f3dio mais duas vezes em apenas uma semana.   No dia 1\u00ba de mar\u00e7o ela brilhou na famosa competi\u00e7\u00e3o &#8220;Corre Fofo&#8221; e no dia 8 de mar\u00e7o foi campe\u00e3 geral da 1\u00b0 Corrida &#8220;Sim! Bora correr Mulher&#8221;, organizada pela prefeitura de Cama\u00e7ari com apoio do Governo da Bahia. <\/p>\n\n\n\n<p>Agora ela j\u00e1 tem 20 p\u00f3dios.<\/p>\n\n\n\n<figure class=\"wp-block-image size-full is-resized\"><img loading=\"lazy\" decoding=\"async\" width=\"605\" height=\"599\" src=\"https:\/\/compartilhabahia.com.br\/wp-content\/uploads\/2026\/03\/drycacampea.jpg\" alt=\"\" class=\"wp-image-9344\" style=\"width:404px;height:auto\" srcset=\"https:\/\/compartilhabahia.com.br\/wp-content\/uploads\/2026\/03\/drycacampea.jpg 605w, https:\/\/compartilhabahia.com.br\/wp-content\/uploads\/2026\/03\/drycacampea-300x297.jpg 300w, https:\/\/compartilhabahia.com.br\/wp-content\/uploads\/2026\/03\/drycacampea-150x150.jpg 150w\" sizes=\"auto, (max-width: 605px) 100vw, 605px\" \/><\/figure>\n\n\n\n<p>Releia a entrevista que publicamos sobre ela no dia 24 de fevereiro. <\/p>\n\n\n\n<p>Adriana Nascimento, 39 anos \u00e9 natural de Juazeiro e mora em Cama\u00e7ari desde os 10.\u00a0H\u00e1 quatro anos, \u201cdo nada\u201d, ela foi convidada por uma amiga para participar de uma corrida de rua em Cama\u00e7ari (BA), per\u00edodo em que essa pratica cresceu bastante na preferencia popular. De l\u00e1 para c\u00e1, sem nunca ter imaginado isso, ela subiu ao p\u00f3dio 20 vezes, uma marca surpreendente. Diante desse fen\u00f4meno esportivo, convidamos Adriana para conceder uma entrevista ao site Compartilha Bahia, que voc\u00ea pode conferir a seguir e conhecer um pouco mais dessa mulher vibrante, que al\u00e9m de vencer nas ruas, resolveu tamb\u00e9m ser empres\u00e1ria. Para conhecer mais sobre o empreendimento dela \u00e9 s\u00f3 seguir:<\/p>\n\n\n\n<p><a href=\"https:\/\/www.instagram.com\/dry_cka\/\">@dry_cka<\/a><\/p>\n\n\n\n<p><strong>Abaixo entrevista Adriana Nascimento<\/strong><\/p>\n\n\n\n<figure class=\"wp-block-image\"><img loading=\"lazy\" decoding=\"async\" width=\"624\" height=\"1024\" src=\"https:\/\/compartilhabahia.com.br\/wp-content\/uploads\/2026\/02\/IMG_20260223_233018-1-624x1024.jpg\" alt=\"\" class=\"wp-image-9237\" srcset=\"https:\/\/compartilhabahia.com.br\/wp-content\/uploads\/2026\/02\/IMG_20260223_233018-1-624x1024.jpg 624w, https:\/\/compartilhabahia.com.br\/wp-content\/uploads\/2026\/02\/IMG_20260223_233018-1-183x300.jpg 183w, https:\/\/compartilhabahia.com.br\/wp-content\/uploads\/2026\/02\/IMG_20260223_233018-1-768x1259.jpg 768w, https:\/\/compartilhabahia.com.br\/wp-content\/uploads\/2026\/02\/IMG_20260223_233018-1-937x1536.jpg 937w, https:\/\/compartilhabahia.com.br\/wp-content\/uploads\/2026\/02\/IMG_20260223_233018-1.jpg 980w\" sizes=\"auto, (max-width: 624px) 100vw, 624px\" \/><\/figure>\n\n\n\n<p><strong>Voc\u00ea tem aparecido com frequ\u00eancia nos p\u00f3dios das corridas de rua de Cama\u00e7ari. Quantas conquistas j\u00e1 alcan\u00e7ou?<\/strong><br>At\u00e9 o momento, j\u00e1 subi ao p\u00f3dio 18 vezes. Cada conquista tem um significado especial pra mim, porque representa esfor\u00e7o e disciplina.<\/p>\n\n\n\n<p><strong>A quanto tempo voc\u00ea pr\u00e1tica esse esporte?<\/strong><br>Faz mais ou menos uns 4 anos participo de corridas mas, treinar mesmo pra competir faz apenas 8 meses.<\/p>\n\n\n\n<p><strong>Voc\u00ea j\u00e1 ganhou pr\u00eamio em dinheiro?<\/strong><br>Sim, j\u00e1 tive a alegria de conquistar premia\u00e7\u00f5es em dinheiro tamb\u00e9m.<\/p>\n\n\n\n<p><strong>Antes da corrida, voc\u00ea praticava algum outro esporte?<\/strong><\/p>\n\n\n\n<p><br>Antes da corrida, eu frequentava apenas a academia. A corrida entrou na minha vida depois e acabou se tornando uma paix\u00e3o.<\/p>\n\n\n\n<p><strong>O que te motivou a come\u00e7ar a correr?<\/strong><\/p>\n\n\n\n<p><br>Uma amiga me convidou para participar de uma corrida oficial. No dia foi bem dif\u00edcil, senti muitas dores, mas depois que passou eu s\u00f3 pensava em correr de novo (risos). Ali eu percebi que queria continuar.<\/p>\n\n\n\n<p><strong>Al\u00e9m das corridas, o que voc\u00ea gosta de fazer?<\/strong><\/p>\n\n\n\n<p><br>Gosto de ir ao cinema, praticar dan\u00e7a do ventre, ir \u00e0 praia e tamb\u00e9m aproveitar momentos em casa para descansar.<\/p>\n\n\n\n<p><strong>Como \u00e9 sua vida profissional?<\/strong><\/p>\n\n\n\n<p><br>Sou empreendedora e tenho uma Esmalteria. Minha especialidade \u00e9 epila\u00e7\u00e3o feminina, mas tamb\u00e9m trabalho com clareamento, SPA dos p\u00e9s e massagem relaxante. No meu espa\u00e7o tamb\u00e9m oferecemos alongamento de unhas, manicure e pedicure.<\/p>\n\n\n\n<p><strong>Voc\u00ea treina com frequ\u00eancia?<\/strong><\/p>\n\n\n\n<p><br>Sim. Treino tr\u00eas vezes por semana, tamb\u00e9m fa\u00e7o fortalecimento e prepara\u00e7\u00e3o f\u00edsica espec\u00edfica para corrida.<\/p>\n\n\n\n<p><strong>Segue alguma dieta espec\u00edfica?<\/strong><\/p>\n\n\n\n<p><br>N\u00e3o sigo uma dieta espec\u00edfica. Apenas evito besteiras e procuro manter uma alimenta\u00e7\u00e3o equilibrada e saud\u00e1vel.<\/p>\n\n\n\n<p><strong>E no cinema, tem algum filme ou ator preferido<\/strong>?<\/p>\n\n\n\n<p><br>N\u00e3o tenho um filme favorito espec\u00edfico, mas gosto muito dos filmes estrelados por Johnny Depp.<\/p>\n\n\n\n<p><strong>Voc\u00ea aconselharia as pessoas a praticarem esporte?<\/strong><\/p>\n\n\n\n<p><br>Com certeza! O esporte transforma n\u00e3o s\u00f3 o corpo, mas tamb\u00e9m a mente. N\u00e3o importa se \u00e9 caminhada, dan\u00e7a, corrida, muscula\u00e7\u00e3o, pedal, o importante \u00e9 encontrar algo que fa\u00e7a sentido para a sua rotina e melhore sua qualidade de vida.<\/p>\n\n\n\n<figure class=\"wp-block-image\"><img loading=\"lazy\" decoding=\"async\" width=\"790\" height=\"1024\" src=\"https:\/\/compartilhabahia.com.br\/wp-content\/uploads\/2026\/02\/IMG_20260223_233044-790x1024.jpg\" alt=\"\" class=\"wp-image-9238\" srcset=\"https:\/\/compartilhabahia.com.br\/wp-content\/uploads\/2026\/02\/IMG_20260223_233044-790x1024.jpg 790w, https:\/\/compartilhabahia.com.br\/wp-content\/uploads\/2026\/02\/IMG_20260223_233044-232x300.jpg 232w, https:\/\/compartilhabahia.com.br\/wp-content\/uploads\/2026\/02\/IMG_20260223_233044-768x995.jpg 768w, https:\/\/compartilhabahia.com.br\/wp-content\/uploads\/2026\/02\/IMG_20260223_233044.jpg 940w\" sizes=\"auto, (max-width: 790px) 100vw, 790px\" \/><\/figure>\n","protected":false},"excerpt":{"rendered":"<p>A nossa hero\u00edna das provas de rua de Cama\u00e7ari, Adriana Nascimento, 39 anos, subiu ao p\u00f3dio mais duas vezes em apenas uma semana. No dia 1\u00ba de mar\u00e7o ela brilhou na famosa competi\u00e7\u00e3o &#8220;Corre Fofo&#8221; e no dia 8 de mar\u00e7o foi campe\u00e3 geral da 1\u00b0 Corrida &#8220;Sim! Bora correr Mulher&#8221;, organizada pela prefeitura de [&hellip;]<\/p>\n","protected":false},"author":1,"featured_media":9343,"comment_status":"open","ping_status":"open","sticky":false,"template":"","format":"standard","meta":{"footnotes":""},"categories":[8],"tags":[],"class_list":["post-9341","post","type-post","status-publish","format-standard","has-post-thumbnail","hentry","category-camacari"],"yoast_head":"<!-- This site is optimized with the Yoast SEO plugin v21.7 - https:\/\/yoast.com\/wordpress\/plugins\/seo\/ -->\n<title>Ela venceu de novo: em uma semana Adriana conquistou dois p\u00f3dios - Compartilha Bahia<\/title>\n<meta name=\"robots\" content=\"index, follow, max-snippet:-1, max-image-preview:large, max-video-preview:-1\" \/>\n<link rel=\"canonical\" href=\"https:\/\/compartilhabahia.com.br\/index.php\/2026\/03\/09\/ela-venceu-de-novo-em-uma-semana-adriana-conquistou-dois-podios\/\" \/>\n<meta property=\"og:locale\" content=\"pt_BR\" \/>\n<meta property=\"og:type\" content=\"article\" \/>\n<meta property=\"og:title\" content=\"Ela venceu de novo: em uma semana Adriana conquistou dois p\u00f3dios - Compartilha Bahia\" \/>\n<meta property=\"og:description\" content=\"A nossa hero\u00edna das provas de rua de Cama\u00e7ari, Adriana Nascimento, 39 anos, subiu ao p\u00f3dio mais duas vezes em apenas uma semana. No dia 1\u00ba de mar\u00e7o ela brilhou na famosa competi\u00e7\u00e3o &#8220;Corre Fofo&#8221; e no dia 8 de mar\u00e7o foi campe\u00e3 geral da 1\u00b0 Corrida &#8220;Sim! Bora correr Mulher&#8221;, organizada pela prefeitura de [&hellip;]\" \/>\n<meta property=\"og:url\" content=\"https:\/\/compartilhabahia.com.br\/index.php\/2026\/03\/09\/ela-venceu-de-novo-em-uma-semana-adriana-conquistou-dois-podios\/\" \/>\n<meta property=\"og:site_name\" content=\"Compartilha Bahia\" \/>\n<meta property=\"article:publisher\" content=\"https:\/\/web.facebook.com\/compartilhabahia\" \/>\n<meta property=\"article:published_time\" content=\"2026-03-10T01:42:13+00:00\" \/>\n<meta property=\"article:modified_time\" content=\"2026-03-10T01:42:15+00:00\" \/>\n<meta property=\"og:image\" content=\"https:\/\/compartilhabahia.com.br\/wp-content\/uploads\/2026\/03\/drykacorrefofo.jpg\" \/>\n\t<meta property=\"og:image:width\" content=\"1058\" \/>\n\t<meta property=\"og:image:height\" content=\"706\" \/>\n\t<meta property=\"og:image:type\" content=\"image\/jpeg\" \/>\n<meta name=\"author\" content=\"admin\" \/>\n<meta name=\"twitter:card\" content=\"summary_large_image\" \/>\n<meta name=\"twitter:label1\" content=\"Escrito por\" \/>\n\t<meta name=\"twitter:data1\" content=\"admin\" \/>\n\t<meta name=\"twitter:label2\" content=\"Est. tempo de leitura\" \/>\n\t<meta name=\"twitter:data2\" content=\"4 minutos\" \/>\n<script type=\"application\/ld+json\" class=\"yoast-schema-graph\">{\"@context\":\"https:\/\/schema.org\",\"@graph\":[{\"@type\":\"Article\",\"@id\":\"https:\/\/compartilhabahia.com.br\/index.php\/2026\/03\/09\/ela-venceu-de-novo-em-uma-semana-adriana-conquistou-dois-podios\/#article\",\"isPartOf\":{\"@id\":\"https:\/\/compartilhabahia.com.br\/index.php\/2026\/03\/09\/ela-venceu-de-novo-em-uma-semana-adriana-conquistou-dois-podios\/\"},\"author\":{\"name\":\"admin\",\"@id\":\"https:\/\/compartilhabahia.com.br\/#\/schema\/person\/9b4f0c3178793b8248d6686732521c04\"},\"headline\":\"Ela venceu de novo: em uma semana Adriana conquistou dois p\u00f3dios\",\"datePublished\":\"2026-03-10T01:42:13+00:00\",\"dateModified\":\"2026-03-10T01:42:15+00:00\",\"mainEntityOfPage\":{\"@id\":\"https:\/\/compartilhabahia.com.br\/index.php\/2026\/03\/09\/ela-venceu-de-novo-em-uma-semana-adriana-conquistou-dois-podios\/\"},\"wordCount\":580,\"commentCount\":0,\"publisher\":{\"@id\":\"https:\/\/compartilhabahia.com.br\/#organization\"},\"articleSection\":[\"Cama\u00e7ari\"],\"inLanguage\":\"pt-BR\",\"potentialAction\":[{\"@type\":\"CommentAction\",\"name\":\"Comment\",\"target\":[\"https:\/\/compartilhabahia.com.br\/index.php\/2026\/03\/09\/ela-venceu-de-novo-em-uma-semana-adriana-conquistou-dois-podios\/#respond\"]}]},{\"@type\":\"WebPage\",\"@id\":\"https:\/\/compartilhabahia.com.br\/index.php\/2026\/03\/09\/ela-venceu-de-novo-em-uma-semana-adriana-conquistou-dois-podios\/\",\"url\":\"https:\/\/compartilhabahia.com.br\/index.php\/2026\/03\/09\/ela-venceu-de-novo-em-uma-semana-adriana-conquistou-dois-podios\/\",\"name\":\"Ela venceu de novo: em uma semana Adriana conquistou dois p\u00f3dios - Compartilha Bahia\",\"isPartOf\":{\"@id\":\"https:\/\/compartilhabahia.com.br\/#website\"},\"datePublished\":\"2026-03-10T01:42:13+00:00\",\"dateModified\":\"2026-03-10T01:42:15+00:00\",\"breadcrumb\":{\"@id\":\"https:\/\/compartilhabahia.com.br\/index.php\/2026\/03\/09\/ela-venceu-de-novo-em-uma-semana-adriana-conquistou-dois-podios\/#breadcrumb\"},\"inLanguage\":\"pt-BR\",\"potentialAction\":[{\"@type\":\"ReadAction\",\"target\":[\"https:\/\/compartilhabahia.com.br\/index.php\/2026\/03\/09\/ela-venceu-de-novo-em-uma-semana-adriana-conquistou-dois-podios\/\"]}]},{\"@type\":\"BreadcrumbList\",\"@id\":\"https:\/\/compartilhabahia.com.br\/index.php\/2026\/03\/09\/ela-venceu-de-novo-em-uma-semana-adriana-conquistou-dois-podios\/#breadcrumb\",\"itemListElement\":[{\"@type\":\"ListItem\",\"position\":1,\"name\":\"In\u00edcio\",\"item\":\"https:\/\/compartilhabahia.com.br\/\"},{\"@type\":\"ListItem\",\"position\":2,\"name\":\"Ela venceu de novo: em uma semana Adriana conquistou dois p\u00f3dios\"}]},{\"@type\":\"WebSite\",\"@id\":\"https:\/\/compartilhabahia.com.br\/#website\",\"url\":\"https:\/\/compartilhabahia.com.br\/\",\"name\":\"Compartilha Bahia\",\"description\":\"\",\"publisher\":{\"@id\":\"https:\/\/compartilhabahia.com.br\/#organization\"},\"potentialAction\":[{\"@type\":\"SearchAction\",\"target\":{\"@type\":\"EntryPoint\",\"urlTemplate\":\"https:\/\/compartilhabahia.com.br\/?s={search_term_string}\"},\"query-input\":\"required name=search_term_string\"}],\"inLanguage\":\"pt-BR\"},{\"@type\":\"Organization\",\"@id\":\"https:\/\/compartilhabahia.com.br\/#organization\",\"name\":\"Compartilha Bahia\",\"url\":\"https:\/\/compartilhabahia.com.br\/\",\"logo\":{\"@type\":\"ImageObject\",\"inLanguage\":\"pt-BR\",\"@id\":\"https:\/\/compartilhabahia.com.br\/#\/schema\/logo\/image\/\",\"url\":\"https:\/\/compartilhabahia.com.br\/wp-content\/uploads\/2023\/12\/cropped-logo.png\",\"contentUrl\":\"https:\/\/compartilhabahia.com.br\/wp-content\/uploads\/2023\/12\/cropped-logo.png\",\"width\":300,\"height\":106,\"caption\":\"Compartilha Bahia\"},\"image\":{\"@id\":\"https:\/\/compartilhabahia.com.br\/#\/schema\/logo\/image\/\"},\"sameAs\":[\"https:\/\/web.facebook.com\/compartilhabahia\",\"https:\/\/www.instagram.com\/compartilhabahia\/\"]},{\"@type\":\"Person\",\"@id\":\"https:\/\/compartilhabahia.com.br\/#\/schema\/person\/9b4f0c3178793b8248d6686732521c04\",\"name\":\"admin\",\"image\":{\"@type\":\"ImageObject\",\"inLanguage\":\"pt-BR\",\"@id\":\"https:\/\/compartilhabahia.com.br\/#\/schema\/person\/image\/\",\"url\":\"https:\/\/secure.gravatar.com\/avatar\/9600df58751c5acbe914c538c03390ef649ea088cb65f84ba09c7ce66988eed6?s=96&d=mm&r=g\",\"contentUrl\":\"https:\/\/secure.gravatar.com\/avatar\/9600df58751c5acbe914c538c03390ef649ea088cb65f84ba09c7ce66988eed6?s=96&d=mm&r=g\",\"caption\":\"admin\"},\"sameAs\":[\"https:\/\/compartilhabahia.com.br\"],\"url\":\"https:\/\/compartilhabahia.com.br\/index.php\/author\/compartilhabahia\/\"}]}<\/script>\n<!-- \/ Yoast SEO plugin. -->","yoast_head_json":{"title":"Ela venceu de novo: em uma semana Adriana conquistou dois p\u00f3dios - Compartilha Bahia","robots":{"index":"index","follow":"follow","max-snippet":"max-snippet:-1","max-image-preview":"max-image-preview:large","max-video-preview":"max-video-preview:-1"},"canonical":"https:\/\/compartilhabahia.com.br\/index.php\/2026\/03\/09\/ela-venceu-de-novo-em-uma-semana-adriana-conquistou-dois-podios\/","og_locale":"pt_BR","og_type":"article","og_title":"Ela venceu de novo: em uma semana Adriana conquistou dois p\u00f3dios - Compartilha Bahia","og_description":"A nossa hero\u00edna das provas de rua de Cama\u00e7ari, Adriana Nascimento, 39 anos, subiu ao p\u00f3dio mais duas vezes em apenas uma semana. No dia 1\u00ba de mar\u00e7o ela brilhou na famosa competi\u00e7\u00e3o &#8220;Corre Fofo&#8221; e no dia 8 de mar\u00e7o foi campe\u00e3 geral da 1\u00b0 Corrida &#8220;Sim! Bora correr Mulher&#8221;, organizada pela prefeitura de [&hellip;]","og_url":"https:\/\/compartilhabahia.com.br\/index.php\/2026\/03\/09\/ela-venceu-de-novo-em-uma-semana-adriana-conquistou-dois-podios\/","og_site_name":"Compartilha Bahia","article_publisher":"https:\/\/web.facebook.com\/compartilhabahia","article_published_time":"2026-03-10T01:42:13+00:00","article_modified_time":"2026-03-10T01:42:15+00:00","og_image":[{"width":1058,"height":706,"url":"https:\/\/compartilhabahia.com.br\/wp-content\/uploads\/2026\/03\/drykacorrefofo.jpg","type":"image\/jpeg"}],"author":"admin","twitter_card":"summary_large_image","twitter_misc":{"Escrito por":"admin","Est. tempo de leitura":"4 minutos"},"schema":{"@context":"https:\/\/schema.org","@graph":[{"@type":"Article","@id":"https:\/\/compartilhabahia.com.br\/index.php\/2026\/03\/09\/ela-venceu-de-novo-em-uma-semana-adriana-conquistou-dois-podios\/#article","isPartOf":{"@id":"https:\/\/compartilhabahia.com.br\/index.php\/2026\/03\/09\/ela-venceu-de-novo-em-uma-semana-adriana-conquistou-dois-podios\/"},"author":{"name":"admin","@id":"https:\/\/compartilhabahia.com.br\/#\/schema\/person\/9b4f0c3178793b8248d6686732521c04"},"headline":"Ela venceu de novo: em uma semana Adriana conquistou dois p\u00f3dios","datePublished":"2026-03-10T01:42:13+00:00","dateModified":"2026-03-10T01:42:15+00:00","mainEntityOfPage":{"@id":"https:\/\/compartilhabahia.com.br\/index.php\/2026\/03\/09\/ela-venceu-de-novo-em-uma-semana-adriana-conquistou-dois-podios\/"},"wordCount":580,"commentCount":0,"publisher":{"@id":"https:\/\/compartilhabahia.com.br\/#organization"},"articleSection":["Cama\u00e7ari"],"inLanguage":"pt-BR","potentialAction":[{"@type":"CommentAction","name":"Comment","target":["https:\/\/compartilhabahia.com.br\/index.php\/2026\/03\/09\/ela-venceu-de-novo-em-uma-semana-adriana-conquistou-dois-podios\/#respond"]}]},{"@type":"WebPage","@id":"https:\/\/compartilhabahia.com.br\/index.php\/2026\/03\/09\/ela-venceu-de-novo-em-uma-semana-adriana-conquistou-dois-podios\/","url":"https:\/\/compartilhabahia.com.br\/index.php\/2026\/03\/09\/ela-venceu-de-novo-em-uma-semana-adriana-conquistou-dois-podios\/","name":"Ela venceu de novo: em uma semana Adriana conquistou dois p\u00f3dios - Compartilha Bahia","isPartOf":{"@id":"https:\/\/compartilhabahia.com.br\/#website"},"datePublished":"2026-03-10T01:42:13+00:00","dateModified":"2026-03-10T01:42:15+00:00","breadcrumb":{"@id":"https:\/\/compartilhabahia.com.br\/index.php\/2026\/03\/09\/ela-venceu-de-novo-em-uma-semana-adriana-conquistou-dois-podios\/#breadcrumb"},"inLanguage":"pt-BR","potentialAction":[{"@type":"ReadAction","target":["https:\/\/compartilhabahia.com.br\/index.php\/2026\/03\/09\/ela-venceu-de-novo-em-uma-semana-adriana-conquistou-dois-podios\/"]}]},{"@type":"BreadcrumbList","@id":"https:\/\/compartilhabahia.com.br\/index.php\/2026\/03\/09\/ela-venceu-de-novo-em-uma-semana-adriana-conquistou-dois-podios\/#breadcrumb","itemListElement":[{"@type":"ListItem","position":1,"name":"In\u00edcio","item":"https:\/\/compartilhabahia.com.br\/"},{"@type":"ListItem","position":2,"name":"Ela venceu de novo: em uma semana Adriana conquistou dois p\u00f3dios"}]},{"@type":"WebSite","@id":"https:\/\/compartilhabahia.com.br\/#website","url":"https:\/\/compartilhabahia.com.br\/","name":"Compartilha Bahia","description":"","publisher":{"@id":"https:\/\/compartilhabahia.com.br\/#organization"},"potentialAction":[{"@type":"SearchAction","target":{"@type":"EntryPoint","urlTemplate":"https:\/\/compartilhabahia.com.br\/?s={search_term_string}"},"query-input":"required name=search_term_string"}],"inLanguage":"pt-BR"},{"@type":"Organization","@id":"https:\/\/compartilhabahia.com.br\/#organization","name":"Compartilha Bahia","url":"https:\/\/compartilhabahia.com.br\/","logo":{"@type":"ImageObject","inLanguage":"pt-BR","@id":"https:\/\/compartilhabahia.com.br\/#\/schema\/logo\/image\/","url":"https:\/\/compartilhabahia.com.br\/wp-content\/uploads\/2023\/12\/cropped-logo.png","contentUrl":"https:\/\/compartilhabahia.com.br\/wp-content\/uploads\/2023\/12\/cropped-logo.png","width":300,"height":106,"caption":"Compartilha Bahia"},"image":{"@id":"https:\/\/compartilhabahia.com.br\/#\/schema\/logo\/image\/"},"sameAs":["https:\/\/web.facebook.com\/compartilhabahia","https:\/\/www.instagram.com\/compartilhabahia\/"]},{"@type":"Person","@id":"https:\/\/compartilhabahia.com.br\/#\/schema\/person\/9b4f0c3178793b8248d6686732521c04","name":"admin","image":{"@type":"ImageObject","inLanguage":"pt-BR","@id":"https:\/\/compartilhabahia.com.br\/#\/schema\/person\/image\/","url":"https:\/\/secure.gravatar.com\/avatar\/9600df58751c5acbe914c538c03390ef649ea088cb65f84ba09c7ce66988eed6?s=96&d=mm&r=g","contentUrl":"https:\/\/secure.gravatar.com\/avatar\/9600df58751c5acbe914c538c03390ef649ea088cb65f84ba09c7ce66988eed6?s=96&d=mm&r=g","caption":"admin"},"sameAs":["https:\/\/compartilhabahia.com.br"],"url":"https:\/\/compartilhabahia.com.br\/index.php\/author\/compartilhabahia\/"}]}},"_links":{"self":[{"href":"https:\/\/compartilhabahia.com.br\/index.php\/wp-json\/wp\/v2\/posts\/9341","targetHints":{"allow":["GET"]}}],"collection":[{"href":"https:\/\/compartilhabahia.com.br\/index.php\/wp-json\/wp\/v2\/posts"}],"about":[{"href":"https:\/\/compartilhabahia.com.br\/index.php\/wp-json\/wp\/v2\/types\/post"}],"author":[{"embeddable":true,"href":"https:\/\/compartilhabahia.com.br\/index.php\/wp-json\/wp\/v2\/users\/1"}],"replies":[{"embeddable":true,"href":"https:\/\/compartilhabahia.com.br\/index.php\/wp-json\/wp\/v2\/comments?post=9341"}],"version-history":[{"count":1,"href":"https:\/\/compartilhabahia.com.br\/index.php\/wp-json\/wp\/v2\/posts\/9341\/revisions"}],"predecessor-version":[{"id":9345,"href":"https:\/\/compartilhabahia.com.br\/index.php\/wp-json\/wp\/v2\/posts\/9341\/revisions\/9345"}],"wp:featuredmedia":[{"embeddable":true,"href":"https:\/\/compartilhabahia.com.br\/index.php\/wp-json\/wp\/v2\/media\/9343"}],"wp:attachment":[{"href":"https:\/\/compartilhabahia.com.br\/index.php\/wp-json\/wp\/v2\/media?parent=9341"}],"wp:term":[{"taxonomy":"category","embeddable":true,"href":"https:\/\/compartilhabahia.com.br\/index.php\/wp-json\/wp\/v2\/categories?post=9341"},{"taxonomy":"post_tag","embeddable":true,"href":"https:\/\/compartilhabahia.com.br\/index.php\/wp-json\/wp\/v2\/tags?post=9341"}],"curies":[{"name":"wp","href":"https:\/\/api.w.org\/{rel}","templated":true}]}}