{"id":9336,"date":"2026-03-09T22:10:21","date_gmt":"2026-03-10T01:10:21","guid":{"rendered":"https:\/\/compartilhabahia.com.br\/?p=9336"},"modified":"2026-03-09T22:16:10","modified_gmt":"2026-03-10T01:16:10","slug":"crimes-violentos-chocam-camacari-o-caso-de-guilherme-que-foi-sequestrado-morto-e-decapitado-mostra-que-cidade-esta-recheada-de-criminosos-crueis","status":"publish","type":"post","link":"https:\/\/compartilhabahia.com.br\/index.php\/2026\/03\/09\/crimes-violentos-chocam-camacari-o-caso-de-guilherme-que-foi-sequestrado-morto-e-decapitado-mostra-que-cidade-esta-recheada-de-criminosos-crueis\/","title":{"rendered":"Crimes violentos chocam Cama\u00e7ari: o caso de Guilherme que foi sequestrado, morto e decapitado, mostra que cidade est\u00e1 recheada de criminosos cru\u00e9is"},"content":{"rendered":"\n<p>Um corpo decapitado foi encontrado na manh\u00e3 desta segunda-feira (9), na Estrada da Biribeira, em Cama\u00e7ari, na Regi\u00e3o Metropolitana de Salvador. Mais tarde esse corpo teria sido identificado pela fam\u00edlia como sendo de Guilherme Victor, de 21 anos, que estava desaparecido h\u00e1 11 dias, desde 28 de fevereiro, ap\u00f3s um sequestro.<\/p>\n\n\n\n<p>Esse crime, como outros que aconteceram recentemente, onde a vitima foi sequestrada, torturada e morta, mostra que cidade est\u00e1 recheada de criminosos cru\u00e9is.<\/p>\n\n\n\n<p>De acordo com relatos de familiares, naquele dia, Guilherme Victor foi levado por homens armados no bairro Nova Vit\u00f3ria. Desde ent\u00e3o, parentes e amigos realizavam buscas e mobiliza\u00e7\u00f5es nas redes sociais em busca de informa\u00e7\u00f5es sobre o paradeiro do jovem.<\/p>\n\n\n\n<p>A identifica\u00e7\u00e3o oficial, no entanto, depende de exames periciais que devem ser realizados pelo Departamento de Pol\u00edcia T\u00e9cnica (DPT).<\/p>\n\n\n\n<p>O caso est\u00e1 sendo investigado pela Pol\u00edcia Civil, que tamb\u00e9m apura as circunst\u00e2ncias do sequestro e a poss\u00edvel rela\u00e7\u00e3o entre o desaparecimento e a morte do jovem.<\/p>\n\n\n\n<p>Nos \u00faltimos dias, o desaparecimento de Guilherme Victor ganhou grande repercuss\u00e3o na regi\u00e3o, principalmente ap\u00f3s a divulga\u00e7\u00e3o de imagens que mostram o momento em que ele teria sido sequestrado dentro de uma oficina em Cama\u00e7ari.<\/p>\n","protected":false},"excerpt":{"rendered":"<p>Um corpo decapitado foi encontrado na manh\u00e3 desta segunda-feira (9), na Estrada da Biribeira, em Cama\u00e7ari, na Regi\u00e3o Metropolitana de Salvador. Mais tarde esse corpo teria sido identificado pela fam\u00edlia como sendo de Guilherme Victor, de 21 anos, que estava desaparecido h\u00e1 11 dias, desde 28 de fevereiro, ap\u00f3s um sequestro. Esse crime, como outros [&hellip;]<\/p>\n","protected":false},"author":1,"featured_media":9338,"comment_status":"open","ping_status":"open","sticky":false,"template":"","format":"standard","meta":{"footnotes":""},"categories":[8],"tags":[],"class_list":["post-9336","post","type-post","status-publish","format-standard","has-post-thumbnail","hentry","category-camacari"],"yoast_head":"<!-- This site is optimized with the Yoast SEO plugin v21.7 - https:\/\/yoast.com\/wordpress\/plugins\/seo\/ -->\n<title>Crimes violentos chocam Cama\u00e7ari: o caso de Guilherme que foi sequestrado, morto e decapitado, mostra que cidade est\u00e1 recheada de criminosos cru\u00e9is - Compartilha Bahia<\/title>\n<meta name=\"robots\" content=\"index, follow, max-snippet:-1, max-image-preview:large, max-video-preview:-1\" \/>\n<link rel=\"canonical\" href=\"https:\/\/compartilhabahia.com.br\/index.php\/2026\/03\/09\/crimes-violentos-chocam-camacari-o-caso-de-guilherme-que-foi-sequestrado-morto-e-decapitado-mostra-que-cidade-esta-recheada-de-criminosos-crueis\/\" \/>\n<meta property=\"og:locale\" content=\"pt_BR\" \/>\n<meta property=\"og:type\" content=\"article\" \/>\n<meta property=\"og:title\" content=\"Crimes violentos chocam Cama\u00e7ari: o caso de Guilherme que foi sequestrado, morto e decapitado, mostra que cidade est\u00e1 recheada de criminosos cru\u00e9is - Compartilha Bahia\" \/>\n<meta property=\"og:description\" content=\"Um corpo decapitado foi encontrado na manh\u00e3 desta segunda-feira (9), na Estrada da Biribeira, em Cama\u00e7ari, na Regi\u00e3o Metropolitana de Salvador. Mais tarde esse corpo teria sido identificado pela fam\u00edlia como sendo de Guilherme Victor, de 21 anos, que estava desaparecido h\u00e1 11 dias, desde 28 de fevereiro, ap\u00f3s um sequestro. Esse crime, como outros [&hellip;]\" \/>\n<meta property=\"og:url\" content=\"https:\/\/compartilhabahia.com.br\/index.php\/2026\/03\/09\/crimes-violentos-chocam-camacari-o-caso-de-guilherme-que-foi-sequestrado-morto-e-decapitado-mostra-que-cidade-esta-recheada-de-criminosos-crueis\/\" \/>\n<meta property=\"og:site_name\" content=\"Compartilha Bahia\" \/>\n<meta property=\"article:publisher\" content=\"https:\/\/web.facebook.com\/compartilhabahia\" \/>\n<meta property=\"article:published_time\" content=\"2026-03-10T01:10:21+00:00\" \/>\n<meta property=\"article:modified_time\" content=\"2026-03-10T01:16:10+00:00\" \/>\n<meta property=\"og:image\" content=\"https:\/\/compartilhabahia.com.br\/wp-content\/uploads\/2026\/03\/gui.jpg\" \/>\n\t<meta property=\"og:image:width\" content=\"696\" \/>\n\t<meta property=\"og:image:height\" content=\"376\" \/>\n\t<meta property=\"og:image:type\" content=\"image\/jpeg\" \/>\n<meta name=\"author\" content=\"admin\" \/>\n<meta name=\"twitter:card\" content=\"summary_large_image\" \/>\n<meta name=\"twitter:label1\" content=\"Escrito por\" \/>\n\t<meta name=\"twitter:data1\" content=\"admin\" \/>\n\t<meta name=\"twitter:label2\" content=\"Est. tempo de leitura\" \/>\n\t<meta name=\"twitter:data2\" content=\"2 minutos\" \/>\n<script type=\"application\/ld+json\" class=\"yoast-schema-graph\">{\"@context\":\"https:\/\/schema.org\",\"@graph\":[{\"@type\":\"Article\",\"@id\":\"https:\/\/compartilhabahia.com.br\/index.php\/2026\/03\/09\/crimes-violentos-chocam-camacari-o-caso-de-guilherme-que-foi-sequestrado-morto-e-decapitado-mostra-que-cidade-esta-recheada-de-criminosos-crueis\/#article\",\"isPartOf\":{\"@id\":\"https:\/\/compartilhabahia.com.br\/index.php\/2026\/03\/09\/crimes-violentos-chocam-camacari-o-caso-de-guilherme-que-foi-sequestrado-morto-e-decapitado-mostra-que-cidade-esta-recheada-de-criminosos-crueis\/\"},\"author\":{\"name\":\"admin\",\"@id\":\"https:\/\/compartilhabahia.com.br\/#\/schema\/person\/9b4f0c3178793b8248d6686732521c04\"},\"headline\":\"Crimes violentos chocam Cama\u00e7ari: o caso de Guilherme que foi sequestrado, morto e decapitado, mostra que cidade est\u00e1 recheada de criminosos cru\u00e9is\",\"datePublished\":\"2026-03-10T01:10:21+00:00\",\"dateModified\":\"2026-03-10T01:16:10+00:00\",\"mainEntityOfPage\":{\"@id\":\"https:\/\/compartilhabahia.com.br\/index.php\/2026\/03\/09\/crimes-violentos-chocam-camacari-o-caso-de-guilherme-que-foi-sequestrado-morto-e-decapitado-mostra-que-cidade-esta-recheada-de-criminosos-crueis\/\"},\"wordCount\":237,\"commentCount\":0,\"publisher\":{\"@id\":\"https:\/\/compartilhabahia.com.br\/#organization\"},\"articleSection\":[\"Cama\u00e7ari\"],\"inLanguage\":\"pt-BR\",\"potentialAction\":[{\"@type\":\"CommentAction\",\"name\":\"Comment\",\"target\":[\"https:\/\/compartilhabahia.com.br\/index.php\/2026\/03\/09\/crimes-violentos-chocam-camacari-o-caso-de-guilherme-que-foi-sequestrado-morto-e-decapitado-mostra-que-cidade-esta-recheada-de-criminosos-crueis\/#respond\"]}]},{\"@type\":\"WebPage\",\"@id\":\"https:\/\/compartilhabahia.com.br\/index.php\/2026\/03\/09\/crimes-violentos-chocam-camacari-o-caso-de-guilherme-que-foi-sequestrado-morto-e-decapitado-mostra-que-cidade-esta-recheada-de-criminosos-crueis\/\",\"url\":\"https:\/\/compartilhabahia.com.br\/index.php\/2026\/03\/09\/crimes-violentos-chocam-camacari-o-caso-de-guilherme-que-foi-sequestrado-morto-e-decapitado-mostra-que-cidade-esta-recheada-de-criminosos-crueis\/\",\"name\":\"Crimes violentos chocam Cama\u00e7ari: o caso de Guilherme que foi sequestrado, morto e decapitado, mostra que cidade est\u00e1 recheada de criminosos cru\u00e9is - Compartilha Bahia\",\"isPartOf\":{\"@id\":\"https:\/\/compartilhabahia.com.br\/#website\"},\"datePublished\":\"2026-03-10T01:10:21+00:00\",\"dateModified\":\"2026-03-10T01:16:10+00:00\",\"breadcrumb\":{\"@id\":\"https:\/\/compartilhabahia.com.br\/index.php\/2026\/03\/09\/crimes-violentos-chocam-camacari-o-caso-de-guilherme-que-foi-sequestrado-morto-e-decapitado-mostra-que-cidade-esta-recheada-de-criminosos-crueis\/#breadcrumb\"},\"inLanguage\":\"pt-BR\",\"potentialAction\":[{\"@type\":\"ReadAction\",\"target\":[\"https:\/\/compartilhabahia.com.br\/index.php\/2026\/03\/09\/crimes-violentos-chocam-camacari-o-caso-de-guilherme-que-foi-sequestrado-morto-e-decapitado-mostra-que-cidade-esta-recheada-de-criminosos-crueis\/\"]}]},{\"@type\":\"BreadcrumbList\",\"@id\":\"https:\/\/compartilhabahia.com.br\/index.php\/2026\/03\/09\/crimes-violentos-chocam-camacari-o-caso-de-guilherme-que-foi-sequestrado-morto-e-decapitado-mostra-que-cidade-esta-recheada-de-criminosos-crueis\/#breadcrumb\",\"itemListElement\":[{\"@type\":\"ListItem\",\"position\":1,\"name\":\"In\u00edcio\",\"item\":\"https:\/\/compartilhabahia.com.br\/\"},{\"@type\":\"ListItem\",\"position\":2,\"name\":\"Crimes violentos chocam Cama\u00e7ari: o caso de Guilherme que foi sequestrado, morto e decapitado, mostra que cidade est\u00e1 recheada de criminosos cru\u00e9is\"}]},{\"@type\":\"WebSite\",\"@id\":\"https:\/\/compartilhabahia.com.br\/#website\",\"url\":\"https:\/\/compartilhabahia.com.br\/\",\"name\":\"Compartilha Bahia\",\"description\":\"\",\"publisher\":{\"@id\":\"https:\/\/compartilhabahia.com.br\/#organization\"},\"potentialAction\":[{\"@type\":\"SearchAction\",\"target\":{\"@type\":\"EntryPoint\",\"urlTemplate\":\"https:\/\/compartilhabahia.com.br\/?s={search_term_string}\"},\"query-input\":\"required name=search_term_string\"}],\"inLanguage\":\"pt-BR\"},{\"@type\":\"Organization\",\"@id\":\"https:\/\/compartilhabahia.com.br\/#organization\",\"name\":\"Compartilha Bahia\",\"url\":\"https:\/\/compartilhabahia.com.br\/\",\"logo\":{\"@type\":\"ImageObject\",\"inLanguage\":\"pt-BR\",\"@id\":\"https:\/\/compartilhabahia.com.br\/#\/schema\/logo\/image\/\",\"url\":\"https:\/\/compartilhabahia.com.br\/wp-content\/uploads\/2023\/12\/cropped-logo.png\",\"contentUrl\":\"https:\/\/compartilhabahia.com.br\/wp-content\/uploads\/2023\/12\/cropped-logo.png\",\"width\":300,\"height\":106,\"caption\":\"Compartilha Bahia\"},\"image\":{\"@id\":\"https:\/\/compartilhabahia.com.br\/#\/schema\/logo\/image\/\"},\"sameAs\":[\"https:\/\/web.facebook.com\/compartilhabahia\",\"https:\/\/www.instagram.com\/compartilhabahia\/\"]},{\"@type\":\"Person\",\"@id\":\"https:\/\/compartilhabahia.com.br\/#\/schema\/person\/9b4f0c3178793b8248d6686732521c04\",\"name\":\"admin\",\"image\":{\"@type\":\"ImageObject\",\"inLanguage\":\"pt-BR\",\"@id\":\"https:\/\/compartilhabahia.com.br\/#\/schema\/person\/image\/\",\"url\":\"https:\/\/secure.gravatar.com\/avatar\/9600df58751c5acbe914c538c03390ef649ea088cb65f84ba09c7ce66988eed6?s=96&d=mm&r=g\",\"contentUrl\":\"https:\/\/secure.gravatar.com\/avatar\/9600df58751c5acbe914c538c03390ef649ea088cb65f84ba09c7ce66988eed6?s=96&d=mm&r=g\",\"caption\":\"admin\"},\"sameAs\":[\"https:\/\/compartilhabahia.com.br\"],\"url\":\"https:\/\/compartilhabahia.com.br\/index.php\/author\/compartilhabahia\/\"}]}<\/script>\n<!-- \/ Yoast SEO plugin. -->","yoast_head_json":{"title":"Crimes violentos chocam Cama\u00e7ari: o caso de Guilherme que foi sequestrado, morto e decapitado, mostra que cidade est\u00e1 recheada de criminosos cru\u00e9is - Compartilha Bahia","robots":{"index":"index","follow":"follow","max-snippet":"max-snippet:-1","max-image-preview":"max-image-preview:large","max-video-preview":"max-video-preview:-1"},"canonical":"https:\/\/compartilhabahia.com.br\/index.php\/2026\/03\/09\/crimes-violentos-chocam-camacari-o-caso-de-guilherme-que-foi-sequestrado-morto-e-decapitado-mostra-que-cidade-esta-recheada-de-criminosos-crueis\/","og_locale":"pt_BR","og_type":"article","og_title":"Crimes violentos chocam Cama\u00e7ari: o caso de Guilherme que foi sequestrado, morto e decapitado, mostra que cidade est\u00e1 recheada de criminosos cru\u00e9is - Compartilha Bahia","og_description":"Um corpo decapitado foi encontrado na manh\u00e3 desta segunda-feira (9), na Estrada da Biribeira, em Cama\u00e7ari, na Regi\u00e3o Metropolitana de Salvador. Mais tarde esse corpo teria sido identificado pela fam\u00edlia como sendo de Guilherme Victor, de 21 anos, que estava desaparecido h\u00e1 11 dias, desde 28 de fevereiro, ap\u00f3s um sequestro. Esse crime, como outros [&hellip;]","og_url":"https:\/\/compartilhabahia.com.br\/index.php\/2026\/03\/09\/crimes-violentos-chocam-camacari-o-caso-de-guilherme-que-foi-sequestrado-morto-e-decapitado-mostra-que-cidade-esta-recheada-de-criminosos-crueis\/","og_site_name":"Compartilha Bahia","article_publisher":"https:\/\/web.facebook.com\/compartilhabahia","article_published_time":"2026-03-10T01:10:21+00:00","article_modified_time":"2026-03-10T01:16:10+00:00","og_image":[{"width":696,"height":376,"url":"https:\/\/compartilhabahia.com.br\/wp-content\/uploads\/2026\/03\/gui.jpg","type":"image\/jpeg"}],"author":"admin","twitter_card":"summary_large_image","twitter_misc":{"Escrito por":"admin","Est. tempo de leitura":"2 minutos"},"schema":{"@context":"https:\/\/schema.org","@graph":[{"@type":"Article","@id":"https:\/\/compartilhabahia.com.br\/index.php\/2026\/03\/09\/crimes-violentos-chocam-camacari-o-caso-de-guilherme-que-foi-sequestrado-morto-e-decapitado-mostra-que-cidade-esta-recheada-de-criminosos-crueis\/#article","isPartOf":{"@id":"https:\/\/compartilhabahia.com.br\/index.php\/2026\/03\/09\/crimes-violentos-chocam-camacari-o-caso-de-guilherme-que-foi-sequestrado-morto-e-decapitado-mostra-que-cidade-esta-recheada-de-criminosos-crueis\/"},"author":{"name":"admin","@id":"https:\/\/compartilhabahia.com.br\/#\/schema\/person\/9b4f0c3178793b8248d6686732521c04"},"headline":"Crimes violentos chocam Cama\u00e7ari: o caso de Guilherme que foi sequestrado, morto e decapitado, mostra que cidade est\u00e1 recheada de criminosos cru\u00e9is","datePublished":"2026-03-10T01:10:21+00:00","dateModified":"2026-03-10T01:16:10+00:00","mainEntityOfPage":{"@id":"https:\/\/compartilhabahia.com.br\/index.php\/2026\/03\/09\/crimes-violentos-chocam-camacari-o-caso-de-guilherme-que-foi-sequestrado-morto-e-decapitado-mostra-que-cidade-esta-recheada-de-criminosos-crueis\/"},"wordCount":237,"commentCount":0,"publisher":{"@id":"https:\/\/compartilhabahia.com.br\/#organization"},"articleSection":["Cama\u00e7ari"],"inLanguage":"pt-BR","potentialAction":[{"@type":"CommentAction","name":"Comment","target":["https:\/\/compartilhabahia.com.br\/index.php\/2026\/03\/09\/crimes-violentos-chocam-camacari-o-caso-de-guilherme-que-foi-sequestrado-morto-e-decapitado-mostra-que-cidade-esta-recheada-de-criminosos-crueis\/#respond"]}]},{"@type":"WebPage","@id":"https:\/\/compartilhabahia.com.br\/index.php\/2026\/03\/09\/crimes-violentos-chocam-camacari-o-caso-de-guilherme-que-foi-sequestrado-morto-e-decapitado-mostra-que-cidade-esta-recheada-de-criminosos-crueis\/","url":"https:\/\/compartilhabahia.com.br\/index.php\/2026\/03\/09\/crimes-violentos-chocam-camacari-o-caso-de-guilherme-que-foi-sequestrado-morto-e-decapitado-mostra-que-cidade-esta-recheada-de-criminosos-crueis\/","name":"Crimes violentos chocam Cama\u00e7ari: o caso de Guilherme que foi sequestrado, morto e decapitado, mostra que cidade est\u00e1 recheada de criminosos cru\u00e9is - Compartilha Bahia","isPartOf":{"@id":"https:\/\/compartilhabahia.com.br\/#website"},"datePublished":"2026-03-10T01:10:21+00:00","dateModified":"2026-03-10T01:16:10+00:00","breadcrumb":{"@id":"https:\/\/compartilhabahia.com.br\/index.php\/2026\/03\/09\/crimes-violentos-chocam-camacari-o-caso-de-guilherme-que-foi-sequestrado-morto-e-decapitado-mostra-que-cidade-esta-recheada-de-criminosos-crueis\/#breadcrumb"},"inLanguage":"pt-BR","potentialAction":[{"@type":"ReadAction","target":["https:\/\/compartilhabahia.com.br\/index.php\/2026\/03\/09\/crimes-violentos-chocam-camacari-o-caso-de-guilherme-que-foi-sequestrado-morto-e-decapitado-mostra-que-cidade-esta-recheada-de-criminosos-crueis\/"]}]},{"@type":"BreadcrumbList","@id":"https:\/\/compartilhabahia.com.br\/index.php\/2026\/03\/09\/crimes-violentos-chocam-camacari-o-caso-de-guilherme-que-foi-sequestrado-morto-e-decapitado-mostra-que-cidade-esta-recheada-de-criminosos-crueis\/#breadcrumb","itemListElement":[{"@type":"ListItem","position":1,"name":"In\u00edcio","item":"https:\/\/compartilhabahia.com.br\/"},{"@type":"ListItem","position":2,"name":"Crimes violentos chocam Cama\u00e7ari: o caso de Guilherme que foi sequestrado, morto e decapitado, mostra que cidade est\u00e1 recheada de criminosos cru\u00e9is"}]},{"@type":"WebSite","@id":"https:\/\/compartilhabahia.com.br\/#website","url":"https:\/\/compartilhabahia.com.br\/","name":"Compartilha Bahia","description":"","publisher":{"@id":"https:\/\/compartilhabahia.com.br\/#organization"},"potentialAction":[{"@type":"SearchAction","target":{"@type":"EntryPoint","urlTemplate":"https:\/\/compartilhabahia.com.br\/?s={search_term_string}"},"query-input":"required name=search_term_string"}],"inLanguage":"pt-BR"},{"@type":"Organization","@id":"https:\/\/compartilhabahia.com.br\/#organization","name":"Compartilha Bahia","url":"https:\/\/compartilhabahia.com.br\/","logo":{"@type":"ImageObject","inLanguage":"pt-BR","@id":"https:\/\/compartilhabahia.com.br\/#\/schema\/logo\/image\/","url":"https:\/\/compartilhabahia.com.br\/wp-content\/uploads\/2023\/12\/cropped-logo.png","contentUrl":"https:\/\/compartilhabahia.com.br\/wp-content\/uploads\/2023\/12\/cropped-logo.png","width":300,"height":106,"caption":"Compartilha Bahia"},"image":{"@id":"https:\/\/compartilhabahia.com.br\/#\/schema\/logo\/image\/"},"sameAs":["https:\/\/web.facebook.com\/compartilhabahia","https:\/\/www.instagram.com\/compartilhabahia\/"]},{"@type":"Person","@id":"https:\/\/compartilhabahia.com.br\/#\/schema\/person\/9b4f0c3178793b8248d6686732521c04","name":"admin","image":{"@type":"ImageObject","inLanguage":"pt-BR","@id":"https:\/\/compartilhabahia.com.br\/#\/schema\/person\/image\/","url":"https:\/\/secure.gravatar.com\/avatar\/9600df58751c5acbe914c538c03390ef649ea088cb65f84ba09c7ce66988eed6?s=96&d=mm&r=g","contentUrl":"https:\/\/secure.gravatar.com\/avatar\/9600df58751c5acbe914c538c03390ef649ea088cb65f84ba09c7ce66988eed6?s=96&d=mm&r=g","caption":"admin"},"sameAs":["https:\/\/compartilhabahia.com.br"],"url":"https:\/\/compartilhabahia.com.br\/index.php\/author\/compartilhabahia\/"}]}},"_links":{"self":[{"href":"https:\/\/compartilhabahia.com.br\/index.php\/wp-json\/wp\/v2\/posts\/9336","targetHints":{"allow":["GET"]}}],"collection":[{"href":"https:\/\/compartilhabahia.com.br\/index.php\/wp-json\/wp\/v2\/posts"}],"about":[{"href":"https:\/\/compartilhabahia.com.br\/index.php\/wp-json\/wp\/v2\/types\/post"}],"author":[{"embeddable":true,"href":"https:\/\/compartilhabahia.com.br\/index.php\/wp-json\/wp\/v2\/users\/1"}],"replies":[{"embeddable":true,"href":"https:\/\/compartilhabahia.com.br\/index.php\/wp-json\/wp\/v2\/comments?post=9336"}],"version-history":[{"count":2,"href":"https:\/\/compartilhabahia.com.br\/index.php\/wp-json\/wp\/v2\/posts\/9336\/revisions"}],"predecessor-version":[{"id":9340,"href":"https:\/\/compartilhabahia.com.br\/index.php\/wp-json\/wp\/v2\/posts\/9336\/revisions\/9340"}],"wp:featuredmedia":[{"embeddable":true,"href":"https:\/\/compartilhabahia.com.br\/index.php\/wp-json\/wp\/v2\/media\/9338"}],"wp:attachment":[{"href":"https:\/\/compartilhabahia.com.br\/index.php\/wp-json\/wp\/v2\/media?parent=9336"}],"wp:term":[{"taxonomy":"category","embeddable":true,"href":"https:\/\/compartilhabahia.com.br\/index.php\/wp-json\/wp\/v2\/categories?post=9336"},{"taxonomy":"post_tag","embeddable":true,"href":"https:\/\/compartilhabahia.com.br\/index.php\/wp-json\/wp\/v2\/tags?post=9336"}],"curies":[{"name":"wp","href":"https:\/\/api.w.org\/{rel}","templated":true}]}}