{"id":9333,"date":"2026-03-08T00:44:02","date_gmt":"2026-03-08T03:44:02","guid":{"rendered":"https:\/\/compartilhabahia.com.br\/?p=9333"},"modified":"2026-03-08T00:44:05","modified_gmt":"2026-03-08T03:44:05","slug":"contribuicao-sindical-dos-servidores-de-camacari-sera-descontada-na-folha-de-marco-exceto-para-quem-se-opor","status":"publish","type":"post","link":"https:\/\/compartilhabahia.com.br\/index.php\/2026\/03\/08\/contribuicao-sindical-dos-servidores-de-camacari-sera-descontada-na-folha-de-marco-exceto-para-quem-se-opor\/","title":{"rendered":"Contribui\u00e7\u00e3o sindical dos servidores de Cama\u00e7ari ser\u00e1 descontada na folha de mar\u00e7o, exceto para quem se opor"},"content":{"rendered":"\n<p><br>Segundo Edmilson Jesus das Dores, presidente do Sindsec \u2013 Sindicato dos Servidores P\u00fablicos de Cama\u00e7ari, o Supremo Tribunal Federal, atrav\u00e9s do Tema 935, autorizou que o sindicato receba a contribui\u00e7\u00e3o sindical anual, de todos os servidores da prefeitura de Cama\u00e7ari, atrav\u00e9s de desconto na folha de pagamento, exceto de quem se opor por escrito, que a contribui\u00e7\u00e3o seja descontada diretamente do seu sal\u00e1rio.<br>Edmilson explica, que at\u00e9 o ano passado a contribui\u00e7\u00e3o sindical era arrecadada apenas de quem autorizava por escrito, mas que esse ano mudou, agora \u00e9 ao contr\u00e1rio, a contribui\u00e7\u00e3o sindical ser\u00e1 descontada de todos os servidores p\u00fablicos de Cama\u00e7ari, efetivos, Redas e nomeados em cargos de confian\u00e7a, exceto, frisando mais uma vez, daqueles servidores que manifestarem contr\u00e1rio.<br>A contribui\u00e7\u00e3o \u00e9 apenas uma vez por ano, equivale a um dia de trabalho e ser\u00e1 arrecadada na folha deste m\u00eas de mar\u00e7o. N\u00e3o entra no c\u00e1lculo os adicionais pessoais, como produtividade, a contribui\u00e7\u00e3o \u00e9 s\u00f3 sobre o sal\u00e1rio base.<br>Para se opor a contribui\u00e7\u00e3o \u00e9 muito simples, basta ao servidor enviar at\u00e9 o pr\u00f3ximo dia 13 de mar\u00e7o um e-mail para sindsecsindicato@gmail.com ou entregar a sua manifesta\u00e7\u00e3o presencialmente na sede do sindicato localizada na Segunda Travessa Dois de Maio, 135, Centro de Cama\u00e7ari.<br>Na mensagem, basta informar corretamente o nome do servidor, o CPF e principalmente o n\u00famero da matr\u00edcula.<br>\u201cO trabalhador que n\u00e3o quer o desconto deve informar ao sindicato, j\u00e1 iniciamos uma distribui\u00e7\u00e3o de cartazes em todas as unidades onde os servidores trabalham, estamos divulgando nas redes sociais, e na imprensa, para que os que n\u00e3o tenham interesse no desconto, nos informem at\u00e9 o dia 13 de mar\u00e7o. J\u00e1, aqueles que querem contribuir com o sindicato, n\u00e3o precisam fazer nada, o desconto ser\u00e1 autom\u00e1tico\u201d. Disse Edmilson Jesus das Dores.<br>Antigamente era imposto sindical e era obrigat\u00f3rio, at\u00e9 quem era contra o sindicato tinha que pagar. Agora n\u00e3o, agora \u00e9 uma contribui\u00e7\u00e3o, quem for contra, basta informar ao sindicato que o desconto n\u00e3o ser\u00e1 realizado.<br>\u201cN\u00f3s entendemos e compreendemos perfeitamente, quando o servidor n\u00e3o quer e quando o servidor n\u00e3o pode contribuir, por isso estamos divulgando massivamente, para aqueles que desejarem se opor, possam fazer isso com a maior liberdade poss\u00edvel. N\u00f3s bem sabemos do arrocho salarial por que passamos, e das dificuldades que cada um tem.\u201d<\/p>\n\n\n\n<p>\u201cNo entanto, para que a nossa luta seja feita da melhor forma poss\u00edvel, toda contribui\u00e7\u00e3o de quem quiser fazer, ser\u00e1 muito bem-vinda e ser\u00e1 utilizada na reconstru\u00e7\u00e3o do sindicato, na luta em defesa dos servidores, na busca de melhores condi\u00e7\u00f5es de trabalho, na vigil\u00e2ncia e na cobran\u00e7a para que a m\u00e1quina p\u00fablica municipal de um modo geral, que a sa\u00fade, que a educa\u00e7\u00e3o, etc, enfim que a Prefeitura, funcione em benef\u00edcio da popula\u00e7\u00e3o.\u201d Disse Edimilson.<\/p>\n\n\n\n<p>N\u00e3o contribuem para o SindSec os professores e coordenadores pedag\u00f3gicos, esses colaboram com O SISPEC \u2013 Sindicato dos Professores de Cama\u00e7ari.<\/p>\n","protected":false},"excerpt":{"rendered":"<p>Segundo Edmilson Jesus das Dores, presidente do Sindsec \u2013 Sindicato dos Servidores P\u00fablicos de Cama\u00e7ari, o Supremo Tribunal Federal, atrav\u00e9s do Tema 935, autorizou que o sindicato receba a contribui\u00e7\u00e3o sindical anual, de todos os servidores da prefeitura de Cama\u00e7ari, atrav\u00e9s de desconto na folha de pagamento, exceto de quem se opor por escrito, que [&hellip;]<\/p>\n","protected":false},"author":1,"featured_media":9334,"comment_status":"open","ping_status":"open","sticky":false,"template":"","format":"standard","meta":{"footnotes":""},"categories":[8],"tags":[],"class_list":["post-9333","post","type-post","status-publish","format-standard","has-post-thumbnail","hentry","category-camacari"],"yoast_head":"<!-- This site is optimized with the Yoast SEO plugin v21.7 - https:\/\/yoast.com\/wordpress\/plugins\/seo\/ -->\n<title>Contribui\u00e7\u00e3o sindical dos servidores de Cama\u00e7ari ser\u00e1 descontada na folha de mar\u00e7o, exceto para quem se opor - Compartilha Bahia<\/title>\n<meta name=\"robots\" content=\"index, follow, max-snippet:-1, max-image-preview:large, max-video-preview:-1\" \/>\n<link rel=\"canonical\" href=\"https:\/\/compartilhabahia.com.br\/index.php\/2026\/03\/08\/contribuicao-sindical-dos-servidores-de-camacari-sera-descontada-na-folha-de-marco-exceto-para-quem-se-opor\/\" \/>\n<meta property=\"og:locale\" content=\"pt_BR\" \/>\n<meta property=\"og:type\" content=\"article\" \/>\n<meta property=\"og:title\" content=\"Contribui\u00e7\u00e3o sindical dos servidores de Cama\u00e7ari ser\u00e1 descontada na folha de mar\u00e7o, exceto para quem se opor - Compartilha Bahia\" \/>\n<meta property=\"og:description\" content=\"Segundo Edmilson Jesus das Dores, presidente do Sindsec \u2013 Sindicato dos Servidores P\u00fablicos de Cama\u00e7ari, o Supremo Tribunal Federal, atrav\u00e9s do Tema 935, autorizou que o sindicato receba a contribui\u00e7\u00e3o sindical anual, de todos os servidores da prefeitura de Cama\u00e7ari, atrav\u00e9s de desconto na folha de pagamento, exceto de quem se opor por escrito, que [&hellip;]\" \/>\n<meta property=\"og:url\" content=\"https:\/\/compartilhabahia.com.br\/index.php\/2026\/03\/08\/contribuicao-sindical-dos-servidores-de-camacari-sera-descontada-na-folha-de-marco-exceto-para-quem-se-opor\/\" \/>\n<meta property=\"og:site_name\" content=\"Compartilha Bahia\" \/>\n<meta property=\"article:publisher\" content=\"https:\/\/web.facebook.com\/compartilhabahia\" \/>\n<meta property=\"article:published_time\" content=\"2026-03-08T03:44:02+00:00\" \/>\n<meta property=\"article:modified_time\" content=\"2026-03-08T03:44:05+00:00\" \/>\n<meta property=\"og:image\" content=\"https:\/\/compartilhabahia.com.br\/wp-content\/uploads\/2026\/03\/prefeituradecamacari.jpg\" \/>\n\t<meta property=\"og:image:width\" content=\"1120\" \/>\n\t<meta property=\"og:image:height\" content=\"747\" \/>\n\t<meta property=\"og:image:type\" content=\"image\/jpeg\" \/>\n<meta name=\"author\" content=\"admin\" \/>\n<meta name=\"twitter:card\" content=\"summary_large_image\" \/>\n<meta name=\"twitter:label1\" content=\"Escrito por\" \/>\n\t<meta name=\"twitter:data1\" content=\"admin\" \/>\n\t<meta name=\"twitter:label2\" content=\"Est. tempo de leitura\" \/>\n\t<meta name=\"twitter:data2\" content=\"3 minutos\" \/>\n<script type=\"application\/ld+json\" class=\"yoast-schema-graph\">{\"@context\":\"https:\/\/schema.org\",\"@graph\":[{\"@type\":\"Article\",\"@id\":\"https:\/\/compartilhabahia.com.br\/index.php\/2026\/03\/08\/contribuicao-sindical-dos-servidores-de-camacari-sera-descontada-na-folha-de-marco-exceto-para-quem-se-opor\/#article\",\"isPartOf\":{\"@id\":\"https:\/\/compartilhabahia.com.br\/index.php\/2026\/03\/08\/contribuicao-sindical-dos-servidores-de-camacari-sera-descontada-na-folha-de-marco-exceto-para-quem-se-opor\/\"},\"author\":{\"name\":\"admin\",\"@id\":\"https:\/\/compartilhabahia.com.br\/#\/schema\/person\/9b4f0c3178793b8248d6686732521c04\"},\"headline\":\"Contribui\u00e7\u00e3o sindical dos servidores de Cama\u00e7ari ser\u00e1 descontada na folha de mar\u00e7o, exceto para quem se opor\",\"datePublished\":\"2026-03-08T03:44:02+00:00\",\"dateModified\":\"2026-03-08T03:44:05+00:00\",\"mainEntityOfPage\":{\"@id\":\"https:\/\/compartilhabahia.com.br\/index.php\/2026\/03\/08\/contribuicao-sindical-dos-servidores-de-camacari-sera-descontada-na-folha-de-marco-exceto-para-quem-se-opor\/\"},\"wordCount\":545,\"commentCount\":0,\"publisher\":{\"@id\":\"https:\/\/compartilhabahia.com.br\/#organization\"},\"articleSection\":[\"Cama\u00e7ari\"],\"inLanguage\":\"pt-BR\",\"potentialAction\":[{\"@type\":\"CommentAction\",\"name\":\"Comment\",\"target\":[\"https:\/\/compartilhabahia.com.br\/index.php\/2026\/03\/08\/contribuicao-sindical-dos-servidores-de-camacari-sera-descontada-na-folha-de-marco-exceto-para-quem-se-opor\/#respond\"]}]},{\"@type\":\"WebPage\",\"@id\":\"https:\/\/compartilhabahia.com.br\/index.php\/2026\/03\/08\/contribuicao-sindical-dos-servidores-de-camacari-sera-descontada-na-folha-de-marco-exceto-para-quem-se-opor\/\",\"url\":\"https:\/\/compartilhabahia.com.br\/index.php\/2026\/03\/08\/contribuicao-sindical-dos-servidores-de-camacari-sera-descontada-na-folha-de-marco-exceto-para-quem-se-opor\/\",\"name\":\"Contribui\u00e7\u00e3o sindical dos servidores de Cama\u00e7ari ser\u00e1 descontada na folha de mar\u00e7o, exceto para quem se opor - Compartilha Bahia\",\"isPartOf\":{\"@id\":\"https:\/\/compartilhabahia.com.br\/#website\"},\"datePublished\":\"2026-03-08T03:44:02+00:00\",\"dateModified\":\"2026-03-08T03:44:05+00:00\",\"breadcrumb\":{\"@id\":\"https:\/\/compartilhabahia.com.br\/index.php\/2026\/03\/08\/contribuicao-sindical-dos-servidores-de-camacari-sera-descontada-na-folha-de-marco-exceto-para-quem-se-opor\/#breadcrumb\"},\"inLanguage\":\"pt-BR\",\"potentialAction\":[{\"@type\":\"ReadAction\",\"target\":[\"https:\/\/compartilhabahia.com.br\/index.php\/2026\/03\/08\/contribuicao-sindical-dos-servidores-de-camacari-sera-descontada-na-folha-de-marco-exceto-para-quem-se-opor\/\"]}]},{\"@type\":\"BreadcrumbList\",\"@id\":\"https:\/\/compartilhabahia.com.br\/index.php\/2026\/03\/08\/contribuicao-sindical-dos-servidores-de-camacari-sera-descontada-na-folha-de-marco-exceto-para-quem-se-opor\/#breadcrumb\",\"itemListElement\":[{\"@type\":\"ListItem\",\"position\":1,\"name\":\"In\u00edcio\",\"item\":\"https:\/\/compartilhabahia.com.br\/\"},{\"@type\":\"ListItem\",\"position\":2,\"name\":\"Contribui\u00e7\u00e3o sindical dos servidores de Cama\u00e7ari ser\u00e1 descontada na folha de mar\u00e7o, exceto para quem se opor\"}]},{\"@type\":\"WebSite\",\"@id\":\"https:\/\/compartilhabahia.com.br\/#website\",\"url\":\"https:\/\/compartilhabahia.com.br\/\",\"name\":\"Compartilha Bahia\",\"description\":\"\",\"publisher\":{\"@id\":\"https:\/\/compartilhabahia.com.br\/#organization\"},\"potentialAction\":[{\"@type\":\"SearchAction\",\"target\":{\"@type\":\"EntryPoint\",\"urlTemplate\":\"https:\/\/compartilhabahia.com.br\/?s={search_term_string}\"},\"query-input\":\"required name=search_term_string\"}],\"inLanguage\":\"pt-BR\"},{\"@type\":\"Organization\",\"@id\":\"https:\/\/compartilhabahia.com.br\/#organization\",\"name\":\"Compartilha Bahia\",\"url\":\"https:\/\/compartilhabahia.com.br\/\",\"logo\":{\"@type\":\"ImageObject\",\"inLanguage\":\"pt-BR\",\"@id\":\"https:\/\/compartilhabahia.com.br\/#\/schema\/logo\/image\/\",\"url\":\"https:\/\/compartilhabahia.com.br\/wp-content\/uploads\/2023\/12\/cropped-logo.png\",\"contentUrl\":\"https:\/\/compartilhabahia.com.br\/wp-content\/uploads\/2023\/12\/cropped-logo.png\",\"width\":300,\"height\":106,\"caption\":\"Compartilha Bahia\"},\"image\":{\"@id\":\"https:\/\/compartilhabahia.com.br\/#\/schema\/logo\/image\/\"},\"sameAs\":[\"https:\/\/web.facebook.com\/compartilhabahia\",\"https:\/\/www.instagram.com\/compartilhabahia\/\"]},{\"@type\":\"Person\",\"@id\":\"https:\/\/compartilhabahia.com.br\/#\/schema\/person\/9b4f0c3178793b8248d6686732521c04\",\"name\":\"admin\",\"image\":{\"@type\":\"ImageObject\",\"inLanguage\":\"pt-BR\",\"@id\":\"https:\/\/compartilhabahia.com.br\/#\/schema\/person\/image\/\",\"url\":\"https:\/\/secure.gravatar.com\/avatar\/9600df58751c5acbe914c538c03390ef649ea088cb65f84ba09c7ce66988eed6?s=96&d=mm&r=g\",\"contentUrl\":\"https:\/\/secure.gravatar.com\/avatar\/9600df58751c5acbe914c538c03390ef649ea088cb65f84ba09c7ce66988eed6?s=96&d=mm&r=g\",\"caption\":\"admin\"},\"sameAs\":[\"https:\/\/compartilhabahia.com.br\"],\"url\":\"https:\/\/compartilhabahia.com.br\/index.php\/author\/compartilhabahia\/\"}]}<\/script>\n<!-- \/ Yoast SEO plugin. -->","yoast_head_json":{"title":"Contribui\u00e7\u00e3o sindical dos servidores de Cama\u00e7ari ser\u00e1 descontada na folha de mar\u00e7o, exceto para quem se opor - Compartilha Bahia","robots":{"index":"index","follow":"follow","max-snippet":"max-snippet:-1","max-image-preview":"max-image-preview:large","max-video-preview":"max-video-preview:-1"},"canonical":"https:\/\/compartilhabahia.com.br\/index.php\/2026\/03\/08\/contribuicao-sindical-dos-servidores-de-camacari-sera-descontada-na-folha-de-marco-exceto-para-quem-se-opor\/","og_locale":"pt_BR","og_type":"article","og_title":"Contribui\u00e7\u00e3o sindical dos servidores de Cama\u00e7ari ser\u00e1 descontada na folha de mar\u00e7o, exceto para quem se opor - Compartilha Bahia","og_description":"Segundo Edmilson Jesus das Dores, presidente do Sindsec \u2013 Sindicato dos Servidores P\u00fablicos de Cama\u00e7ari, o Supremo Tribunal Federal, atrav\u00e9s do Tema 935, autorizou que o sindicato receba a contribui\u00e7\u00e3o sindical anual, de todos os servidores da prefeitura de Cama\u00e7ari, atrav\u00e9s de desconto na folha de pagamento, exceto de quem se opor por escrito, que [&hellip;]","og_url":"https:\/\/compartilhabahia.com.br\/index.php\/2026\/03\/08\/contribuicao-sindical-dos-servidores-de-camacari-sera-descontada-na-folha-de-marco-exceto-para-quem-se-opor\/","og_site_name":"Compartilha Bahia","article_publisher":"https:\/\/web.facebook.com\/compartilhabahia","article_published_time":"2026-03-08T03:44:02+00:00","article_modified_time":"2026-03-08T03:44:05+00:00","og_image":[{"width":1120,"height":747,"url":"https:\/\/compartilhabahia.com.br\/wp-content\/uploads\/2026\/03\/prefeituradecamacari.jpg","type":"image\/jpeg"}],"author":"admin","twitter_card":"summary_large_image","twitter_misc":{"Escrito por":"admin","Est. tempo de leitura":"3 minutos"},"schema":{"@context":"https:\/\/schema.org","@graph":[{"@type":"Article","@id":"https:\/\/compartilhabahia.com.br\/index.php\/2026\/03\/08\/contribuicao-sindical-dos-servidores-de-camacari-sera-descontada-na-folha-de-marco-exceto-para-quem-se-opor\/#article","isPartOf":{"@id":"https:\/\/compartilhabahia.com.br\/index.php\/2026\/03\/08\/contribuicao-sindical-dos-servidores-de-camacari-sera-descontada-na-folha-de-marco-exceto-para-quem-se-opor\/"},"author":{"name":"admin","@id":"https:\/\/compartilhabahia.com.br\/#\/schema\/person\/9b4f0c3178793b8248d6686732521c04"},"headline":"Contribui\u00e7\u00e3o sindical dos servidores de Cama\u00e7ari ser\u00e1 descontada na folha de mar\u00e7o, exceto para quem se opor","datePublished":"2026-03-08T03:44:02+00:00","dateModified":"2026-03-08T03:44:05+00:00","mainEntityOfPage":{"@id":"https:\/\/compartilhabahia.com.br\/index.php\/2026\/03\/08\/contribuicao-sindical-dos-servidores-de-camacari-sera-descontada-na-folha-de-marco-exceto-para-quem-se-opor\/"},"wordCount":545,"commentCount":0,"publisher":{"@id":"https:\/\/compartilhabahia.com.br\/#organization"},"articleSection":["Cama\u00e7ari"],"inLanguage":"pt-BR","potentialAction":[{"@type":"CommentAction","name":"Comment","target":["https:\/\/compartilhabahia.com.br\/index.php\/2026\/03\/08\/contribuicao-sindical-dos-servidores-de-camacari-sera-descontada-na-folha-de-marco-exceto-para-quem-se-opor\/#respond"]}]},{"@type":"WebPage","@id":"https:\/\/compartilhabahia.com.br\/index.php\/2026\/03\/08\/contribuicao-sindical-dos-servidores-de-camacari-sera-descontada-na-folha-de-marco-exceto-para-quem-se-opor\/","url":"https:\/\/compartilhabahia.com.br\/index.php\/2026\/03\/08\/contribuicao-sindical-dos-servidores-de-camacari-sera-descontada-na-folha-de-marco-exceto-para-quem-se-opor\/","name":"Contribui\u00e7\u00e3o sindical dos servidores de Cama\u00e7ari ser\u00e1 descontada na folha de mar\u00e7o, exceto para quem se opor - Compartilha Bahia","isPartOf":{"@id":"https:\/\/compartilhabahia.com.br\/#website"},"datePublished":"2026-03-08T03:44:02+00:00","dateModified":"2026-03-08T03:44:05+00:00","breadcrumb":{"@id":"https:\/\/compartilhabahia.com.br\/index.php\/2026\/03\/08\/contribuicao-sindical-dos-servidores-de-camacari-sera-descontada-na-folha-de-marco-exceto-para-quem-se-opor\/#breadcrumb"},"inLanguage":"pt-BR","potentialAction":[{"@type":"ReadAction","target":["https:\/\/compartilhabahia.com.br\/index.php\/2026\/03\/08\/contribuicao-sindical-dos-servidores-de-camacari-sera-descontada-na-folha-de-marco-exceto-para-quem-se-opor\/"]}]},{"@type":"BreadcrumbList","@id":"https:\/\/compartilhabahia.com.br\/index.php\/2026\/03\/08\/contribuicao-sindical-dos-servidores-de-camacari-sera-descontada-na-folha-de-marco-exceto-para-quem-se-opor\/#breadcrumb","itemListElement":[{"@type":"ListItem","position":1,"name":"In\u00edcio","item":"https:\/\/compartilhabahia.com.br\/"},{"@type":"ListItem","position":2,"name":"Contribui\u00e7\u00e3o sindical dos servidores de Cama\u00e7ari ser\u00e1 descontada na folha de mar\u00e7o, exceto para quem se opor"}]},{"@type":"WebSite","@id":"https:\/\/compartilhabahia.com.br\/#website","url":"https:\/\/compartilhabahia.com.br\/","name":"Compartilha Bahia","description":"","publisher":{"@id":"https:\/\/compartilhabahia.com.br\/#organization"},"potentialAction":[{"@type":"SearchAction","target":{"@type":"EntryPoint","urlTemplate":"https:\/\/compartilhabahia.com.br\/?s={search_term_string}"},"query-input":"required name=search_term_string"}],"inLanguage":"pt-BR"},{"@type":"Organization","@id":"https:\/\/compartilhabahia.com.br\/#organization","name":"Compartilha Bahia","url":"https:\/\/compartilhabahia.com.br\/","logo":{"@type":"ImageObject","inLanguage":"pt-BR","@id":"https:\/\/compartilhabahia.com.br\/#\/schema\/logo\/image\/","url":"https:\/\/compartilhabahia.com.br\/wp-content\/uploads\/2023\/12\/cropped-logo.png","contentUrl":"https:\/\/compartilhabahia.com.br\/wp-content\/uploads\/2023\/12\/cropped-logo.png","width":300,"height":106,"caption":"Compartilha Bahia"},"image":{"@id":"https:\/\/compartilhabahia.com.br\/#\/schema\/logo\/image\/"},"sameAs":["https:\/\/web.facebook.com\/compartilhabahia","https:\/\/www.instagram.com\/compartilhabahia\/"]},{"@type":"Person","@id":"https:\/\/compartilhabahia.com.br\/#\/schema\/person\/9b4f0c3178793b8248d6686732521c04","name":"admin","image":{"@type":"ImageObject","inLanguage":"pt-BR","@id":"https:\/\/compartilhabahia.com.br\/#\/schema\/person\/image\/","url":"https:\/\/secure.gravatar.com\/avatar\/9600df58751c5acbe914c538c03390ef649ea088cb65f84ba09c7ce66988eed6?s=96&d=mm&r=g","contentUrl":"https:\/\/secure.gravatar.com\/avatar\/9600df58751c5acbe914c538c03390ef649ea088cb65f84ba09c7ce66988eed6?s=96&d=mm&r=g","caption":"admin"},"sameAs":["https:\/\/compartilhabahia.com.br"],"url":"https:\/\/compartilhabahia.com.br\/index.php\/author\/compartilhabahia\/"}]}},"_links":{"self":[{"href":"https:\/\/compartilhabahia.com.br\/index.php\/wp-json\/wp\/v2\/posts\/9333","targetHints":{"allow":["GET"]}}],"collection":[{"href":"https:\/\/compartilhabahia.com.br\/index.php\/wp-json\/wp\/v2\/posts"}],"about":[{"href":"https:\/\/compartilhabahia.com.br\/index.php\/wp-json\/wp\/v2\/types\/post"}],"author":[{"embeddable":true,"href":"https:\/\/compartilhabahia.com.br\/index.php\/wp-json\/wp\/v2\/users\/1"}],"replies":[{"embeddable":true,"href":"https:\/\/compartilhabahia.com.br\/index.php\/wp-json\/wp\/v2\/comments?post=9333"}],"version-history":[{"count":1,"href":"https:\/\/compartilhabahia.com.br\/index.php\/wp-json\/wp\/v2\/posts\/9333\/revisions"}],"predecessor-version":[{"id":9335,"href":"https:\/\/compartilhabahia.com.br\/index.php\/wp-json\/wp\/v2\/posts\/9333\/revisions\/9335"}],"wp:featuredmedia":[{"embeddable":true,"href":"https:\/\/compartilhabahia.com.br\/index.php\/wp-json\/wp\/v2\/media\/9334"}],"wp:attachment":[{"href":"https:\/\/compartilhabahia.com.br\/index.php\/wp-json\/wp\/v2\/media?parent=9333"}],"wp:term":[{"taxonomy":"category","embeddable":true,"href":"https:\/\/compartilhabahia.com.br\/index.php\/wp-json\/wp\/v2\/categories?post=9333"},{"taxonomy":"post_tag","embeddable":true,"href":"https:\/\/compartilhabahia.com.br\/index.php\/wp-json\/wp\/v2\/tags?post=9333"}],"curies":[{"name":"wp","href":"https:\/\/api.w.org\/{rel}","templated":true}]}}