{"id":9326,"date":"2026-03-07T19:24:19","date_gmt":"2026-03-07T22:24:19","guid":{"rendered":"https:\/\/compartilhabahia.com.br\/?p=9326"},"modified":"2026-03-07T19:25:53","modified_gmt":"2026-03-07T22:25:53","slug":"neste-domingo-08-de-marco-festival-reune-esporte-saude-empregabilidade-e-lazer","status":"publish","type":"post","link":"https:\/\/compartilhabahia.com.br\/index.php\/2026\/03\/07\/neste-domingo-08-de-marco-festival-reune-esporte-saude-empregabilidade-e-lazer\/","title":{"rendered":"Neste domingo 08 de Mar\u00e7o festival re\u00fane esporte, sa\u00fade, empregabilidade e lazer"},"content":{"rendered":"\n<p>O 8 de Mar\u00e7o, data hist\u00f3rica em que se celebra o Dia Internacional da Mulher, ser\u00e1 marcado por uma ampla e diversificada programa\u00e7\u00e3o no munic\u00edpio. Promovido pela Secretaria da Mulher (Semu), o Festival Cama\u00e7ari Mulher reunir\u00e1, ao longo de todo o dia, iniciativas especialmente voltadas ao p\u00fablico feminino.<\/p>\n\n\n\n<p>Com a\u00e7\u00f5es que v\u00e3o desde cuidados com a sa\u00fade e beleza at\u00e9 empregabilidade, emiss\u00e3o de documento, atividade esportiva e apresenta\u00e7\u00f5es musicais, a data ser\u00e1 comemorada com uma grande festa na Cidade do Saber (CDS), consolidando o compromisso do munic\u00edpio com a valoriza\u00e7\u00e3o e o fortalecimento das mulheres.<\/p>\n\n\n\n<p>\u00c0s 7h ser\u00e1 dada a largada na corrida de rua \u201cSim! Bora Correr Mulheres\u201d, que j\u00e1 conta com a expectativa de mais de mil participantes inscritos. O trajeto, com sa\u00edda e chegada na CDS, percorrer\u00e1 ruas e avenidas do Centro, promovendo sa\u00fade, bem-estar e incentivo \u00e0 pr\u00e1tica esportiva.<\/p>\n\n\n\n<p>Logo ap\u00f3s a corrida, o festival ser\u00e1 oficialmente aberto, oferecendo uma s\u00e9rie de a\u00e7\u00f5es distribu\u00eddas em espa\u00e7os tem\u00e1ticos. Na ala da beleza, o p\u00fablico poder\u00e1 usufruir de servi\u00e7os como maquiagem profissional, cabeleireira, trancista e oficina de turbantes, valorizando a autoestima e a identidade feminina.<\/p>\n\n\n\n<p>Na ala da sa\u00fade, estar\u00e3o dispon\u00edveis testes r\u00e1pidos para Infec\u00e7\u00f5es Sexualmente Transmiss\u00edveis (ISTs), incluindo s\u00edfilis, hepatites virais e HIV, al\u00e9m de pr\u00e1ticas integrativas de sa\u00fade, atendimento de fisioterapia, massoterapia e servi\u00e7os odontol\u00f3gicos, ampliando o acesso a cuidados essenciais.<\/p>\n\n\n\n<p>Com foco na emancipa\u00e7\u00e3o financeira como instrumento de empoderamento feminino, a ala de empregabilidade promover\u00e1 a divulga\u00e7\u00e3o de cursos de qualifica\u00e7\u00e3o profissional e a media\u00e7\u00e3o de vagas de emprego direcionadas \u00e0s mulheres. Durante o evento, o SAC Bahia tamb\u00e9m realizar\u00e1 a emiss\u00e3o gratuita da Carteira de Identidade (RG), facilitando o acesso \u00e0 documenta\u00e7\u00e3o civil.<\/p>\n\n\n\n<p>A partir das 16h, ser\u00e1 realizado o \u201cDesfile das estrelas\u201d, protagonizado por mulheres assistidas pela Semu, celebrando hist\u00f3rias de supera\u00e7\u00e3o, protagonismo e transforma\u00e7\u00e3o social. Em seguida, a programa\u00e7\u00e3o musical dar\u00e1 o tom da festa, com apresenta\u00e7\u00f5es art\u00edsticas que prometem animar o p\u00fablico e encerrar o dia em clima de celebra\u00e7\u00e3o.<\/p>\n\n\n\n<p>Mais do que um evento festivo, o Festival Cama\u00e7ari Mulher foi idealizado para reafirmar a for\u00e7a e a import\u00e2ncia da mulher na sociedade, al\u00e9m de fortalecer os mecanismos de prote\u00e7\u00e3o, incentivar a den\u00fancia de casos de viol\u00eancia e promover a conscientiza\u00e7\u00e3o sobre direitos e pol\u00edticas p\u00fablicas que garantem dignidade, respeito e oportunidades para as mulheres de Cama\u00e7ari.<\/p>\n\n\n\n<p>Foto: Patrick Abreu<\/p>\n","protected":false},"excerpt":{"rendered":"<p>O 8 de Mar\u00e7o, data hist\u00f3rica em que se celebra o Dia Internacional da Mulher, ser\u00e1 marcado por uma ampla e diversificada programa\u00e7\u00e3o no munic\u00edpio. Promovido pela Secretaria da Mulher (Semu), o Festival Cama\u00e7ari Mulher reunir\u00e1, ao longo de todo o dia, iniciativas especialmente voltadas ao p\u00fablico feminino. Com a\u00e7\u00f5es que v\u00e3o desde cuidados com [&hellip;]<\/p>\n","protected":false},"author":1,"featured_media":9327,"comment_status":"open","ping_status":"open","sticky":false,"template":"","format":"standard","meta":{"footnotes":""},"categories":[8],"tags":[],"class_list":["post-9326","post","type-post","status-publish","format-standard","has-post-thumbnail","hentry","category-camacari"],"yoast_head":"<!-- This site is optimized with the Yoast SEO plugin v21.7 - https:\/\/yoast.com\/wordpress\/plugins\/seo\/ -->\n<title>Neste domingo 08 de Mar\u00e7o festival re\u00fane esporte, sa\u00fade, empregabilidade e lazer - Compartilha Bahia<\/title>\n<meta name=\"robots\" content=\"index, follow, max-snippet:-1, max-image-preview:large, max-video-preview:-1\" \/>\n<link rel=\"canonical\" href=\"https:\/\/compartilhabahia.com.br\/index.php\/2026\/03\/07\/neste-domingo-08-de-marco-festival-reune-esporte-saude-empregabilidade-e-lazer\/\" \/>\n<meta property=\"og:locale\" content=\"pt_BR\" \/>\n<meta property=\"og:type\" content=\"article\" \/>\n<meta property=\"og:title\" content=\"Neste domingo 08 de Mar\u00e7o festival re\u00fane esporte, sa\u00fade, empregabilidade e lazer - Compartilha Bahia\" \/>\n<meta property=\"og:description\" content=\"O 8 de Mar\u00e7o, data hist\u00f3rica em que se celebra o Dia Internacional da Mulher, ser\u00e1 marcado por uma ampla e diversificada programa\u00e7\u00e3o no munic\u00edpio. Promovido pela Secretaria da Mulher (Semu), o Festival Cama\u00e7ari Mulher reunir\u00e1, ao longo de todo o dia, iniciativas especialmente voltadas ao p\u00fablico feminino. Com a\u00e7\u00f5es que v\u00e3o desde cuidados com [&hellip;]\" \/>\n<meta property=\"og:url\" content=\"https:\/\/compartilhabahia.com.br\/index.php\/2026\/03\/07\/neste-domingo-08-de-marco-festival-reune-esporte-saude-empregabilidade-e-lazer\/\" \/>\n<meta property=\"og:site_name\" content=\"Compartilha Bahia\" \/>\n<meta property=\"article:publisher\" content=\"https:\/\/web.facebook.com\/compartilhabahia\" \/>\n<meta property=\"article:published_time\" content=\"2026-03-07T22:24:19+00:00\" \/>\n<meta property=\"article:modified_time\" content=\"2026-03-07T22:25:53+00:00\" \/>\n<meta property=\"og:image\" content=\"https:\/\/compartilhabahia.com.br\/wp-content\/uploads\/2026\/03\/08demarco.jpg\" \/>\n\t<meta property=\"og:image:width\" content=\"820\" \/>\n\t<meta property=\"og:image:height\" content=\"547\" \/>\n\t<meta property=\"og:image:type\" content=\"image\/jpeg\" \/>\n<meta name=\"author\" content=\"admin\" \/>\n<meta name=\"twitter:card\" content=\"summary_large_image\" \/>\n<meta name=\"twitter:label1\" content=\"Escrito por\" \/>\n\t<meta name=\"twitter:data1\" content=\"admin\" \/>\n\t<meta name=\"twitter:label2\" content=\"Est. tempo de leitura\" \/>\n\t<meta name=\"twitter:data2\" content=\"3 minutos\" \/>\n<script type=\"application\/ld+json\" class=\"yoast-schema-graph\">{\"@context\":\"https:\/\/schema.org\",\"@graph\":[{\"@type\":\"Article\",\"@id\":\"https:\/\/compartilhabahia.com.br\/index.php\/2026\/03\/07\/neste-domingo-08-de-marco-festival-reune-esporte-saude-empregabilidade-e-lazer\/#article\",\"isPartOf\":{\"@id\":\"https:\/\/compartilhabahia.com.br\/index.php\/2026\/03\/07\/neste-domingo-08-de-marco-festival-reune-esporte-saude-empregabilidade-e-lazer\/\"},\"author\":{\"name\":\"admin\",\"@id\":\"https:\/\/compartilhabahia.com.br\/#\/schema\/person\/9b4f0c3178793b8248d6686732521c04\"},\"headline\":\"Neste domingo 08 de Mar\u00e7o festival re\u00fane esporte, sa\u00fade, empregabilidade e lazer\",\"datePublished\":\"2026-03-07T22:24:19+00:00\",\"dateModified\":\"2026-03-07T22:25:53+00:00\",\"mainEntityOfPage\":{\"@id\":\"https:\/\/compartilhabahia.com.br\/index.php\/2026\/03\/07\/neste-domingo-08-de-marco-festival-reune-esporte-saude-empregabilidade-e-lazer\/\"},\"wordCount\":462,\"commentCount\":0,\"publisher\":{\"@id\":\"https:\/\/compartilhabahia.com.br\/#organization\"},\"articleSection\":[\"Cama\u00e7ari\"],\"inLanguage\":\"pt-BR\",\"potentialAction\":[{\"@type\":\"CommentAction\",\"name\":\"Comment\",\"target\":[\"https:\/\/compartilhabahia.com.br\/index.php\/2026\/03\/07\/neste-domingo-08-de-marco-festival-reune-esporte-saude-empregabilidade-e-lazer\/#respond\"]}]},{\"@type\":\"WebPage\",\"@id\":\"https:\/\/compartilhabahia.com.br\/index.php\/2026\/03\/07\/neste-domingo-08-de-marco-festival-reune-esporte-saude-empregabilidade-e-lazer\/\",\"url\":\"https:\/\/compartilhabahia.com.br\/index.php\/2026\/03\/07\/neste-domingo-08-de-marco-festival-reune-esporte-saude-empregabilidade-e-lazer\/\",\"name\":\"Neste domingo 08 de Mar\u00e7o festival re\u00fane esporte, sa\u00fade, empregabilidade e lazer - Compartilha Bahia\",\"isPartOf\":{\"@id\":\"https:\/\/compartilhabahia.com.br\/#website\"},\"datePublished\":\"2026-03-07T22:24:19+00:00\",\"dateModified\":\"2026-03-07T22:25:53+00:00\",\"breadcrumb\":{\"@id\":\"https:\/\/compartilhabahia.com.br\/index.php\/2026\/03\/07\/neste-domingo-08-de-marco-festival-reune-esporte-saude-empregabilidade-e-lazer\/#breadcrumb\"},\"inLanguage\":\"pt-BR\",\"potentialAction\":[{\"@type\":\"ReadAction\",\"target\":[\"https:\/\/compartilhabahia.com.br\/index.php\/2026\/03\/07\/neste-domingo-08-de-marco-festival-reune-esporte-saude-empregabilidade-e-lazer\/\"]}]},{\"@type\":\"BreadcrumbList\",\"@id\":\"https:\/\/compartilhabahia.com.br\/index.php\/2026\/03\/07\/neste-domingo-08-de-marco-festival-reune-esporte-saude-empregabilidade-e-lazer\/#breadcrumb\",\"itemListElement\":[{\"@type\":\"ListItem\",\"position\":1,\"name\":\"In\u00edcio\",\"item\":\"https:\/\/compartilhabahia.com.br\/\"},{\"@type\":\"ListItem\",\"position\":2,\"name\":\"Neste domingo 08 de Mar\u00e7o festival re\u00fane esporte, sa\u00fade, empregabilidade e lazer\"}]},{\"@type\":\"WebSite\",\"@id\":\"https:\/\/compartilhabahia.com.br\/#website\",\"url\":\"https:\/\/compartilhabahia.com.br\/\",\"name\":\"Compartilha Bahia\",\"description\":\"\",\"publisher\":{\"@id\":\"https:\/\/compartilhabahia.com.br\/#organization\"},\"potentialAction\":[{\"@type\":\"SearchAction\",\"target\":{\"@type\":\"EntryPoint\",\"urlTemplate\":\"https:\/\/compartilhabahia.com.br\/?s={search_term_string}\"},\"query-input\":\"required name=search_term_string\"}],\"inLanguage\":\"pt-BR\"},{\"@type\":\"Organization\",\"@id\":\"https:\/\/compartilhabahia.com.br\/#organization\",\"name\":\"Compartilha Bahia\",\"url\":\"https:\/\/compartilhabahia.com.br\/\",\"logo\":{\"@type\":\"ImageObject\",\"inLanguage\":\"pt-BR\",\"@id\":\"https:\/\/compartilhabahia.com.br\/#\/schema\/logo\/image\/\",\"url\":\"https:\/\/compartilhabahia.com.br\/wp-content\/uploads\/2023\/12\/cropped-logo.png\",\"contentUrl\":\"https:\/\/compartilhabahia.com.br\/wp-content\/uploads\/2023\/12\/cropped-logo.png\",\"width\":300,\"height\":106,\"caption\":\"Compartilha Bahia\"},\"image\":{\"@id\":\"https:\/\/compartilhabahia.com.br\/#\/schema\/logo\/image\/\"},\"sameAs\":[\"https:\/\/web.facebook.com\/compartilhabahia\",\"https:\/\/www.instagram.com\/compartilhabahia\/\"]},{\"@type\":\"Person\",\"@id\":\"https:\/\/compartilhabahia.com.br\/#\/schema\/person\/9b4f0c3178793b8248d6686732521c04\",\"name\":\"admin\",\"image\":{\"@type\":\"ImageObject\",\"inLanguage\":\"pt-BR\",\"@id\":\"https:\/\/compartilhabahia.com.br\/#\/schema\/person\/image\/\",\"url\":\"https:\/\/secure.gravatar.com\/avatar\/9600df58751c5acbe914c538c03390ef649ea088cb65f84ba09c7ce66988eed6?s=96&d=mm&r=g\",\"contentUrl\":\"https:\/\/secure.gravatar.com\/avatar\/9600df58751c5acbe914c538c03390ef649ea088cb65f84ba09c7ce66988eed6?s=96&d=mm&r=g\",\"caption\":\"admin\"},\"sameAs\":[\"https:\/\/compartilhabahia.com.br\"],\"url\":\"https:\/\/compartilhabahia.com.br\/index.php\/author\/compartilhabahia\/\"}]}<\/script>\n<!-- \/ Yoast SEO plugin. -->","yoast_head_json":{"title":"Neste domingo 08 de Mar\u00e7o festival re\u00fane esporte, sa\u00fade, empregabilidade e lazer - Compartilha Bahia","robots":{"index":"index","follow":"follow","max-snippet":"max-snippet:-1","max-image-preview":"max-image-preview:large","max-video-preview":"max-video-preview:-1"},"canonical":"https:\/\/compartilhabahia.com.br\/index.php\/2026\/03\/07\/neste-domingo-08-de-marco-festival-reune-esporte-saude-empregabilidade-e-lazer\/","og_locale":"pt_BR","og_type":"article","og_title":"Neste domingo 08 de Mar\u00e7o festival re\u00fane esporte, sa\u00fade, empregabilidade e lazer - Compartilha Bahia","og_description":"O 8 de Mar\u00e7o, data hist\u00f3rica em que se celebra o Dia Internacional da Mulher, ser\u00e1 marcado por uma ampla e diversificada programa\u00e7\u00e3o no munic\u00edpio. Promovido pela Secretaria da Mulher (Semu), o Festival Cama\u00e7ari Mulher reunir\u00e1, ao longo de todo o dia, iniciativas especialmente voltadas ao p\u00fablico feminino. Com a\u00e7\u00f5es que v\u00e3o desde cuidados com [&hellip;]","og_url":"https:\/\/compartilhabahia.com.br\/index.php\/2026\/03\/07\/neste-domingo-08-de-marco-festival-reune-esporte-saude-empregabilidade-e-lazer\/","og_site_name":"Compartilha Bahia","article_publisher":"https:\/\/web.facebook.com\/compartilhabahia","article_published_time":"2026-03-07T22:24:19+00:00","article_modified_time":"2026-03-07T22:25:53+00:00","og_image":[{"width":820,"height":547,"url":"https:\/\/compartilhabahia.com.br\/wp-content\/uploads\/2026\/03\/08demarco.jpg","type":"image\/jpeg"}],"author":"admin","twitter_card":"summary_large_image","twitter_misc":{"Escrito por":"admin","Est. tempo de leitura":"3 minutos"},"schema":{"@context":"https:\/\/schema.org","@graph":[{"@type":"Article","@id":"https:\/\/compartilhabahia.com.br\/index.php\/2026\/03\/07\/neste-domingo-08-de-marco-festival-reune-esporte-saude-empregabilidade-e-lazer\/#article","isPartOf":{"@id":"https:\/\/compartilhabahia.com.br\/index.php\/2026\/03\/07\/neste-domingo-08-de-marco-festival-reune-esporte-saude-empregabilidade-e-lazer\/"},"author":{"name":"admin","@id":"https:\/\/compartilhabahia.com.br\/#\/schema\/person\/9b4f0c3178793b8248d6686732521c04"},"headline":"Neste domingo 08 de Mar\u00e7o festival re\u00fane esporte, sa\u00fade, empregabilidade e lazer","datePublished":"2026-03-07T22:24:19+00:00","dateModified":"2026-03-07T22:25:53+00:00","mainEntityOfPage":{"@id":"https:\/\/compartilhabahia.com.br\/index.php\/2026\/03\/07\/neste-domingo-08-de-marco-festival-reune-esporte-saude-empregabilidade-e-lazer\/"},"wordCount":462,"commentCount":0,"publisher":{"@id":"https:\/\/compartilhabahia.com.br\/#organization"},"articleSection":["Cama\u00e7ari"],"inLanguage":"pt-BR","potentialAction":[{"@type":"CommentAction","name":"Comment","target":["https:\/\/compartilhabahia.com.br\/index.php\/2026\/03\/07\/neste-domingo-08-de-marco-festival-reune-esporte-saude-empregabilidade-e-lazer\/#respond"]}]},{"@type":"WebPage","@id":"https:\/\/compartilhabahia.com.br\/index.php\/2026\/03\/07\/neste-domingo-08-de-marco-festival-reune-esporte-saude-empregabilidade-e-lazer\/","url":"https:\/\/compartilhabahia.com.br\/index.php\/2026\/03\/07\/neste-domingo-08-de-marco-festival-reune-esporte-saude-empregabilidade-e-lazer\/","name":"Neste domingo 08 de Mar\u00e7o festival re\u00fane esporte, sa\u00fade, empregabilidade e lazer - Compartilha Bahia","isPartOf":{"@id":"https:\/\/compartilhabahia.com.br\/#website"},"datePublished":"2026-03-07T22:24:19+00:00","dateModified":"2026-03-07T22:25:53+00:00","breadcrumb":{"@id":"https:\/\/compartilhabahia.com.br\/index.php\/2026\/03\/07\/neste-domingo-08-de-marco-festival-reune-esporte-saude-empregabilidade-e-lazer\/#breadcrumb"},"inLanguage":"pt-BR","potentialAction":[{"@type":"ReadAction","target":["https:\/\/compartilhabahia.com.br\/index.php\/2026\/03\/07\/neste-domingo-08-de-marco-festival-reune-esporte-saude-empregabilidade-e-lazer\/"]}]},{"@type":"BreadcrumbList","@id":"https:\/\/compartilhabahia.com.br\/index.php\/2026\/03\/07\/neste-domingo-08-de-marco-festival-reune-esporte-saude-empregabilidade-e-lazer\/#breadcrumb","itemListElement":[{"@type":"ListItem","position":1,"name":"In\u00edcio","item":"https:\/\/compartilhabahia.com.br\/"},{"@type":"ListItem","position":2,"name":"Neste domingo 08 de Mar\u00e7o festival re\u00fane esporte, sa\u00fade, empregabilidade e lazer"}]},{"@type":"WebSite","@id":"https:\/\/compartilhabahia.com.br\/#website","url":"https:\/\/compartilhabahia.com.br\/","name":"Compartilha Bahia","description":"","publisher":{"@id":"https:\/\/compartilhabahia.com.br\/#organization"},"potentialAction":[{"@type":"SearchAction","target":{"@type":"EntryPoint","urlTemplate":"https:\/\/compartilhabahia.com.br\/?s={search_term_string}"},"query-input":"required name=search_term_string"}],"inLanguage":"pt-BR"},{"@type":"Organization","@id":"https:\/\/compartilhabahia.com.br\/#organization","name":"Compartilha Bahia","url":"https:\/\/compartilhabahia.com.br\/","logo":{"@type":"ImageObject","inLanguage":"pt-BR","@id":"https:\/\/compartilhabahia.com.br\/#\/schema\/logo\/image\/","url":"https:\/\/compartilhabahia.com.br\/wp-content\/uploads\/2023\/12\/cropped-logo.png","contentUrl":"https:\/\/compartilhabahia.com.br\/wp-content\/uploads\/2023\/12\/cropped-logo.png","width":300,"height":106,"caption":"Compartilha Bahia"},"image":{"@id":"https:\/\/compartilhabahia.com.br\/#\/schema\/logo\/image\/"},"sameAs":["https:\/\/web.facebook.com\/compartilhabahia","https:\/\/www.instagram.com\/compartilhabahia\/"]},{"@type":"Person","@id":"https:\/\/compartilhabahia.com.br\/#\/schema\/person\/9b4f0c3178793b8248d6686732521c04","name":"admin","image":{"@type":"ImageObject","inLanguage":"pt-BR","@id":"https:\/\/compartilhabahia.com.br\/#\/schema\/person\/image\/","url":"https:\/\/secure.gravatar.com\/avatar\/9600df58751c5acbe914c538c03390ef649ea088cb65f84ba09c7ce66988eed6?s=96&d=mm&r=g","contentUrl":"https:\/\/secure.gravatar.com\/avatar\/9600df58751c5acbe914c538c03390ef649ea088cb65f84ba09c7ce66988eed6?s=96&d=mm&r=g","caption":"admin"},"sameAs":["https:\/\/compartilhabahia.com.br"],"url":"https:\/\/compartilhabahia.com.br\/index.php\/author\/compartilhabahia\/"}]}},"_links":{"self":[{"href":"https:\/\/compartilhabahia.com.br\/index.php\/wp-json\/wp\/v2\/posts\/9326","targetHints":{"allow":["GET"]}}],"collection":[{"href":"https:\/\/compartilhabahia.com.br\/index.php\/wp-json\/wp\/v2\/posts"}],"about":[{"href":"https:\/\/compartilhabahia.com.br\/index.php\/wp-json\/wp\/v2\/types\/post"}],"author":[{"embeddable":true,"href":"https:\/\/compartilhabahia.com.br\/index.php\/wp-json\/wp\/v2\/users\/1"}],"replies":[{"embeddable":true,"href":"https:\/\/compartilhabahia.com.br\/index.php\/wp-json\/wp\/v2\/comments?post=9326"}],"version-history":[{"count":1,"href":"https:\/\/compartilhabahia.com.br\/index.php\/wp-json\/wp\/v2\/posts\/9326\/revisions"}],"predecessor-version":[{"id":9328,"href":"https:\/\/compartilhabahia.com.br\/index.php\/wp-json\/wp\/v2\/posts\/9326\/revisions\/9328"}],"wp:featuredmedia":[{"embeddable":true,"href":"https:\/\/compartilhabahia.com.br\/index.php\/wp-json\/wp\/v2\/media\/9327"}],"wp:attachment":[{"href":"https:\/\/compartilhabahia.com.br\/index.php\/wp-json\/wp\/v2\/media?parent=9326"}],"wp:term":[{"taxonomy":"category","embeddable":true,"href":"https:\/\/compartilhabahia.com.br\/index.php\/wp-json\/wp\/v2\/categories?post=9326"},{"taxonomy":"post_tag","embeddable":true,"href":"https:\/\/compartilhabahia.com.br\/index.php\/wp-json\/wp\/v2\/tags?post=9326"}],"curies":[{"name":"wp","href":"https:\/\/api.w.org\/{rel}","templated":true}]}}