{"id":9323,"date":"2026-03-06T22:25:20","date_gmt":"2026-03-07T01:25:20","guid":{"rendered":"https:\/\/compartilhabahia.com.br\/?p=9323"},"modified":"2026-03-06T22:25:22","modified_gmt":"2026-03-07T01:25:22","slug":"com-recursos-do-pac-dias-davila-ganha-nova-unidade-basica-de-saude","status":"publish","type":"post","link":"https:\/\/compartilhabahia.com.br\/index.php\/2026\/03\/06\/com-recursos-do-pac-dias-davila-ganha-nova-unidade-basica-de-saude\/","title":{"rendered":"Com recursos do PAC, Dias D\u2019\u00c1vila ganha nova Unidade B\u00e1sica de Sa\u00fade"},"content":{"rendered":"\n<p>Constru\u00edda com recursos do Novo PAC, do Governo Federal, foi inaugurada, nesta sexta-feira (6), a Unidade B\u00e1sica de Sa\u00fade Nestor Silva Carvalho, do Distrito do Leandrinho, em Dias D\u2019\u00e1vila, Regi\u00e3o Metropolitana de Salvador. A nova unidade, que contou com investimentos de cerca de R$1,8 milh\u00e3o, fortalece a aten\u00e7\u00e3o b\u00e1sica, n\u00edvel de aten\u00e7\u00e3o essencial para todo o sistema de sa\u00fade.<\/p>\n\n\n\n<p>Na nova UBS, a popula\u00e7\u00e3o ter\u00e1 acesso a consultas m\u00e9dicas e odontol\u00f3gicas, vacina\u00e7\u00e3o, coleta de material para exame, dentre outros atendimentos. A unidade foi estruturada para oferecer servi\u00e7os essenciais da aten\u00e7\u00e3o prim\u00e1ria, fortalecendo os atendimentos do Sistema \u00danico de Sa\u00fade (SUS).<\/p>\n\n\n\n<p>Presente na inaugura\u00e7\u00e3o, o subsecret\u00e1rio da Sa\u00fade do Estado, Paulo Barbosa, destacou a parceria entre governo federal, estado e munic\u00edpios. \u201cO investimento do Governo Federal tem sido muito importante para qualificar ainda mais a sa\u00fade no estado\u201d, afirmou. Ele ainda pontuou que as UBSs s\u00e3o a porta de entrada do SUS, onde os cidad\u00e3os t\u00eam consultas regulares e fazem a preven\u00e7\u00e3o e controle de doen\u00e7as. &#8220;\u00c9 aqui que se faz o controle da hipertens\u00e3o e do diabetes. A UBS tamb\u00e9m \u00e9 o local que as gestantes fazem o pr\u00e9-natal e onde a vacina \u00e9 garantida&#8221;, disse.<\/p>\n\n\n\n<p>Para a superintendente do Minist\u00e9rio da Sa\u00fade na Bahia, Joanna Paroli, a entrega desta unidade reflete o compromisso firmado entre o munic\u00edpio e o Governo Federal. &#8220;Essa unidade vai fortalecer o SUS e qualificar o processo de assist\u00eancia \u00e0 popula\u00e7\u00e3o&#8221;, afirmou.<\/p>\n\n\n\n<p>O prefeito de Dias D&#8217;\u00e1vila, Alberto Castro, falou do trabalho em conjunto para entrega da unidade. &#8220;A gente fica muito feliz em receber um equipamento deste, que veio do Governo Federal. Tivemos o projeto aprovado e o recurso chegou. O governo estadual tamb\u00e9m tem nos ajudado muito para conseguirmos dar uma boa assist\u00eancia \u00e0 popula\u00e7\u00e3o&#8221;, destacou.<\/p>\n","protected":false},"excerpt":{"rendered":"<p>Constru\u00edda com recursos do Novo PAC, do Governo Federal, foi inaugurada, nesta sexta-feira (6), a Unidade B\u00e1sica de Sa\u00fade Nestor Silva Carvalho, do Distrito do Leandrinho, em Dias D\u2019\u00e1vila, Regi\u00e3o Metropolitana de Salvador. A nova unidade, que contou com investimentos de cerca de R$1,8 milh\u00e3o, fortalece a aten\u00e7\u00e3o b\u00e1sica, n\u00edvel de aten\u00e7\u00e3o essencial para todo [&hellip;]<\/p>\n","protected":false},"author":1,"featured_media":9324,"comment_status":"open","ping_status":"open","sticky":false,"template":"","format":"standard","meta":{"footnotes":""},"categories":[10],"tags":[],"class_list":["post-9323","post","type-post","status-publish","format-standard","has-post-thumbnail","hentry","category-bahia"],"yoast_head":"<!-- This site is optimized with the Yoast SEO plugin v21.7 - https:\/\/yoast.com\/wordpress\/plugins\/seo\/ -->\n<title>Com recursos do PAC, Dias D\u2019\u00c1vila ganha nova Unidade B\u00e1sica de Sa\u00fade - Compartilha Bahia<\/title>\n<meta name=\"robots\" content=\"index, follow, max-snippet:-1, max-image-preview:large, max-video-preview:-1\" \/>\n<link rel=\"canonical\" href=\"https:\/\/compartilhabahia.com.br\/index.php\/2026\/03\/06\/com-recursos-do-pac-dias-davila-ganha-nova-unidade-basica-de-saude\/\" \/>\n<meta property=\"og:locale\" content=\"pt_BR\" \/>\n<meta property=\"og:type\" content=\"article\" \/>\n<meta property=\"og:title\" content=\"Com recursos do PAC, Dias D\u2019\u00c1vila ganha nova Unidade B\u00e1sica de Sa\u00fade - Compartilha Bahia\" \/>\n<meta property=\"og:description\" content=\"Constru\u00edda com recursos do Novo PAC, do Governo Federal, foi inaugurada, nesta sexta-feira (6), a Unidade B\u00e1sica de Sa\u00fade Nestor Silva Carvalho, do Distrito do Leandrinho, em Dias D\u2019\u00e1vila, Regi\u00e3o Metropolitana de Salvador. A nova unidade, que contou com investimentos de cerca de R$1,8 milh\u00e3o, fortalece a aten\u00e7\u00e3o b\u00e1sica, n\u00edvel de aten\u00e7\u00e3o essencial para todo [&hellip;]\" \/>\n<meta property=\"og:url\" content=\"https:\/\/compartilhabahia.com.br\/index.php\/2026\/03\/06\/com-recursos-do-pac-dias-davila-ganha-nova-unidade-basica-de-saude\/\" \/>\n<meta property=\"og:site_name\" content=\"Compartilha Bahia\" \/>\n<meta property=\"article:publisher\" content=\"https:\/\/web.facebook.com\/compartilhabahia\" \/>\n<meta property=\"article:published_time\" content=\"2026-03-07T01:25:20+00:00\" \/>\n<meta property=\"article:modified_time\" content=\"2026-03-07T01:25:22+00:00\" \/>\n<meta property=\"og:image\" content=\"https:\/\/compartilhabahia.com.br\/wp-content\/uploads\/2026\/03\/pacdias.jpg\" \/>\n\t<meta property=\"og:image:width\" content=\"1280\" \/>\n\t<meta property=\"og:image:height\" content=\"853\" \/>\n\t<meta property=\"og:image:type\" content=\"image\/jpeg\" \/>\n<meta name=\"author\" content=\"admin\" \/>\n<meta name=\"twitter:card\" content=\"summary_large_image\" \/>\n<meta name=\"twitter:label1\" content=\"Escrito por\" \/>\n\t<meta name=\"twitter:data1\" content=\"admin\" \/>\n\t<meta name=\"twitter:label2\" content=\"Est. tempo de leitura\" \/>\n\t<meta name=\"twitter:data2\" content=\"2 minutos\" \/>\n<script type=\"application\/ld+json\" class=\"yoast-schema-graph\">{\"@context\":\"https:\/\/schema.org\",\"@graph\":[{\"@type\":\"Article\",\"@id\":\"https:\/\/compartilhabahia.com.br\/index.php\/2026\/03\/06\/com-recursos-do-pac-dias-davila-ganha-nova-unidade-basica-de-saude\/#article\",\"isPartOf\":{\"@id\":\"https:\/\/compartilhabahia.com.br\/index.php\/2026\/03\/06\/com-recursos-do-pac-dias-davila-ganha-nova-unidade-basica-de-saude\/\"},\"author\":{\"name\":\"admin\",\"@id\":\"https:\/\/compartilhabahia.com.br\/#\/schema\/person\/9b4f0c3178793b8248d6686732521c04\"},\"headline\":\"Com recursos do PAC, Dias D\u2019\u00c1vila ganha nova Unidade B\u00e1sica de Sa\u00fade\",\"datePublished\":\"2026-03-07T01:25:20+00:00\",\"dateModified\":\"2026-03-07T01:25:22+00:00\",\"mainEntityOfPage\":{\"@id\":\"https:\/\/compartilhabahia.com.br\/index.php\/2026\/03\/06\/com-recursos-do-pac-dias-davila-ganha-nova-unidade-basica-de-saude\/\"},\"wordCount\":343,\"commentCount\":0,\"publisher\":{\"@id\":\"https:\/\/compartilhabahia.com.br\/#organization\"},\"articleSection\":[\"Bahia\"],\"inLanguage\":\"pt-BR\",\"potentialAction\":[{\"@type\":\"CommentAction\",\"name\":\"Comment\",\"target\":[\"https:\/\/compartilhabahia.com.br\/index.php\/2026\/03\/06\/com-recursos-do-pac-dias-davila-ganha-nova-unidade-basica-de-saude\/#respond\"]}]},{\"@type\":\"WebPage\",\"@id\":\"https:\/\/compartilhabahia.com.br\/index.php\/2026\/03\/06\/com-recursos-do-pac-dias-davila-ganha-nova-unidade-basica-de-saude\/\",\"url\":\"https:\/\/compartilhabahia.com.br\/index.php\/2026\/03\/06\/com-recursos-do-pac-dias-davila-ganha-nova-unidade-basica-de-saude\/\",\"name\":\"Com recursos do PAC, Dias D\u2019\u00c1vila ganha nova Unidade B\u00e1sica de Sa\u00fade - Compartilha Bahia\",\"isPartOf\":{\"@id\":\"https:\/\/compartilhabahia.com.br\/#website\"},\"datePublished\":\"2026-03-07T01:25:20+00:00\",\"dateModified\":\"2026-03-07T01:25:22+00:00\",\"breadcrumb\":{\"@id\":\"https:\/\/compartilhabahia.com.br\/index.php\/2026\/03\/06\/com-recursos-do-pac-dias-davila-ganha-nova-unidade-basica-de-saude\/#breadcrumb\"},\"inLanguage\":\"pt-BR\",\"potentialAction\":[{\"@type\":\"ReadAction\",\"target\":[\"https:\/\/compartilhabahia.com.br\/index.php\/2026\/03\/06\/com-recursos-do-pac-dias-davila-ganha-nova-unidade-basica-de-saude\/\"]}]},{\"@type\":\"BreadcrumbList\",\"@id\":\"https:\/\/compartilhabahia.com.br\/index.php\/2026\/03\/06\/com-recursos-do-pac-dias-davila-ganha-nova-unidade-basica-de-saude\/#breadcrumb\",\"itemListElement\":[{\"@type\":\"ListItem\",\"position\":1,\"name\":\"In\u00edcio\",\"item\":\"https:\/\/compartilhabahia.com.br\/\"},{\"@type\":\"ListItem\",\"position\":2,\"name\":\"Com recursos do PAC, Dias D\u2019\u00c1vila ganha nova Unidade B\u00e1sica de Sa\u00fade\"}]},{\"@type\":\"WebSite\",\"@id\":\"https:\/\/compartilhabahia.com.br\/#website\",\"url\":\"https:\/\/compartilhabahia.com.br\/\",\"name\":\"Compartilha Bahia\",\"description\":\"\",\"publisher\":{\"@id\":\"https:\/\/compartilhabahia.com.br\/#organization\"},\"potentialAction\":[{\"@type\":\"SearchAction\",\"target\":{\"@type\":\"EntryPoint\",\"urlTemplate\":\"https:\/\/compartilhabahia.com.br\/?s={search_term_string}\"},\"query-input\":\"required name=search_term_string\"}],\"inLanguage\":\"pt-BR\"},{\"@type\":\"Organization\",\"@id\":\"https:\/\/compartilhabahia.com.br\/#organization\",\"name\":\"Compartilha Bahia\",\"url\":\"https:\/\/compartilhabahia.com.br\/\",\"logo\":{\"@type\":\"ImageObject\",\"inLanguage\":\"pt-BR\",\"@id\":\"https:\/\/compartilhabahia.com.br\/#\/schema\/logo\/image\/\",\"url\":\"https:\/\/compartilhabahia.com.br\/wp-content\/uploads\/2023\/12\/cropped-logo.png\",\"contentUrl\":\"https:\/\/compartilhabahia.com.br\/wp-content\/uploads\/2023\/12\/cropped-logo.png\",\"width\":300,\"height\":106,\"caption\":\"Compartilha Bahia\"},\"image\":{\"@id\":\"https:\/\/compartilhabahia.com.br\/#\/schema\/logo\/image\/\"},\"sameAs\":[\"https:\/\/web.facebook.com\/compartilhabahia\",\"https:\/\/www.instagram.com\/compartilhabahia\/\"]},{\"@type\":\"Person\",\"@id\":\"https:\/\/compartilhabahia.com.br\/#\/schema\/person\/9b4f0c3178793b8248d6686732521c04\",\"name\":\"admin\",\"image\":{\"@type\":\"ImageObject\",\"inLanguage\":\"pt-BR\",\"@id\":\"https:\/\/compartilhabahia.com.br\/#\/schema\/person\/image\/\",\"url\":\"https:\/\/secure.gravatar.com\/avatar\/9600df58751c5acbe914c538c03390ef649ea088cb65f84ba09c7ce66988eed6?s=96&d=mm&r=g\",\"contentUrl\":\"https:\/\/secure.gravatar.com\/avatar\/9600df58751c5acbe914c538c03390ef649ea088cb65f84ba09c7ce66988eed6?s=96&d=mm&r=g\",\"caption\":\"admin\"},\"sameAs\":[\"https:\/\/compartilhabahia.com.br\"],\"url\":\"https:\/\/compartilhabahia.com.br\/index.php\/author\/compartilhabahia\/\"}]}<\/script>\n<!-- \/ Yoast SEO plugin. -->","yoast_head_json":{"title":"Com recursos do PAC, Dias D\u2019\u00c1vila ganha nova Unidade B\u00e1sica de Sa\u00fade - Compartilha Bahia","robots":{"index":"index","follow":"follow","max-snippet":"max-snippet:-1","max-image-preview":"max-image-preview:large","max-video-preview":"max-video-preview:-1"},"canonical":"https:\/\/compartilhabahia.com.br\/index.php\/2026\/03\/06\/com-recursos-do-pac-dias-davila-ganha-nova-unidade-basica-de-saude\/","og_locale":"pt_BR","og_type":"article","og_title":"Com recursos do PAC, Dias D\u2019\u00c1vila ganha nova Unidade B\u00e1sica de Sa\u00fade - Compartilha Bahia","og_description":"Constru\u00edda com recursos do Novo PAC, do Governo Federal, foi inaugurada, nesta sexta-feira (6), a Unidade B\u00e1sica de Sa\u00fade Nestor Silva Carvalho, do Distrito do Leandrinho, em Dias D\u2019\u00e1vila, Regi\u00e3o Metropolitana de Salvador. A nova unidade, que contou com investimentos de cerca de R$1,8 milh\u00e3o, fortalece a aten\u00e7\u00e3o b\u00e1sica, n\u00edvel de aten\u00e7\u00e3o essencial para todo [&hellip;]","og_url":"https:\/\/compartilhabahia.com.br\/index.php\/2026\/03\/06\/com-recursos-do-pac-dias-davila-ganha-nova-unidade-basica-de-saude\/","og_site_name":"Compartilha Bahia","article_publisher":"https:\/\/web.facebook.com\/compartilhabahia","article_published_time":"2026-03-07T01:25:20+00:00","article_modified_time":"2026-03-07T01:25:22+00:00","og_image":[{"width":1280,"height":853,"url":"https:\/\/compartilhabahia.com.br\/wp-content\/uploads\/2026\/03\/pacdias.jpg","type":"image\/jpeg"}],"author":"admin","twitter_card":"summary_large_image","twitter_misc":{"Escrito por":"admin","Est. tempo de leitura":"2 minutos"},"schema":{"@context":"https:\/\/schema.org","@graph":[{"@type":"Article","@id":"https:\/\/compartilhabahia.com.br\/index.php\/2026\/03\/06\/com-recursos-do-pac-dias-davila-ganha-nova-unidade-basica-de-saude\/#article","isPartOf":{"@id":"https:\/\/compartilhabahia.com.br\/index.php\/2026\/03\/06\/com-recursos-do-pac-dias-davila-ganha-nova-unidade-basica-de-saude\/"},"author":{"name":"admin","@id":"https:\/\/compartilhabahia.com.br\/#\/schema\/person\/9b4f0c3178793b8248d6686732521c04"},"headline":"Com recursos do PAC, Dias D\u2019\u00c1vila ganha nova Unidade B\u00e1sica de Sa\u00fade","datePublished":"2026-03-07T01:25:20+00:00","dateModified":"2026-03-07T01:25:22+00:00","mainEntityOfPage":{"@id":"https:\/\/compartilhabahia.com.br\/index.php\/2026\/03\/06\/com-recursos-do-pac-dias-davila-ganha-nova-unidade-basica-de-saude\/"},"wordCount":343,"commentCount":0,"publisher":{"@id":"https:\/\/compartilhabahia.com.br\/#organization"},"articleSection":["Bahia"],"inLanguage":"pt-BR","potentialAction":[{"@type":"CommentAction","name":"Comment","target":["https:\/\/compartilhabahia.com.br\/index.php\/2026\/03\/06\/com-recursos-do-pac-dias-davila-ganha-nova-unidade-basica-de-saude\/#respond"]}]},{"@type":"WebPage","@id":"https:\/\/compartilhabahia.com.br\/index.php\/2026\/03\/06\/com-recursos-do-pac-dias-davila-ganha-nova-unidade-basica-de-saude\/","url":"https:\/\/compartilhabahia.com.br\/index.php\/2026\/03\/06\/com-recursos-do-pac-dias-davila-ganha-nova-unidade-basica-de-saude\/","name":"Com recursos do PAC, Dias D\u2019\u00c1vila ganha nova Unidade B\u00e1sica de Sa\u00fade - Compartilha Bahia","isPartOf":{"@id":"https:\/\/compartilhabahia.com.br\/#website"},"datePublished":"2026-03-07T01:25:20+00:00","dateModified":"2026-03-07T01:25:22+00:00","breadcrumb":{"@id":"https:\/\/compartilhabahia.com.br\/index.php\/2026\/03\/06\/com-recursos-do-pac-dias-davila-ganha-nova-unidade-basica-de-saude\/#breadcrumb"},"inLanguage":"pt-BR","potentialAction":[{"@type":"ReadAction","target":["https:\/\/compartilhabahia.com.br\/index.php\/2026\/03\/06\/com-recursos-do-pac-dias-davila-ganha-nova-unidade-basica-de-saude\/"]}]},{"@type":"BreadcrumbList","@id":"https:\/\/compartilhabahia.com.br\/index.php\/2026\/03\/06\/com-recursos-do-pac-dias-davila-ganha-nova-unidade-basica-de-saude\/#breadcrumb","itemListElement":[{"@type":"ListItem","position":1,"name":"In\u00edcio","item":"https:\/\/compartilhabahia.com.br\/"},{"@type":"ListItem","position":2,"name":"Com recursos do PAC, Dias D\u2019\u00c1vila ganha nova Unidade B\u00e1sica de Sa\u00fade"}]},{"@type":"WebSite","@id":"https:\/\/compartilhabahia.com.br\/#website","url":"https:\/\/compartilhabahia.com.br\/","name":"Compartilha Bahia","description":"","publisher":{"@id":"https:\/\/compartilhabahia.com.br\/#organization"},"potentialAction":[{"@type":"SearchAction","target":{"@type":"EntryPoint","urlTemplate":"https:\/\/compartilhabahia.com.br\/?s={search_term_string}"},"query-input":"required name=search_term_string"}],"inLanguage":"pt-BR"},{"@type":"Organization","@id":"https:\/\/compartilhabahia.com.br\/#organization","name":"Compartilha Bahia","url":"https:\/\/compartilhabahia.com.br\/","logo":{"@type":"ImageObject","inLanguage":"pt-BR","@id":"https:\/\/compartilhabahia.com.br\/#\/schema\/logo\/image\/","url":"https:\/\/compartilhabahia.com.br\/wp-content\/uploads\/2023\/12\/cropped-logo.png","contentUrl":"https:\/\/compartilhabahia.com.br\/wp-content\/uploads\/2023\/12\/cropped-logo.png","width":300,"height":106,"caption":"Compartilha Bahia"},"image":{"@id":"https:\/\/compartilhabahia.com.br\/#\/schema\/logo\/image\/"},"sameAs":["https:\/\/web.facebook.com\/compartilhabahia","https:\/\/www.instagram.com\/compartilhabahia\/"]},{"@type":"Person","@id":"https:\/\/compartilhabahia.com.br\/#\/schema\/person\/9b4f0c3178793b8248d6686732521c04","name":"admin","image":{"@type":"ImageObject","inLanguage":"pt-BR","@id":"https:\/\/compartilhabahia.com.br\/#\/schema\/person\/image\/","url":"https:\/\/secure.gravatar.com\/avatar\/9600df58751c5acbe914c538c03390ef649ea088cb65f84ba09c7ce66988eed6?s=96&d=mm&r=g","contentUrl":"https:\/\/secure.gravatar.com\/avatar\/9600df58751c5acbe914c538c03390ef649ea088cb65f84ba09c7ce66988eed6?s=96&d=mm&r=g","caption":"admin"},"sameAs":["https:\/\/compartilhabahia.com.br"],"url":"https:\/\/compartilhabahia.com.br\/index.php\/author\/compartilhabahia\/"}]}},"_links":{"self":[{"href":"https:\/\/compartilhabahia.com.br\/index.php\/wp-json\/wp\/v2\/posts\/9323","targetHints":{"allow":["GET"]}}],"collection":[{"href":"https:\/\/compartilhabahia.com.br\/index.php\/wp-json\/wp\/v2\/posts"}],"about":[{"href":"https:\/\/compartilhabahia.com.br\/index.php\/wp-json\/wp\/v2\/types\/post"}],"author":[{"embeddable":true,"href":"https:\/\/compartilhabahia.com.br\/index.php\/wp-json\/wp\/v2\/users\/1"}],"replies":[{"embeddable":true,"href":"https:\/\/compartilhabahia.com.br\/index.php\/wp-json\/wp\/v2\/comments?post=9323"}],"version-history":[{"count":1,"href":"https:\/\/compartilhabahia.com.br\/index.php\/wp-json\/wp\/v2\/posts\/9323\/revisions"}],"predecessor-version":[{"id":9325,"href":"https:\/\/compartilhabahia.com.br\/index.php\/wp-json\/wp\/v2\/posts\/9323\/revisions\/9325"}],"wp:featuredmedia":[{"embeddable":true,"href":"https:\/\/compartilhabahia.com.br\/index.php\/wp-json\/wp\/v2\/media\/9324"}],"wp:attachment":[{"href":"https:\/\/compartilhabahia.com.br\/index.php\/wp-json\/wp\/v2\/media?parent=9323"}],"wp:term":[{"taxonomy":"category","embeddable":true,"href":"https:\/\/compartilhabahia.com.br\/index.php\/wp-json\/wp\/v2\/categories?post=9323"},{"taxonomy":"post_tag","embeddable":true,"href":"https:\/\/compartilhabahia.com.br\/index.php\/wp-json\/wp\/v2\/tags?post=9323"}],"curies":[{"name":"wp","href":"https:\/\/api.w.org\/{rel}","templated":true}]}}