{"id":9320,"date":"2026-03-05T22:15:38","date_gmt":"2026-03-06T01:15:38","guid":{"rendered":"https:\/\/compartilhabahia.com.br\/?p=9320"},"modified":"2026-03-05T22:15:41","modified_gmt":"2026-03-06T01:15:41","slug":"confira-programacao-oficial-do-festival-de-arembepe-2026","status":"publish","type":"post","link":"https:\/\/compartilhabahia.com.br\/index.php\/2026\/03\/05\/confira-programacao-oficial-do-festival-de-arembepe-2026\/","title":{"rendered":"Confira programa\u00e7\u00e3o oficial do Festival de Arembepe 2026"},"content":{"rendered":"\n<p>Cama\u00e7ari se prepara para viver um dos momentos mais aguardados do calend\u00e1rio cultural do munic\u00edpio. Entre os dias 13 e 16 de mar\u00e7o, o Festival de Arembepe 2026 \u2014 que integra o ciclo de festas populares da orla \u2014 reunir\u00e1 populares, visitantes e turistas em quatro dias de celebra\u00e7\u00e3o marcados por manifesta\u00e7\u00f5es culturais e uma programa\u00e7\u00e3o musical diversificada, com mais de 50 atra\u00e7\u00f5es.<\/p>\n\n\n\n<p>A abertura oficial acontece na sexta-feira (13), a partir das 8h, com o cortejo cultural e religioso em homenagem a S\u00e3o Francisco de Assis. O percurso ter\u00e1 in\u00edcio na entrada da localidade e seguir\u00e1 at\u00e9 a igreja dedicada ao santo. A cerim\u00f4nia contar\u00e1 com a participa\u00e7\u00e3o das baianas e de diversos grupos culturais, como as charangas Tropicana, Big Band e Art Vila, al\u00e9m dos grupos Ra\u00edzes Dessa Terra, Groove dos Tambores, Cia Isarte, Beira de Rua, Caboclo Mirim, Boi Tricotado, Capoeira Aquilombar, Capoeira Liberta\u00e7\u00e3o e Arte, Afox\u00e9 Il\u00ea Ode Oba Lode, Afox\u00e9 Oromi Lay\u00f4, Samba de Caboclo e Capoeira Bimba\u00ea.<\/p>\n\n\n\n<p>Ainda na sexta-feira, a partir das 14h, os blocos tomar\u00e3o conta da Rua Direta de Arembepe. \u00c0 tarde e \u00e0 noite, os palcos montados na localidade re\u00fanem artistas locais, regionais e nacionais.<\/p>\n\n\n\n<p>No Palco da Diversidade, na Pra\u00e7a dos Coqueiros, a partir das 15h30 tem atra\u00e7\u00f5es como Espermacete, Kalunduh, Rege FX e Edy Xote. No Palco Katita, localizado na Arena Principal, a primeira noite contar\u00e1 com shows de Jo\u00e3o Gomes, Filhos de Jorge, Guig Ghetto, Diumbanda e Chegue Mais, a partir das 19h30.<\/p>\n\n\n\n<p>No s\u00e1bado (14), a programa\u00e7\u00e3o dos blocos come\u00e7a \u00e0s 13h30. Na parte da tarde, \u00e0s 15h30, j\u00e1 tem programa\u00e7\u00e3o pra toda fam\u00edlia no Palco da Diversidade, come\u00e7ando com o grupo P\u00e9 de Lata. \u00c0 noite, a partir das 19h30, o palco principal recebe Tony Sales, Renatinho da Bahia, Neide Bassan, Priscila Sena e C\u00e1ssio Calmon.<\/p>\n\n\n\n<p>O domingo (15) inicia mais cedo, \u00e0s 11h, com os blocos. L\u00e1 na Pra\u00e7a dos Coqueiros, ter\u00e1 shows de Igor Jean, Carol e Gabi, Liu Menezes, entre outros, a partir das 15h30. \u00c0 noite, a partir das 19h30, o Palco Katita ser\u00e1 cen\u00e1rio para apresenta\u00e7\u00f5es de Simpa, Fantasm\u00e3o, Maneva e Tayrone.<\/p>\n\n\n\n<p>Encerrando os festejos, na segunda-feira (16), cinco blocos desfilam a partir das 14h30. \u00c0 noite, com in\u00edcio \u00e0s 19h30, o tradicional Baile dos Coroas traz a sofr\u00eancia e o romantismo de Nilson Santos, Leozinho Imperador, Dois Amores e Silva Filho, marcando o fechamento da programa\u00e7\u00e3o no Palco da Diversidade \u2013 Ra\u00edzes e Ritmos, espa\u00e7o dedicado \u00e0 valoriza\u00e7\u00e3o dos talentos locais.<\/p>\n\n\n\n<p>O Festival de Arembepe 2026 \u00e9 realizado pela Prefeitura de Cama\u00e7ari, por meio da Secretaria de Governo (Segov), atrav\u00e9s da Coordena\u00e7\u00e3o de Eventos, com o apoio das demais secretarias e institui\u00e7\u00f5es municipais.<\/p>\n\n\n\n<p>Veja, a seguir, a programa\u00e7\u00e3o oficial:<\/p>\n\n\n\n<p>SEXTA-FEIRA (13)<\/p>\n\n\n\n<p>Cortejo cultural e religioso \u2013 a partir das 8h<\/p>\n\n\n\n<p>Blocos de rua \u2013 a partir das 15h<br>Os Brochas, com G10 e Cil (Pra\u00e7a Santa Rita)<\/p>\n\n\n\n<p>Cordel de Arembepe, com Rich\u00f4 El\u00e9trico (Pra\u00e7a das Amendoeiras)<\/p>\n\n\n\n<p>Bloco Kais, com Viola de 12 (Pra\u00e7a Santa Rita)<\/p>\n\n\n\n<p>Os Porret\u00f5es, com Wesley Lima (Pra\u00e7a Santa Rita)<\/p>\n\n\n\n<p>Jak\u00e9, com Nivaldo do Tchaco (Pra\u00e7a Santa Rita)<\/p>\n\n\n\n<p>Palco da Diversidade (Palco Ra\u00edzes e Ritmos \u2013 Pra\u00e7a dos Coqueiros) \u2013 a partir das 15h30<br>Espermacete<\/p>\n\n\n\n<p>Jorginaldo Assis<\/p>\n\n\n\n<p>Kalunduh<\/p>\n\n\n\n<p>Rege FX<\/p>\n\n\n\n<p>Edy Xote<\/p>\n\n\n\n<p>Cartel Pacifista<\/p>\n\n\n\n<p>Palco Katita (Arena Principal) \u2013 a partir das 19h30<br>Chegue Mais convida Nego L\u00e9o<\/p>\n\n\n\n<p>Diumbanda<\/p>\n\n\n\n<p>Guig Ghetto<\/p>\n\n\n\n<p>Filhos de Jorge<\/p>\n\n\n\n<p>Jo\u00e3o Gomes<\/p>\n\n\n\n<p>S\u00c1BADO (14)<\/p>\n\n\n\n<p>Blocos de rua \u2013 a partir das 13h30<br>Hanikeiros, com Nei D\u2019 Resenha (Pra\u00e7a Santa Rita)<\/p>\n\n\n\n<p>Voc\u00ea e Eu, com Grupo Representa (Pra\u00e7a Santa Rita)<\/p>\n\n\n\n<p>Bloco dos Amigos, com Rubynho (Pra\u00e7a Santa Rita)<\/p>\n\n\n\n<p>100% Meio Ambiente, com Samba Trator (Pra\u00e7a Santa Rita)<\/p>\n\n\n\n<p>Ra\u00edzes de Arembepe, com Pincel (Pra\u00e7a Santa Rita)<\/p>\n\n\n\n<p>Alegria do Robalo, com Diggo (Pra\u00e7a Santa Rita)<\/p>\n\n\n\n<p>Recordar, com Banda Status e Paulinho da Bahia (Pra\u00e7a Santa Rita)<\/p>\n\n\n\n<p>Mordomia, com Aud\u00e1cia Pura<\/p>\n\n\n\n<p>Palco da Diversidade (Palco Ra\u00edzes e Ritmos \u2013 Pra\u00e7a dos Coqueiros) \u2013 a partir das 15h30<br>P\u00e9 de Lata<\/p>\n\n\n\n<p>Samba Chula Filhos de Oy\u00f3<\/p>\n\n\n\n<p>Samba do Litoral convida Celebridade 10<\/p>\n\n\n\n<p>\u00c1cido Baiano<\/p>\n\n\n\n<p>Sil Figueiredo<\/p>\n\n\n\n<p>Caloi 10<\/p>\n\n\n\n<p>Bruno Xonado convida Fil\u00e9 de Camar\u00e3o<\/p>\n\n\n\n<p>Palco Katita (Arena Principal) \u2013 a partir das 19h30<br>C\u00e1ssio Calmon convida Nilton Spirro<\/p>\n\n\n\n<p>Neide Bassan<\/p>\n\n\n\n<p>Priscila Sena<\/p>\n\n\n\n<p>Renatinho da Bahia convida Xexeu<\/p>\n\n\n\n<p>Tony Sales<\/p>\n\n\n\n<p>DOMINGO (15)<\/p>\n\n\n\n<p>Blocos de Rua \u2013 a partir das 11h<br>Pernalonga, com Karla Coelho e convidados (Pra\u00e7a Santa Rita)<\/p>\n\n\n\n<p>Yeu, com Matheuzinho convida Lucas Morato (Pra\u00e7a Santa Rita)<\/p>\n\n\n\n<p>As tartarugas, com Pagodart (Pra\u00e7a Santa Rita)<\/p>\n\n\n\n<p>Chuva de Gelo, com Rog\u00e9rio Bambeia (Pra\u00e7a Santa Rita)<\/p>\n\n\n\n<p>As Piriguetes, com Alice Morais (Pra\u00e7a Santa Rita)<\/p>\n\n\n\n<p>Elefante, com Malafalia (Pra\u00e7a Santa Rita)<\/p>\n\n\n\n<p>Quem Guenta, com Zau P\u00e1ssaro (Pra\u00e7a Santa Rita)<\/p>\n\n\n\n<p>Afrombepe, com Muzenza (Pra\u00e7a Santa Rita)<\/p>\n\n\n\n<p>Palco da Diversidade (Palco Ra\u00edzes e Ritmos \u2013 Pra\u00e7a dos Coqueiros) \u2013 a partir das 15h30<br>Valzzito<\/p>\n\n\n\n<p>Igor Jean<\/p>\n\n\n\n<p>Carol e Gabi<\/p>\n\n\n\n<p>Bruno Gold convida Modo Pagod\u00e3o<\/p>\n\n\n\n<p>Liu Menezes<\/p>\n\n\n\n<p>Banda Petty<\/p>\n\n\n\n<p>Palco Katita (Arena Principal) \u2013 a partir das 19h30<br>Simpa convida Everton Cardoso<\/p>\n\n\n\n<p>Fantasm\u00e3o<\/p>\n\n\n\n<p>Maneva<\/p>\n\n\n\n<p>Tayrone<\/p>\n\n\n\n<p>SEGUNDA-FEIRA (16)<\/p>\n\n\n\n<p>Blocos de rua \u2013 a partir das 14h30<br>Os Negos de Maria, com Banda Movimento (Pra\u00e7a Santa Rita)<\/p>\n\n\n\n<p>Folha de Louro, com Edy Vox (Pra\u00e7a Santa Rita)<\/p>\n\n\n\n<p>Arembepu\u00e3, com Banda Arembepu\u00e3 e convidados (Pra\u00e7a Santa Rita)<\/p>\n\n\n\n<p>To Mentindo, com Lu Costa (Pra\u00e7a Santa Rita)<\/p>\n\n\n\n<p>As Abelhinhas, com Pincel (Pra\u00e7a Santa Rita)<\/p>\n\n\n\n<p>Palco da Diversidade (Palco Ra\u00edzes e Ritmos \u2013 Pra\u00e7a dos Coqueiros) \u2013 a partir das 19h30<br>Baile dos Coroas<\/p>\n\n\n\n<p>Nilson Santos<\/p>\n\n\n\n<p>Leozinho Imperador<\/p>\n\n\n\n<p>Dois Amores<\/p>\n\n\n\n<p>Silva Filho<\/p>\n","protected":false},"excerpt":{"rendered":"<p>Cama\u00e7ari se prepara para viver um dos momentos mais aguardados do calend\u00e1rio cultural do munic\u00edpio. Entre os dias 13 e 16 de mar\u00e7o, o Festival de Arembepe 2026 \u2014 que integra o ciclo de festas populares da orla \u2014 reunir\u00e1 populares, visitantes e turistas em quatro dias de celebra\u00e7\u00e3o marcados por manifesta\u00e7\u00f5es culturais e uma [&hellip;]<\/p>\n","protected":false},"author":1,"featured_media":9321,"comment_status":"open","ping_status":"open","sticky":false,"template":"","format":"standard","meta":{"footnotes":""},"categories":[8],"tags":[],"class_list":["post-9320","post","type-post","status-publish","format-standard","has-post-thumbnail","hentry","category-camacari"],"yoast_head":"<!-- This site is optimized with the Yoast SEO plugin v21.7 - https:\/\/yoast.com\/wordpress\/plugins\/seo\/ -->\n<title>Confira programa\u00e7\u00e3o oficial do Festival de Arembepe 2026 - Compartilha Bahia<\/title>\n<meta name=\"robots\" content=\"index, follow, max-snippet:-1, max-image-preview:large, max-video-preview:-1\" \/>\n<link rel=\"canonical\" href=\"https:\/\/compartilhabahia.com.br\/index.php\/2026\/03\/05\/confira-programacao-oficial-do-festival-de-arembepe-2026\/\" \/>\n<meta property=\"og:locale\" content=\"pt_BR\" \/>\n<meta property=\"og:type\" content=\"article\" \/>\n<meta property=\"og:title\" content=\"Confira programa\u00e7\u00e3o oficial do Festival de Arembepe 2026 - Compartilha Bahia\" \/>\n<meta property=\"og:description\" content=\"Cama\u00e7ari se prepara para viver um dos momentos mais aguardados do calend\u00e1rio cultural do munic\u00edpio. Entre os dias 13 e 16 de mar\u00e7o, o Festival de Arembepe 2026 \u2014 que integra o ciclo de festas populares da orla \u2014 reunir\u00e1 populares, visitantes e turistas em quatro dias de celebra\u00e7\u00e3o marcados por manifesta\u00e7\u00f5es culturais e uma [&hellip;]\" \/>\n<meta property=\"og:url\" content=\"https:\/\/compartilhabahia.com.br\/index.php\/2026\/03\/05\/confira-programacao-oficial-do-festival-de-arembepe-2026\/\" \/>\n<meta property=\"og:site_name\" content=\"Compartilha Bahia\" \/>\n<meta property=\"article:publisher\" content=\"https:\/\/web.facebook.com\/compartilhabahia\" \/>\n<meta property=\"article:published_time\" content=\"2026-03-06T01:15:38+00:00\" \/>\n<meta property=\"article:modified_time\" content=\"2026-03-06T01:15:41+00:00\" \/>\n<meta property=\"og:image\" content=\"https:\/\/compartilhabahia.com.br\/wp-content\/uploads\/2026\/03\/programaarembepe.jpg\" \/>\n\t<meta property=\"og:image:width\" content=\"1120\" \/>\n\t<meta property=\"og:image:height\" content=\"744\" \/>\n\t<meta property=\"og:image:type\" content=\"image\/jpeg\" \/>\n<meta name=\"author\" content=\"admin\" \/>\n<meta name=\"twitter:card\" content=\"summary_large_image\" \/>\n<meta name=\"twitter:label1\" content=\"Escrito por\" \/>\n\t<meta name=\"twitter:data1\" content=\"admin\" \/>\n\t<meta name=\"twitter:label2\" content=\"Est. tempo de leitura\" \/>\n\t<meta name=\"twitter:data2\" content=\"6 minutos\" \/>\n<script type=\"application\/ld+json\" class=\"yoast-schema-graph\">{\"@context\":\"https:\/\/schema.org\",\"@graph\":[{\"@type\":\"Article\",\"@id\":\"https:\/\/compartilhabahia.com.br\/index.php\/2026\/03\/05\/confira-programacao-oficial-do-festival-de-arembepe-2026\/#article\",\"isPartOf\":{\"@id\":\"https:\/\/compartilhabahia.com.br\/index.php\/2026\/03\/05\/confira-programacao-oficial-do-festival-de-arembepe-2026\/\"},\"author\":{\"name\":\"admin\",\"@id\":\"https:\/\/compartilhabahia.com.br\/#\/schema\/person\/9b4f0c3178793b8248d6686732521c04\"},\"headline\":\"Confira programa\u00e7\u00e3o oficial do Festival de Arembepe 2026\",\"datePublished\":\"2026-03-06T01:15:38+00:00\",\"dateModified\":\"2026-03-06T01:15:41+00:00\",\"mainEntityOfPage\":{\"@id\":\"https:\/\/compartilhabahia.com.br\/index.php\/2026\/03\/05\/confira-programacao-oficial-do-festival-de-arembepe-2026\/\"},\"wordCount\":952,\"commentCount\":0,\"publisher\":{\"@id\":\"https:\/\/compartilhabahia.com.br\/#organization\"},\"articleSection\":[\"Cama\u00e7ari\"],\"inLanguage\":\"pt-BR\",\"potentialAction\":[{\"@type\":\"CommentAction\",\"name\":\"Comment\",\"target\":[\"https:\/\/compartilhabahia.com.br\/index.php\/2026\/03\/05\/confira-programacao-oficial-do-festival-de-arembepe-2026\/#respond\"]}]},{\"@type\":\"WebPage\",\"@id\":\"https:\/\/compartilhabahia.com.br\/index.php\/2026\/03\/05\/confira-programacao-oficial-do-festival-de-arembepe-2026\/\",\"url\":\"https:\/\/compartilhabahia.com.br\/index.php\/2026\/03\/05\/confira-programacao-oficial-do-festival-de-arembepe-2026\/\",\"name\":\"Confira programa\u00e7\u00e3o oficial do Festival de Arembepe 2026 - Compartilha Bahia\",\"isPartOf\":{\"@id\":\"https:\/\/compartilhabahia.com.br\/#website\"},\"datePublished\":\"2026-03-06T01:15:38+00:00\",\"dateModified\":\"2026-03-06T01:15:41+00:00\",\"breadcrumb\":{\"@id\":\"https:\/\/compartilhabahia.com.br\/index.php\/2026\/03\/05\/confira-programacao-oficial-do-festival-de-arembepe-2026\/#breadcrumb\"},\"inLanguage\":\"pt-BR\",\"potentialAction\":[{\"@type\":\"ReadAction\",\"target\":[\"https:\/\/compartilhabahia.com.br\/index.php\/2026\/03\/05\/confira-programacao-oficial-do-festival-de-arembepe-2026\/\"]}]},{\"@type\":\"BreadcrumbList\",\"@id\":\"https:\/\/compartilhabahia.com.br\/index.php\/2026\/03\/05\/confira-programacao-oficial-do-festival-de-arembepe-2026\/#breadcrumb\",\"itemListElement\":[{\"@type\":\"ListItem\",\"position\":1,\"name\":\"In\u00edcio\",\"item\":\"https:\/\/compartilhabahia.com.br\/\"},{\"@type\":\"ListItem\",\"position\":2,\"name\":\"Confira programa\u00e7\u00e3o oficial do Festival de Arembepe 2026\"}]},{\"@type\":\"WebSite\",\"@id\":\"https:\/\/compartilhabahia.com.br\/#website\",\"url\":\"https:\/\/compartilhabahia.com.br\/\",\"name\":\"Compartilha Bahia\",\"description\":\"\",\"publisher\":{\"@id\":\"https:\/\/compartilhabahia.com.br\/#organization\"},\"potentialAction\":[{\"@type\":\"SearchAction\",\"target\":{\"@type\":\"EntryPoint\",\"urlTemplate\":\"https:\/\/compartilhabahia.com.br\/?s={search_term_string}\"},\"query-input\":\"required name=search_term_string\"}],\"inLanguage\":\"pt-BR\"},{\"@type\":\"Organization\",\"@id\":\"https:\/\/compartilhabahia.com.br\/#organization\",\"name\":\"Compartilha Bahia\",\"url\":\"https:\/\/compartilhabahia.com.br\/\",\"logo\":{\"@type\":\"ImageObject\",\"inLanguage\":\"pt-BR\",\"@id\":\"https:\/\/compartilhabahia.com.br\/#\/schema\/logo\/image\/\",\"url\":\"https:\/\/compartilhabahia.com.br\/wp-content\/uploads\/2023\/12\/cropped-logo.png\",\"contentUrl\":\"https:\/\/compartilhabahia.com.br\/wp-content\/uploads\/2023\/12\/cropped-logo.png\",\"width\":300,\"height\":106,\"caption\":\"Compartilha Bahia\"},\"image\":{\"@id\":\"https:\/\/compartilhabahia.com.br\/#\/schema\/logo\/image\/\"},\"sameAs\":[\"https:\/\/web.facebook.com\/compartilhabahia\",\"https:\/\/www.instagram.com\/compartilhabahia\/\"]},{\"@type\":\"Person\",\"@id\":\"https:\/\/compartilhabahia.com.br\/#\/schema\/person\/9b4f0c3178793b8248d6686732521c04\",\"name\":\"admin\",\"image\":{\"@type\":\"ImageObject\",\"inLanguage\":\"pt-BR\",\"@id\":\"https:\/\/compartilhabahia.com.br\/#\/schema\/person\/image\/\",\"url\":\"https:\/\/secure.gravatar.com\/avatar\/9600df58751c5acbe914c538c03390ef649ea088cb65f84ba09c7ce66988eed6?s=96&d=mm&r=g\",\"contentUrl\":\"https:\/\/secure.gravatar.com\/avatar\/9600df58751c5acbe914c538c03390ef649ea088cb65f84ba09c7ce66988eed6?s=96&d=mm&r=g\",\"caption\":\"admin\"},\"sameAs\":[\"https:\/\/compartilhabahia.com.br\"],\"url\":\"https:\/\/compartilhabahia.com.br\/index.php\/author\/compartilhabahia\/\"}]}<\/script>\n<!-- \/ Yoast SEO plugin. -->","yoast_head_json":{"title":"Confira programa\u00e7\u00e3o oficial do Festival de Arembepe 2026 - Compartilha Bahia","robots":{"index":"index","follow":"follow","max-snippet":"max-snippet:-1","max-image-preview":"max-image-preview:large","max-video-preview":"max-video-preview:-1"},"canonical":"https:\/\/compartilhabahia.com.br\/index.php\/2026\/03\/05\/confira-programacao-oficial-do-festival-de-arembepe-2026\/","og_locale":"pt_BR","og_type":"article","og_title":"Confira programa\u00e7\u00e3o oficial do Festival de Arembepe 2026 - Compartilha Bahia","og_description":"Cama\u00e7ari se prepara para viver um dos momentos mais aguardados do calend\u00e1rio cultural do munic\u00edpio. Entre os dias 13 e 16 de mar\u00e7o, o Festival de Arembepe 2026 \u2014 que integra o ciclo de festas populares da orla \u2014 reunir\u00e1 populares, visitantes e turistas em quatro dias de celebra\u00e7\u00e3o marcados por manifesta\u00e7\u00f5es culturais e uma [&hellip;]","og_url":"https:\/\/compartilhabahia.com.br\/index.php\/2026\/03\/05\/confira-programacao-oficial-do-festival-de-arembepe-2026\/","og_site_name":"Compartilha Bahia","article_publisher":"https:\/\/web.facebook.com\/compartilhabahia","article_published_time":"2026-03-06T01:15:38+00:00","article_modified_time":"2026-03-06T01:15:41+00:00","og_image":[{"width":1120,"height":744,"url":"https:\/\/compartilhabahia.com.br\/wp-content\/uploads\/2026\/03\/programaarembepe.jpg","type":"image\/jpeg"}],"author":"admin","twitter_card":"summary_large_image","twitter_misc":{"Escrito por":"admin","Est. tempo de leitura":"6 minutos"},"schema":{"@context":"https:\/\/schema.org","@graph":[{"@type":"Article","@id":"https:\/\/compartilhabahia.com.br\/index.php\/2026\/03\/05\/confira-programacao-oficial-do-festival-de-arembepe-2026\/#article","isPartOf":{"@id":"https:\/\/compartilhabahia.com.br\/index.php\/2026\/03\/05\/confira-programacao-oficial-do-festival-de-arembepe-2026\/"},"author":{"name":"admin","@id":"https:\/\/compartilhabahia.com.br\/#\/schema\/person\/9b4f0c3178793b8248d6686732521c04"},"headline":"Confira programa\u00e7\u00e3o oficial do Festival de Arembepe 2026","datePublished":"2026-03-06T01:15:38+00:00","dateModified":"2026-03-06T01:15:41+00:00","mainEntityOfPage":{"@id":"https:\/\/compartilhabahia.com.br\/index.php\/2026\/03\/05\/confira-programacao-oficial-do-festival-de-arembepe-2026\/"},"wordCount":952,"commentCount":0,"publisher":{"@id":"https:\/\/compartilhabahia.com.br\/#organization"},"articleSection":["Cama\u00e7ari"],"inLanguage":"pt-BR","potentialAction":[{"@type":"CommentAction","name":"Comment","target":["https:\/\/compartilhabahia.com.br\/index.php\/2026\/03\/05\/confira-programacao-oficial-do-festival-de-arembepe-2026\/#respond"]}]},{"@type":"WebPage","@id":"https:\/\/compartilhabahia.com.br\/index.php\/2026\/03\/05\/confira-programacao-oficial-do-festival-de-arembepe-2026\/","url":"https:\/\/compartilhabahia.com.br\/index.php\/2026\/03\/05\/confira-programacao-oficial-do-festival-de-arembepe-2026\/","name":"Confira programa\u00e7\u00e3o oficial do Festival de Arembepe 2026 - Compartilha Bahia","isPartOf":{"@id":"https:\/\/compartilhabahia.com.br\/#website"},"datePublished":"2026-03-06T01:15:38+00:00","dateModified":"2026-03-06T01:15:41+00:00","breadcrumb":{"@id":"https:\/\/compartilhabahia.com.br\/index.php\/2026\/03\/05\/confira-programacao-oficial-do-festival-de-arembepe-2026\/#breadcrumb"},"inLanguage":"pt-BR","potentialAction":[{"@type":"ReadAction","target":["https:\/\/compartilhabahia.com.br\/index.php\/2026\/03\/05\/confira-programacao-oficial-do-festival-de-arembepe-2026\/"]}]},{"@type":"BreadcrumbList","@id":"https:\/\/compartilhabahia.com.br\/index.php\/2026\/03\/05\/confira-programacao-oficial-do-festival-de-arembepe-2026\/#breadcrumb","itemListElement":[{"@type":"ListItem","position":1,"name":"In\u00edcio","item":"https:\/\/compartilhabahia.com.br\/"},{"@type":"ListItem","position":2,"name":"Confira programa\u00e7\u00e3o oficial do Festival de Arembepe 2026"}]},{"@type":"WebSite","@id":"https:\/\/compartilhabahia.com.br\/#website","url":"https:\/\/compartilhabahia.com.br\/","name":"Compartilha Bahia","description":"","publisher":{"@id":"https:\/\/compartilhabahia.com.br\/#organization"},"potentialAction":[{"@type":"SearchAction","target":{"@type":"EntryPoint","urlTemplate":"https:\/\/compartilhabahia.com.br\/?s={search_term_string}"},"query-input":"required name=search_term_string"}],"inLanguage":"pt-BR"},{"@type":"Organization","@id":"https:\/\/compartilhabahia.com.br\/#organization","name":"Compartilha Bahia","url":"https:\/\/compartilhabahia.com.br\/","logo":{"@type":"ImageObject","inLanguage":"pt-BR","@id":"https:\/\/compartilhabahia.com.br\/#\/schema\/logo\/image\/","url":"https:\/\/compartilhabahia.com.br\/wp-content\/uploads\/2023\/12\/cropped-logo.png","contentUrl":"https:\/\/compartilhabahia.com.br\/wp-content\/uploads\/2023\/12\/cropped-logo.png","width":300,"height":106,"caption":"Compartilha Bahia"},"image":{"@id":"https:\/\/compartilhabahia.com.br\/#\/schema\/logo\/image\/"},"sameAs":["https:\/\/web.facebook.com\/compartilhabahia","https:\/\/www.instagram.com\/compartilhabahia\/"]},{"@type":"Person","@id":"https:\/\/compartilhabahia.com.br\/#\/schema\/person\/9b4f0c3178793b8248d6686732521c04","name":"admin","image":{"@type":"ImageObject","inLanguage":"pt-BR","@id":"https:\/\/compartilhabahia.com.br\/#\/schema\/person\/image\/","url":"https:\/\/secure.gravatar.com\/avatar\/9600df58751c5acbe914c538c03390ef649ea088cb65f84ba09c7ce66988eed6?s=96&d=mm&r=g","contentUrl":"https:\/\/secure.gravatar.com\/avatar\/9600df58751c5acbe914c538c03390ef649ea088cb65f84ba09c7ce66988eed6?s=96&d=mm&r=g","caption":"admin"},"sameAs":["https:\/\/compartilhabahia.com.br"],"url":"https:\/\/compartilhabahia.com.br\/index.php\/author\/compartilhabahia\/"}]}},"_links":{"self":[{"href":"https:\/\/compartilhabahia.com.br\/index.php\/wp-json\/wp\/v2\/posts\/9320","targetHints":{"allow":["GET"]}}],"collection":[{"href":"https:\/\/compartilhabahia.com.br\/index.php\/wp-json\/wp\/v2\/posts"}],"about":[{"href":"https:\/\/compartilhabahia.com.br\/index.php\/wp-json\/wp\/v2\/types\/post"}],"author":[{"embeddable":true,"href":"https:\/\/compartilhabahia.com.br\/index.php\/wp-json\/wp\/v2\/users\/1"}],"replies":[{"embeddable":true,"href":"https:\/\/compartilhabahia.com.br\/index.php\/wp-json\/wp\/v2\/comments?post=9320"}],"version-history":[{"count":1,"href":"https:\/\/compartilhabahia.com.br\/index.php\/wp-json\/wp\/v2\/posts\/9320\/revisions"}],"predecessor-version":[{"id":9322,"href":"https:\/\/compartilhabahia.com.br\/index.php\/wp-json\/wp\/v2\/posts\/9320\/revisions\/9322"}],"wp:featuredmedia":[{"embeddable":true,"href":"https:\/\/compartilhabahia.com.br\/index.php\/wp-json\/wp\/v2\/media\/9321"}],"wp:attachment":[{"href":"https:\/\/compartilhabahia.com.br\/index.php\/wp-json\/wp\/v2\/media?parent=9320"}],"wp:term":[{"taxonomy":"category","embeddable":true,"href":"https:\/\/compartilhabahia.com.br\/index.php\/wp-json\/wp\/v2\/categories?post=9320"},{"taxonomy":"post_tag","embeddable":true,"href":"https:\/\/compartilhabahia.com.br\/index.php\/wp-json\/wp\/v2\/tags?post=9320"}],"curies":[{"name":"wp","href":"https:\/\/api.w.org\/{rel}","templated":true}]}}