{"id":9309,"date":"2026-03-04T22:48:32","date_gmt":"2026-03-05T01:48:32","guid":{"rendered":"https:\/\/compartilhabahia.com.br\/?p=9309"},"modified":"2026-03-04T22:48:34","modified_gmt":"2026-03-05T01:48:34","slug":"ameacada-de-extincao-oncas-pardas-sao-avistadas-na-regiao-de-entre-rios-e-itanagra","status":"publish","type":"post","link":"https:\/\/compartilhabahia.com.br\/index.php\/2026\/03\/04\/ameacada-de-extincao-oncas-pardas-sao-avistadas-na-regiao-de-entre-rios-e-itanagra\/","title":{"rendered":"Amea\u00e7ada de extin\u00e7\u00e3o, on\u00e7as-pardas s\u00e3o avistadas na regi\u00e3o de Entre Rios e Itanagra"},"content":{"rendered":"\n<p><strong>Amea\u00e7ada de extin\u00e7\u00e3o na Bahia, on\u00e7as-pardas s\u00e3o avistadas em reservas da Bracell no Litoral Norte<\/strong><\/p>\n\n\n\n<p><\/p>\n\n\n\n<p>Duas on\u00e7as-pardas foram vistas em \u00e1reas de conserva\u00e7\u00e3o ambiental da Bracell, no Litoral Norte da Bahia. Os registros foram os primeiros em v\u00eddeos realizados em sete anos de monitoramento executados pela empresa, o que evidencia a raridade da apari\u00e7\u00e3o desse felino, classificado como esp\u00e9cie amea\u00e7ada de extin\u00e7\u00e3o no estado. De h\u00e1bitos predominantemente noturnos, os animais foram filmados em momentos e locais distintos. Antes dessas imagens, as equipes de monitoramento j\u00e1 haviam identificado a presen\u00e7a das on\u00e7as, em 2019, por meio de pegadas e fezes.<\/p>\n\n\n\n<p>O bi\u00f3logo Igor Macedo, especialista em Meio Ambiente da Bracell, pontua que o registro das on\u00e7as-pardas (<em>Puma concolor<\/em>), tamb\u00e9m conhecidas como su\u00e7uarana ou puma, \u00e9 muito importante para a regi\u00e3o, pois comprova a exist\u00eancia de fragmentos florestais conservados, como parques e \u00e1reas de preserva\u00e7\u00e3o permanente. \u201cTrata-se de uma esp\u00e9cie amea\u00e7ada de extin\u00e7\u00e3o na Bahia, e conseguimos observar n\u00e3o apenas ela, mas diversas outras esp\u00e9cies raras e amea\u00e7adas distribu\u00eddas nesses fragmentos. Esse cen\u00e1rio tamb\u00e9m demonstra que as empresas florestais incorporam, em suas estrat\u00e9gias de sustentabilidade, a\u00e7\u00f5es relevantes voltadas \u00e0 conserva\u00e7\u00e3o ambiental\u201d, afirma ele, ressaltando que a presen\u00e7a desses animais \u201crefor\u00e7a a necessidade de continuarmos trabalhando pela conserva\u00e7\u00e3o\u201d.&nbsp;<\/p>\n\n\n\n<p>O especialista destaca ainda o trabalho realizado pela Bracell na preserva\u00e7\u00e3o de \u00e1reas ambientais, como as Reservas Particulares do Patrim\u00f4nio Natural (RPPNs) \u2014 unidades de conserva\u00e7\u00e3o de dom\u00ednio privado, criadas voluntariamente pelo propriet\u00e1rio com o objetivo de conservar a biodiversidade em car\u00e1ter perp\u00e9tuo. Na Bahia, a empresa mant\u00e9m quatro RPPNs, que somam mais de 3 mil hectares. Entre elas est\u00e1 a RPPN Lontra, com 1.377 hectares de Mata Atl\u00e2ntica, reconhecida como Posto Avan\u00e7ado da Reserva da Biosfera da Mata Atl\u00e2ntica pela UNESCO (Organiza\u00e7\u00e3o das Na\u00e7\u00f5es Unidas para a Educa\u00e7\u00e3o, Ci\u00eancia e Cultura).<\/p>\n\n\n\n<p>Essas \u00e1reas de conserva\u00e7\u00e3o abrigam mais de 300 esp\u00e9cies de aves, 80 de r\u00e9pteis, 70 de anf\u00edbios e 60 de mam\u00edferos \u2014 algumas amea\u00e7adas de extin\u00e7\u00e3o, como a pr\u00f3pria on\u00e7a-parda \u2014, com uma rica vegeta\u00e7\u00e3o nativa com mais de 600 esp\u00e9cies de plantas, al\u00e9m da conserva\u00e7\u00e3o dos cursos d\u2019\u00e1gua, como rios e nascentes. Esse habitat, preservado e com a seguran\u00e7a oferecida pela \u00e1rea patrimonial da empresa contra a ca\u00e7a predat\u00f3ria, favorece a perman\u00eancia desses animais em condi\u00e7\u00f5es ideais de sobreviv\u00eancia.&nbsp;<\/p>\n\n\n\n<p>\u201cNa Bracell, adotamos uma s\u00e9rie de a\u00e7\u00f5es para a conserva\u00e7\u00e3o ambiental, como o Compromisso Um-Para-Um, que prev\u00ea a conserva\u00e7\u00e3o de um hectare de floresta nativa para cada hectare de floresta plantada. Al\u00e9m disso, contamos com programas de monitoramento cont\u00ednuo e mantemos \u00e1reas destinadas integralmente \u00e0 conserva\u00e7\u00e3o, como as RPPNs\u201d, afirma Macedo.<\/p>\n","protected":false},"excerpt":{"rendered":"<p>Amea\u00e7ada de extin\u00e7\u00e3o na Bahia, on\u00e7as-pardas s\u00e3o avistadas em reservas da Bracell no Litoral Norte Duas on\u00e7as-pardas foram vistas em \u00e1reas de conserva\u00e7\u00e3o ambiental da Bracell, no Litoral Norte da Bahia. Os registros foram os primeiros em v\u00eddeos realizados em sete anos de monitoramento executados pela empresa, o que evidencia a raridade da apari\u00e7\u00e3o desse [&hellip;]<\/p>\n","protected":false},"author":1,"featured_media":9310,"comment_status":"open","ping_status":"open","sticky":false,"template":"","format":"standard","meta":{"footnotes":""},"categories":[10],"tags":[],"class_list":["post-9309","post","type-post","status-publish","format-standard","has-post-thumbnail","hentry","category-bahia"],"yoast_head":"<!-- This site is optimized with the Yoast SEO plugin v21.7 - https:\/\/yoast.com\/wordpress\/plugins\/seo\/ -->\n<title>Amea\u00e7ada de extin\u00e7\u00e3o, on\u00e7as-pardas s\u00e3o avistadas na regi\u00e3o de Entre Rios e Itanagra - Compartilha Bahia<\/title>\n<meta name=\"robots\" content=\"index, follow, max-snippet:-1, max-image-preview:large, max-video-preview:-1\" \/>\n<link rel=\"canonical\" href=\"https:\/\/compartilhabahia.com.br\/index.php\/2026\/03\/04\/ameacada-de-extincao-oncas-pardas-sao-avistadas-na-regiao-de-entre-rios-e-itanagra\/\" \/>\n<meta property=\"og:locale\" content=\"pt_BR\" \/>\n<meta property=\"og:type\" content=\"article\" \/>\n<meta property=\"og:title\" content=\"Amea\u00e7ada de extin\u00e7\u00e3o, on\u00e7as-pardas s\u00e3o avistadas na regi\u00e3o de Entre Rios e Itanagra - Compartilha Bahia\" \/>\n<meta property=\"og:description\" content=\"Amea\u00e7ada de extin\u00e7\u00e3o na Bahia, on\u00e7as-pardas s\u00e3o avistadas em reservas da Bracell no Litoral Norte Duas on\u00e7as-pardas foram vistas em \u00e1reas de conserva\u00e7\u00e3o ambiental da Bracell, no Litoral Norte da Bahia. Os registros foram os primeiros em v\u00eddeos realizados em sete anos de monitoramento executados pela empresa, o que evidencia a raridade da apari\u00e7\u00e3o desse [&hellip;]\" \/>\n<meta property=\"og:url\" content=\"https:\/\/compartilhabahia.com.br\/index.php\/2026\/03\/04\/ameacada-de-extincao-oncas-pardas-sao-avistadas-na-regiao-de-entre-rios-e-itanagra\/\" \/>\n<meta property=\"og:site_name\" content=\"Compartilha Bahia\" \/>\n<meta property=\"article:publisher\" content=\"https:\/\/web.facebook.com\/compartilhabahia\" \/>\n<meta property=\"article:published_time\" content=\"2026-03-05T01:48:32+00:00\" \/>\n<meta property=\"article:modified_time\" content=\"2026-03-05T01:48:34+00:00\" \/>\n<meta property=\"og:image\" content=\"https:\/\/compartilhabahia.com.br\/wp-content\/uploads\/2026\/03\/oncaentrerios.jpg\" \/>\n\t<meta property=\"og:image:width\" content=\"739\" \/>\n\t<meta property=\"og:image:height\" content=\"416\" \/>\n\t<meta property=\"og:image:type\" content=\"image\/jpeg\" \/>\n<meta name=\"author\" content=\"admin\" \/>\n<meta name=\"twitter:card\" content=\"summary_large_image\" \/>\n<meta name=\"twitter:label1\" content=\"Escrito por\" \/>\n\t<meta name=\"twitter:data1\" content=\"admin\" \/>\n\t<meta name=\"twitter:label2\" content=\"Est. tempo de leitura\" \/>\n\t<meta name=\"twitter:data2\" content=\"3 minutos\" \/>\n<script type=\"application\/ld+json\" class=\"yoast-schema-graph\">{\"@context\":\"https:\/\/schema.org\",\"@graph\":[{\"@type\":\"Article\",\"@id\":\"https:\/\/compartilhabahia.com.br\/index.php\/2026\/03\/04\/ameacada-de-extincao-oncas-pardas-sao-avistadas-na-regiao-de-entre-rios-e-itanagra\/#article\",\"isPartOf\":{\"@id\":\"https:\/\/compartilhabahia.com.br\/index.php\/2026\/03\/04\/ameacada-de-extincao-oncas-pardas-sao-avistadas-na-regiao-de-entre-rios-e-itanagra\/\"},\"author\":{\"name\":\"admin\",\"@id\":\"https:\/\/compartilhabahia.com.br\/#\/schema\/person\/9b4f0c3178793b8248d6686732521c04\"},\"headline\":\"Amea\u00e7ada de extin\u00e7\u00e3o, on\u00e7as-pardas s\u00e3o avistadas na regi\u00e3o de Entre Rios e Itanagra\",\"datePublished\":\"2026-03-05T01:48:32+00:00\",\"dateModified\":\"2026-03-05T01:48:34+00:00\",\"mainEntityOfPage\":{\"@id\":\"https:\/\/compartilhabahia.com.br\/index.php\/2026\/03\/04\/ameacada-de-extincao-oncas-pardas-sao-avistadas-na-regiao-de-entre-rios-e-itanagra\/\"},\"wordCount\":512,\"commentCount\":0,\"publisher\":{\"@id\":\"https:\/\/compartilhabahia.com.br\/#organization\"},\"articleSection\":[\"Bahia\"],\"inLanguage\":\"pt-BR\",\"potentialAction\":[{\"@type\":\"CommentAction\",\"name\":\"Comment\",\"target\":[\"https:\/\/compartilhabahia.com.br\/index.php\/2026\/03\/04\/ameacada-de-extincao-oncas-pardas-sao-avistadas-na-regiao-de-entre-rios-e-itanagra\/#respond\"]}]},{\"@type\":\"WebPage\",\"@id\":\"https:\/\/compartilhabahia.com.br\/index.php\/2026\/03\/04\/ameacada-de-extincao-oncas-pardas-sao-avistadas-na-regiao-de-entre-rios-e-itanagra\/\",\"url\":\"https:\/\/compartilhabahia.com.br\/index.php\/2026\/03\/04\/ameacada-de-extincao-oncas-pardas-sao-avistadas-na-regiao-de-entre-rios-e-itanagra\/\",\"name\":\"Amea\u00e7ada de extin\u00e7\u00e3o, on\u00e7as-pardas s\u00e3o avistadas na regi\u00e3o de Entre Rios e Itanagra - Compartilha Bahia\",\"isPartOf\":{\"@id\":\"https:\/\/compartilhabahia.com.br\/#website\"},\"datePublished\":\"2026-03-05T01:48:32+00:00\",\"dateModified\":\"2026-03-05T01:48:34+00:00\",\"breadcrumb\":{\"@id\":\"https:\/\/compartilhabahia.com.br\/index.php\/2026\/03\/04\/ameacada-de-extincao-oncas-pardas-sao-avistadas-na-regiao-de-entre-rios-e-itanagra\/#breadcrumb\"},\"inLanguage\":\"pt-BR\",\"potentialAction\":[{\"@type\":\"ReadAction\",\"target\":[\"https:\/\/compartilhabahia.com.br\/index.php\/2026\/03\/04\/ameacada-de-extincao-oncas-pardas-sao-avistadas-na-regiao-de-entre-rios-e-itanagra\/\"]}]},{\"@type\":\"BreadcrumbList\",\"@id\":\"https:\/\/compartilhabahia.com.br\/index.php\/2026\/03\/04\/ameacada-de-extincao-oncas-pardas-sao-avistadas-na-regiao-de-entre-rios-e-itanagra\/#breadcrumb\",\"itemListElement\":[{\"@type\":\"ListItem\",\"position\":1,\"name\":\"In\u00edcio\",\"item\":\"https:\/\/compartilhabahia.com.br\/\"},{\"@type\":\"ListItem\",\"position\":2,\"name\":\"Amea\u00e7ada de extin\u00e7\u00e3o, on\u00e7as-pardas s\u00e3o avistadas na regi\u00e3o de Entre Rios e Itanagra\"}]},{\"@type\":\"WebSite\",\"@id\":\"https:\/\/compartilhabahia.com.br\/#website\",\"url\":\"https:\/\/compartilhabahia.com.br\/\",\"name\":\"Compartilha Bahia\",\"description\":\"\",\"publisher\":{\"@id\":\"https:\/\/compartilhabahia.com.br\/#organization\"},\"potentialAction\":[{\"@type\":\"SearchAction\",\"target\":{\"@type\":\"EntryPoint\",\"urlTemplate\":\"https:\/\/compartilhabahia.com.br\/?s={search_term_string}\"},\"query-input\":\"required name=search_term_string\"}],\"inLanguage\":\"pt-BR\"},{\"@type\":\"Organization\",\"@id\":\"https:\/\/compartilhabahia.com.br\/#organization\",\"name\":\"Compartilha Bahia\",\"url\":\"https:\/\/compartilhabahia.com.br\/\",\"logo\":{\"@type\":\"ImageObject\",\"inLanguage\":\"pt-BR\",\"@id\":\"https:\/\/compartilhabahia.com.br\/#\/schema\/logo\/image\/\",\"url\":\"https:\/\/compartilhabahia.com.br\/wp-content\/uploads\/2023\/12\/cropped-logo.png\",\"contentUrl\":\"https:\/\/compartilhabahia.com.br\/wp-content\/uploads\/2023\/12\/cropped-logo.png\",\"width\":300,\"height\":106,\"caption\":\"Compartilha Bahia\"},\"image\":{\"@id\":\"https:\/\/compartilhabahia.com.br\/#\/schema\/logo\/image\/\"},\"sameAs\":[\"https:\/\/web.facebook.com\/compartilhabahia\",\"https:\/\/www.instagram.com\/compartilhabahia\/\"]},{\"@type\":\"Person\",\"@id\":\"https:\/\/compartilhabahia.com.br\/#\/schema\/person\/9b4f0c3178793b8248d6686732521c04\",\"name\":\"admin\",\"image\":{\"@type\":\"ImageObject\",\"inLanguage\":\"pt-BR\",\"@id\":\"https:\/\/compartilhabahia.com.br\/#\/schema\/person\/image\/\",\"url\":\"https:\/\/secure.gravatar.com\/avatar\/9600df58751c5acbe914c538c03390ef649ea088cb65f84ba09c7ce66988eed6?s=96&d=mm&r=g\",\"contentUrl\":\"https:\/\/secure.gravatar.com\/avatar\/9600df58751c5acbe914c538c03390ef649ea088cb65f84ba09c7ce66988eed6?s=96&d=mm&r=g\",\"caption\":\"admin\"},\"sameAs\":[\"https:\/\/compartilhabahia.com.br\"],\"url\":\"https:\/\/compartilhabahia.com.br\/index.php\/author\/compartilhabahia\/\"}]}<\/script>\n<!-- \/ Yoast SEO plugin. -->","yoast_head_json":{"title":"Amea\u00e7ada de extin\u00e7\u00e3o, on\u00e7as-pardas s\u00e3o avistadas na regi\u00e3o de Entre Rios e Itanagra - Compartilha Bahia","robots":{"index":"index","follow":"follow","max-snippet":"max-snippet:-1","max-image-preview":"max-image-preview:large","max-video-preview":"max-video-preview:-1"},"canonical":"https:\/\/compartilhabahia.com.br\/index.php\/2026\/03\/04\/ameacada-de-extincao-oncas-pardas-sao-avistadas-na-regiao-de-entre-rios-e-itanagra\/","og_locale":"pt_BR","og_type":"article","og_title":"Amea\u00e7ada de extin\u00e7\u00e3o, on\u00e7as-pardas s\u00e3o avistadas na regi\u00e3o de Entre Rios e Itanagra - Compartilha Bahia","og_description":"Amea\u00e7ada de extin\u00e7\u00e3o na Bahia, on\u00e7as-pardas s\u00e3o avistadas em reservas da Bracell no Litoral Norte Duas on\u00e7as-pardas foram vistas em \u00e1reas de conserva\u00e7\u00e3o ambiental da Bracell, no Litoral Norte da Bahia. Os registros foram os primeiros em v\u00eddeos realizados em sete anos de monitoramento executados pela empresa, o que evidencia a raridade da apari\u00e7\u00e3o desse [&hellip;]","og_url":"https:\/\/compartilhabahia.com.br\/index.php\/2026\/03\/04\/ameacada-de-extincao-oncas-pardas-sao-avistadas-na-regiao-de-entre-rios-e-itanagra\/","og_site_name":"Compartilha Bahia","article_publisher":"https:\/\/web.facebook.com\/compartilhabahia","article_published_time":"2026-03-05T01:48:32+00:00","article_modified_time":"2026-03-05T01:48:34+00:00","og_image":[{"width":739,"height":416,"url":"https:\/\/compartilhabahia.com.br\/wp-content\/uploads\/2026\/03\/oncaentrerios.jpg","type":"image\/jpeg"}],"author":"admin","twitter_card":"summary_large_image","twitter_misc":{"Escrito por":"admin","Est. tempo de leitura":"3 minutos"},"schema":{"@context":"https:\/\/schema.org","@graph":[{"@type":"Article","@id":"https:\/\/compartilhabahia.com.br\/index.php\/2026\/03\/04\/ameacada-de-extincao-oncas-pardas-sao-avistadas-na-regiao-de-entre-rios-e-itanagra\/#article","isPartOf":{"@id":"https:\/\/compartilhabahia.com.br\/index.php\/2026\/03\/04\/ameacada-de-extincao-oncas-pardas-sao-avistadas-na-regiao-de-entre-rios-e-itanagra\/"},"author":{"name":"admin","@id":"https:\/\/compartilhabahia.com.br\/#\/schema\/person\/9b4f0c3178793b8248d6686732521c04"},"headline":"Amea\u00e7ada de extin\u00e7\u00e3o, on\u00e7as-pardas s\u00e3o avistadas na regi\u00e3o de Entre Rios e Itanagra","datePublished":"2026-03-05T01:48:32+00:00","dateModified":"2026-03-05T01:48:34+00:00","mainEntityOfPage":{"@id":"https:\/\/compartilhabahia.com.br\/index.php\/2026\/03\/04\/ameacada-de-extincao-oncas-pardas-sao-avistadas-na-regiao-de-entre-rios-e-itanagra\/"},"wordCount":512,"commentCount":0,"publisher":{"@id":"https:\/\/compartilhabahia.com.br\/#organization"},"articleSection":["Bahia"],"inLanguage":"pt-BR","potentialAction":[{"@type":"CommentAction","name":"Comment","target":["https:\/\/compartilhabahia.com.br\/index.php\/2026\/03\/04\/ameacada-de-extincao-oncas-pardas-sao-avistadas-na-regiao-de-entre-rios-e-itanagra\/#respond"]}]},{"@type":"WebPage","@id":"https:\/\/compartilhabahia.com.br\/index.php\/2026\/03\/04\/ameacada-de-extincao-oncas-pardas-sao-avistadas-na-regiao-de-entre-rios-e-itanagra\/","url":"https:\/\/compartilhabahia.com.br\/index.php\/2026\/03\/04\/ameacada-de-extincao-oncas-pardas-sao-avistadas-na-regiao-de-entre-rios-e-itanagra\/","name":"Amea\u00e7ada de extin\u00e7\u00e3o, on\u00e7as-pardas s\u00e3o avistadas na regi\u00e3o de Entre Rios e Itanagra - Compartilha Bahia","isPartOf":{"@id":"https:\/\/compartilhabahia.com.br\/#website"},"datePublished":"2026-03-05T01:48:32+00:00","dateModified":"2026-03-05T01:48:34+00:00","breadcrumb":{"@id":"https:\/\/compartilhabahia.com.br\/index.php\/2026\/03\/04\/ameacada-de-extincao-oncas-pardas-sao-avistadas-na-regiao-de-entre-rios-e-itanagra\/#breadcrumb"},"inLanguage":"pt-BR","potentialAction":[{"@type":"ReadAction","target":["https:\/\/compartilhabahia.com.br\/index.php\/2026\/03\/04\/ameacada-de-extincao-oncas-pardas-sao-avistadas-na-regiao-de-entre-rios-e-itanagra\/"]}]},{"@type":"BreadcrumbList","@id":"https:\/\/compartilhabahia.com.br\/index.php\/2026\/03\/04\/ameacada-de-extincao-oncas-pardas-sao-avistadas-na-regiao-de-entre-rios-e-itanagra\/#breadcrumb","itemListElement":[{"@type":"ListItem","position":1,"name":"In\u00edcio","item":"https:\/\/compartilhabahia.com.br\/"},{"@type":"ListItem","position":2,"name":"Amea\u00e7ada de extin\u00e7\u00e3o, on\u00e7as-pardas s\u00e3o avistadas na regi\u00e3o de Entre Rios e Itanagra"}]},{"@type":"WebSite","@id":"https:\/\/compartilhabahia.com.br\/#website","url":"https:\/\/compartilhabahia.com.br\/","name":"Compartilha Bahia","description":"","publisher":{"@id":"https:\/\/compartilhabahia.com.br\/#organization"},"potentialAction":[{"@type":"SearchAction","target":{"@type":"EntryPoint","urlTemplate":"https:\/\/compartilhabahia.com.br\/?s={search_term_string}"},"query-input":"required name=search_term_string"}],"inLanguage":"pt-BR"},{"@type":"Organization","@id":"https:\/\/compartilhabahia.com.br\/#organization","name":"Compartilha Bahia","url":"https:\/\/compartilhabahia.com.br\/","logo":{"@type":"ImageObject","inLanguage":"pt-BR","@id":"https:\/\/compartilhabahia.com.br\/#\/schema\/logo\/image\/","url":"https:\/\/compartilhabahia.com.br\/wp-content\/uploads\/2023\/12\/cropped-logo.png","contentUrl":"https:\/\/compartilhabahia.com.br\/wp-content\/uploads\/2023\/12\/cropped-logo.png","width":300,"height":106,"caption":"Compartilha Bahia"},"image":{"@id":"https:\/\/compartilhabahia.com.br\/#\/schema\/logo\/image\/"},"sameAs":["https:\/\/web.facebook.com\/compartilhabahia","https:\/\/www.instagram.com\/compartilhabahia\/"]},{"@type":"Person","@id":"https:\/\/compartilhabahia.com.br\/#\/schema\/person\/9b4f0c3178793b8248d6686732521c04","name":"admin","image":{"@type":"ImageObject","inLanguage":"pt-BR","@id":"https:\/\/compartilhabahia.com.br\/#\/schema\/person\/image\/","url":"https:\/\/secure.gravatar.com\/avatar\/9600df58751c5acbe914c538c03390ef649ea088cb65f84ba09c7ce66988eed6?s=96&d=mm&r=g","contentUrl":"https:\/\/secure.gravatar.com\/avatar\/9600df58751c5acbe914c538c03390ef649ea088cb65f84ba09c7ce66988eed6?s=96&d=mm&r=g","caption":"admin"},"sameAs":["https:\/\/compartilhabahia.com.br"],"url":"https:\/\/compartilhabahia.com.br\/index.php\/author\/compartilhabahia\/"}]}},"_links":{"self":[{"href":"https:\/\/compartilhabahia.com.br\/index.php\/wp-json\/wp\/v2\/posts\/9309","targetHints":{"allow":["GET"]}}],"collection":[{"href":"https:\/\/compartilhabahia.com.br\/index.php\/wp-json\/wp\/v2\/posts"}],"about":[{"href":"https:\/\/compartilhabahia.com.br\/index.php\/wp-json\/wp\/v2\/types\/post"}],"author":[{"embeddable":true,"href":"https:\/\/compartilhabahia.com.br\/index.php\/wp-json\/wp\/v2\/users\/1"}],"replies":[{"embeddable":true,"href":"https:\/\/compartilhabahia.com.br\/index.php\/wp-json\/wp\/v2\/comments?post=9309"}],"version-history":[{"count":1,"href":"https:\/\/compartilhabahia.com.br\/index.php\/wp-json\/wp\/v2\/posts\/9309\/revisions"}],"predecessor-version":[{"id":9311,"href":"https:\/\/compartilhabahia.com.br\/index.php\/wp-json\/wp\/v2\/posts\/9309\/revisions\/9311"}],"wp:featuredmedia":[{"embeddable":true,"href":"https:\/\/compartilhabahia.com.br\/index.php\/wp-json\/wp\/v2\/media\/9310"}],"wp:attachment":[{"href":"https:\/\/compartilhabahia.com.br\/index.php\/wp-json\/wp\/v2\/media?parent=9309"}],"wp:term":[{"taxonomy":"category","embeddable":true,"href":"https:\/\/compartilhabahia.com.br\/index.php\/wp-json\/wp\/v2\/categories?post=9309"},{"taxonomy":"post_tag","embeddable":true,"href":"https:\/\/compartilhabahia.com.br\/index.php\/wp-json\/wp\/v2\/tags?post=9309"}],"curies":[{"name":"wp","href":"https:\/\/api.w.org\/{rel}","templated":true}]}}