{"id":9305,"date":"2026-03-04T11:52:27","date_gmt":"2026-03-04T14:52:27","guid":{"rendered":"https:\/\/compartilhabahia.com.br\/?p=9305"},"modified":"2026-03-04T11:53:03","modified_gmt":"2026-03-04T14:53:03","slug":"clinicas-medica-e-vascular-do-hospital-geral-de-camacari-recebem-selo-hgc-iras-0-por-60-dias-sem-infeccao-hospitalar","status":"publish","type":"post","link":"https:\/\/compartilhabahia.com.br\/index.php\/2026\/03\/04\/clinicas-medica-e-vascular-do-hospital-geral-de-camacari-recebem-selo-hgc-iras-0-por-60-dias-sem-infeccao-hospitalar\/","title":{"rendered":"Cl\u00ednicas M\u00e9dica e Vascular do Hospital Geral de Cama\u00e7ari recebem Selo \u201cHGC IRAS 0\u201d por 60 dias sem infec\u00e7\u00e3o hospitalar"},"content":{"rendered":"\n<p>As cl\u00ednicas M\u00e9dica e Vascular do Hospital Geral de Cama\u00e7ari (HGC) alcan\u00e7aram um marco expressivo na seguran\u00e7a do paciente: 60 dias consecutivos sem registro de Infec\u00e7\u00e3o Relacionada \u00e0 Assist\u00eancia \u00e0 Sa\u00fade (IRAS). Em reconhecimento ao resultado, as unidades receberam, na \u00faltima sexta-feira (27), o Selo IRAS 0, iniciativa do Servi\u00e7o de Controle de Infec\u00e7\u00e3o Hospitalar (SCIH) da pr\u00f3pria unidade.<\/p>\n\n\n\n<p>A certifica\u00e7\u00e3o foi entregue pela diretora-geral do HGC, Tha\u00eds Fraga, pelo diretor m\u00e9dico, F\u00e1bio Rom\u00e3o, e pela diretora de Enfermagem, Elane Reis, em um momento que evidenciou o compromisso das equipes assistenciais com a qualidade do cuidado prestado.<\/p>\n\n\n\n<p>Coordenadora do SCIH e m\u00e9dica infectologista, a dra. Alessandra Pe\u00e7anha destacou a import\u00e2ncia da conquista. \u201cA Cl\u00ednica M\u00e9dica e a Cl\u00ednica Vascular do HGC alcan\u00e7aram a meta de dois meses com taxa de infec\u00e7\u00e3o zero. Este \u00e9 um resultado not\u00e1vel e digno de reconhecimento. O certificado e o selo de infec\u00e7\u00e3o zero s\u00e3o um testemunho do compromisso das equipes com a seguran\u00e7a e o bem-estar dos pacientes\u201d, afirmou.<\/p>\n\n\n\n<p>Criado para estimular a cultura de seguran\u00e7a e fortalecer as boas pr\u00e1ticas assistenciais, o Selo IRAS 0 integra a pol\u00edtica permanente de monitoramento de indicadores e educa\u00e7\u00e3o continuada da unidade. A iniciativa busca reconhecer setores que mant\u00eam desempenho de excel\u00eancia no controle e preven\u00e7\u00e3o de infec\u00e7\u00f5es hospitalares.<\/p>\n\n\n\n<p>Para o diretor m\u00e9dico, F\u00e1bio Rom\u00e3o, a atua\u00e7\u00e3o da equipe de Infectologia e do SCIH \u00e9 estrat\u00e9gica para a gest\u00e3o hospitalar. \u201cA import\u00e2ncia do Servi\u00e7o de Controle de Infec\u00e7\u00e3o Hospitalar vai muito al\u00e9m da conformidade regulat\u00f3ria. Ele impacta diretamente na redu\u00e7\u00e3o da mortalidade, na diminui\u00e7\u00e3o de custos e na preven\u00e7\u00e3o das IRAS. Este certificado foi criado para prestigiar e incentivar as equipes assistenciais e m\u00e9dicas, valorizando o esfor\u00e7o coletivo que resultou em mais de 60 dias sem infec\u00e7\u00e3o nessas enfermarias\u201d, ressaltou.<\/p>\n\n\n\n<p>A diretora-geral do HGC, Tha\u00eds Fraga, enfatizou o papel do trabalho integrado no alcance da meta. \u201cEsse resultado demonstra que estamos no caminho certo, investindo em qualifica\u00e7\u00e3o, protocolos bem definidos e no fortalecimento da cultura de seguran\u00e7a do paciente. O Selo IRAS 0 \u00e9 mais que um reconhecimento; \u00e9 a consolida\u00e7\u00e3o de um compromisso di\u00e1rio das nossas equipes com a excel\u00eancia do cuidado e com a vida\u201d, afirmou.<\/p>\n\n\n\n<p>A conquista refor\u00e7a a efetividade das medidas de preven\u00e7\u00e3o adotadas na unidade, protegendo pacientes e trabalhadores da sa\u00fade e fortalecendo a confian\u00e7a da popula\u00e7\u00e3o na assist\u00eancia p\u00fablica. O certificado simboliza o esfor\u00e7o cont\u00ednuo, o aprendizado permanente e a integra\u00e7\u00e3o entre o SCIH e as equipes assistenciais, reafirmando o compromisso do HGC com uma assist\u00eancia cada vez mais segura, humanizada e resolutiva.<\/p>\n\n\n\n<figure class=\"wp-block-image size-large\"><img loading=\"lazy\" decoding=\"async\" width=\"1024\" height=\"768\" src=\"https:\/\/compartilhabahia.com.br\/wp-content\/uploads\/2026\/03\/WhatsApp-Image-2026-03-04-at-11.00.15-1-1024x768.jpeg\" alt=\"\" class=\"wp-image-9307\" srcset=\"https:\/\/compartilhabahia.com.br\/wp-content\/uploads\/2026\/03\/WhatsApp-Image-2026-03-04-at-11.00.15-1-1024x768.jpeg 1024w, https:\/\/compartilhabahia.com.br\/wp-content\/uploads\/2026\/03\/WhatsApp-Image-2026-03-04-at-11.00.15-1-300x225.jpeg 300w, https:\/\/compartilhabahia.com.br\/wp-content\/uploads\/2026\/03\/WhatsApp-Image-2026-03-04-at-11.00.15-1-768x576.jpeg 768w, https:\/\/compartilhabahia.com.br\/wp-content\/uploads\/2026\/03\/WhatsApp-Image-2026-03-04-at-11.00.15-1.jpeg 1280w\" sizes=\"auto, (max-width: 1024px) 100vw, 1024px\" \/><\/figure>\n\n\n\n<p>ASCOM\/HGC<\/p>\n","protected":false},"excerpt":{"rendered":"<p>As cl\u00ednicas M\u00e9dica e Vascular do Hospital Geral de Cama\u00e7ari (HGC) alcan\u00e7aram um marco expressivo na seguran\u00e7a do paciente: 60 dias consecutivos sem registro de Infec\u00e7\u00e3o Relacionada \u00e0 Assist\u00eancia \u00e0 Sa\u00fade (IRAS). Em reconhecimento ao resultado, as unidades receberam, na \u00faltima sexta-feira (27), o Selo IRAS 0, iniciativa do Servi\u00e7o de Controle de Infec\u00e7\u00e3o Hospitalar [&hellip;]<\/p>\n","protected":false},"author":1,"featured_media":9306,"comment_status":"open","ping_status":"open","sticky":false,"template":"","format":"standard","meta":{"footnotes":""},"categories":[8],"tags":[],"class_list":["post-9305","post","type-post","status-publish","format-standard","has-post-thumbnail","hentry","category-camacari"],"yoast_head":"<!-- This site is optimized with the Yoast SEO plugin v21.7 - https:\/\/yoast.com\/wordpress\/plugins\/seo\/ -->\n<title>Cl\u00ednicas M\u00e9dica e Vascular do Hospital Geral de Cama\u00e7ari recebem Selo \u201cHGC IRAS 0\u201d por 60 dias sem infec\u00e7\u00e3o hospitalar - Compartilha Bahia<\/title>\n<meta name=\"robots\" content=\"index, follow, max-snippet:-1, max-image-preview:large, max-video-preview:-1\" \/>\n<link rel=\"canonical\" href=\"https:\/\/compartilhabahia.com.br\/index.php\/2026\/03\/04\/clinicas-medica-e-vascular-do-hospital-geral-de-camacari-recebem-selo-hgc-iras-0-por-60-dias-sem-infeccao-hospitalar\/\" \/>\n<meta property=\"og:locale\" content=\"pt_BR\" \/>\n<meta property=\"og:type\" content=\"article\" \/>\n<meta property=\"og:title\" content=\"Cl\u00ednicas M\u00e9dica e Vascular do Hospital Geral de Cama\u00e7ari recebem Selo \u201cHGC IRAS 0\u201d por 60 dias sem infec\u00e7\u00e3o hospitalar - Compartilha Bahia\" \/>\n<meta property=\"og:description\" content=\"As cl\u00ednicas M\u00e9dica e Vascular do Hospital Geral de Cama\u00e7ari (HGC) alcan\u00e7aram um marco expressivo na seguran\u00e7a do paciente: 60 dias consecutivos sem registro de Infec\u00e7\u00e3o Relacionada \u00e0 Assist\u00eancia \u00e0 Sa\u00fade (IRAS). Em reconhecimento ao resultado, as unidades receberam, na \u00faltima sexta-feira (27), o Selo IRAS 0, iniciativa do Servi\u00e7o de Controle de Infec\u00e7\u00e3o Hospitalar [&hellip;]\" \/>\n<meta property=\"og:url\" content=\"https:\/\/compartilhabahia.com.br\/index.php\/2026\/03\/04\/clinicas-medica-e-vascular-do-hospital-geral-de-camacari-recebem-selo-hgc-iras-0-por-60-dias-sem-infeccao-hospitalar\/\" \/>\n<meta property=\"og:site_name\" content=\"Compartilha Bahia\" \/>\n<meta property=\"article:publisher\" content=\"https:\/\/web.facebook.com\/compartilhabahia\" \/>\n<meta property=\"article:published_time\" content=\"2026-03-04T14:52:27+00:00\" \/>\n<meta property=\"article:modified_time\" content=\"2026-03-04T14:53:03+00:00\" \/>\n<meta property=\"og:image\" content=\"https:\/\/compartilhabahia.com.br\/wp-content\/uploads\/2026\/03\/hgcinfeccaozero.jpg\" \/>\n\t<meta property=\"og:image:width\" content=\"896\" \/>\n\t<meta property=\"og:image:height\" content=\"672\" \/>\n\t<meta property=\"og:image:type\" content=\"image\/jpeg\" \/>\n<meta name=\"author\" content=\"admin\" \/>\n<meta name=\"twitter:card\" content=\"summary_large_image\" \/>\n<meta name=\"twitter:label1\" content=\"Escrito por\" \/>\n\t<meta name=\"twitter:data1\" content=\"admin\" \/>\n\t<meta name=\"twitter:label2\" content=\"Est. tempo de leitura\" \/>\n\t<meta name=\"twitter:data2\" content=\"3 minutos\" \/>\n<script type=\"application\/ld+json\" class=\"yoast-schema-graph\">{\"@context\":\"https:\/\/schema.org\",\"@graph\":[{\"@type\":\"Article\",\"@id\":\"https:\/\/compartilhabahia.com.br\/index.php\/2026\/03\/04\/clinicas-medica-e-vascular-do-hospital-geral-de-camacari-recebem-selo-hgc-iras-0-por-60-dias-sem-infeccao-hospitalar\/#article\",\"isPartOf\":{\"@id\":\"https:\/\/compartilhabahia.com.br\/index.php\/2026\/03\/04\/clinicas-medica-e-vascular-do-hospital-geral-de-camacari-recebem-selo-hgc-iras-0-por-60-dias-sem-infeccao-hospitalar\/\"},\"author\":{\"name\":\"admin\",\"@id\":\"https:\/\/compartilhabahia.com.br\/#\/schema\/person\/9b4f0c3178793b8248d6686732521c04\"},\"headline\":\"Cl\u00ednicas M\u00e9dica e Vascular do Hospital Geral de Cama\u00e7ari recebem Selo \u201cHGC IRAS 0\u201d por 60 dias sem infec\u00e7\u00e3o hospitalar\",\"datePublished\":\"2026-03-04T14:52:27+00:00\",\"dateModified\":\"2026-03-04T14:53:03+00:00\",\"mainEntityOfPage\":{\"@id\":\"https:\/\/compartilhabahia.com.br\/index.php\/2026\/03\/04\/clinicas-medica-e-vascular-do-hospital-geral-de-camacari-recebem-selo-hgc-iras-0-por-60-dias-sem-infeccao-hospitalar\/\"},\"wordCount\":504,\"commentCount\":0,\"publisher\":{\"@id\":\"https:\/\/compartilhabahia.com.br\/#organization\"},\"articleSection\":[\"Cama\u00e7ari\"],\"inLanguage\":\"pt-BR\",\"potentialAction\":[{\"@type\":\"CommentAction\",\"name\":\"Comment\",\"target\":[\"https:\/\/compartilhabahia.com.br\/index.php\/2026\/03\/04\/clinicas-medica-e-vascular-do-hospital-geral-de-camacari-recebem-selo-hgc-iras-0-por-60-dias-sem-infeccao-hospitalar\/#respond\"]}]},{\"@type\":\"WebPage\",\"@id\":\"https:\/\/compartilhabahia.com.br\/index.php\/2026\/03\/04\/clinicas-medica-e-vascular-do-hospital-geral-de-camacari-recebem-selo-hgc-iras-0-por-60-dias-sem-infeccao-hospitalar\/\",\"url\":\"https:\/\/compartilhabahia.com.br\/index.php\/2026\/03\/04\/clinicas-medica-e-vascular-do-hospital-geral-de-camacari-recebem-selo-hgc-iras-0-por-60-dias-sem-infeccao-hospitalar\/\",\"name\":\"Cl\u00ednicas M\u00e9dica e Vascular do Hospital Geral de Cama\u00e7ari recebem Selo \u201cHGC IRAS 0\u201d por 60 dias sem infec\u00e7\u00e3o hospitalar - Compartilha Bahia\",\"isPartOf\":{\"@id\":\"https:\/\/compartilhabahia.com.br\/#website\"},\"datePublished\":\"2026-03-04T14:52:27+00:00\",\"dateModified\":\"2026-03-04T14:53:03+00:00\",\"breadcrumb\":{\"@id\":\"https:\/\/compartilhabahia.com.br\/index.php\/2026\/03\/04\/clinicas-medica-e-vascular-do-hospital-geral-de-camacari-recebem-selo-hgc-iras-0-por-60-dias-sem-infeccao-hospitalar\/#breadcrumb\"},\"inLanguage\":\"pt-BR\",\"potentialAction\":[{\"@type\":\"ReadAction\",\"target\":[\"https:\/\/compartilhabahia.com.br\/index.php\/2026\/03\/04\/clinicas-medica-e-vascular-do-hospital-geral-de-camacari-recebem-selo-hgc-iras-0-por-60-dias-sem-infeccao-hospitalar\/\"]}]},{\"@type\":\"BreadcrumbList\",\"@id\":\"https:\/\/compartilhabahia.com.br\/index.php\/2026\/03\/04\/clinicas-medica-e-vascular-do-hospital-geral-de-camacari-recebem-selo-hgc-iras-0-por-60-dias-sem-infeccao-hospitalar\/#breadcrumb\",\"itemListElement\":[{\"@type\":\"ListItem\",\"position\":1,\"name\":\"In\u00edcio\",\"item\":\"https:\/\/compartilhabahia.com.br\/\"},{\"@type\":\"ListItem\",\"position\":2,\"name\":\"Cl\u00ednicas M\u00e9dica e Vascular do Hospital Geral de Cama\u00e7ari recebem Selo \u201cHGC IRAS 0\u201d por 60 dias sem infec\u00e7\u00e3o hospitalar\"}]},{\"@type\":\"WebSite\",\"@id\":\"https:\/\/compartilhabahia.com.br\/#website\",\"url\":\"https:\/\/compartilhabahia.com.br\/\",\"name\":\"Compartilha Bahia\",\"description\":\"\",\"publisher\":{\"@id\":\"https:\/\/compartilhabahia.com.br\/#organization\"},\"potentialAction\":[{\"@type\":\"SearchAction\",\"target\":{\"@type\":\"EntryPoint\",\"urlTemplate\":\"https:\/\/compartilhabahia.com.br\/?s={search_term_string}\"},\"query-input\":\"required name=search_term_string\"}],\"inLanguage\":\"pt-BR\"},{\"@type\":\"Organization\",\"@id\":\"https:\/\/compartilhabahia.com.br\/#organization\",\"name\":\"Compartilha Bahia\",\"url\":\"https:\/\/compartilhabahia.com.br\/\",\"logo\":{\"@type\":\"ImageObject\",\"inLanguage\":\"pt-BR\",\"@id\":\"https:\/\/compartilhabahia.com.br\/#\/schema\/logo\/image\/\",\"url\":\"https:\/\/compartilhabahia.com.br\/wp-content\/uploads\/2023\/12\/cropped-logo.png\",\"contentUrl\":\"https:\/\/compartilhabahia.com.br\/wp-content\/uploads\/2023\/12\/cropped-logo.png\",\"width\":300,\"height\":106,\"caption\":\"Compartilha Bahia\"},\"image\":{\"@id\":\"https:\/\/compartilhabahia.com.br\/#\/schema\/logo\/image\/\"},\"sameAs\":[\"https:\/\/web.facebook.com\/compartilhabahia\",\"https:\/\/www.instagram.com\/compartilhabahia\/\"]},{\"@type\":\"Person\",\"@id\":\"https:\/\/compartilhabahia.com.br\/#\/schema\/person\/9b4f0c3178793b8248d6686732521c04\",\"name\":\"admin\",\"image\":{\"@type\":\"ImageObject\",\"inLanguage\":\"pt-BR\",\"@id\":\"https:\/\/compartilhabahia.com.br\/#\/schema\/person\/image\/\",\"url\":\"https:\/\/secure.gravatar.com\/avatar\/9600df58751c5acbe914c538c03390ef649ea088cb65f84ba09c7ce66988eed6?s=96&d=mm&r=g\",\"contentUrl\":\"https:\/\/secure.gravatar.com\/avatar\/9600df58751c5acbe914c538c03390ef649ea088cb65f84ba09c7ce66988eed6?s=96&d=mm&r=g\",\"caption\":\"admin\"},\"sameAs\":[\"https:\/\/compartilhabahia.com.br\"],\"url\":\"https:\/\/compartilhabahia.com.br\/index.php\/author\/compartilhabahia\/\"}]}<\/script>\n<!-- \/ Yoast SEO plugin. -->","yoast_head_json":{"title":"Cl\u00ednicas M\u00e9dica e Vascular do Hospital Geral de Cama\u00e7ari recebem Selo \u201cHGC IRAS 0\u201d por 60 dias sem infec\u00e7\u00e3o hospitalar - Compartilha Bahia","robots":{"index":"index","follow":"follow","max-snippet":"max-snippet:-1","max-image-preview":"max-image-preview:large","max-video-preview":"max-video-preview:-1"},"canonical":"https:\/\/compartilhabahia.com.br\/index.php\/2026\/03\/04\/clinicas-medica-e-vascular-do-hospital-geral-de-camacari-recebem-selo-hgc-iras-0-por-60-dias-sem-infeccao-hospitalar\/","og_locale":"pt_BR","og_type":"article","og_title":"Cl\u00ednicas M\u00e9dica e Vascular do Hospital Geral de Cama\u00e7ari recebem Selo \u201cHGC IRAS 0\u201d por 60 dias sem infec\u00e7\u00e3o hospitalar - Compartilha Bahia","og_description":"As cl\u00ednicas M\u00e9dica e Vascular do Hospital Geral de Cama\u00e7ari (HGC) alcan\u00e7aram um marco expressivo na seguran\u00e7a do paciente: 60 dias consecutivos sem registro de Infec\u00e7\u00e3o Relacionada \u00e0 Assist\u00eancia \u00e0 Sa\u00fade (IRAS). Em reconhecimento ao resultado, as unidades receberam, na \u00faltima sexta-feira (27), o Selo IRAS 0, iniciativa do Servi\u00e7o de Controle de Infec\u00e7\u00e3o Hospitalar [&hellip;]","og_url":"https:\/\/compartilhabahia.com.br\/index.php\/2026\/03\/04\/clinicas-medica-e-vascular-do-hospital-geral-de-camacari-recebem-selo-hgc-iras-0-por-60-dias-sem-infeccao-hospitalar\/","og_site_name":"Compartilha Bahia","article_publisher":"https:\/\/web.facebook.com\/compartilhabahia","article_published_time":"2026-03-04T14:52:27+00:00","article_modified_time":"2026-03-04T14:53:03+00:00","og_image":[{"width":896,"height":672,"url":"https:\/\/compartilhabahia.com.br\/wp-content\/uploads\/2026\/03\/hgcinfeccaozero.jpg","type":"image\/jpeg"}],"author":"admin","twitter_card":"summary_large_image","twitter_misc":{"Escrito por":"admin","Est. tempo de leitura":"3 minutos"},"schema":{"@context":"https:\/\/schema.org","@graph":[{"@type":"Article","@id":"https:\/\/compartilhabahia.com.br\/index.php\/2026\/03\/04\/clinicas-medica-e-vascular-do-hospital-geral-de-camacari-recebem-selo-hgc-iras-0-por-60-dias-sem-infeccao-hospitalar\/#article","isPartOf":{"@id":"https:\/\/compartilhabahia.com.br\/index.php\/2026\/03\/04\/clinicas-medica-e-vascular-do-hospital-geral-de-camacari-recebem-selo-hgc-iras-0-por-60-dias-sem-infeccao-hospitalar\/"},"author":{"name":"admin","@id":"https:\/\/compartilhabahia.com.br\/#\/schema\/person\/9b4f0c3178793b8248d6686732521c04"},"headline":"Cl\u00ednicas M\u00e9dica e Vascular do Hospital Geral de Cama\u00e7ari recebem Selo \u201cHGC IRAS 0\u201d por 60 dias sem infec\u00e7\u00e3o hospitalar","datePublished":"2026-03-04T14:52:27+00:00","dateModified":"2026-03-04T14:53:03+00:00","mainEntityOfPage":{"@id":"https:\/\/compartilhabahia.com.br\/index.php\/2026\/03\/04\/clinicas-medica-e-vascular-do-hospital-geral-de-camacari-recebem-selo-hgc-iras-0-por-60-dias-sem-infeccao-hospitalar\/"},"wordCount":504,"commentCount":0,"publisher":{"@id":"https:\/\/compartilhabahia.com.br\/#organization"},"articleSection":["Cama\u00e7ari"],"inLanguage":"pt-BR","potentialAction":[{"@type":"CommentAction","name":"Comment","target":["https:\/\/compartilhabahia.com.br\/index.php\/2026\/03\/04\/clinicas-medica-e-vascular-do-hospital-geral-de-camacari-recebem-selo-hgc-iras-0-por-60-dias-sem-infeccao-hospitalar\/#respond"]}]},{"@type":"WebPage","@id":"https:\/\/compartilhabahia.com.br\/index.php\/2026\/03\/04\/clinicas-medica-e-vascular-do-hospital-geral-de-camacari-recebem-selo-hgc-iras-0-por-60-dias-sem-infeccao-hospitalar\/","url":"https:\/\/compartilhabahia.com.br\/index.php\/2026\/03\/04\/clinicas-medica-e-vascular-do-hospital-geral-de-camacari-recebem-selo-hgc-iras-0-por-60-dias-sem-infeccao-hospitalar\/","name":"Cl\u00ednicas M\u00e9dica e Vascular do Hospital Geral de Cama\u00e7ari recebem Selo \u201cHGC IRAS 0\u201d por 60 dias sem infec\u00e7\u00e3o hospitalar - Compartilha Bahia","isPartOf":{"@id":"https:\/\/compartilhabahia.com.br\/#website"},"datePublished":"2026-03-04T14:52:27+00:00","dateModified":"2026-03-04T14:53:03+00:00","breadcrumb":{"@id":"https:\/\/compartilhabahia.com.br\/index.php\/2026\/03\/04\/clinicas-medica-e-vascular-do-hospital-geral-de-camacari-recebem-selo-hgc-iras-0-por-60-dias-sem-infeccao-hospitalar\/#breadcrumb"},"inLanguage":"pt-BR","potentialAction":[{"@type":"ReadAction","target":["https:\/\/compartilhabahia.com.br\/index.php\/2026\/03\/04\/clinicas-medica-e-vascular-do-hospital-geral-de-camacari-recebem-selo-hgc-iras-0-por-60-dias-sem-infeccao-hospitalar\/"]}]},{"@type":"BreadcrumbList","@id":"https:\/\/compartilhabahia.com.br\/index.php\/2026\/03\/04\/clinicas-medica-e-vascular-do-hospital-geral-de-camacari-recebem-selo-hgc-iras-0-por-60-dias-sem-infeccao-hospitalar\/#breadcrumb","itemListElement":[{"@type":"ListItem","position":1,"name":"In\u00edcio","item":"https:\/\/compartilhabahia.com.br\/"},{"@type":"ListItem","position":2,"name":"Cl\u00ednicas M\u00e9dica e Vascular do Hospital Geral de Cama\u00e7ari recebem Selo \u201cHGC IRAS 0\u201d por 60 dias sem infec\u00e7\u00e3o hospitalar"}]},{"@type":"WebSite","@id":"https:\/\/compartilhabahia.com.br\/#website","url":"https:\/\/compartilhabahia.com.br\/","name":"Compartilha Bahia","description":"","publisher":{"@id":"https:\/\/compartilhabahia.com.br\/#organization"},"potentialAction":[{"@type":"SearchAction","target":{"@type":"EntryPoint","urlTemplate":"https:\/\/compartilhabahia.com.br\/?s={search_term_string}"},"query-input":"required name=search_term_string"}],"inLanguage":"pt-BR"},{"@type":"Organization","@id":"https:\/\/compartilhabahia.com.br\/#organization","name":"Compartilha Bahia","url":"https:\/\/compartilhabahia.com.br\/","logo":{"@type":"ImageObject","inLanguage":"pt-BR","@id":"https:\/\/compartilhabahia.com.br\/#\/schema\/logo\/image\/","url":"https:\/\/compartilhabahia.com.br\/wp-content\/uploads\/2023\/12\/cropped-logo.png","contentUrl":"https:\/\/compartilhabahia.com.br\/wp-content\/uploads\/2023\/12\/cropped-logo.png","width":300,"height":106,"caption":"Compartilha Bahia"},"image":{"@id":"https:\/\/compartilhabahia.com.br\/#\/schema\/logo\/image\/"},"sameAs":["https:\/\/web.facebook.com\/compartilhabahia","https:\/\/www.instagram.com\/compartilhabahia\/"]},{"@type":"Person","@id":"https:\/\/compartilhabahia.com.br\/#\/schema\/person\/9b4f0c3178793b8248d6686732521c04","name":"admin","image":{"@type":"ImageObject","inLanguage":"pt-BR","@id":"https:\/\/compartilhabahia.com.br\/#\/schema\/person\/image\/","url":"https:\/\/secure.gravatar.com\/avatar\/9600df58751c5acbe914c538c03390ef649ea088cb65f84ba09c7ce66988eed6?s=96&d=mm&r=g","contentUrl":"https:\/\/secure.gravatar.com\/avatar\/9600df58751c5acbe914c538c03390ef649ea088cb65f84ba09c7ce66988eed6?s=96&d=mm&r=g","caption":"admin"},"sameAs":["https:\/\/compartilhabahia.com.br"],"url":"https:\/\/compartilhabahia.com.br\/index.php\/author\/compartilhabahia\/"}]}},"_links":{"self":[{"href":"https:\/\/compartilhabahia.com.br\/index.php\/wp-json\/wp\/v2\/posts\/9305","targetHints":{"allow":["GET"]}}],"collection":[{"href":"https:\/\/compartilhabahia.com.br\/index.php\/wp-json\/wp\/v2\/posts"}],"about":[{"href":"https:\/\/compartilhabahia.com.br\/index.php\/wp-json\/wp\/v2\/types\/post"}],"author":[{"embeddable":true,"href":"https:\/\/compartilhabahia.com.br\/index.php\/wp-json\/wp\/v2\/users\/1"}],"replies":[{"embeddable":true,"href":"https:\/\/compartilhabahia.com.br\/index.php\/wp-json\/wp\/v2\/comments?post=9305"}],"version-history":[{"count":1,"href":"https:\/\/compartilhabahia.com.br\/index.php\/wp-json\/wp\/v2\/posts\/9305\/revisions"}],"predecessor-version":[{"id":9308,"href":"https:\/\/compartilhabahia.com.br\/index.php\/wp-json\/wp\/v2\/posts\/9305\/revisions\/9308"}],"wp:featuredmedia":[{"embeddable":true,"href":"https:\/\/compartilhabahia.com.br\/index.php\/wp-json\/wp\/v2\/media\/9306"}],"wp:attachment":[{"href":"https:\/\/compartilhabahia.com.br\/index.php\/wp-json\/wp\/v2\/media?parent=9305"}],"wp:term":[{"taxonomy":"category","embeddable":true,"href":"https:\/\/compartilhabahia.com.br\/index.php\/wp-json\/wp\/v2\/categories?post=9305"},{"taxonomy":"post_tag","embeddable":true,"href":"https:\/\/compartilhabahia.com.br\/index.php\/wp-json\/wp\/v2\/tags?post=9305"}],"curies":[{"name":"wp","href":"https:\/\/api.w.org\/{rel}","templated":true}]}}