{"id":9039,"date":"2026-01-27T22:41:38","date_gmt":"2026-01-28T01:41:38","guid":{"rendered":"https:\/\/compartilhabahia.com.br\/?p=9039"},"modified":"2026-01-27T22:41:42","modified_gmt":"2026-01-28T01:41:42","slug":"nova-fabrica-da-dasim-impulsiona-geracao-de-empregos-e-desenvolvimento-em-dias-d-avila","status":"publish","type":"post","link":"https:\/\/compartilhabahia.com.br\/index.php\/2026\/01\/27\/nova-fabrica-da-dasim-impulsiona-geracao-de-empregos-e-desenvolvimento-em-dias-d-avila\/","title":{"rendered":"Nova f\u00e1brica da d\u00e1Sim impulsiona gera\u00e7\u00e3o de empregos e desenvolvimento em Dias D\u2019 \u00c1vila"},"content":{"rendered":"\n<p>A inaugura\u00e7\u00e3o da f\u00e1brica da d\u00e1Sim, marcada para sexta-feira, dia 30 de janeiro, em Dias D\u2019 \u00c1vila, na Regi\u00e3o Metropolitana de Salvador, representa um importante impulso para o desenvolvimento econ\u00f4mico local. A nova unidade industrial vai promover a gera\u00e7\u00e3o de cerca de 100 empregos diretos e indiretos, fortalecendo a economia do munic\u00edpio e ampliando oportunidades na regi\u00e3o.<\/p>\n\n\n\n<p>O empreendimento, que contou com investimento de R$20 milh\u00f5es, movimenta \u00e1reas da cadeia produtiva, desde a opera\u00e7\u00e3o industrial, at\u00e9 servi\u00e7os de apoio, log\u00edstica e fornecedores locais. A chegada da f\u00e1brica refor\u00e7a a voca\u00e7\u00e3o industrial da Dias D\u2019 \u00c1vila e contribui para a consolida\u00e7\u00e3o do munic\u00edpio como polo estrat\u00e9gico do setor qu\u00edmico na Bahia.<\/p>\n\n\n\n<p>Al\u00e9m da gera\u00e7\u00e3o de empregos, a instala\u00e7\u00e3o da unidade estimula o desenvolvimento regional por meio da capacita\u00e7\u00e3o profissional, circula\u00e7\u00e3o de renda e fortalecimento do ambiente de neg\u00f3cios. A f\u00e1brica foi projetada para crescer de forma estruturada, acompanhando a expans\u00e3o da empresa e criando novas oportunidades ao longo do tempo.<\/p>\n\n\n\n<p>\u201cMais do que inaugurar uma f\u00e1brica, estamos investindo no desenvolvimento da regi\u00e3o e valoriza\u00e7\u00e3o da m\u00e3o de obra local. A gera\u00e7\u00e3o de empregos e o impacto positivo na economia em Dias D\u2019 \u00c1vila fazem parte do prop\u00f3sito da d\u00e1Sim desde o in\u00edcio\u201d, destaca Amanda Sim\u00f5es, s\u00f3cia-fundadora da d\u00e1Sim.<\/p>\n","protected":false},"excerpt":{"rendered":"<p>A inaugura\u00e7\u00e3o da f\u00e1brica da d\u00e1Sim, marcada para sexta-feira, dia 30 de janeiro, em Dias D\u2019 \u00c1vila, na Regi\u00e3o Metropolitana de Salvador, representa um importante impulso para o desenvolvimento econ\u00f4mico local. A nova unidade industrial vai promover a gera\u00e7\u00e3o de cerca de 100 empregos diretos e indiretos, fortalecendo a economia do munic\u00edpio e ampliando oportunidades [&hellip;]<\/p>\n","protected":false},"author":1,"featured_media":9040,"comment_status":"open","ping_status":"open","sticky":false,"template":"","format":"standard","meta":{"footnotes":""},"categories":[10],"tags":[],"class_list":["post-9039","post","type-post","status-publish","format-standard","has-post-thumbnail","hentry","category-bahia"],"yoast_head":"<!-- This site is optimized with the Yoast SEO plugin v21.7 - https:\/\/yoast.com\/wordpress\/plugins\/seo\/ -->\n<title>Nova f\u00e1brica da d\u00e1Sim impulsiona gera\u00e7\u00e3o de empregos e desenvolvimento em Dias D\u2019 \u00c1vila - Compartilha Bahia<\/title>\n<meta name=\"robots\" content=\"index, follow, max-snippet:-1, max-image-preview:large, max-video-preview:-1\" \/>\n<link rel=\"canonical\" href=\"https:\/\/compartilhabahia.com.br\/index.php\/2026\/01\/27\/nova-fabrica-da-dasim-impulsiona-geracao-de-empregos-e-desenvolvimento-em-dias-d-avila\/\" \/>\n<meta property=\"og:locale\" content=\"pt_BR\" \/>\n<meta property=\"og:type\" content=\"article\" \/>\n<meta property=\"og:title\" content=\"Nova f\u00e1brica da d\u00e1Sim impulsiona gera\u00e7\u00e3o de empregos e desenvolvimento em Dias D\u2019 \u00c1vila - Compartilha Bahia\" \/>\n<meta property=\"og:description\" content=\"A inaugura\u00e7\u00e3o da f\u00e1brica da d\u00e1Sim, marcada para sexta-feira, dia 30 de janeiro, em Dias D\u2019 \u00c1vila, na Regi\u00e3o Metropolitana de Salvador, representa um importante impulso para o desenvolvimento econ\u00f4mico local. A nova unidade industrial vai promover a gera\u00e7\u00e3o de cerca de 100 empregos diretos e indiretos, fortalecendo a economia do munic\u00edpio e ampliando oportunidades [&hellip;]\" \/>\n<meta property=\"og:url\" content=\"https:\/\/compartilhabahia.com.br\/index.php\/2026\/01\/27\/nova-fabrica-da-dasim-impulsiona-geracao-de-empregos-e-desenvolvimento-em-dias-d-avila\/\" \/>\n<meta property=\"og:site_name\" content=\"Compartilha Bahia\" \/>\n<meta property=\"article:publisher\" content=\"https:\/\/web.facebook.com\/compartilhabahia\" \/>\n<meta property=\"article:published_time\" content=\"2026-01-28T01:41:38+00:00\" \/>\n<meta property=\"article:modified_time\" content=\"2026-01-28T01:41:42+00:00\" \/>\n<meta property=\"og:image\" content=\"https:\/\/compartilhabahia.com.br\/wp-content\/uploads\/2026\/01\/daSim2.jpg\" \/>\n\t<meta property=\"og:image:width\" content=\"933\" \/>\n\t<meta property=\"og:image:height\" content=\"591\" \/>\n\t<meta property=\"og:image:type\" content=\"image\/jpeg\" \/>\n<meta name=\"author\" content=\"admin\" \/>\n<meta name=\"twitter:card\" content=\"summary_large_image\" \/>\n<meta name=\"twitter:label1\" content=\"Escrito por\" \/>\n\t<meta name=\"twitter:data1\" content=\"admin\" \/>\n\t<meta name=\"twitter:label2\" content=\"Est. tempo de leitura\" \/>\n\t<meta name=\"twitter:data2\" content=\"2 minutos\" \/>\n<script type=\"application\/ld+json\" class=\"yoast-schema-graph\">{\"@context\":\"https:\/\/schema.org\",\"@graph\":[{\"@type\":\"Article\",\"@id\":\"https:\/\/compartilhabahia.com.br\/index.php\/2026\/01\/27\/nova-fabrica-da-dasim-impulsiona-geracao-de-empregos-e-desenvolvimento-em-dias-d-avila\/#article\",\"isPartOf\":{\"@id\":\"https:\/\/compartilhabahia.com.br\/index.php\/2026\/01\/27\/nova-fabrica-da-dasim-impulsiona-geracao-de-empregos-e-desenvolvimento-em-dias-d-avila\/\"},\"author\":{\"name\":\"admin\",\"@id\":\"https:\/\/compartilhabahia.com.br\/#\/schema\/person\/9b4f0c3178793b8248d6686732521c04\"},\"headline\":\"Nova f\u00e1brica da d\u00e1Sim impulsiona gera\u00e7\u00e3o de empregos e desenvolvimento em Dias D\u2019 \u00c1vila\",\"datePublished\":\"2026-01-28T01:41:38+00:00\",\"dateModified\":\"2026-01-28T01:41:42+00:00\",\"mainEntityOfPage\":{\"@id\":\"https:\/\/compartilhabahia.com.br\/index.php\/2026\/01\/27\/nova-fabrica-da-dasim-impulsiona-geracao-de-empregos-e-desenvolvimento-em-dias-d-avila\/\"},\"wordCount\":260,\"commentCount\":0,\"publisher\":{\"@id\":\"https:\/\/compartilhabahia.com.br\/#organization\"},\"articleSection\":[\"Bahia\"],\"inLanguage\":\"pt-BR\",\"potentialAction\":[{\"@type\":\"CommentAction\",\"name\":\"Comment\",\"target\":[\"https:\/\/compartilhabahia.com.br\/index.php\/2026\/01\/27\/nova-fabrica-da-dasim-impulsiona-geracao-de-empregos-e-desenvolvimento-em-dias-d-avila\/#respond\"]}]},{\"@type\":\"WebPage\",\"@id\":\"https:\/\/compartilhabahia.com.br\/index.php\/2026\/01\/27\/nova-fabrica-da-dasim-impulsiona-geracao-de-empregos-e-desenvolvimento-em-dias-d-avila\/\",\"url\":\"https:\/\/compartilhabahia.com.br\/index.php\/2026\/01\/27\/nova-fabrica-da-dasim-impulsiona-geracao-de-empregos-e-desenvolvimento-em-dias-d-avila\/\",\"name\":\"Nova f\u00e1brica da d\u00e1Sim impulsiona gera\u00e7\u00e3o de empregos e desenvolvimento em Dias D\u2019 \u00c1vila - Compartilha Bahia\",\"isPartOf\":{\"@id\":\"https:\/\/compartilhabahia.com.br\/#website\"},\"datePublished\":\"2026-01-28T01:41:38+00:00\",\"dateModified\":\"2026-01-28T01:41:42+00:00\",\"breadcrumb\":{\"@id\":\"https:\/\/compartilhabahia.com.br\/index.php\/2026\/01\/27\/nova-fabrica-da-dasim-impulsiona-geracao-de-empregos-e-desenvolvimento-em-dias-d-avila\/#breadcrumb\"},\"inLanguage\":\"pt-BR\",\"potentialAction\":[{\"@type\":\"ReadAction\",\"target\":[\"https:\/\/compartilhabahia.com.br\/index.php\/2026\/01\/27\/nova-fabrica-da-dasim-impulsiona-geracao-de-empregos-e-desenvolvimento-em-dias-d-avila\/\"]}]},{\"@type\":\"BreadcrumbList\",\"@id\":\"https:\/\/compartilhabahia.com.br\/index.php\/2026\/01\/27\/nova-fabrica-da-dasim-impulsiona-geracao-de-empregos-e-desenvolvimento-em-dias-d-avila\/#breadcrumb\",\"itemListElement\":[{\"@type\":\"ListItem\",\"position\":1,\"name\":\"In\u00edcio\",\"item\":\"https:\/\/compartilhabahia.com.br\/\"},{\"@type\":\"ListItem\",\"position\":2,\"name\":\"Nova f\u00e1brica da d\u00e1Sim impulsiona gera\u00e7\u00e3o de empregos e desenvolvimento em Dias D\u2019 \u00c1vila\"}]},{\"@type\":\"WebSite\",\"@id\":\"https:\/\/compartilhabahia.com.br\/#website\",\"url\":\"https:\/\/compartilhabahia.com.br\/\",\"name\":\"Compartilha Bahia\",\"description\":\"\",\"publisher\":{\"@id\":\"https:\/\/compartilhabahia.com.br\/#organization\"},\"potentialAction\":[{\"@type\":\"SearchAction\",\"target\":{\"@type\":\"EntryPoint\",\"urlTemplate\":\"https:\/\/compartilhabahia.com.br\/?s={search_term_string}\"},\"query-input\":\"required name=search_term_string\"}],\"inLanguage\":\"pt-BR\"},{\"@type\":\"Organization\",\"@id\":\"https:\/\/compartilhabahia.com.br\/#organization\",\"name\":\"Compartilha Bahia\",\"url\":\"https:\/\/compartilhabahia.com.br\/\",\"logo\":{\"@type\":\"ImageObject\",\"inLanguage\":\"pt-BR\",\"@id\":\"https:\/\/compartilhabahia.com.br\/#\/schema\/logo\/image\/\",\"url\":\"https:\/\/compartilhabahia.com.br\/wp-content\/uploads\/2023\/12\/cropped-logo.png\",\"contentUrl\":\"https:\/\/compartilhabahia.com.br\/wp-content\/uploads\/2023\/12\/cropped-logo.png\",\"width\":300,\"height\":106,\"caption\":\"Compartilha Bahia\"},\"image\":{\"@id\":\"https:\/\/compartilhabahia.com.br\/#\/schema\/logo\/image\/\"},\"sameAs\":[\"https:\/\/web.facebook.com\/compartilhabahia\",\"https:\/\/www.instagram.com\/compartilhabahia\/\"]},{\"@type\":\"Person\",\"@id\":\"https:\/\/compartilhabahia.com.br\/#\/schema\/person\/9b4f0c3178793b8248d6686732521c04\",\"name\":\"admin\",\"image\":{\"@type\":\"ImageObject\",\"inLanguage\":\"pt-BR\",\"@id\":\"https:\/\/compartilhabahia.com.br\/#\/schema\/person\/image\/\",\"url\":\"https:\/\/secure.gravatar.com\/avatar\/9600df58751c5acbe914c538c03390ef649ea088cb65f84ba09c7ce66988eed6?s=96&d=mm&r=g\",\"contentUrl\":\"https:\/\/secure.gravatar.com\/avatar\/9600df58751c5acbe914c538c03390ef649ea088cb65f84ba09c7ce66988eed6?s=96&d=mm&r=g\",\"caption\":\"admin\"},\"sameAs\":[\"https:\/\/compartilhabahia.com.br\"],\"url\":\"https:\/\/compartilhabahia.com.br\/index.php\/author\/compartilhabahia\/\"}]}<\/script>\n<!-- \/ Yoast SEO plugin. -->","yoast_head_json":{"title":"Nova f\u00e1brica da d\u00e1Sim impulsiona gera\u00e7\u00e3o de empregos e desenvolvimento em Dias D\u2019 \u00c1vila - Compartilha Bahia","robots":{"index":"index","follow":"follow","max-snippet":"max-snippet:-1","max-image-preview":"max-image-preview:large","max-video-preview":"max-video-preview:-1"},"canonical":"https:\/\/compartilhabahia.com.br\/index.php\/2026\/01\/27\/nova-fabrica-da-dasim-impulsiona-geracao-de-empregos-e-desenvolvimento-em-dias-d-avila\/","og_locale":"pt_BR","og_type":"article","og_title":"Nova f\u00e1brica da d\u00e1Sim impulsiona gera\u00e7\u00e3o de empregos e desenvolvimento em Dias D\u2019 \u00c1vila - Compartilha Bahia","og_description":"A inaugura\u00e7\u00e3o da f\u00e1brica da d\u00e1Sim, marcada para sexta-feira, dia 30 de janeiro, em Dias D\u2019 \u00c1vila, na Regi\u00e3o Metropolitana de Salvador, representa um importante impulso para o desenvolvimento econ\u00f4mico local. A nova unidade industrial vai promover a gera\u00e7\u00e3o de cerca de 100 empregos diretos e indiretos, fortalecendo a economia do munic\u00edpio e ampliando oportunidades [&hellip;]","og_url":"https:\/\/compartilhabahia.com.br\/index.php\/2026\/01\/27\/nova-fabrica-da-dasim-impulsiona-geracao-de-empregos-e-desenvolvimento-em-dias-d-avila\/","og_site_name":"Compartilha Bahia","article_publisher":"https:\/\/web.facebook.com\/compartilhabahia","article_published_time":"2026-01-28T01:41:38+00:00","article_modified_time":"2026-01-28T01:41:42+00:00","og_image":[{"width":933,"height":591,"url":"https:\/\/compartilhabahia.com.br\/wp-content\/uploads\/2026\/01\/daSim2.jpg","type":"image\/jpeg"}],"author":"admin","twitter_card":"summary_large_image","twitter_misc":{"Escrito por":"admin","Est. tempo de leitura":"2 minutos"},"schema":{"@context":"https:\/\/schema.org","@graph":[{"@type":"Article","@id":"https:\/\/compartilhabahia.com.br\/index.php\/2026\/01\/27\/nova-fabrica-da-dasim-impulsiona-geracao-de-empregos-e-desenvolvimento-em-dias-d-avila\/#article","isPartOf":{"@id":"https:\/\/compartilhabahia.com.br\/index.php\/2026\/01\/27\/nova-fabrica-da-dasim-impulsiona-geracao-de-empregos-e-desenvolvimento-em-dias-d-avila\/"},"author":{"name":"admin","@id":"https:\/\/compartilhabahia.com.br\/#\/schema\/person\/9b4f0c3178793b8248d6686732521c04"},"headline":"Nova f\u00e1brica da d\u00e1Sim impulsiona gera\u00e7\u00e3o de empregos e desenvolvimento em Dias D\u2019 \u00c1vila","datePublished":"2026-01-28T01:41:38+00:00","dateModified":"2026-01-28T01:41:42+00:00","mainEntityOfPage":{"@id":"https:\/\/compartilhabahia.com.br\/index.php\/2026\/01\/27\/nova-fabrica-da-dasim-impulsiona-geracao-de-empregos-e-desenvolvimento-em-dias-d-avila\/"},"wordCount":260,"commentCount":0,"publisher":{"@id":"https:\/\/compartilhabahia.com.br\/#organization"},"articleSection":["Bahia"],"inLanguage":"pt-BR","potentialAction":[{"@type":"CommentAction","name":"Comment","target":["https:\/\/compartilhabahia.com.br\/index.php\/2026\/01\/27\/nova-fabrica-da-dasim-impulsiona-geracao-de-empregos-e-desenvolvimento-em-dias-d-avila\/#respond"]}]},{"@type":"WebPage","@id":"https:\/\/compartilhabahia.com.br\/index.php\/2026\/01\/27\/nova-fabrica-da-dasim-impulsiona-geracao-de-empregos-e-desenvolvimento-em-dias-d-avila\/","url":"https:\/\/compartilhabahia.com.br\/index.php\/2026\/01\/27\/nova-fabrica-da-dasim-impulsiona-geracao-de-empregos-e-desenvolvimento-em-dias-d-avila\/","name":"Nova f\u00e1brica da d\u00e1Sim impulsiona gera\u00e7\u00e3o de empregos e desenvolvimento em Dias D\u2019 \u00c1vila - Compartilha Bahia","isPartOf":{"@id":"https:\/\/compartilhabahia.com.br\/#website"},"datePublished":"2026-01-28T01:41:38+00:00","dateModified":"2026-01-28T01:41:42+00:00","breadcrumb":{"@id":"https:\/\/compartilhabahia.com.br\/index.php\/2026\/01\/27\/nova-fabrica-da-dasim-impulsiona-geracao-de-empregos-e-desenvolvimento-em-dias-d-avila\/#breadcrumb"},"inLanguage":"pt-BR","potentialAction":[{"@type":"ReadAction","target":["https:\/\/compartilhabahia.com.br\/index.php\/2026\/01\/27\/nova-fabrica-da-dasim-impulsiona-geracao-de-empregos-e-desenvolvimento-em-dias-d-avila\/"]}]},{"@type":"BreadcrumbList","@id":"https:\/\/compartilhabahia.com.br\/index.php\/2026\/01\/27\/nova-fabrica-da-dasim-impulsiona-geracao-de-empregos-e-desenvolvimento-em-dias-d-avila\/#breadcrumb","itemListElement":[{"@type":"ListItem","position":1,"name":"In\u00edcio","item":"https:\/\/compartilhabahia.com.br\/"},{"@type":"ListItem","position":2,"name":"Nova f\u00e1brica da d\u00e1Sim impulsiona gera\u00e7\u00e3o de empregos e desenvolvimento em Dias D\u2019 \u00c1vila"}]},{"@type":"WebSite","@id":"https:\/\/compartilhabahia.com.br\/#website","url":"https:\/\/compartilhabahia.com.br\/","name":"Compartilha Bahia","description":"","publisher":{"@id":"https:\/\/compartilhabahia.com.br\/#organization"},"potentialAction":[{"@type":"SearchAction","target":{"@type":"EntryPoint","urlTemplate":"https:\/\/compartilhabahia.com.br\/?s={search_term_string}"},"query-input":"required name=search_term_string"}],"inLanguage":"pt-BR"},{"@type":"Organization","@id":"https:\/\/compartilhabahia.com.br\/#organization","name":"Compartilha Bahia","url":"https:\/\/compartilhabahia.com.br\/","logo":{"@type":"ImageObject","inLanguage":"pt-BR","@id":"https:\/\/compartilhabahia.com.br\/#\/schema\/logo\/image\/","url":"https:\/\/compartilhabahia.com.br\/wp-content\/uploads\/2023\/12\/cropped-logo.png","contentUrl":"https:\/\/compartilhabahia.com.br\/wp-content\/uploads\/2023\/12\/cropped-logo.png","width":300,"height":106,"caption":"Compartilha Bahia"},"image":{"@id":"https:\/\/compartilhabahia.com.br\/#\/schema\/logo\/image\/"},"sameAs":["https:\/\/web.facebook.com\/compartilhabahia","https:\/\/www.instagram.com\/compartilhabahia\/"]},{"@type":"Person","@id":"https:\/\/compartilhabahia.com.br\/#\/schema\/person\/9b4f0c3178793b8248d6686732521c04","name":"admin","image":{"@type":"ImageObject","inLanguage":"pt-BR","@id":"https:\/\/compartilhabahia.com.br\/#\/schema\/person\/image\/","url":"https:\/\/secure.gravatar.com\/avatar\/9600df58751c5acbe914c538c03390ef649ea088cb65f84ba09c7ce66988eed6?s=96&d=mm&r=g","contentUrl":"https:\/\/secure.gravatar.com\/avatar\/9600df58751c5acbe914c538c03390ef649ea088cb65f84ba09c7ce66988eed6?s=96&d=mm&r=g","caption":"admin"},"sameAs":["https:\/\/compartilhabahia.com.br"],"url":"https:\/\/compartilhabahia.com.br\/index.php\/author\/compartilhabahia\/"}]}},"_links":{"self":[{"href":"https:\/\/compartilhabahia.com.br\/index.php\/wp-json\/wp\/v2\/posts\/9039","targetHints":{"allow":["GET"]}}],"collection":[{"href":"https:\/\/compartilhabahia.com.br\/index.php\/wp-json\/wp\/v2\/posts"}],"about":[{"href":"https:\/\/compartilhabahia.com.br\/index.php\/wp-json\/wp\/v2\/types\/post"}],"author":[{"embeddable":true,"href":"https:\/\/compartilhabahia.com.br\/index.php\/wp-json\/wp\/v2\/users\/1"}],"replies":[{"embeddable":true,"href":"https:\/\/compartilhabahia.com.br\/index.php\/wp-json\/wp\/v2\/comments?post=9039"}],"version-history":[{"count":1,"href":"https:\/\/compartilhabahia.com.br\/index.php\/wp-json\/wp\/v2\/posts\/9039\/revisions"}],"predecessor-version":[{"id":9041,"href":"https:\/\/compartilhabahia.com.br\/index.php\/wp-json\/wp\/v2\/posts\/9039\/revisions\/9041"}],"wp:featuredmedia":[{"embeddable":true,"href":"https:\/\/compartilhabahia.com.br\/index.php\/wp-json\/wp\/v2\/media\/9040"}],"wp:attachment":[{"href":"https:\/\/compartilhabahia.com.br\/index.php\/wp-json\/wp\/v2\/media?parent=9039"}],"wp:term":[{"taxonomy":"category","embeddable":true,"href":"https:\/\/compartilhabahia.com.br\/index.php\/wp-json\/wp\/v2\/categories?post=9039"},{"taxonomy":"post_tag","embeddable":true,"href":"https:\/\/compartilhabahia.com.br\/index.php\/wp-json\/wp\/v2\/tags?post=9039"}],"curies":[{"name":"wp","href":"https:\/\/api.w.org\/{rel}","templated":true}]}}