{"id":9030,"date":"2026-01-27T22:33:21","date_gmt":"2026-01-28T01:33:21","guid":{"rendered":"https:\/\/compartilhabahia.com.br\/?p=9030"},"modified":"2026-01-27T22:33:23","modified_gmt":"2026-01-28T01:33:23","slug":"bracell-seleciona-jovens-aprendizes-para-a-fabrica-de-camacari-vagas-afirmativas-para-pessoas-negras-e-pcds","status":"publish","type":"post","link":"https:\/\/compartilhabahia.com.br\/index.php\/2026\/01\/27\/bracell-seleciona-jovens-aprendizes-para-a-fabrica-de-camacari-vagas-afirmativas-para-pessoas-negras-e-pcds\/","title":{"rendered":"Bracell seleciona jovens aprendizes para a f\u00e1brica de Cama\u00e7ari; vagas afirmativas para pessoas negras e PCDs"},"content":{"rendered":"\n<p>Jovens das cidades de Cama\u00e7ari ou Dias D\u2019\u00c1vila, na Regi\u00e3o Metropolitana de Salvador, t\u00eam uma nova oportunidade de ingresso no mercado de trabalho. Isso porque a Bracell, l\u00edder mundial na produ\u00e7\u00e3o de celulose sol\u00favel, est\u00e1 com inscri\u00e7\u00f5es abertas para o programa Jovem Aprendiz na unidade de Cama\u00e7ari at\u00e9 o dia 4 de fevereiro. Ao todo, s\u00e3o seis vagas afirmativas destinadas a jovens autodeclarados negros com idades entre 18 e 21 anos ou pessoas com defici\u00eancia (PCDs), a partir de 18 anos, sem restri\u00e7\u00e3o de idade m\u00e1xima ou ra\u00e7a. Para se inscrever, os interessados devem acessar o site<a href=\"https:\/\/na01.safelinks.protection.outlook.com\/?url=http%3A%2F%2Fwww.bracell.com.br%2F&amp;data=05%7C02%7C%7C29694169d69840b4550308de5da410f0%7C84df9e7fe9f640afb435aaaaaaaaaaaa%7C1%7C0%7C639051156486184992%7CUnknown%7CTWFpbGZsb3d8eyJFbXB0eU1hcGkiOnRydWUsIlYiOiIwLjAuMDAwMCIsIlAiOiJXaW4zMiIsIkFOIjoiTWFpbCIsIldUIjoyfQ%3D%3D%7C0%7C%7C%7C&amp;sdata=8bwGcwCEMTJ41DtXte723OscfHAw%2Fnt8FVJQIkGimTU%3D&amp;reserved=0\">&nbsp;www.bracell.com.br<\/a>&nbsp;e clicar na aba \u201cCarreiras e Pessoas\u201d, em seguida em \u201cVagas Abertas\u201d, \u201cQuero ver as vagas dispon\u00edveis\u201d e \u201cAprendiz Administrativo\u201d.<\/p>\n\n\n\n<p>Os selecionados ir\u00e3o trabalhar na \u00e1rea administrativa da f\u00e1brica da Bracell no Polo Industrial de Cama\u00e7ari. Durante a jornada, os jovens ser\u00e3o capacitados para atuar como assistente administrativo, por meio de um curso oferecido pelo Centro de Integra\u00e7\u00e3o Empresa-Escola (CIEE).<\/p>\n\n\n\n<p>Eduardo Penhalosa, gerente s\u00eanior de RH da Bracell Bahia, salienta que a iniciativa refor\u00e7a o compromisso da empresa com a inclus\u00e3o e a valoriza\u00e7\u00e3o da diversidade. \u201cA Bracell desenvolve, de forma estruturada, um programa de Jovem Aprendiz que vem se consolidando como uma importante porta de entrada para a inclus\u00e3o econ\u00f4mica dos jovens, especialmente os autodeclarados negros. Atualmente, 67% dos aprendizes contratados pela companhia s\u00e3o pessoas negras, reflexo de uma pol\u00edtica ativa de promo\u00e7\u00e3o da equidade racial\u201d, afirma.<\/p>\n\n\n\n<p>Moradora de Cama\u00e7ari e aprendiz do departamento pessoal, Renata Passos, 20 anos, afirma que integrar o programa da Bracell tem sido uma oportunidade enriquecedora. \u201cParticipar do programa Jovem Aprendiz \u00e9 uma experi\u00eancia incr\u00edvel, de muito conhecimento e aprendizado. Ao longo desse per\u00edodo, tenho aprimorado habilidades como trabalho em equipe, disciplina e comunica\u00e7\u00e3o, contribuindo para o meu crescimento pessoal e profissional\u201d, salienta.<\/p>\n\n\n\n<p>Um exemplo de crescimento profissional proporcionado pelo programa \u00e9 Taila Santos, que ingressou na Bracell como Jovem Aprendiz em 2020, durante a pandemia, na \u00e1rea de Servi\u00e7os Compartilhados. \u201cFoi meu primeiro contato com o mundo da ind\u00fastria e onde comecei a construir minha base profissional, com apoio de uma mentora e um plano de desenvolvimento que ampliou minha vis\u00e3o sobre a empresa\u201d, destaca. Ap\u00f3s um ano e meio no programa, Taila foi efetivada como assistente de RH e, posteriormente, promovida \u00e0 fun\u00e7\u00e3o atual, de analista j\u00fanior de Recursos Humanos.&nbsp;<\/p>\n","protected":false},"excerpt":{"rendered":"<p>Jovens das cidades de Cama\u00e7ari ou Dias D\u2019\u00c1vila, na Regi\u00e3o Metropolitana de Salvador, t\u00eam uma nova oportunidade de ingresso no mercado de trabalho. Isso porque a Bracell, l\u00edder mundial na produ\u00e7\u00e3o de celulose sol\u00favel, est\u00e1 com inscri\u00e7\u00f5es abertas para o programa Jovem Aprendiz na unidade de Cama\u00e7ari at\u00e9 o dia 4 de fevereiro. Ao todo, [&hellip;]<\/p>\n","protected":false},"author":1,"featured_media":9031,"comment_status":"open","ping_status":"open","sticky":false,"template":"","format":"standard","meta":{"footnotes":""},"categories":[10,8],"tags":[],"class_list":["post-9030","post","type-post","status-publish","format-standard","has-post-thumbnail","hentry","category-bahia","category-camacari"],"yoast_head":"<!-- This site is optimized with the Yoast SEO plugin v21.7 - https:\/\/yoast.com\/wordpress\/plugins\/seo\/ -->\n<title>Bracell seleciona jovens aprendizes para a f\u00e1brica de Cama\u00e7ari; vagas afirmativas para pessoas negras e PCDs - Compartilha Bahia<\/title>\n<meta name=\"robots\" content=\"index, follow, max-snippet:-1, max-image-preview:large, max-video-preview:-1\" \/>\n<link rel=\"canonical\" href=\"https:\/\/compartilhabahia.com.br\/index.php\/2026\/01\/27\/bracell-seleciona-jovens-aprendizes-para-a-fabrica-de-camacari-vagas-afirmativas-para-pessoas-negras-e-pcds\/\" \/>\n<meta property=\"og:locale\" content=\"pt_BR\" \/>\n<meta property=\"og:type\" content=\"article\" \/>\n<meta property=\"og:title\" content=\"Bracell seleciona jovens aprendizes para a f\u00e1brica de Cama\u00e7ari; vagas afirmativas para pessoas negras e PCDs - Compartilha Bahia\" \/>\n<meta property=\"og:description\" content=\"Jovens das cidades de Cama\u00e7ari ou Dias D\u2019\u00c1vila, na Regi\u00e3o Metropolitana de Salvador, t\u00eam uma nova oportunidade de ingresso no mercado de trabalho. Isso porque a Bracell, l\u00edder mundial na produ\u00e7\u00e3o de celulose sol\u00favel, est\u00e1 com inscri\u00e7\u00f5es abertas para o programa Jovem Aprendiz na unidade de Cama\u00e7ari at\u00e9 o dia 4 de fevereiro. Ao todo, [&hellip;]\" \/>\n<meta property=\"og:url\" content=\"https:\/\/compartilhabahia.com.br\/index.php\/2026\/01\/27\/bracell-seleciona-jovens-aprendizes-para-a-fabrica-de-camacari-vagas-afirmativas-para-pessoas-negras-e-pcds\/\" \/>\n<meta property=\"og:site_name\" content=\"Compartilha Bahia\" \/>\n<meta property=\"article:publisher\" content=\"https:\/\/web.facebook.com\/compartilhabahia\" \/>\n<meta property=\"article:published_time\" content=\"2026-01-28T01:33:21+00:00\" \/>\n<meta property=\"article:modified_time\" content=\"2026-01-28T01:33:23+00:00\" \/>\n<meta property=\"og:image\" content=\"https:\/\/compartilhabahia.com.br\/wp-content\/uploads\/2026\/01\/VAGASBRA.jpg\" \/>\n\t<meta property=\"og:image:width\" content=\"827\" \/>\n\t<meta property=\"og:image:height\" content=\"558\" \/>\n\t<meta property=\"og:image:type\" content=\"image\/jpeg\" \/>\n<meta name=\"author\" content=\"admin\" \/>\n<meta name=\"twitter:card\" content=\"summary_large_image\" \/>\n<meta name=\"twitter:label1\" content=\"Escrito por\" \/>\n\t<meta name=\"twitter:data1\" content=\"admin\" \/>\n\t<meta name=\"twitter:label2\" content=\"Est. tempo de leitura\" \/>\n\t<meta name=\"twitter:data2\" content=\"3 minutos\" \/>\n<script type=\"application\/ld+json\" class=\"yoast-schema-graph\">{\"@context\":\"https:\/\/schema.org\",\"@graph\":[{\"@type\":\"Article\",\"@id\":\"https:\/\/compartilhabahia.com.br\/index.php\/2026\/01\/27\/bracell-seleciona-jovens-aprendizes-para-a-fabrica-de-camacari-vagas-afirmativas-para-pessoas-negras-e-pcds\/#article\",\"isPartOf\":{\"@id\":\"https:\/\/compartilhabahia.com.br\/index.php\/2026\/01\/27\/bracell-seleciona-jovens-aprendizes-para-a-fabrica-de-camacari-vagas-afirmativas-para-pessoas-negras-e-pcds\/\"},\"author\":{\"name\":\"admin\",\"@id\":\"https:\/\/compartilhabahia.com.br\/#\/schema\/person\/9b4f0c3178793b8248d6686732521c04\"},\"headline\":\"Bracell seleciona jovens aprendizes para a f\u00e1brica de Cama\u00e7ari; vagas afirmativas para pessoas negras e PCDs\",\"datePublished\":\"2026-01-28T01:33:21+00:00\",\"dateModified\":\"2026-01-28T01:33:23+00:00\",\"mainEntityOfPage\":{\"@id\":\"https:\/\/compartilhabahia.com.br\/index.php\/2026\/01\/27\/bracell-seleciona-jovens-aprendizes-para-a-fabrica-de-camacari-vagas-afirmativas-para-pessoas-negras-e-pcds\/\"},\"wordCount\":440,\"commentCount\":0,\"publisher\":{\"@id\":\"https:\/\/compartilhabahia.com.br\/#organization\"},\"articleSection\":[\"Bahia\",\"Cama\u00e7ari\"],\"inLanguage\":\"pt-BR\",\"potentialAction\":[{\"@type\":\"CommentAction\",\"name\":\"Comment\",\"target\":[\"https:\/\/compartilhabahia.com.br\/index.php\/2026\/01\/27\/bracell-seleciona-jovens-aprendizes-para-a-fabrica-de-camacari-vagas-afirmativas-para-pessoas-negras-e-pcds\/#respond\"]}]},{\"@type\":\"WebPage\",\"@id\":\"https:\/\/compartilhabahia.com.br\/index.php\/2026\/01\/27\/bracell-seleciona-jovens-aprendizes-para-a-fabrica-de-camacari-vagas-afirmativas-para-pessoas-negras-e-pcds\/\",\"url\":\"https:\/\/compartilhabahia.com.br\/index.php\/2026\/01\/27\/bracell-seleciona-jovens-aprendizes-para-a-fabrica-de-camacari-vagas-afirmativas-para-pessoas-negras-e-pcds\/\",\"name\":\"Bracell seleciona jovens aprendizes para a f\u00e1brica de Cama\u00e7ari; vagas afirmativas para pessoas negras e PCDs - Compartilha Bahia\",\"isPartOf\":{\"@id\":\"https:\/\/compartilhabahia.com.br\/#website\"},\"datePublished\":\"2026-01-28T01:33:21+00:00\",\"dateModified\":\"2026-01-28T01:33:23+00:00\",\"breadcrumb\":{\"@id\":\"https:\/\/compartilhabahia.com.br\/index.php\/2026\/01\/27\/bracell-seleciona-jovens-aprendizes-para-a-fabrica-de-camacari-vagas-afirmativas-para-pessoas-negras-e-pcds\/#breadcrumb\"},\"inLanguage\":\"pt-BR\",\"potentialAction\":[{\"@type\":\"ReadAction\",\"target\":[\"https:\/\/compartilhabahia.com.br\/index.php\/2026\/01\/27\/bracell-seleciona-jovens-aprendizes-para-a-fabrica-de-camacari-vagas-afirmativas-para-pessoas-negras-e-pcds\/\"]}]},{\"@type\":\"BreadcrumbList\",\"@id\":\"https:\/\/compartilhabahia.com.br\/index.php\/2026\/01\/27\/bracell-seleciona-jovens-aprendizes-para-a-fabrica-de-camacari-vagas-afirmativas-para-pessoas-negras-e-pcds\/#breadcrumb\",\"itemListElement\":[{\"@type\":\"ListItem\",\"position\":1,\"name\":\"In\u00edcio\",\"item\":\"https:\/\/compartilhabahia.com.br\/\"},{\"@type\":\"ListItem\",\"position\":2,\"name\":\"Bracell seleciona jovens aprendizes para a f\u00e1brica de Cama\u00e7ari; vagas afirmativas para pessoas negras e PCDs\"}]},{\"@type\":\"WebSite\",\"@id\":\"https:\/\/compartilhabahia.com.br\/#website\",\"url\":\"https:\/\/compartilhabahia.com.br\/\",\"name\":\"Compartilha Bahia\",\"description\":\"\",\"publisher\":{\"@id\":\"https:\/\/compartilhabahia.com.br\/#organization\"},\"potentialAction\":[{\"@type\":\"SearchAction\",\"target\":{\"@type\":\"EntryPoint\",\"urlTemplate\":\"https:\/\/compartilhabahia.com.br\/?s={search_term_string}\"},\"query-input\":\"required name=search_term_string\"}],\"inLanguage\":\"pt-BR\"},{\"@type\":\"Organization\",\"@id\":\"https:\/\/compartilhabahia.com.br\/#organization\",\"name\":\"Compartilha Bahia\",\"url\":\"https:\/\/compartilhabahia.com.br\/\",\"logo\":{\"@type\":\"ImageObject\",\"inLanguage\":\"pt-BR\",\"@id\":\"https:\/\/compartilhabahia.com.br\/#\/schema\/logo\/image\/\",\"url\":\"https:\/\/compartilhabahia.com.br\/wp-content\/uploads\/2023\/12\/cropped-logo.png\",\"contentUrl\":\"https:\/\/compartilhabahia.com.br\/wp-content\/uploads\/2023\/12\/cropped-logo.png\",\"width\":300,\"height\":106,\"caption\":\"Compartilha Bahia\"},\"image\":{\"@id\":\"https:\/\/compartilhabahia.com.br\/#\/schema\/logo\/image\/\"},\"sameAs\":[\"https:\/\/web.facebook.com\/compartilhabahia\",\"https:\/\/www.instagram.com\/compartilhabahia\/\"]},{\"@type\":\"Person\",\"@id\":\"https:\/\/compartilhabahia.com.br\/#\/schema\/person\/9b4f0c3178793b8248d6686732521c04\",\"name\":\"admin\",\"image\":{\"@type\":\"ImageObject\",\"inLanguage\":\"pt-BR\",\"@id\":\"https:\/\/compartilhabahia.com.br\/#\/schema\/person\/image\/\",\"url\":\"https:\/\/secure.gravatar.com\/avatar\/9600df58751c5acbe914c538c03390ef649ea088cb65f84ba09c7ce66988eed6?s=96&d=mm&r=g\",\"contentUrl\":\"https:\/\/secure.gravatar.com\/avatar\/9600df58751c5acbe914c538c03390ef649ea088cb65f84ba09c7ce66988eed6?s=96&d=mm&r=g\",\"caption\":\"admin\"},\"sameAs\":[\"https:\/\/compartilhabahia.com.br\"],\"url\":\"https:\/\/compartilhabahia.com.br\/index.php\/author\/compartilhabahia\/\"}]}<\/script>\n<!-- \/ Yoast SEO plugin. -->","yoast_head_json":{"title":"Bracell seleciona jovens aprendizes para a f\u00e1brica de Cama\u00e7ari; vagas afirmativas para pessoas negras e PCDs - Compartilha Bahia","robots":{"index":"index","follow":"follow","max-snippet":"max-snippet:-1","max-image-preview":"max-image-preview:large","max-video-preview":"max-video-preview:-1"},"canonical":"https:\/\/compartilhabahia.com.br\/index.php\/2026\/01\/27\/bracell-seleciona-jovens-aprendizes-para-a-fabrica-de-camacari-vagas-afirmativas-para-pessoas-negras-e-pcds\/","og_locale":"pt_BR","og_type":"article","og_title":"Bracell seleciona jovens aprendizes para a f\u00e1brica de Cama\u00e7ari; vagas afirmativas para pessoas negras e PCDs - Compartilha Bahia","og_description":"Jovens das cidades de Cama\u00e7ari ou Dias D\u2019\u00c1vila, na Regi\u00e3o Metropolitana de Salvador, t\u00eam uma nova oportunidade de ingresso no mercado de trabalho. Isso porque a Bracell, l\u00edder mundial na produ\u00e7\u00e3o de celulose sol\u00favel, est\u00e1 com inscri\u00e7\u00f5es abertas para o programa Jovem Aprendiz na unidade de Cama\u00e7ari at\u00e9 o dia 4 de fevereiro. Ao todo, [&hellip;]","og_url":"https:\/\/compartilhabahia.com.br\/index.php\/2026\/01\/27\/bracell-seleciona-jovens-aprendizes-para-a-fabrica-de-camacari-vagas-afirmativas-para-pessoas-negras-e-pcds\/","og_site_name":"Compartilha Bahia","article_publisher":"https:\/\/web.facebook.com\/compartilhabahia","article_published_time":"2026-01-28T01:33:21+00:00","article_modified_time":"2026-01-28T01:33:23+00:00","og_image":[{"width":827,"height":558,"url":"https:\/\/compartilhabahia.com.br\/wp-content\/uploads\/2026\/01\/VAGASBRA.jpg","type":"image\/jpeg"}],"author":"admin","twitter_card":"summary_large_image","twitter_misc":{"Escrito por":"admin","Est. tempo de leitura":"3 minutos"},"schema":{"@context":"https:\/\/schema.org","@graph":[{"@type":"Article","@id":"https:\/\/compartilhabahia.com.br\/index.php\/2026\/01\/27\/bracell-seleciona-jovens-aprendizes-para-a-fabrica-de-camacari-vagas-afirmativas-para-pessoas-negras-e-pcds\/#article","isPartOf":{"@id":"https:\/\/compartilhabahia.com.br\/index.php\/2026\/01\/27\/bracell-seleciona-jovens-aprendizes-para-a-fabrica-de-camacari-vagas-afirmativas-para-pessoas-negras-e-pcds\/"},"author":{"name":"admin","@id":"https:\/\/compartilhabahia.com.br\/#\/schema\/person\/9b4f0c3178793b8248d6686732521c04"},"headline":"Bracell seleciona jovens aprendizes para a f\u00e1brica de Cama\u00e7ari; vagas afirmativas para pessoas negras e PCDs","datePublished":"2026-01-28T01:33:21+00:00","dateModified":"2026-01-28T01:33:23+00:00","mainEntityOfPage":{"@id":"https:\/\/compartilhabahia.com.br\/index.php\/2026\/01\/27\/bracell-seleciona-jovens-aprendizes-para-a-fabrica-de-camacari-vagas-afirmativas-para-pessoas-negras-e-pcds\/"},"wordCount":440,"commentCount":0,"publisher":{"@id":"https:\/\/compartilhabahia.com.br\/#organization"},"articleSection":["Bahia","Cama\u00e7ari"],"inLanguage":"pt-BR","potentialAction":[{"@type":"CommentAction","name":"Comment","target":["https:\/\/compartilhabahia.com.br\/index.php\/2026\/01\/27\/bracell-seleciona-jovens-aprendizes-para-a-fabrica-de-camacari-vagas-afirmativas-para-pessoas-negras-e-pcds\/#respond"]}]},{"@type":"WebPage","@id":"https:\/\/compartilhabahia.com.br\/index.php\/2026\/01\/27\/bracell-seleciona-jovens-aprendizes-para-a-fabrica-de-camacari-vagas-afirmativas-para-pessoas-negras-e-pcds\/","url":"https:\/\/compartilhabahia.com.br\/index.php\/2026\/01\/27\/bracell-seleciona-jovens-aprendizes-para-a-fabrica-de-camacari-vagas-afirmativas-para-pessoas-negras-e-pcds\/","name":"Bracell seleciona jovens aprendizes para a f\u00e1brica de Cama\u00e7ari; vagas afirmativas para pessoas negras e PCDs - Compartilha Bahia","isPartOf":{"@id":"https:\/\/compartilhabahia.com.br\/#website"},"datePublished":"2026-01-28T01:33:21+00:00","dateModified":"2026-01-28T01:33:23+00:00","breadcrumb":{"@id":"https:\/\/compartilhabahia.com.br\/index.php\/2026\/01\/27\/bracell-seleciona-jovens-aprendizes-para-a-fabrica-de-camacari-vagas-afirmativas-para-pessoas-negras-e-pcds\/#breadcrumb"},"inLanguage":"pt-BR","potentialAction":[{"@type":"ReadAction","target":["https:\/\/compartilhabahia.com.br\/index.php\/2026\/01\/27\/bracell-seleciona-jovens-aprendizes-para-a-fabrica-de-camacari-vagas-afirmativas-para-pessoas-negras-e-pcds\/"]}]},{"@type":"BreadcrumbList","@id":"https:\/\/compartilhabahia.com.br\/index.php\/2026\/01\/27\/bracell-seleciona-jovens-aprendizes-para-a-fabrica-de-camacari-vagas-afirmativas-para-pessoas-negras-e-pcds\/#breadcrumb","itemListElement":[{"@type":"ListItem","position":1,"name":"In\u00edcio","item":"https:\/\/compartilhabahia.com.br\/"},{"@type":"ListItem","position":2,"name":"Bracell seleciona jovens aprendizes para a f\u00e1brica de Cama\u00e7ari; vagas afirmativas para pessoas negras e PCDs"}]},{"@type":"WebSite","@id":"https:\/\/compartilhabahia.com.br\/#website","url":"https:\/\/compartilhabahia.com.br\/","name":"Compartilha Bahia","description":"","publisher":{"@id":"https:\/\/compartilhabahia.com.br\/#organization"},"potentialAction":[{"@type":"SearchAction","target":{"@type":"EntryPoint","urlTemplate":"https:\/\/compartilhabahia.com.br\/?s={search_term_string}"},"query-input":"required name=search_term_string"}],"inLanguage":"pt-BR"},{"@type":"Organization","@id":"https:\/\/compartilhabahia.com.br\/#organization","name":"Compartilha Bahia","url":"https:\/\/compartilhabahia.com.br\/","logo":{"@type":"ImageObject","inLanguage":"pt-BR","@id":"https:\/\/compartilhabahia.com.br\/#\/schema\/logo\/image\/","url":"https:\/\/compartilhabahia.com.br\/wp-content\/uploads\/2023\/12\/cropped-logo.png","contentUrl":"https:\/\/compartilhabahia.com.br\/wp-content\/uploads\/2023\/12\/cropped-logo.png","width":300,"height":106,"caption":"Compartilha Bahia"},"image":{"@id":"https:\/\/compartilhabahia.com.br\/#\/schema\/logo\/image\/"},"sameAs":["https:\/\/web.facebook.com\/compartilhabahia","https:\/\/www.instagram.com\/compartilhabahia\/"]},{"@type":"Person","@id":"https:\/\/compartilhabahia.com.br\/#\/schema\/person\/9b4f0c3178793b8248d6686732521c04","name":"admin","image":{"@type":"ImageObject","inLanguage":"pt-BR","@id":"https:\/\/compartilhabahia.com.br\/#\/schema\/person\/image\/","url":"https:\/\/secure.gravatar.com\/avatar\/9600df58751c5acbe914c538c03390ef649ea088cb65f84ba09c7ce66988eed6?s=96&d=mm&r=g","contentUrl":"https:\/\/secure.gravatar.com\/avatar\/9600df58751c5acbe914c538c03390ef649ea088cb65f84ba09c7ce66988eed6?s=96&d=mm&r=g","caption":"admin"},"sameAs":["https:\/\/compartilhabahia.com.br"],"url":"https:\/\/compartilhabahia.com.br\/index.php\/author\/compartilhabahia\/"}]}},"_links":{"self":[{"href":"https:\/\/compartilhabahia.com.br\/index.php\/wp-json\/wp\/v2\/posts\/9030","targetHints":{"allow":["GET"]}}],"collection":[{"href":"https:\/\/compartilhabahia.com.br\/index.php\/wp-json\/wp\/v2\/posts"}],"about":[{"href":"https:\/\/compartilhabahia.com.br\/index.php\/wp-json\/wp\/v2\/types\/post"}],"author":[{"embeddable":true,"href":"https:\/\/compartilhabahia.com.br\/index.php\/wp-json\/wp\/v2\/users\/1"}],"replies":[{"embeddable":true,"href":"https:\/\/compartilhabahia.com.br\/index.php\/wp-json\/wp\/v2\/comments?post=9030"}],"version-history":[{"count":1,"href":"https:\/\/compartilhabahia.com.br\/index.php\/wp-json\/wp\/v2\/posts\/9030\/revisions"}],"predecessor-version":[{"id":9032,"href":"https:\/\/compartilhabahia.com.br\/index.php\/wp-json\/wp\/v2\/posts\/9030\/revisions\/9032"}],"wp:featuredmedia":[{"embeddable":true,"href":"https:\/\/compartilhabahia.com.br\/index.php\/wp-json\/wp\/v2\/media\/9031"}],"wp:attachment":[{"href":"https:\/\/compartilhabahia.com.br\/index.php\/wp-json\/wp\/v2\/media?parent=9030"}],"wp:term":[{"taxonomy":"category","embeddable":true,"href":"https:\/\/compartilhabahia.com.br\/index.php\/wp-json\/wp\/v2\/categories?post=9030"},{"taxonomy":"post_tag","embeddable":true,"href":"https:\/\/compartilhabahia.com.br\/index.php\/wp-json\/wp\/v2\/tags?post=9030"}],"curies":[{"name":"wp","href":"https:\/\/api.w.org\/{rel}","templated":true}]}}