{"id":9025,"date":"2026-01-26T20:05:12","date_gmt":"2026-01-26T23:05:12","guid":{"rendered":"https:\/\/compartilhabahia.com.br\/?p=9025"},"modified":"2026-01-26T20:05:16","modified_gmt":"2026-01-26T23:05:16","slug":"infelizmente-a-pior-de-todas-as-noticias-matheus-balbino-foi-encontrado-morto","status":"publish","type":"post","link":"https:\/\/compartilhabahia.com.br\/index.php\/2026\/01\/26\/infelizmente-a-pior-de-todas-as-noticias-matheus-balbino-foi-encontrado-morto\/","title":{"rendered":"Infelizmente a pior de todas as not\u00edcias, Matheus Balbino foi encontrado morto"},"content":{"rendered":"\n<p><\/p>\n\n\n\n<p>Ele \u00e9 filho da Professora Lucimar e do Mec\u00e2nico Balbino.<\/p>\n\n\n\n<p>O corpo dele foi encontrado na tarde desta segunda-feira (26), em uma \u00e1rea de mata no munic\u00edpio de Dias d&#8217;\u00c1vila. Munic\u00edpio vizinho a Cama\u00e7ari.<\/p>\n\n\n\n<p>Matheus estava desaparecido desde o \u00faltimo s\u00e1bado (24), ap\u00f3s sair para encontrar um suposto cliente interessado em uma pe\u00e7a no bairro Mangueiral, em Cama\u00e7ari. Segundo relatos de familiares, Matheus teria sido atra\u00eddo para uma emboscada, na qual foi abordado por tr\u00eas homens armados, que o for\u00e7aram a abandonar a motocicleta e entrar em um carro.<\/p>\n\n\n\n<p>A Pol\u00edcia Civil ir\u00e1 investigar a autoria e a motiva\u00e7\u00e3o do crime.<\/p>\n","protected":false},"excerpt":{"rendered":"<p>Ele \u00e9 filho da Professora Lucimar e do Mec\u00e2nico Balbino. O corpo dele foi encontrado na tarde desta segunda-feira (26), em uma \u00e1rea de mata no munic\u00edpio de Dias d&#8217;\u00c1vila. Munic\u00edpio vizinho a Cama\u00e7ari. Matheus estava desaparecido desde o \u00faltimo s\u00e1bado (24), ap\u00f3s sair para encontrar um suposto cliente interessado em uma pe\u00e7a no bairro [&hellip;]<\/p>\n","protected":false},"author":1,"featured_media":9026,"comment_status":"open","ping_status":"open","sticky":false,"template":"","format":"standard","meta":{"footnotes":""},"categories":[8],"tags":[],"class_list":["post-9025","post","type-post","status-publish","format-standard","has-post-thumbnail","hentry","category-camacari"],"yoast_head":"<!-- This site is optimized with the Yoast SEO plugin v21.7 - https:\/\/yoast.com\/wordpress\/plugins\/seo\/ -->\n<title>Infelizmente a pior de todas as not\u00edcias, Matheus Balbino foi encontrado morto - Compartilha Bahia<\/title>\n<meta name=\"robots\" content=\"index, follow, max-snippet:-1, max-image-preview:large, max-video-preview:-1\" \/>\n<link rel=\"canonical\" href=\"https:\/\/compartilhabahia.com.br\/index.php\/2026\/01\/26\/infelizmente-a-pior-de-todas-as-noticias-matheus-balbino-foi-encontrado-morto\/\" \/>\n<meta property=\"og:locale\" content=\"pt_BR\" \/>\n<meta property=\"og:type\" content=\"article\" \/>\n<meta property=\"og:title\" content=\"Infelizmente a pior de todas as not\u00edcias, Matheus Balbino foi encontrado morto - Compartilha Bahia\" \/>\n<meta property=\"og:description\" content=\"Ele \u00e9 filho da Professora Lucimar e do Mec\u00e2nico Balbino. O corpo dele foi encontrado na tarde desta segunda-feira (26), em uma \u00e1rea de mata no munic\u00edpio de Dias d&#8217;\u00c1vila. Munic\u00edpio vizinho a Cama\u00e7ari. Matheus estava desaparecido desde o \u00faltimo s\u00e1bado (24), ap\u00f3s sair para encontrar um suposto cliente interessado em uma pe\u00e7a no bairro [&hellip;]\" \/>\n<meta property=\"og:url\" content=\"https:\/\/compartilhabahia.com.br\/index.php\/2026\/01\/26\/infelizmente-a-pior-de-todas-as-noticias-matheus-balbino-foi-encontrado-morto\/\" \/>\n<meta property=\"og:site_name\" content=\"Compartilha Bahia\" \/>\n<meta property=\"article:publisher\" content=\"https:\/\/web.facebook.com\/compartilhabahia\" \/>\n<meta property=\"article:published_time\" content=\"2026-01-26T23:05:12+00:00\" \/>\n<meta property=\"article:modified_time\" content=\"2026-01-26T23:05:16+00:00\" \/>\n<meta property=\"og:image\" content=\"https:\/\/compartilhabahia.com.br\/wp-content\/uploads\/2026\/01\/mateus.jpg\" \/>\n\t<meta property=\"og:image:width\" content=\"768\" \/>\n\t<meta property=\"og:image:height\" content=\"412\" \/>\n\t<meta property=\"og:image:type\" content=\"image\/jpeg\" \/>\n<meta name=\"author\" content=\"admin\" \/>\n<meta name=\"twitter:card\" content=\"summary_large_image\" \/>\n<meta name=\"twitter:label1\" content=\"Escrito por\" \/>\n\t<meta name=\"twitter:data1\" content=\"admin\" \/>\n\t<meta name=\"twitter:label2\" content=\"Est. tempo de leitura\" \/>\n\t<meta name=\"twitter:data2\" content=\"1 minuto\" \/>\n<script type=\"application\/ld+json\" class=\"yoast-schema-graph\">{\"@context\":\"https:\/\/schema.org\",\"@graph\":[{\"@type\":\"Article\",\"@id\":\"https:\/\/compartilhabahia.com.br\/index.php\/2026\/01\/26\/infelizmente-a-pior-de-todas-as-noticias-matheus-balbino-foi-encontrado-morto\/#article\",\"isPartOf\":{\"@id\":\"https:\/\/compartilhabahia.com.br\/index.php\/2026\/01\/26\/infelizmente-a-pior-de-todas-as-noticias-matheus-balbino-foi-encontrado-morto\/\"},\"author\":{\"name\":\"admin\",\"@id\":\"https:\/\/compartilhabahia.com.br\/#\/schema\/person\/9b4f0c3178793b8248d6686732521c04\"},\"headline\":\"Infelizmente a pior de todas as not\u00edcias, Matheus Balbino foi encontrado morto\",\"datePublished\":\"2026-01-26T23:05:12+00:00\",\"dateModified\":\"2026-01-26T23:05:16+00:00\",\"mainEntityOfPage\":{\"@id\":\"https:\/\/compartilhabahia.com.br\/index.php\/2026\/01\/26\/infelizmente-a-pior-de-todas-as-noticias-matheus-balbino-foi-encontrado-morto\/\"},\"wordCount\":125,\"commentCount\":0,\"publisher\":{\"@id\":\"https:\/\/compartilhabahia.com.br\/#organization\"},\"articleSection\":[\"Cama\u00e7ari\"],\"inLanguage\":\"pt-BR\",\"potentialAction\":[{\"@type\":\"CommentAction\",\"name\":\"Comment\",\"target\":[\"https:\/\/compartilhabahia.com.br\/index.php\/2026\/01\/26\/infelizmente-a-pior-de-todas-as-noticias-matheus-balbino-foi-encontrado-morto\/#respond\"]}]},{\"@type\":\"WebPage\",\"@id\":\"https:\/\/compartilhabahia.com.br\/index.php\/2026\/01\/26\/infelizmente-a-pior-de-todas-as-noticias-matheus-balbino-foi-encontrado-morto\/\",\"url\":\"https:\/\/compartilhabahia.com.br\/index.php\/2026\/01\/26\/infelizmente-a-pior-de-todas-as-noticias-matheus-balbino-foi-encontrado-morto\/\",\"name\":\"Infelizmente a pior de todas as not\u00edcias, Matheus Balbino foi encontrado morto - Compartilha Bahia\",\"isPartOf\":{\"@id\":\"https:\/\/compartilhabahia.com.br\/#website\"},\"datePublished\":\"2026-01-26T23:05:12+00:00\",\"dateModified\":\"2026-01-26T23:05:16+00:00\",\"breadcrumb\":{\"@id\":\"https:\/\/compartilhabahia.com.br\/index.php\/2026\/01\/26\/infelizmente-a-pior-de-todas-as-noticias-matheus-balbino-foi-encontrado-morto\/#breadcrumb\"},\"inLanguage\":\"pt-BR\",\"potentialAction\":[{\"@type\":\"ReadAction\",\"target\":[\"https:\/\/compartilhabahia.com.br\/index.php\/2026\/01\/26\/infelizmente-a-pior-de-todas-as-noticias-matheus-balbino-foi-encontrado-morto\/\"]}]},{\"@type\":\"BreadcrumbList\",\"@id\":\"https:\/\/compartilhabahia.com.br\/index.php\/2026\/01\/26\/infelizmente-a-pior-de-todas-as-noticias-matheus-balbino-foi-encontrado-morto\/#breadcrumb\",\"itemListElement\":[{\"@type\":\"ListItem\",\"position\":1,\"name\":\"In\u00edcio\",\"item\":\"https:\/\/compartilhabahia.com.br\/\"},{\"@type\":\"ListItem\",\"position\":2,\"name\":\"Infelizmente a pior de todas as not\u00edcias, Matheus Balbino foi encontrado morto\"}]},{\"@type\":\"WebSite\",\"@id\":\"https:\/\/compartilhabahia.com.br\/#website\",\"url\":\"https:\/\/compartilhabahia.com.br\/\",\"name\":\"Compartilha Bahia\",\"description\":\"\",\"publisher\":{\"@id\":\"https:\/\/compartilhabahia.com.br\/#organization\"},\"potentialAction\":[{\"@type\":\"SearchAction\",\"target\":{\"@type\":\"EntryPoint\",\"urlTemplate\":\"https:\/\/compartilhabahia.com.br\/?s={search_term_string}\"},\"query-input\":\"required name=search_term_string\"}],\"inLanguage\":\"pt-BR\"},{\"@type\":\"Organization\",\"@id\":\"https:\/\/compartilhabahia.com.br\/#organization\",\"name\":\"Compartilha Bahia\",\"url\":\"https:\/\/compartilhabahia.com.br\/\",\"logo\":{\"@type\":\"ImageObject\",\"inLanguage\":\"pt-BR\",\"@id\":\"https:\/\/compartilhabahia.com.br\/#\/schema\/logo\/image\/\",\"url\":\"https:\/\/compartilhabahia.com.br\/wp-content\/uploads\/2023\/12\/cropped-logo.png\",\"contentUrl\":\"https:\/\/compartilhabahia.com.br\/wp-content\/uploads\/2023\/12\/cropped-logo.png\",\"width\":300,\"height\":106,\"caption\":\"Compartilha Bahia\"},\"image\":{\"@id\":\"https:\/\/compartilhabahia.com.br\/#\/schema\/logo\/image\/\"},\"sameAs\":[\"https:\/\/web.facebook.com\/compartilhabahia\",\"https:\/\/www.instagram.com\/compartilhabahia\/\"]},{\"@type\":\"Person\",\"@id\":\"https:\/\/compartilhabahia.com.br\/#\/schema\/person\/9b4f0c3178793b8248d6686732521c04\",\"name\":\"admin\",\"image\":{\"@type\":\"ImageObject\",\"inLanguage\":\"pt-BR\",\"@id\":\"https:\/\/compartilhabahia.com.br\/#\/schema\/person\/image\/\",\"url\":\"https:\/\/secure.gravatar.com\/avatar\/9600df58751c5acbe914c538c03390ef649ea088cb65f84ba09c7ce66988eed6?s=96&d=mm&r=g\",\"contentUrl\":\"https:\/\/secure.gravatar.com\/avatar\/9600df58751c5acbe914c538c03390ef649ea088cb65f84ba09c7ce66988eed6?s=96&d=mm&r=g\",\"caption\":\"admin\"},\"sameAs\":[\"https:\/\/compartilhabahia.com.br\"],\"url\":\"https:\/\/compartilhabahia.com.br\/index.php\/author\/compartilhabahia\/\"}]}<\/script>\n<!-- \/ Yoast SEO plugin. -->","yoast_head_json":{"title":"Infelizmente a pior de todas as not\u00edcias, Matheus Balbino foi encontrado morto - Compartilha Bahia","robots":{"index":"index","follow":"follow","max-snippet":"max-snippet:-1","max-image-preview":"max-image-preview:large","max-video-preview":"max-video-preview:-1"},"canonical":"https:\/\/compartilhabahia.com.br\/index.php\/2026\/01\/26\/infelizmente-a-pior-de-todas-as-noticias-matheus-balbino-foi-encontrado-morto\/","og_locale":"pt_BR","og_type":"article","og_title":"Infelizmente a pior de todas as not\u00edcias, Matheus Balbino foi encontrado morto - Compartilha Bahia","og_description":"Ele \u00e9 filho da Professora Lucimar e do Mec\u00e2nico Balbino. O corpo dele foi encontrado na tarde desta segunda-feira (26), em uma \u00e1rea de mata no munic\u00edpio de Dias d&#8217;\u00c1vila. Munic\u00edpio vizinho a Cama\u00e7ari. Matheus estava desaparecido desde o \u00faltimo s\u00e1bado (24), ap\u00f3s sair para encontrar um suposto cliente interessado em uma pe\u00e7a no bairro [&hellip;]","og_url":"https:\/\/compartilhabahia.com.br\/index.php\/2026\/01\/26\/infelizmente-a-pior-de-todas-as-noticias-matheus-balbino-foi-encontrado-morto\/","og_site_name":"Compartilha Bahia","article_publisher":"https:\/\/web.facebook.com\/compartilhabahia","article_published_time":"2026-01-26T23:05:12+00:00","article_modified_time":"2026-01-26T23:05:16+00:00","og_image":[{"width":768,"height":412,"url":"https:\/\/compartilhabahia.com.br\/wp-content\/uploads\/2026\/01\/mateus.jpg","type":"image\/jpeg"}],"author":"admin","twitter_card":"summary_large_image","twitter_misc":{"Escrito por":"admin","Est. tempo de leitura":"1 minuto"},"schema":{"@context":"https:\/\/schema.org","@graph":[{"@type":"Article","@id":"https:\/\/compartilhabahia.com.br\/index.php\/2026\/01\/26\/infelizmente-a-pior-de-todas-as-noticias-matheus-balbino-foi-encontrado-morto\/#article","isPartOf":{"@id":"https:\/\/compartilhabahia.com.br\/index.php\/2026\/01\/26\/infelizmente-a-pior-de-todas-as-noticias-matheus-balbino-foi-encontrado-morto\/"},"author":{"name":"admin","@id":"https:\/\/compartilhabahia.com.br\/#\/schema\/person\/9b4f0c3178793b8248d6686732521c04"},"headline":"Infelizmente a pior de todas as not\u00edcias, Matheus Balbino foi encontrado morto","datePublished":"2026-01-26T23:05:12+00:00","dateModified":"2026-01-26T23:05:16+00:00","mainEntityOfPage":{"@id":"https:\/\/compartilhabahia.com.br\/index.php\/2026\/01\/26\/infelizmente-a-pior-de-todas-as-noticias-matheus-balbino-foi-encontrado-morto\/"},"wordCount":125,"commentCount":0,"publisher":{"@id":"https:\/\/compartilhabahia.com.br\/#organization"},"articleSection":["Cama\u00e7ari"],"inLanguage":"pt-BR","potentialAction":[{"@type":"CommentAction","name":"Comment","target":["https:\/\/compartilhabahia.com.br\/index.php\/2026\/01\/26\/infelizmente-a-pior-de-todas-as-noticias-matheus-balbino-foi-encontrado-morto\/#respond"]}]},{"@type":"WebPage","@id":"https:\/\/compartilhabahia.com.br\/index.php\/2026\/01\/26\/infelizmente-a-pior-de-todas-as-noticias-matheus-balbino-foi-encontrado-morto\/","url":"https:\/\/compartilhabahia.com.br\/index.php\/2026\/01\/26\/infelizmente-a-pior-de-todas-as-noticias-matheus-balbino-foi-encontrado-morto\/","name":"Infelizmente a pior de todas as not\u00edcias, Matheus Balbino foi encontrado morto - Compartilha Bahia","isPartOf":{"@id":"https:\/\/compartilhabahia.com.br\/#website"},"datePublished":"2026-01-26T23:05:12+00:00","dateModified":"2026-01-26T23:05:16+00:00","breadcrumb":{"@id":"https:\/\/compartilhabahia.com.br\/index.php\/2026\/01\/26\/infelizmente-a-pior-de-todas-as-noticias-matheus-balbino-foi-encontrado-morto\/#breadcrumb"},"inLanguage":"pt-BR","potentialAction":[{"@type":"ReadAction","target":["https:\/\/compartilhabahia.com.br\/index.php\/2026\/01\/26\/infelizmente-a-pior-de-todas-as-noticias-matheus-balbino-foi-encontrado-morto\/"]}]},{"@type":"BreadcrumbList","@id":"https:\/\/compartilhabahia.com.br\/index.php\/2026\/01\/26\/infelizmente-a-pior-de-todas-as-noticias-matheus-balbino-foi-encontrado-morto\/#breadcrumb","itemListElement":[{"@type":"ListItem","position":1,"name":"In\u00edcio","item":"https:\/\/compartilhabahia.com.br\/"},{"@type":"ListItem","position":2,"name":"Infelizmente a pior de todas as not\u00edcias, Matheus Balbino foi encontrado morto"}]},{"@type":"WebSite","@id":"https:\/\/compartilhabahia.com.br\/#website","url":"https:\/\/compartilhabahia.com.br\/","name":"Compartilha Bahia","description":"","publisher":{"@id":"https:\/\/compartilhabahia.com.br\/#organization"},"potentialAction":[{"@type":"SearchAction","target":{"@type":"EntryPoint","urlTemplate":"https:\/\/compartilhabahia.com.br\/?s={search_term_string}"},"query-input":"required name=search_term_string"}],"inLanguage":"pt-BR"},{"@type":"Organization","@id":"https:\/\/compartilhabahia.com.br\/#organization","name":"Compartilha Bahia","url":"https:\/\/compartilhabahia.com.br\/","logo":{"@type":"ImageObject","inLanguage":"pt-BR","@id":"https:\/\/compartilhabahia.com.br\/#\/schema\/logo\/image\/","url":"https:\/\/compartilhabahia.com.br\/wp-content\/uploads\/2023\/12\/cropped-logo.png","contentUrl":"https:\/\/compartilhabahia.com.br\/wp-content\/uploads\/2023\/12\/cropped-logo.png","width":300,"height":106,"caption":"Compartilha Bahia"},"image":{"@id":"https:\/\/compartilhabahia.com.br\/#\/schema\/logo\/image\/"},"sameAs":["https:\/\/web.facebook.com\/compartilhabahia","https:\/\/www.instagram.com\/compartilhabahia\/"]},{"@type":"Person","@id":"https:\/\/compartilhabahia.com.br\/#\/schema\/person\/9b4f0c3178793b8248d6686732521c04","name":"admin","image":{"@type":"ImageObject","inLanguage":"pt-BR","@id":"https:\/\/compartilhabahia.com.br\/#\/schema\/person\/image\/","url":"https:\/\/secure.gravatar.com\/avatar\/9600df58751c5acbe914c538c03390ef649ea088cb65f84ba09c7ce66988eed6?s=96&d=mm&r=g","contentUrl":"https:\/\/secure.gravatar.com\/avatar\/9600df58751c5acbe914c538c03390ef649ea088cb65f84ba09c7ce66988eed6?s=96&d=mm&r=g","caption":"admin"},"sameAs":["https:\/\/compartilhabahia.com.br"],"url":"https:\/\/compartilhabahia.com.br\/index.php\/author\/compartilhabahia\/"}]}},"_links":{"self":[{"href":"https:\/\/compartilhabahia.com.br\/index.php\/wp-json\/wp\/v2\/posts\/9025","targetHints":{"allow":["GET"]}}],"collection":[{"href":"https:\/\/compartilhabahia.com.br\/index.php\/wp-json\/wp\/v2\/posts"}],"about":[{"href":"https:\/\/compartilhabahia.com.br\/index.php\/wp-json\/wp\/v2\/types\/post"}],"author":[{"embeddable":true,"href":"https:\/\/compartilhabahia.com.br\/index.php\/wp-json\/wp\/v2\/users\/1"}],"replies":[{"embeddable":true,"href":"https:\/\/compartilhabahia.com.br\/index.php\/wp-json\/wp\/v2\/comments?post=9025"}],"version-history":[{"count":1,"href":"https:\/\/compartilhabahia.com.br\/index.php\/wp-json\/wp\/v2\/posts\/9025\/revisions"}],"predecessor-version":[{"id":9027,"href":"https:\/\/compartilhabahia.com.br\/index.php\/wp-json\/wp\/v2\/posts\/9025\/revisions\/9027"}],"wp:featuredmedia":[{"embeddable":true,"href":"https:\/\/compartilhabahia.com.br\/index.php\/wp-json\/wp\/v2\/media\/9026"}],"wp:attachment":[{"href":"https:\/\/compartilhabahia.com.br\/index.php\/wp-json\/wp\/v2\/media?parent=9025"}],"wp:term":[{"taxonomy":"category","embeddable":true,"href":"https:\/\/compartilhabahia.com.br\/index.php\/wp-json\/wp\/v2\/categories?post=9025"},{"taxonomy":"post_tag","embeddable":true,"href":"https:\/\/compartilhabahia.com.br\/index.php\/wp-json\/wp\/v2\/tags?post=9025"}],"curies":[{"name":"wp","href":"https:\/\/api.w.org\/{rel}","templated":true}]}}