{"id":9010,"date":"2026-01-24T23:35:10","date_gmt":"2026-01-25T02:35:10","guid":{"rendered":"https:\/\/compartilhabahia.com.br\/?p=9010"},"modified":"2026-01-24T23:35:12","modified_gmt":"2026-01-25T02:35:12","slug":"lavagem-de-monte-gordo-e-vila-de-abrantes-no-mesmo-final-de-semana-e-camacari-mais-cultural-ainda","status":"publish","type":"post","link":"https:\/\/compartilhabahia.com.br\/index.php\/2026\/01\/24\/lavagem-de-monte-gordo-e-vila-de-abrantes-no-mesmo-final-de-semana-e-camacari-mais-cultural-ainda\/","title":{"rendered":"Lavagem de Monte Gordo e Vila de Abrantes no mesmo final de semana \u00e9 Cama\u00e7ari mais cultural ainda"},"content":{"rendered":"\n<p><strong>Na sexta-feira (23) a Lavagem de Monte Gordo transforma ruas em palco de devo\u00e7\u00e3o e cultura<\/strong><\/p>\n\n\n\n<p>Nesta sexta-feira (23), em Monte Gordo, a f\u00e9 ganhou perfume, som e cor nas celebra\u00e7\u00f5es em homenagem a S\u00e3o Francisco de Assis, santo cat\u00f3lico padroeiro da localidade. O aroma da \u00e1gua de cheiro, os c\u00e2nticos dos grupos culturais e o colorido das baianas se misturaram \u00e0 multid\u00e3o que tomou as vias, anunciando a abertura da tradicional lavagem da localidade.<\/p>\n\n\n\n<p>Partindo da Pra\u00e7a Central de Guarajuba, e seguindo em dire\u00e7\u00e3o \u00e0 capela, nas proximidades do Centro Comercial de Monte Gordo, o cortejo marca oficialmente o in\u00edcio da lavagem, que integra o calend\u00e1rio de festejos populares do ver\u00e3o de Cama\u00e7ari e celebra a uni\u00e3o entre tradi\u00e7\u00e3o, f\u00e9 e identidade cultural.<\/p>\n\n\n\n<p><\/p>\n\n\n\n<p><strong>No s\u00e1bado (24) o cortejo religioso abre Lavagem de Vila de Abrantes, colorindo ruas com f\u00e9, tradi\u00e7\u00e3o e forte presen\u00e7a de grupos culturais<\/strong><\/p>\n\n\n\n<p>Marcada por devo\u00e7\u00e3o, cores e sons ancestrais, a tradicional Lavagem de Vila de Abrantes foi oficialmente aberta neste s\u00e1bado (24). Ponto \u00e1pice do evento, o cortejo religioso em homenagem a S\u00e3o Sebasti\u00e3o, padroeiro da localidade, saiu da Avenida Tiradentes em dire\u00e7\u00e3o \u00e0 Igreja Matriz do Divino Esp\u00edrito Santo, unindo<br>moradores, visitantes, turistas, baianas e autoridades, com destaque para a expressiva participa\u00e7\u00e3o dos diversos grupos culturais que atravessam gera\u00e7\u00f5es e traduzem o encontro vivo entre f\u00e9 e identidade cultural.<\/p>\n\n\n\n<p>O prefeito de Cama\u00e7ari, Luiz Caetano, enfatizou o valor simb\u00f3lico e cultural da lavagem para o munic\u00edpio. \u201cEstamos aqui, celebrando esse momento de amor e de paz. Essa foi a melhor lavagem dos \u00faltimos anos. Uma manifesta\u00e7\u00e3o que une religiosidade, cultura e pertencimento. Preservar essa tradi\u00e7\u00e3o \u00e9 respeitar a hist\u00f3ria e fortalecer os la\u00e7os comunit\u00e1rios que fazem de Cama\u00e7ari uma cidade plural e viva\u201d, afirmou.<\/p>\n\n\n\n<p>Ao longo da caminhada, o cortejo foi embalado pelos tambores, c\u00e2nticos e express\u00f5es culturais que celebram a ancestralidade. Grupos, como Ra\u00edzes Dessa Terra, Capoeira Engenho, Capoeira Fatumbi, Tambores da Cordoaria, Boi Bonito de Abrantes, al\u00e9m das charangas Cara\u00edpa e Art\u2019vila, transformaram as ruas em um espa\u00e7o de mem\u00f3ria e resist\u00eancia cultural.<\/p>\n\n\n\n<p>S\u00edmbolo de for\u00e7a r\u00edtmica e protagonismo jovem, o grupo Tambores da Cordoaria chamou aten\u00e7\u00e3o. T\u00e2mara Reis, l\u00edder do movimento, relembrou que o projeto nasceu dentro da comunidade quilombola, com a miss\u00e3o de valorizar a cultura afro-brasileira e transformar realidades por meio da m\u00fasica e da ancestralidade, utilizando principalmente ritmos como o samba-reggae. \u201cO nosso projeto \u00e9 criado por jovens da comunidade, somos em 15, no total. \u00c9 uma honra estar participando mais uma vez desse importante desfile, que fala muito sobre nossas viv\u00eancias e mant\u00eam viva nossa cultura\u201d, pontuou.<\/p>\n\n\n\n<p>Representando a ala das baianas, a yalorix\u00e1 Cristiane de Jesus Costa, 52 anos, descreveu a participa\u00e7\u00e3o como um ato de alegria e responsabilidade cultural. \u201c\u00c9 gratificante demais estar aqui. Vivo esse momento pelo segundo ano, com muita alegria. Estou aqui para representar o povo de ax\u00e9 e contribuir para a preserva\u00e7\u00e3o da nossa cultura brasileira\u201d, real\u00e7ou.<\/p>\n\n\n\n<p>Ap\u00f3s o encerramento do car\u00e1ter religioso, agora a Lavagem de Vila de Abrantes segue com a parte festiva at\u00e9 segunda-feira (26). A agenda inclui desfile de blocos e shows musicais, reunindo diferentes estilos e artistas, em uma programa\u00e7\u00e3o diversificada que celebra a tradi\u00e7\u00e3o, a conviv\u00eancia e a alegria popular.<\/p>\n","protected":false},"excerpt":{"rendered":"<p>Na sexta-feira (23) a Lavagem de Monte Gordo transforma ruas em palco de devo\u00e7\u00e3o e cultura Nesta sexta-feira (23), em Monte Gordo, a f\u00e9 ganhou perfume, som e cor nas celebra\u00e7\u00f5es em homenagem a S\u00e3o Francisco de Assis, santo cat\u00f3lico padroeiro da localidade. O aroma da \u00e1gua de cheiro, os c\u00e2nticos dos grupos culturais e [&hellip;]<\/p>\n","protected":false},"author":1,"featured_media":9011,"comment_status":"open","ping_status":"open","sticky":false,"template":"","format":"standard","meta":{"footnotes":""},"categories":[8],"tags":[],"class_list":["post-9010","post","type-post","status-publish","format-standard","has-post-thumbnail","hentry","category-camacari"],"yoast_head":"<!-- This site is optimized with the Yoast SEO plugin v21.7 - https:\/\/yoast.com\/wordpress\/plugins\/seo\/ -->\n<title>Lavagem de Monte Gordo e Vila de Abrantes no mesmo final de semana \u00e9 Cama\u00e7ari mais cultural ainda - Compartilha Bahia<\/title>\n<meta name=\"robots\" content=\"index, follow, max-snippet:-1, max-image-preview:large, max-video-preview:-1\" \/>\n<link rel=\"canonical\" href=\"https:\/\/compartilhabahia.com.br\/index.php\/2026\/01\/24\/lavagem-de-monte-gordo-e-vila-de-abrantes-no-mesmo-final-de-semana-e-camacari-mais-cultural-ainda\/\" \/>\n<meta property=\"og:locale\" content=\"pt_BR\" \/>\n<meta property=\"og:type\" content=\"article\" \/>\n<meta property=\"og:title\" content=\"Lavagem de Monte Gordo e Vila de Abrantes no mesmo final de semana \u00e9 Cama\u00e7ari mais cultural ainda - Compartilha Bahia\" \/>\n<meta property=\"og:description\" content=\"Na sexta-feira (23) a Lavagem de Monte Gordo transforma ruas em palco de devo\u00e7\u00e3o e cultura Nesta sexta-feira (23), em Monte Gordo, a f\u00e9 ganhou perfume, som e cor nas celebra\u00e7\u00f5es em homenagem a S\u00e3o Francisco de Assis, santo cat\u00f3lico padroeiro da localidade. O aroma da \u00e1gua de cheiro, os c\u00e2nticos dos grupos culturais e [&hellip;]\" \/>\n<meta property=\"og:url\" content=\"https:\/\/compartilhabahia.com.br\/index.php\/2026\/01\/24\/lavagem-de-monte-gordo-e-vila-de-abrantes-no-mesmo-final-de-semana-e-camacari-mais-cultural-ainda\/\" \/>\n<meta property=\"og:site_name\" content=\"Compartilha Bahia\" \/>\n<meta property=\"article:publisher\" content=\"https:\/\/web.facebook.com\/compartilhabahia\" \/>\n<meta property=\"article:published_time\" content=\"2026-01-25T02:35:10+00:00\" \/>\n<meta property=\"article:modified_time\" content=\"2026-01-25T02:35:12+00:00\" \/>\n<meta property=\"og:image\" content=\"https:\/\/compartilhabahia.com.br\/wp-content\/uploads\/2026\/01\/lavagemmontegordo.jpg\" \/>\n\t<meta property=\"og:image:width\" content=\"1120\" \/>\n\t<meta property=\"og:image:height\" content=\"747\" \/>\n\t<meta property=\"og:image:type\" content=\"image\/jpeg\" \/>\n<meta name=\"author\" content=\"admin\" \/>\n<meta name=\"twitter:card\" content=\"summary_large_image\" \/>\n<meta name=\"twitter:label1\" content=\"Escrito por\" \/>\n\t<meta name=\"twitter:data1\" content=\"admin\" \/>\n\t<meta name=\"twitter:label2\" content=\"Est. tempo de leitura\" \/>\n\t<meta name=\"twitter:data2\" content=\"4 minutos\" \/>\n<script type=\"application\/ld+json\" class=\"yoast-schema-graph\">{\"@context\":\"https:\/\/schema.org\",\"@graph\":[{\"@type\":\"Article\",\"@id\":\"https:\/\/compartilhabahia.com.br\/index.php\/2026\/01\/24\/lavagem-de-monte-gordo-e-vila-de-abrantes-no-mesmo-final-de-semana-e-camacari-mais-cultural-ainda\/#article\",\"isPartOf\":{\"@id\":\"https:\/\/compartilhabahia.com.br\/index.php\/2026\/01\/24\/lavagem-de-monte-gordo-e-vila-de-abrantes-no-mesmo-final-de-semana-e-camacari-mais-cultural-ainda\/\"},\"author\":{\"name\":\"admin\",\"@id\":\"https:\/\/compartilhabahia.com.br\/#\/schema\/person\/9b4f0c3178793b8248d6686732521c04\"},\"headline\":\"Lavagem de Monte Gordo e Vila de Abrantes no mesmo final de semana \u00e9 Cama\u00e7ari mais cultural ainda\",\"datePublished\":\"2026-01-25T02:35:10+00:00\",\"dateModified\":\"2026-01-25T02:35:12+00:00\",\"mainEntityOfPage\":{\"@id\":\"https:\/\/compartilhabahia.com.br\/index.php\/2026\/01\/24\/lavagem-de-monte-gordo-e-vila-de-abrantes-no-mesmo-final-de-semana-e-camacari-mais-cultural-ainda\/\"},\"wordCount\":599,\"commentCount\":0,\"publisher\":{\"@id\":\"https:\/\/compartilhabahia.com.br\/#organization\"},\"articleSection\":[\"Cama\u00e7ari\"],\"inLanguage\":\"pt-BR\",\"potentialAction\":[{\"@type\":\"CommentAction\",\"name\":\"Comment\",\"target\":[\"https:\/\/compartilhabahia.com.br\/index.php\/2026\/01\/24\/lavagem-de-monte-gordo-e-vila-de-abrantes-no-mesmo-final-de-semana-e-camacari-mais-cultural-ainda\/#respond\"]}]},{\"@type\":\"WebPage\",\"@id\":\"https:\/\/compartilhabahia.com.br\/index.php\/2026\/01\/24\/lavagem-de-monte-gordo-e-vila-de-abrantes-no-mesmo-final-de-semana-e-camacari-mais-cultural-ainda\/\",\"url\":\"https:\/\/compartilhabahia.com.br\/index.php\/2026\/01\/24\/lavagem-de-monte-gordo-e-vila-de-abrantes-no-mesmo-final-de-semana-e-camacari-mais-cultural-ainda\/\",\"name\":\"Lavagem de Monte Gordo e Vila de Abrantes no mesmo final de semana \u00e9 Cama\u00e7ari mais cultural ainda - Compartilha Bahia\",\"isPartOf\":{\"@id\":\"https:\/\/compartilhabahia.com.br\/#website\"},\"datePublished\":\"2026-01-25T02:35:10+00:00\",\"dateModified\":\"2026-01-25T02:35:12+00:00\",\"breadcrumb\":{\"@id\":\"https:\/\/compartilhabahia.com.br\/index.php\/2026\/01\/24\/lavagem-de-monte-gordo-e-vila-de-abrantes-no-mesmo-final-de-semana-e-camacari-mais-cultural-ainda\/#breadcrumb\"},\"inLanguage\":\"pt-BR\",\"potentialAction\":[{\"@type\":\"ReadAction\",\"target\":[\"https:\/\/compartilhabahia.com.br\/index.php\/2026\/01\/24\/lavagem-de-monte-gordo-e-vila-de-abrantes-no-mesmo-final-de-semana-e-camacari-mais-cultural-ainda\/\"]}]},{\"@type\":\"BreadcrumbList\",\"@id\":\"https:\/\/compartilhabahia.com.br\/index.php\/2026\/01\/24\/lavagem-de-monte-gordo-e-vila-de-abrantes-no-mesmo-final-de-semana-e-camacari-mais-cultural-ainda\/#breadcrumb\",\"itemListElement\":[{\"@type\":\"ListItem\",\"position\":1,\"name\":\"In\u00edcio\",\"item\":\"https:\/\/compartilhabahia.com.br\/\"},{\"@type\":\"ListItem\",\"position\":2,\"name\":\"Lavagem de Monte Gordo e Vila de Abrantes no mesmo final de semana \u00e9 Cama\u00e7ari mais cultural ainda\"}]},{\"@type\":\"WebSite\",\"@id\":\"https:\/\/compartilhabahia.com.br\/#website\",\"url\":\"https:\/\/compartilhabahia.com.br\/\",\"name\":\"Compartilha Bahia\",\"description\":\"\",\"publisher\":{\"@id\":\"https:\/\/compartilhabahia.com.br\/#organization\"},\"potentialAction\":[{\"@type\":\"SearchAction\",\"target\":{\"@type\":\"EntryPoint\",\"urlTemplate\":\"https:\/\/compartilhabahia.com.br\/?s={search_term_string}\"},\"query-input\":\"required name=search_term_string\"}],\"inLanguage\":\"pt-BR\"},{\"@type\":\"Organization\",\"@id\":\"https:\/\/compartilhabahia.com.br\/#organization\",\"name\":\"Compartilha Bahia\",\"url\":\"https:\/\/compartilhabahia.com.br\/\",\"logo\":{\"@type\":\"ImageObject\",\"inLanguage\":\"pt-BR\",\"@id\":\"https:\/\/compartilhabahia.com.br\/#\/schema\/logo\/image\/\",\"url\":\"https:\/\/compartilhabahia.com.br\/wp-content\/uploads\/2023\/12\/cropped-logo.png\",\"contentUrl\":\"https:\/\/compartilhabahia.com.br\/wp-content\/uploads\/2023\/12\/cropped-logo.png\",\"width\":300,\"height\":106,\"caption\":\"Compartilha Bahia\"},\"image\":{\"@id\":\"https:\/\/compartilhabahia.com.br\/#\/schema\/logo\/image\/\"},\"sameAs\":[\"https:\/\/web.facebook.com\/compartilhabahia\",\"https:\/\/www.instagram.com\/compartilhabahia\/\"]},{\"@type\":\"Person\",\"@id\":\"https:\/\/compartilhabahia.com.br\/#\/schema\/person\/9b4f0c3178793b8248d6686732521c04\",\"name\":\"admin\",\"image\":{\"@type\":\"ImageObject\",\"inLanguage\":\"pt-BR\",\"@id\":\"https:\/\/compartilhabahia.com.br\/#\/schema\/person\/image\/\",\"url\":\"https:\/\/secure.gravatar.com\/avatar\/9600df58751c5acbe914c538c03390ef649ea088cb65f84ba09c7ce66988eed6?s=96&d=mm&r=g\",\"contentUrl\":\"https:\/\/secure.gravatar.com\/avatar\/9600df58751c5acbe914c538c03390ef649ea088cb65f84ba09c7ce66988eed6?s=96&d=mm&r=g\",\"caption\":\"admin\"},\"sameAs\":[\"https:\/\/compartilhabahia.com.br\"],\"url\":\"https:\/\/compartilhabahia.com.br\/index.php\/author\/compartilhabahia\/\"}]}<\/script>\n<!-- \/ Yoast SEO plugin. -->","yoast_head_json":{"title":"Lavagem de Monte Gordo e Vila de Abrantes no mesmo final de semana \u00e9 Cama\u00e7ari mais cultural ainda - Compartilha Bahia","robots":{"index":"index","follow":"follow","max-snippet":"max-snippet:-1","max-image-preview":"max-image-preview:large","max-video-preview":"max-video-preview:-1"},"canonical":"https:\/\/compartilhabahia.com.br\/index.php\/2026\/01\/24\/lavagem-de-monte-gordo-e-vila-de-abrantes-no-mesmo-final-de-semana-e-camacari-mais-cultural-ainda\/","og_locale":"pt_BR","og_type":"article","og_title":"Lavagem de Monte Gordo e Vila de Abrantes no mesmo final de semana \u00e9 Cama\u00e7ari mais cultural ainda - Compartilha Bahia","og_description":"Na sexta-feira (23) a Lavagem de Monte Gordo transforma ruas em palco de devo\u00e7\u00e3o e cultura Nesta sexta-feira (23), em Monte Gordo, a f\u00e9 ganhou perfume, som e cor nas celebra\u00e7\u00f5es em homenagem a S\u00e3o Francisco de Assis, santo cat\u00f3lico padroeiro da localidade. O aroma da \u00e1gua de cheiro, os c\u00e2nticos dos grupos culturais e [&hellip;]","og_url":"https:\/\/compartilhabahia.com.br\/index.php\/2026\/01\/24\/lavagem-de-monte-gordo-e-vila-de-abrantes-no-mesmo-final-de-semana-e-camacari-mais-cultural-ainda\/","og_site_name":"Compartilha Bahia","article_publisher":"https:\/\/web.facebook.com\/compartilhabahia","article_published_time":"2026-01-25T02:35:10+00:00","article_modified_time":"2026-01-25T02:35:12+00:00","og_image":[{"width":1120,"height":747,"url":"https:\/\/compartilhabahia.com.br\/wp-content\/uploads\/2026\/01\/lavagemmontegordo.jpg","type":"image\/jpeg"}],"author":"admin","twitter_card":"summary_large_image","twitter_misc":{"Escrito por":"admin","Est. tempo de leitura":"4 minutos"},"schema":{"@context":"https:\/\/schema.org","@graph":[{"@type":"Article","@id":"https:\/\/compartilhabahia.com.br\/index.php\/2026\/01\/24\/lavagem-de-monte-gordo-e-vila-de-abrantes-no-mesmo-final-de-semana-e-camacari-mais-cultural-ainda\/#article","isPartOf":{"@id":"https:\/\/compartilhabahia.com.br\/index.php\/2026\/01\/24\/lavagem-de-monte-gordo-e-vila-de-abrantes-no-mesmo-final-de-semana-e-camacari-mais-cultural-ainda\/"},"author":{"name":"admin","@id":"https:\/\/compartilhabahia.com.br\/#\/schema\/person\/9b4f0c3178793b8248d6686732521c04"},"headline":"Lavagem de Monte Gordo e Vila de Abrantes no mesmo final de semana \u00e9 Cama\u00e7ari mais cultural ainda","datePublished":"2026-01-25T02:35:10+00:00","dateModified":"2026-01-25T02:35:12+00:00","mainEntityOfPage":{"@id":"https:\/\/compartilhabahia.com.br\/index.php\/2026\/01\/24\/lavagem-de-monte-gordo-e-vila-de-abrantes-no-mesmo-final-de-semana-e-camacari-mais-cultural-ainda\/"},"wordCount":599,"commentCount":0,"publisher":{"@id":"https:\/\/compartilhabahia.com.br\/#organization"},"articleSection":["Cama\u00e7ari"],"inLanguage":"pt-BR","potentialAction":[{"@type":"CommentAction","name":"Comment","target":["https:\/\/compartilhabahia.com.br\/index.php\/2026\/01\/24\/lavagem-de-monte-gordo-e-vila-de-abrantes-no-mesmo-final-de-semana-e-camacari-mais-cultural-ainda\/#respond"]}]},{"@type":"WebPage","@id":"https:\/\/compartilhabahia.com.br\/index.php\/2026\/01\/24\/lavagem-de-monte-gordo-e-vila-de-abrantes-no-mesmo-final-de-semana-e-camacari-mais-cultural-ainda\/","url":"https:\/\/compartilhabahia.com.br\/index.php\/2026\/01\/24\/lavagem-de-monte-gordo-e-vila-de-abrantes-no-mesmo-final-de-semana-e-camacari-mais-cultural-ainda\/","name":"Lavagem de Monte Gordo e Vila de Abrantes no mesmo final de semana \u00e9 Cama\u00e7ari mais cultural ainda - Compartilha Bahia","isPartOf":{"@id":"https:\/\/compartilhabahia.com.br\/#website"},"datePublished":"2026-01-25T02:35:10+00:00","dateModified":"2026-01-25T02:35:12+00:00","breadcrumb":{"@id":"https:\/\/compartilhabahia.com.br\/index.php\/2026\/01\/24\/lavagem-de-monte-gordo-e-vila-de-abrantes-no-mesmo-final-de-semana-e-camacari-mais-cultural-ainda\/#breadcrumb"},"inLanguage":"pt-BR","potentialAction":[{"@type":"ReadAction","target":["https:\/\/compartilhabahia.com.br\/index.php\/2026\/01\/24\/lavagem-de-monte-gordo-e-vila-de-abrantes-no-mesmo-final-de-semana-e-camacari-mais-cultural-ainda\/"]}]},{"@type":"BreadcrumbList","@id":"https:\/\/compartilhabahia.com.br\/index.php\/2026\/01\/24\/lavagem-de-monte-gordo-e-vila-de-abrantes-no-mesmo-final-de-semana-e-camacari-mais-cultural-ainda\/#breadcrumb","itemListElement":[{"@type":"ListItem","position":1,"name":"In\u00edcio","item":"https:\/\/compartilhabahia.com.br\/"},{"@type":"ListItem","position":2,"name":"Lavagem de Monte Gordo e Vila de Abrantes no mesmo final de semana \u00e9 Cama\u00e7ari mais cultural ainda"}]},{"@type":"WebSite","@id":"https:\/\/compartilhabahia.com.br\/#website","url":"https:\/\/compartilhabahia.com.br\/","name":"Compartilha Bahia","description":"","publisher":{"@id":"https:\/\/compartilhabahia.com.br\/#organization"},"potentialAction":[{"@type":"SearchAction","target":{"@type":"EntryPoint","urlTemplate":"https:\/\/compartilhabahia.com.br\/?s={search_term_string}"},"query-input":"required name=search_term_string"}],"inLanguage":"pt-BR"},{"@type":"Organization","@id":"https:\/\/compartilhabahia.com.br\/#organization","name":"Compartilha Bahia","url":"https:\/\/compartilhabahia.com.br\/","logo":{"@type":"ImageObject","inLanguage":"pt-BR","@id":"https:\/\/compartilhabahia.com.br\/#\/schema\/logo\/image\/","url":"https:\/\/compartilhabahia.com.br\/wp-content\/uploads\/2023\/12\/cropped-logo.png","contentUrl":"https:\/\/compartilhabahia.com.br\/wp-content\/uploads\/2023\/12\/cropped-logo.png","width":300,"height":106,"caption":"Compartilha Bahia"},"image":{"@id":"https:\/\/compartilhabahia.com.br\/#\/schema\/logo\/image\/"},"sameAs":["https:\/\/web.facebook.com\/compartilhabahia","https:\/\/www.instagram.com\/compartilhabahia\/"]},{"@type":"Person","@id":"https:\/\/compartilhabahia.com.br\/#\/schema\/person\/9b4f0c3178793b8248d6686732521c04","name":"admin","image":{"@type":"ImageObject","inLanguage":"pt-BR","@id":"https:\/\/compartilhabahia.com.br\/#\/schema\/person\/image\/","url":"https:\/\/secure.gravatar.com\/avatar\/9600df58751c5acbe914c538c03390ef649ea088cb65f84ba09c7ce66988eed6?s=96&d=mm&r=g","contentUrl":"https:\/\/secure.gravatar.com\/avatar\/9600df58751c5acbe914c538c03390ef649ea088cb65f84ba09c7ce66988eed6?s=96&d=mm&r=g","caption":"admin"},"sameAs":["https:\/\/compartilhabahia.com.br"],"url":"https:\/\/compartilhabahia.com.br\/index.php\/author\/compartilhabahia\/"}]}},"_links":{"self":[{"href":"https:\/\/compartilhabahia.com.br\/index.php\/wp-json\/wp\/v2\/posts\/9010","targetHints":{"allow":["GET"]}}],"collection":[{"href":"https:\/\/compartilhabahia.com.br\/index.php\/wp-json\/wp\/v2\/posts"}],"about":[{"href":"https:\/\/compartilhabahia.com.br\/index.php\/wp-json\/wp\/v2\/types\/post"}],"author":[{"embeddable":true,"href":"https:\/\/compartilhabahia.com.br\/index.php\/wp-json\/wp\/v2\/users\/1"}],"replies":[{"embeddable":true,"href":"https:\/\/compartilhabahia.com.br\/index.php\/wp-json\/wp\/v2\/comments?post=9010"}],"version-history":[{"count":1,"href":"https:\/\/compartilhabahia.com.br\/index.php\/wp-json\/wp\/v2\/posts\/9010\/revisions"}],"predecessor-version":[{"id":9012,"href":"https:\/\/compartilhabahia.com.br\/index.php\/wp-json\/wp\/v2\/posts\/9010\/revisions\/9012"}],"wp:featuredmedia":[{"embeddable":true,"href":"https:\/\/compartilhabahia.com.br\/index.php\/wp-json\/wp\/v2\/media\/9011"}],"wp:attachment":[{"href":"https:\/\/compartilhabahia.com.br\/index.php\/wp-json\/wp\/v2\/media?parent=9010"}],"wp:term":[{"taxonomy":"category","embeddable":true,"href":"https:\/\/compartilhabahia.com.br\/index.php\/wp-json\/wp\/v2\/categories?post=9010"},{"taxonomy":"post_tag","embeddable":true,"href":"https:\/\/compartilhabahia.com.br\/index.php\/wp-json\/wp\/v2\/tags?post=9010"}],"curies":[{"name":"wp","href":"https:\/\/api.w.org\/{rel}","templated":true}]}}