{"id":9003,"date":"2026-01-24T23:07:37","date_gmt":"2026-01-25T02:07:37","guid":{"rendered":"https:\/\/compartilhabahia.com.br\/?p=9003"},"modified":"2026-01-24T23:10:04","modified_gmt":"2026-01-25T02:10:04","slug":"fortalecendo-a-empregabilidade-secretaria-capacita-mais-de-4-mil-pessoas-em-um-ano","status":"publish","type":"post","link":"https:\/\/compartilhabahia.com.br\/index.php\/2026\/01\/24\/fortalecendo-a-empregabilidade-secretaria-capacita-mais-de-4-mil-pessoas-em-um-ano\/","title":{"rendered":"Com empregabilidade em alta Cama\u00e7ari capacita mais de 4 mil pessoas em um ano"},"content":{"rendered":"\n<p>Cama\u00e7ari fortalece rede de qualifica\u00e7\u00e3o profissional e impulsiona oportunidades com capacita\u00e7\u00e3o de mais de 4 mil trabalhadores<\/p>\n\n\n\n<p><\/p>\n\n\n\n<p class=\"has-text-align-center\"><\/p>\n\n\n\n<p>Cama\u00e7ari consolida-se como um dos maiores polos de qualifica\u00e7\u00e3o profissional da Regi\u00e3o Metropolitana de Salvador (RMS), impulsionando investimentos em forma\u00e7\u00e3o t\u00e9cnica e capacita\u00e7\u00e3o setorial que ampliam oportunidades e fortalecem o desenvolvimento econ\u00f4mico local, ao mesmo tempo que promove mudan\u00e7as reais na vida das pessoas, abrindo portas para o primeiro emprego, fortalecendo trajet\u00f3rias e concretizando sonhos de ascens\u00e3o e autonomia.<\/p>\n\n\n\n<p>Em pouco mais de um ano de gest\u00e3o, o munic\u00edpio vive um dos maiores ciclos de qualifica\u00e7\u00e3o profissional e empresarial j\u00e1 implementados na cidade. O trabalho integra forma\u00e7\u00e3o para trabalhadores, jovens e empres\u00e1rios, fortalecendo toda a cadeia produtiva local que transforma Cama\u00e7ari em um polo de oportunidades.<\/p>\n\n\n\n<p>Para a titular da Secretaria de Desenvolvimento Econ\u00f4mico, Adriana Marcele, o munic\u00edpio vive um avan\u00e7o hist\u00f3rico. \u201cAmpliamos a forma\u00e7\u00e3o para o primeiro emprego, garantindo mais oportunidades para nossos jovens. E seguimos fortalecendo quem gera trabalho e renda com a capacita\u00e7\u00e3o de empreendedores. Estamos construindo uma cidade que investe na sua gente, promove inclus\u00e3o produtiva e cria condi\u00e7\u00f5es reais para que trabalhadores, jovens e empreendedores cres\u00e7am. Cama\u00e7ari avan\u00e7a com planejamento, compromisso e muito trabalho\u201d, destaca.<\/p>\n\n\n\n<p>Maior programa municipal de qualifica\u00e7\u00e3o t\u00e9cnica, direcionado \u00e0s demandas do Polo Industrial e da cadeia produtiva, o Cama\u00e7ari TEC ofertou 1 mil vagas gratuitas, com forma\u00e7\u00e3o em mec\u00e2nica e eletr\u00f4nica veicular; pintura, soldagem e funilaria; produ\u00e7\u00e3o industrial; log\u00edstica e manuten\u00e7\u00e3o; e servi\u00e7os especializados. Al\u00e9m disso, em parceria com o Servi\u00e7o Nacional de Aprendizagem Comercial (Senac), foram desenvolvidos cursos para jovens e adultos ingressarem no mercado de trabalho, em ramos como atendimento ao cliente, vendas, operador de caixa, administra\u00e7\u00e3o b\u00e1sica, inform\u00e1tica aplicada, gastronomia e servi\u00e7os de alimenta\u00e7\u00e3o.<\/p>\n\n\n\n<figure class=\"wp-block-image size-large\"><img loading=\"lazy\" decoding=\"async\" width=\"1024\" height=\"682\" src=\"https:\/\/compartilhabahia.com.br\/wp-content\/uploads\/2026\/01\/WhatsApp-Image-2026-01-22-at-15.18.07-1024x682.jpeg\" alt=\"\" class=\"wp-image-9005\" srcset=\"https:\/\/compartilhabahia.com.br\/wp-content\/uploads\/2026\/01\/WhatsApp-Image-2026-01-22-at-15.18.07-1024x682.jpeg 1024w, https:\/\/compartilhabahia.com.br\/wp-content\/uploads\/2026\/01\/WhatsApp-Image-2026-01-22-at-15.18.07-300x200.jpeg 300w, https:\/\/compartilhabahia.com.br\/wp-content\/uploads\/2026\/01\/WhatsApp-Image-2026-01-22-at-15.18.07-768x512.jpeg 768w, https:\/\/compartilhabahia.com.br\/wp-content\/uploads\/2026\/01\/WhatsApp-Image-2026-01-22-at-15.18.07-1536x1023.jpeg 1536w, https:\/\/compartilhabahia.com.br\/wp-content\/uploads\/2026\/01\/WhatsApp-Image-2026-01-22-at-15.18.07-1200x800.jpeg 1200w, https:\/\/compartilhabahia.com.br\/wp-content\/uploads\/2026\/01\/WhatsApp-Image-2026-01-22-at-15.18.07.jpeg 1600w\" sizes=\"auto, (max-width: 1024px) 100vw, 1024px\" \/><\/figure>\n\n\n\n<p>A gest\u00e3o tamb\u00e9m investe fortemente em quem gera emprego e movimenta a economia. Mais de 1.500 empres\u00e1rios e empreendedores foram capacitados por meio de a\u00e7\u00f5es como o Empretec; oficinas de gest\u00e3o e inova\u00e7\u00e3o; capacita\u00e7\u00f5es de cr\u00e9dito e orienta\u00e7\u00e3o financeira; cursos de formaliza\u00e7\u00e3o, marketing digital e vendas; rodadas de neg\u00f3cio e mentorias, a\u00e7\u00f5es do Cama\u00e7ari Empreende; e programas de apoio \u00e0s micro e pequenas empresas.<\/p>\n\n\n\n<p>Na \u00e1rea do turismo, uma s\u00e9rie de iniciativas voltadas \u00e0 qualifica\u00e7\u00e3o em gest\u00e3o, planejamento, servi\u00e7os e atendimento foi ofertada pela Secretaria de Turismo (Setur) com o objetivo de desenvolver o setor no munic\u00edpio. Alguns dos cursos e consultorias foram viabilizados em parceria com o Governo do Estado, por meio da Secretaria de Turismo do Estado da Bahia (Setur-BA), do Senac, e do Servi\u00e7o Brasileiro de Apoio \u00e0s Micro e Pequenas Empresas (Sebrae), estes, realizados atrav\u00e9s do incentivo financeiro do CAF \u2013 Banco de Desenvolvimento da Am\u00e9rica Latina e Caribe.<\/p>\n\n\n\n<p>O titular da Setur, Patr\u00edcio Oliveira, explica que a equipe da pasta fez o planejamento de qualifica\u00e7\u00f5es em vista a promo\u00e7\u00e3o de inclus\u00e3o social. \u201cA gente sabe da empregabilidade imediata proporcionada pelo turismo, especialmente observando que 51% dos lares s\u00e3o administrados por mulheres, ent\u00e3o se torna ainda mais fundamental a gera\u00e7\u00e3o de emprego e renda\u201d, diz.<\/p>\n\n\n\n<p>\u201cNeste momento em que a Bahia desponta no cen\u00e1rio nacional e internacional, Cama\u00e7ari precisa ocupar seu lugar de turismo de excel\u00eancia e, para isso, \u00e9 importando a capacita\u00e7\u00e3o de toda rede, incluindo empreendedores, funcion\u00e1rios, prestadores de servi\u00e7o e m\u00e3o de obra interna. Desta forma, atendemos bem os cama\u00e7arienses e os turistas, porque um lugar bom para se fazer turismo tem que ser um lugar bom para quem vive. O nosso munic\u00edpio est\u00e1 despontando como um lugar de qualidade de vida, com a diversidade inerente ao nosso povo\u201d, completa.<\/p>\n\n\n\n<p>Entre as qualifica\u00e7\u00f5es estiveram conte\u00fados sobre a Plataforma Turisqualy, Qualidade no Atendimento, Boas Pr\u00e1ticas na Manipula\u00e7\u00e3o de Alimentos e Bebidas, Empreendedorismo e Produ\u00e7\u00e3o Associada ao Turismo, Marketing Pessoal e Profissional, Turismo como Neg\u00f3cio, T\u00e9cnicas de Vendas e Atendimento ao P\u00fablico, entre outros. Tamb\u00e9m foram realizados cursos de qualifica\u00e7\u00e3o para baianas, abordando uma variedade de temas, incluindo \u201cRespeito \u00e0 diversidade \u2014 como tratar bem o turista LGBTQIAPN+\u201d, e de ingl\u00eas b\u00e1sico aplicado para servi\u00e7os tur\u00edsticos, voltado para guarda-vidas municipais.<\/p>\n\n\n\n<p>Ainda entre as iniciativas, houve a\u00e7\u00e3o de capacita\u00e7\u00e3o para agentes de viagem e operadores de turismo, al\u00e9m de Miss\u00f5es Empresariais organizadas com o prop\u00f3sito de levar empres\u00e1rios e atores do trade tur\u00edstico de Cama\u00e7ari a buscarem novos conhecimentos em feiras e eventos de neg\u00f3cios em Turismo em outros estados, abrangendo artes\u00e3os com roteiros imersivos. Ao todo, j\u00e1 foram beneficiadas cerca de 500 pessoas.<\/p>\n\n\n\n<p>Atenta ao impacto que a qualifica\u00e7\u00e3o profissional tem na vida das mulheres, a Secretaria da Mulher (Semu) tem promovido capacita\u00e7\u00f5es voltadas ao p\u00fablico feminino atrav\u00e9s do projeto Qualifica Mulher, captando parcerias para o oferecimento de cursos que as reinserem no mercado de trabalho, no \u00e2mbito das a\u00e7\u00f5es do N\u00facleo de Qualifica\u00e7\u00e3o e Intermedia\u00e7\u00e3o Profissional.<\/p>\n\n\n\n<p>J\u00e1 foram oferecidos 10 cursos gratuitos. Em oito deles foi ofertado aux\u00edlio-perman\u00eancia e alimenta\u00e7\u00e3o, atrav\u00e9s da parceria com o Governo do Estado. Junto ao Senac, s\u00e3o promovidos ainda os cursos de Manicure e Pedicure e o de Unhas Posti\u00e7as Realistas. Outras a\u00e7\u00f5es incluem o curso de Educa\u00e7\u00e3o de Jovens e Adultos (EJA) de Ensino M\u00e9dio, com qualifica\u00e7\u00e3o em Agente de Inspe\u00e7\u00e3o de Qualidade, em parceria com o Senai e o Senac.<\/p>\n\n\n\n<figure class=\"wp-block-image size-large\"><img loading=\"lazy\" decoding=\"async\" width=\"1024\" height=\"683\" src=\"https:\/\/compartilhabahia.com.br\/wp-content\/uploads\/2026\/01\/WhatsApp-Image-2026-01-22-at-15.18.08-1024x683.jpeg\" alt=\"\" class=\"wp-image-9006\" srcset=\"https:\/\/compartilhabahia.com.br\/wp-content\/uploads\/2026\/01\/WhatsApp-Image-2026-01-22-at-15.18.08-1024x683.jpeg 1024w, https:\/\/compartilhabahia.com.br\/wp-content\/uploads\/2026\/01\/WhatsApp-Image-2026-01-22-at-15.18.08-300x200.jpeg 300w, https:\/\/compartilhabahia.com.br\/wp-content\/uploads\/2026\/01\/WhatsApp-Image-2026-01-22-at-15.18.08-768x512.jpeg 768w, https:\/\/compartilhabahia.com.br\/wp-content\/uploads\/2026\/01\/WhatsApp-Image-2026-01-22-at-15.18.08-1200x800.jpeg 1200w, https:\/\/compartilhabahia.com.br\/wp-content\/uploads\/2026\/01\/WhatsApp-Image-2026-01-22-at-15.18.08.jpeg 1280w\" sizes=\"auto, (max-width: 1024px) 100vw, 1024px\" \/><\/figure>\n\n\n\n<p>Cerca de 300 alunas j\u00e1 foram beneficiadas, com reserva de cotas de 10% para mulheres v\u00edtimas de viol\u00eancia atendidas pelo Centro de Refer\u00eancia de Atendimento \u00e0 Mulher Yolanda Pires (CRAM) e pelo N\u00facleo de Atendimento \u00e0 Mulher (NAM). Entre os cursos ofertados est\u00e3o Auxiliar Administrativo com ingl\u00eas; Agente de Portaria com no\u00e7\u00f5es de inform\u00e1tica b\u00e1sica; Almoxarifado; Promotor de Vendas; Auxiliar de Log\u00edstica; Mec\u00e2nico de Manuten\u00e7\u00e3o de autom\u00f3veis, motocicletas e ve\u00edculos similares; e Higieniza\u00e7\u00e3o de Ambientes.<\/p>\n\n\n\n<p>A titular da Semu, Branca Patr\u00edcia, ressalta que o projeto Qualifica Mulher \u00e9 uma inova\u00e7\u00e3o da pasta na gest\u00e3o. \u201cEntendemos que capacitar mulheres \u00e9 garantir autonomia e empoderamento. No Qualifica Mulher, destinamos parte de nossas vagas a mulheres v\u00edtima de viol\u00eancia, as quais t\u00eam uma oportunidade de qualifica\u00e7\u00e3o para que sejam inseridas no mercado de trabalho. Assim, existe a quebra do ciclo da viol\u00eancia. A Semu acredita que a educa\u00e7\u00e3o transforma vidas e por isso vamos em busca de parcerias e investimento em qualifica\u00e7\u00e3o para as mulheres de Cama\u00e7ari\u201d, pontua.<\/p>\n\n\n\n<p>Outra importante iniciativa da gest\u00e3o voltada \u00e0 profissionaliza\u00e7\u00e3o \u00e9 a Educa\u00e7\u00e3o de Jovens e Adultos (EJA) integrada \u00e0 Educa\u00e7\u00e3o Profissional e Tecnol\u00f3gica (EPT), promovida por meio da parceria entre a Secretaria de Educa\u00e7\u00e3o (Seduc) e o Senai. A proposta \u00e9 oferecer aos estudantes da EJA uma forma\u00e7\u00e3o integrada que una escolariza\u00e7\u00e3o e qualifica\u00e7\u00e3o profissional, abrindo novas oportunidades de trabalho, crescimento pessoal e realiza\u00e7\u00e3o de sonho, garantindo mais cidadania e perspectivas para jovens e adultos que retornaram \u00e0 escola em busca de um futuro melhor.<\/p>\n\n\n\n<p>Est\u00e3o entre os cursos ofertados: Opera\u00e7\u00f5es de Log\u00edstica, Agente de Observa\u00e7\u00e3o de Seguran\u00e7a, Produ\u00e7\u00e3o de Biscoitos e Sequilhos, Operador de Computa\u00e7\u00e3o, Pintor de Obra, Assistente de Opera\u00e7\u00e3o de Log\u00edstica, Manuten\u00e7\u00e3o de M\u00e1quina Industrial, dentre outros, beneficiando mais de 1 mil pessoas.<\/p>\n\n\n\n<p>Fotos: Patrick Abreu e Juliano Sarraf<\/p>\n","protected":false},"excerpt":{"rendered":"<p>Cama\u00e7ari fortalece rede de qualifica\u00e7\u00e3o profissional e impulsiona oportunidades com capacita\u00e7\u00e3o de mais de 4 mil trabalhadores Cama\u00e7ari consolida-se como um dos maiores polos de qualifica\u00e7\u00e3o profissional da Regi\u00e3o Metropolitana de Salvador (RMS), impulsionando investimentos em forma\u00e7\u00e3o t\u00e9cnica e capacita\u00e7\u00e3o setorial que ampliam oportunidades e fortalecem o desenvolvimento econ\u00f4mico local, ao mesmo tempo que promove [&hellip;]<\/p>\n","protected":false},"author":1,"featured_media":9004,"comment_status":"open","ping_status":"open","sticky":false,"template":"","format":"standard","meta":{"footnotes":""},"categories":[8],"tags":[],"class_list":["post-9003","post","type-post","status-publish","format-standard","has-post-thumbnail","hentry","category-camacari"],"yoast_head":"<!-- This site is optimized with the Yoast SEO plugin v21.7 - https:\/\/yoast.com\/wordpress\/plugins\/seo\/ -->\n<title>Com empregabilidade em alta Cama\u00e7ari capacita mais de 4 mil pessoas em um ano - Compartilha Bahia<\/title>\n<meta name=\"robots\" content=\"index, follow, max-snippet:-1, max-image-preview:large, max-video-preview:-1\" \/>\n<link rel=\"canonical\" href=\"https:\/\/compartilhabahia.com.br\/index.php\/2026\/01\/24\/fortalecendo-a-empregabilidade-secretaria-capacita-mais-de-4-mil-pessoas-em-um-ano\/\" \/>\n<meta property=\"og:locale\" content=\"pt_BR\" \/>\n<meta property=\"og:type\" content=\"article\" \/>\n<meta property=\"og:title\" content=\"Com empregabilidade em alta Cama\u00e7ari capacita mais de 4 mil pessoas em um ano - Compartilha Bahia\" \/>\n<meta property=\"og:description\" content=\"Cama\u00e7ari fortalece rede de qualifica\u00e7\u00e3o profissional e impulsiona oportunidades com capacita\u00e7\u00e3o de mais de 4 mil trabalhadores Cama\u00e7ari consolida-se como um dos maiores polos de qualifica\u00e7\u00e3o profissional da Regi\u00e3o Metropolitana de Salvador (RMS), impulsionando investimentos em forma\u00e7\u00e3o t\u00e9cnica e capacita\u00e7\u00e3o setorial que ampliam oportunidades e fortalecem o desenvolvimento econ\u00f4mico local, ao mesmo tempo que promove [&hellip;]\" \/>\n<meta property=\"og:url\" content=\"https:\/\/compartilhabahia.com.br\/index.php\/2026\/01\/24\/fortalecendo-a-empregabilidade-secretaria-capacita-mais-de-4-mil-pessoas-em-um-ano\/\" \/>\n<meta property=\"og:site_name\" content=\"Compartilha Bahia\" \/>\n<meta property=\"article:publisher\" content=\"https:\/\/web.facebook.com\/compartilhabahia\" \/>\n<meta property=\"article:published_time\" content=\"2026-01-25T02:07:37+00:00\" \/>\n<meta property=\"article:modified_time\" content=\"2026-01-25T02:10:04+00:00\" \/>\n<meta property=\"og:image\" content=\"https:\/\/compartilhabahia.com.br\/wp-content\/uploads\/2026\/01\/adrianasedec.jpg\" \/>\n\t<meta property=\"og:image:width\" content=\"896\" \/>\n\t<meta property=\"og:image:height\" content=\"598\" \/>\n\t<meta property=\"og:image:type\" content=\"image\/jpeg\" \/>\n<meta name=\"author\" content=\"admin\" \/>\n<meta name=\"twitter:card\" content=\"summary_large_image\" \/>\n<meta name=\"twitter:label1\" content=\"Escrito por\" \/>\n\t<meta name=\"twitter:data1\" content=\"admin\" \/>\n\t<meta name=\"twitter:label2\" content=\"Est. tempo de leitura\" \/>\n\t<meta name=\"twitter:data2\" content=\"7 minutos\" \/>\n<script type=\"application\/ld+json\" class=\"yoast-schema-graph\">{\"@context\":\"https:\/\/schema.org\",\"@graph\":[{\"@type\":\"Article\",\"@id\":\"https:\/\/compartilhabahia.com.br\/index.php\/2026\/01\/24\/fortalecendo-a-empregabilidade-secretaria-capacita-mais-de-4-mil-pessoas-em-um-ano\/#article\",\"isPartOf\":{\"@id\":\"https:\/\/compartilhabahia.com.br\/index.php\/2026\/01\/24\/fortalecendo-a-empregabilidade-secretaria-capacita-mais-de-4-mil-pessoas-em-um-ano\/\"},\"author\":{\"name\":\"admin\",\"@id\":\"https:\/\/compartilhabahia.com.br\/#\/schema\/person\/9b4f0c3178793b8248d6686732521c04\"},\"headline\":\"Com empregabilidade em alta Cama\u00e7ari capacita mais de 4 mil pessoas em um ano\",\"datePublished\":\"2026-01-25T02:07:37+00:00\",\"dateModified\":\"2026-01-25T02:10:04+00:00\",\"mainEntityOfPage\":{\"@id\":\"https:\/\/compartilhabahia.com.br\/index.php\/2026\/01\/24\/fortalecendo-a-empregabilidade-secretaria-capacita-mais-de-4-mil-pessoas-em-um-ano\/\"},\"wordCount\":1307,\"commentCount\":0,\"publisher\":{\"@id\":\"https:\/\/compartilhabahia.com.br\/#organization\"},\"articleSection\":[\"Cama\u00e7ari\"],\"inLanguage\":\"pt-BR\",\"potentialAction\":[{\"@type\":\"CommentAction\",\"name\":\"Comment\",\"target\":[\"https:\/\/compartilhabahia.com.br\/index.php\/2026\/01\/24\/fortalecendo-a-empregabilidade-secretaria-capacita-mais-de-4-mil-pessoas-em-um-ano\/#respond\"]}]},{\"@type\":\"WebPage\",\"@id\":\"https:\/\/compartilhabahia.com.br\/index.php\/2026\/01\/24\/fortalecendo-a-empregabilidade-secretaria-capacita-mais-de-4-mil-pessoas-em-um-ano\/\",\"url\":\"https:\/\/compartilhabahia.com.br\/index.php\/2026\/01\/24\/fortalecendo-a-empregabilidade-secretaria-capacita-mais-de-4-mil-pessoas-em-um-ano\/\",\"name\":\"Com empregabilidade em alta Cama\u00e7ari capacita mais de 4 mil pessoas em um ano - Compartilha Bahia\",\"isPartOf\":{\"@id\":\"https:\/\/compartilhabahia.com.br\/#website\"},\"datePublished\":\"2026-01-25T02:07:37+00:00\",\"dateModified\":\"2026-01-25T02:10:04+00:00\",\"breadcrumb\":{\"@id\":\"https:\/\/compartilhabahia.com.br\/index.php\/2026\/01\/24\/fortalecendo-a-empregabilidade-secretaria-capacita-mais-de-4-mil-pessoas-em-um-ano\/#breadcrumb\"},\"inLanguage\":\"pt-BR\",\"potentialAction\":[{\"@type\":\"ReadAction\",\"target\":[\"https:\/\/compartilhabahia.com.br\/index.php\/2026\/01\/24\/fortalecendo-a-empregabilidade-secretaria-capacita-mais-de-4-mil-pessoas-em-um-ano\/\"]}]},{\"@type\":\"BreadcrumbList\",\"@id\":\"https:\/\/compartilhabahia.com.br\/index.php\/2026\/01\/24\/fortalecendo-a-empregabilidade-secretaria-capacita-mais-de-4-mil-pessoas-em-um-ano\/#breadcrumb\",\"itemListElement\":[{\"@type\":\"ListItem\",\"position\":1,\"name\":\"In\u00edcio\",\"item\":\"https:\/\/compartilhabahia.com.br\/\"},{\"@type\":\"ListItem\",\"position\":2,\"name\":\"Com empregabilidade em alta Cama\u00e7ari capacita mais de 4 mil pessoas em um ano\"}]},{\"@type\":\"WebSite\",\"@id\":\"https:\/\/compartilhabahia.com.br\/#website\",\"url\":\"https:\/\/compartilhabahia.com.br\/\",\"name\":\"Compartilha Bahia\",\"description\":\"\",\"publisher\":{\"@id\":\"https:\/\/compartilhabahia.com.br\/#organization\"},\"potentialAction\":[{\"@type\":\"SearchAction\",\"target\":{\"@type\":\"EntryPoint\",\"urlTemplate\":\"https:\/\/compartilhabahia.com.br\/?s={search_term_string}\"},\"query-input\":\"required name=search_term_string\"}],\"inLanguage\":\"pt-BR\"},{\"@type\":\"Organization\",\"@id\":\"https:\/\/compartilhabahia.com.br\/#organization\",\"name\":\"Compartilha Bahia\",\"url\":\"https:\/\/compartilhabahia.com.br\/\",\"logo\":{\"@type\":\"ImageObject\",\"inLanguage\":\"pt-BR\",\"@id\":\"https:\/\/compartilhabahia.com.br\/#\/schema\/logo\/image\/\",\"url\":\"https:\/\/compartilhabahia.com.br\/wp-content\/uploads\/2023\/12\/cropped-logo.png\",\"contentUrl\":\"https:\/\/compartilhabahia.com.br\/wp-content\/uploads\/2023\/12\/cropped-logo.png\",\"width\":300,\"height\":106,\"caption\":\"Compartilha Bahia\"},\"image\":{\"@id\":\"https:\/\/compartilhabahia.com.br\/#\/schema\/logo\/image\/\"},\"sameAs\":[\"https:\/\/web.facebook.com\/compartilhabahia\",\"https:\/\/www.instagram.com\/compartilhabahia\/\"]},{\"@type\":\"Person\",\"@id\":\"https:\/\/compartilhabahia.com.br\/#\/schema\/person\/9b4f0c3178793b8248d6686732521c04\",\"name\":\"admin\",\"image\":{\"@type\":\"ImageObject\",\"inLanguage\":\"pt-BR\",\"@id\":\"https:\/\/compartilhabahia.com.br\/#\/schema\/person\/image\/\",\"url\":\"https:\/\/secure.gravatar.com\/avatar\/9600df58751c5acbe914c538c03390ef649ea088cb65f84ba09c7ce66988eed6?s=96&d=mm&r=g\",\"contentUrl\":\"https:\/\/secure.gravatar.com\/avatar\/9600df58751c5acbe914c538c03390ef649ea088cb65f84ba09c7ce66988eed6?s=96&d=mm&r=g\",\"caption\":\"admin\"},\"sameAs\":[\"https:\/\/compartilhabahia.com.br\"],\"url\":\"https:\/\/compartilhabahia.com.br\/index.php\/author\/compartilhabahia\/\"}]}<\/script>\n<!-- \/ Yoast SEO plugin. -->","yoast_head_json":{"title":"Com empregabilidade em alta Cama\u00e7ari capacita mais de 4 mil pessoas em um ano - Compartilha Bahia","robots":{"index":"index","follow":"follow","max-snippet":"max-snippet:-1","max-image-preview":"max-image-preview:large","max-video-preview":"max-video-preview:-1"},"canonical":"https:\/\/compartilhabahia.com.br\/index.php\/2026\/01\/24\/fortalecendo-a-empregabilidade-secretaria-capacita-mais-de-4-mil-pessoas-em-um-ano\/","og_locale":"pt_BR","og_type":"article","og_title":"Com empregabilidade em alta Cama\u00e7ari capacita mais de 4 mil pessoas em um ano - Compartilha Bahia","og_description":"Cama\u00e7ari fortalece rede de qualifica\u00e7\u00e3o profissional e impulsiona oportunidades com capacita\u00e7\u00e3o de mais de 4 mil trabalhadores Cama\u00e7ari consolida-se como um dos maiores polos de qualifica\u00e7\u00e3o profissional da Regi\u00e3o Metropolitana de Salvador (RMS), impulsionando investimentos em forma\u00e7\u00e3o t\u00e9cnica e capacita\u00e7\u00e3o setorial que ampliam oportunidades e fortalecem o desenvolvimento econ\u00f4mico local, ao mesmo tempo que promove [&hellip;]","og_url":"https:\/\/compartilhabahia.com.br\/index.php\/2026\/01\/24\/fortalecendo-a-empregabilidade-secretaria-capacita-mais-de-4-mil-pessoas-em-um-ano\/","og_site_name":"Compartilha Bahia","article_publisher":"https:\/\/web.facebook.com\/compartilhabahia","article_published_time":"2026-01-25T02:07:37+00:00","article_modified_time":"2026-01-25T02:10:04+00:00","og_image":[{"width":896,"height":598,"url":"https:\/\/compartilhabahia.com.br\/wp-content\/uploads\/2026\/01\/adrianasedec.jpg","type":"image\/jpeg"}],"author":"admin","twitter_card":"summary_large_image","twitter_misc":{"Escrito por":"admin","Est. tempo de leitura":"7 minutos"},"schema":{"@context":"https:\/\/schema.org","@graph":[{"@type":"Article","@id":"https:\/\/compartilhabahia.com.br\/index.php\/2026\/01\/24\/fortalecendo-a-empregabilidade-secretaria-capacita-mais-de-4-mil-pessoas-em-um-ano\/#article","isPartOf":{"@id":"https:\/\/compartilhabahia.com.br\/index.php\/2026\/01\/24\/fortalecendo-a-empregabilidade-secretaria-capacita-mais-de-4-mil-pessoas-em-um-ano\/"},"author":{"name":"admin","@id":"https:\/\/compartilhabahia.com.br\/#\/schema\/person\/9b4f0c3178793b8248d6686732521c04"},"headline":"Com empregabilidade em alta Cama\u00e7ari capacita mais de 4 mil pessoas em um ano","datePublished":"2026-01-25T02:07:37+00:00","dateModified":"2026-01-25T02:10:04+00:00","mainEntityOfPage":{"@id":"https:\/\/compartilhabahia.com.br\/index.php\/2026\/01\/24\/fortalecendo-a-empregabilidade-secretaria-capacita-mais-de-4-mil-pessoas-em-um-ano\/"},"wordCount":1307,"commentCount":0,"publisher":{"@id":"https:\/\/compartilhabahia.com.br\/#organization"},"articleSection":["Cama\u00e7ari"],"inLanguage":"pt-BR","potentialAction":[{"@type":"CommentAction","name":"Comment","target":["https:\/\/compartilhabahia.com.br\/index.php\/2026\/01\/24\/fortalecendo-a-empregabilidade-secretaria-capacita-mais-de-4-mil-pessoas-em-um-ano\/#respond"]}]},{"@type":"WebPage","@id":"https:\/\/compartilhabahia.com.br\/index.php\/2026\/01\/24\/fortalecendo-a-empregabilidade-secretaria-capacita-mais-de-4-mil-pessoas-em-um-ano\/","url":"https:\/\/compartilhabahia.com.br\/index.php\/2026\/01\/24\/fortalecendo-a-empregabilidade-secretaria-capacita-mais-de-4-mil-pessoas-em-um-ano\/","name":"Com empregabilidade em alta Cama\u00e7ari capacita mais de 4 mil pessoas em um ano - Compartilha Bahia","isPartOf":{"@id":"https:\/\/compartilhabahia.com.br\/#website"},"datePublished":"2026-01-25T02:07:37+00:00","dateModified":"2026-01-25T02:10:04+00:00","breadcrumb":{"@id":"https:\/\/compartilhabahia.com.br\/index.php\/2026\/01\/24\/fortalecendo-a-empregabilidade-secretaria-capacita-mais-de-4-mil-pessoas-em-um-ano\/#breadcrumb"},"inLanguage":"pt-BR","potentialAction":[{"@type":"ReadAction","target":["https:\/\/compartilhabahia.com.br\/index.php\/2026\/01\/24\/fortalecendo-a-empregabilidade-secretaria-capacita-mais-de-4-mil-pessoas-em-um-ano\/"]}]},{"@type":"BreadcrumbList","@id":"https:\/\/compartilhabahia.com.br\/index.php\/2026\/01\/24\/fortalecendo-a-empregabilidade-secretaria-capacita-mais-de-4-mil-pessoas-em-um-ano\/#breadcrumb","itemListElement":[{"@type":"ListItem","position":1,"name":"In\u00edcio","item":"https:\/\/compartilhabahia.com.br\/"},{"@type":"ListItem","position":2,"name":"Com empregabilidade em alta Cama\u00e7ari capacita mais de 4 mil pessoas em um ano"}]},{"@type":"WebSite","@id":"https:\/\/compartilhabahia.com.br\/#website","url":"https:\/\/compartilhabahia.com.br\/","name":"Compartilha Bahia","description":"","publisher":{"@id":"https:\/\/compartilhabahia.com.br\/#organization"},"potentialAction":[{"@type":"SearchAction","target":{"@type":"EntryPoint","urlTemplate":"https:\/\/compartilhabahia.com.br\/?s={search_term_string}"},"query-input":"required name=search_term_string"}],"inLanguage":"pt-BR"},{"@type":"Organization","@id":"https:\/\/compartilhabahia.com.br\/#organization","name":"Compartilha Bahia","url":"https:\/\/compartilhabahia.com.br\/","logo":{"@type":"ImageObject","inLanguage":"pt-BR","@id":"https:\/\/compartilhabahia.com.br\/#\/schema\/logo\/image\/","url":"https:\/\/compartilhabahia.com.br\/wp-content\/uploads\/2023\/12\/cropped-logo.png","contentUrl":"https:\/\/compartilhabahia.com.br\/wp-content\/uploads\/2023\/12\/cropped-logo.png","width":300,"height":106,"caption":"Compartilha Bahia"},"image":{"@id":"https:\/\/compartilhabahia.com.br\/#\/schema\/logo\/image\/"},"sameAs":["https:\/\/web.facebook.com\/compartilhabahia","https:\/\/www.instagram.com\/compartilhabahia\/"]},{"@type":"Person","@id":"https:\/\/compartilhabahia.com.br\/#\/schema\/person\/9b4f0c3178793b8248d6686732521c04","name":"admin","image":{"@type":"ImageObject","inLanguage":"pt-BR","@id":"https:\/\/compartilhabahia.com.br\/#\/schema\/person\/image\/","url":"https:\/\/secure.gravatar.com\/avatar\/9600df58751c5acbe914c538c03390ef649ea088cb65f84ba09c7ce66988eed6?s=96&d=mm&r=g","contentUrl":"https:\/\/secure.gravatar.com\/avatar\/9600df58751c5acbe914c538c03390ef649ea088cb65f84ba09c7ce66988eed6?s=96&d=mm&r=g","caption":"admin"},"sameAs":["https:\/\/compartilhabahia.com.br"],"url":"https:\/\/compartilhabahia.com.br\/index.php\/author\/compartilhabahia\/"}]}},"_links":{"self":[{"href":"https:\/\/compartilhabahia.com.br\/index.php\/wp-json\/wp\/v2\/posts\/9003","targetHints":{"allow":["GET"]}}],"collection":[{"href":"https:\/\/compartilhabahia.com.br\/index.php\/wp-json\/wp\/v2\/posts"}],"about":[{"href":"https:\/\/compartilhabahia.com.br\/index.php\/wp-json\/wp\/v2\/types\/post"}],"author":[{"embeddable":true,"href":"https:\/\/compartilhabahia.com.br\/index.php\/wp-json\/wp\/v2\/users\/1"}],"replies":[{"embeddable":true,"href":"https:\/\/compartilhabahia.com.br\/index.php\/wp-json\/wp\/v2\/comments?post=9003"}],"version-history":[{"count":3,"href":"https:\/\/compartilhabahia.com.br\/index.php\/wp-json\/wp\/v2\/posts\/9003\/revisions"}],"predecessor-version":[{"id":9009,"href":"https:\/\/compartilhabahia.com.br\/index.php\/wp-json\/wp\/v2\/posts\/9003\/revisions\/9009"}],"wp:featuredmedia":[{"embeddable":true,"href":"https:\/\/compartilhabahia.com.br\/index.php\/wp-json\/wp\/v2\/media\/9004"}],"wp:attachment":[{"href":"https:\/\/compartilhabahia.com.br\/index.php\/wp-json\/wp\/v2\/media?parent=9003"}],"wp:term":[{"taxonomy":"category","embeddable":true,"href":"https:\/\/compartilhabahia.com.br\/index.php\/wp-json\/wp\/v2\/categories?post=9003"},{"taxonomy":"post_tag","embeddable":true,"href":"https:\/\/compartilhabahia.com.br\/index.php\/wp-json\/wp\/v2\/tags?post=9003"}],"curies":[{"name":"wp","href":"https:\/\/api.w.org\/{rel}","templated":true}]}}