{"id":8998,"date":"2026-01-22T09:46:00","date_gmt":"2026-01-22T12:46:00","guid":{"rendered":"https:\/\/compartilhabahia.com.br\/?p=8998"},"modified":"2026-01-22T09:46:03","modified_gmt":"2026-01-22T12:46:03","slug":"minha-casa-minha-vida-camacari-candidatos-compativeis-para-novos-residenciais","status":"publish","type":"post","link":"https:\/\/compartilhabahia.com.br\/index.php\/2026\/01\/22\/minha-casa-minha-vida-camacari-candidatos-compativeis-para-novos-residenciais\/","title":{"rendered":"Minha casa Minha Vida Cama\u00e7ari: candidatos compat\u00edveis para novos residenciais"},"content":{"rendered":"\n<p>MCMV: publicada rela\u00e7\u00e3o de candidatos compat\u00edveis para residenciais Verdes Horizontes I e II<\/p>\n\n\n\n<p>A Prefeitura de Cama\u00e7ari divulgou lista de candidatos compat\u00edveis com o processo de sele\u00e7\u00e3o para o Programa Federal Minha Casa Minha Vida (MCMV) no munic\u00edpio, referente aos residenciais Verdes Horizontes I e II. A Portaria n\u00ba. 01\/2026, que elenca a rela\u00e7\u00e3o nominal, foi publicada na edi\u00e7\u00e3o n\u00ba. 2793\/2026 do Di\u00e1rio Oficial do Munic\u00edpio (DOM), expedida nesta quarta-feira (21), podendo ser acessada neste link [https:\/\/www.camacari.ba.gov.br\/wp-content\/uploads\/2026\/01\/2o-caderno-diario-2793-certificado.pdf], e no Portal da Transpar\u00eancia [https:\/\/cgm.camacari.ba.gov.br\/transparencia\/].<\/p>\n\n\n\n<p>A listagem realizada pela Caixa Econ\u00f4mica Federal e encaminhada \u00e0 Secretaria de Habita\u00e7\u00e3o (Sehab), classifica os candidatos como compat\u00edveis ou incompat\u00edveis, de acordo com os crit\u00e9rios de elegibilidade definidos pelo Minist\u00e9rio das Cidades e Caixa, tendo como base informa\u00e7\u00f5es cadastrais ou financeiras, dentre outros. A rela\u00e7\u00e3o leva em considera\u00e7\u00e3o as inscri\u00e7\u00f5es realizadas no Edital n\u00ba 01\/2024, feitas entre agosto e novembro daquele ano. Vale destacar que a lista dos candidatos compat\u00edveis n\u00e3o significa, ainda, a contempla\u00e7\u00e3o final do programa.<\/p>\n\n\n\n<p>A pr\u00f3xima fase ser\u00e1 a publica\u00e7\u00e3o do edital de convoca\u00e7\u00e3o dos candidatos compat\u00edveis para a devida verifica\u00e7\u00e3o documental, a ser realizada na sede da Sehab. Ap\u00f3s essa an\u00e1lise, ser\u00e1 publicada a lista final de benefici\u00e1rios para os empreendimentos.<\/p>\n\n\n\n<p>Al\u00e9m dos residenciais Verdes Horizontes I e II, outros seis conjuntos habitacionais est\u00e3o sendo constru\u00eddos em Cama\u00e7ari atrav\u00e9s do programa Minha Casa Minha Vida, totalizando 1.712 unidades habitacionais. Desta forma, novas listas de candidatos compat\u00edveis para os demais empreendimentos ainda ser\u00e3o divulgadas.<\/p>\n\n\n\n<p>Foto: Patrick Abreu<\/p>\n\n\n\n<figure class=\"wp-block-image size-large\"><img loading=\"lazy\" decoding=\"async\" width=\"1024\" height=\"682\" src=\"https:\/\/compartilhabahia.com.br\/wp-content\/uploads\/2026\/01\/d1840f5a-c391-402f-823b-155a5bdcf995-1-1024x682.jpg\" alt=\"\" class=\"wp-image-9000\" srcset=\"https:\/\/compartilhabahia.com.br\/wp-content\/uploads\/2026\/01\/d1840f5a-c391-402f-823b-155a5bdcf995-1-1024x682.jpg 1024w, https:\/\/compartilhabahia.com.br\/wp-content\/uploads\/2026\/01\/d1840f5a-c391-402f-823b-155a5bdcf995-1-300x200.jpg 300w, https:\/\/compartilhabahia.com.br\/wp-content\/uploads\/2026\/01\/d1840f5a-c391-402f-823b-155a5bdcf995-1-768x512.jpg 768w, https:\/\/compartilhabahia.com.br\/wp-content\/uploads\/2026\/01\/d1840f5a-c391-402f-823b-155a5bdcf995-1-1536x1023.jpg 1536w, https:\/\/compartilhabahia.com.br\/wp-content\/uploads\/2026\/01\/d1840f5a-c391-402f-823b-155a5bdcf995-1-1200x800.jpg 1200w, https:\/\/compartilhabahia.com.br\/wp-content\/uploads\/2026\/01\/d1840f5a-c391-402f-823b-155a5bdcf995-1.jpg 1600w\" sizes=\"auto, (max-width: 1024px) 100vw, 1024px\" \/><\/figure>\n\n\n\n<figure class=\"wp-block-image size-full\"><img loading=\"lazy\" decoding=\"async\" width=\"728\" height=\"642\" src=\"https:\/\/compartilhabahia.com.br\/wp-content\/uploads\/2026\/01\/caetanotetecasas-1.jpg\" alt=\"\" class=\"wp-image-9001\" srcset=\"https:\/\/compartilhabahia.com.br\/wp-content\/uploads\/2026\/01\/caetanotetecasas-1.jpg 728w, https:\/\/compartilhabahia.com.br\/wp-content\/uploads\/2026\/01\/caetanotetecasas-1-300x265.jpg 300w\" sizes=\"auto, (max-width: 728px) 100vw, 728px\" \/><\/figure>\n","protected":false},"excerpt":{"rendered":"<p>MCMV: publicada rela\u00e7\u00e3o de candidatos compat\u00edveis para residenciais Verdes Horizontes I e II A Prefeitura de Cama\u00e7ari divulgou lista de candidatos compat\u00edveis com o processo de sele\u00e7\u00e3o para o Programa Federal Minha Casa Minha Vida (MCMV) no munic\u00edpio, referente aos residenciais Verdes Horizontes I e II. A Portaria n\u00ba. 01\/2026, que elenca a rela\u00e7\u00e3o nominal, [&hellip;]<\/p>\n","protected":false},"author":1,"featured_media":8999,"comment_status":"open","ping_status":"open","sticky":false,"template":"","format":"standard","meta":{"footnotes":""},"categories":[8],"tags":[],"class_list":["post-8998","post","type-post","status-publish","format-standard","has-post-thumbnail","hentry","category-camacari"],"yoast_head":"<!-- This site is optimized with the Yoast SEO plugin v21.7 - https:\/\/yoast.com\/wordpress\/plugins\/seo\/ -->\n<title>Minha casa Minha Vida Cama\u00e7ari: candidatos compat\u00edveis para novos residenciais - Compartilha Bahia<\/title>\n<meta name=\"robots\" content=\"index, follow, max-snippet:-1, max-image-preview:large, max-video-preview:-1\" \/>\n<link rel=\"canonical\" href=\"https:\/\/compartilhabahia.com.br\/index.php\/2026\/01\/22\/minha-casa-minha-vida-camacari-candidatos-compativeis-para-novos-residenciais\/\" \/>\n<meta property=\"og:locale\" content=\"pt_BR\" \/>\n<meta property=\"og:type\" content=\"article\" \/>\n<meta property=\"og:title\" content=\"Minha casa Minha Vida Cama\u00e7ari: candidatos compat\u00edveis para novos residenciais - Compartilha Bahia\" \/>\n<meta property=\"og:description\" content=\"MCMV: publicada rela\u00e7\u00e3o de candidatos compat\u00edveis para residenciais Verdes Horizontes I e II A Prefeitura de Cama\u00e7ari divulgou lista de candidatos compat\u00edveis com o processo de sele\u00e7\u00e3o para o Programa Federal Minha Casa Minha Vida (MCMV) no munic\u00edpio, referente aos residenciais Verdes Horizontes I e II. A Portaria n\u00ba. 01\/2026, que elenca a rela\u00e7\u00e3o nominal, [&hellip;]\" \/>\n<meta property=\"og:url\" content=\"https:\/\/compartilhabahia.com.br\/index.php\/2026\/01\/22\/minha-casa-minha-vida-camacari-candidatos-compativeis-para-novos-residenciais\/\" \/>\n<meta property=\"og:site_name\" content=\"Compartilha Bahia\" \/>\n<meta property=\"article:publisher\" content=\"https:\/\/web.facebook.com\/compartilhabahia\" \/>\n<meta property=\"article:published_time\" content=\"2026-01-22T12:46:00+00:00\" \/>\n<meta property=\"article:modified_time\" content=\"2026-01-22T12:46:03+00:00\" \/>\n<meta property=\"og:image\" content=\"https:\/\/compartilhabahia.com.br\/wp-content\/uploads\/2026\/01\/casascamacari.jpg\" \/>\n\t<meta property=\"og:image:width\" content=\"642\" \/>\n\t<meta property=\"og:image:height\" content=\"430\" \/>\n\t<meta property=\"og:image:type\" content=\"image\/jpeg\" \/>\n<meta name=\"author\" content=\"admin\" \/>\n<meta name=\"twitter:card\" content=\"summary_large_image\" \/>\n<meta name=\"twitter:label1\" content=\"Escrito por\" \/>\n\t<meta name=\"twitter:data1\" content=\"admin\" \/>\n\t<meta name=\"twitter:label2\" content=\"Est. tempo de leitura\" \/>\n\t<meta name=\"twitter:data2\" content=\"2 minutos\" \/>\n<script type=\"application\/ld+json\" class=\"yoast-schema-graph\">{\"@context\":\"https:\/\/schema.org\",\"@graph\":[{\"@type\":\"Article\",\"@id\":\"https:\/\/compartilhabahia.com.br\/index.php\/2026\/01\/22\/minha-casa-minha-vida-camacari-candidatos-compativeis-para-novos-residenciais\/#article\",\"isPartOf\":{\"@id\":\"https:\/\/compartilhabahia.com.br\/index.php\/2026\/01\/22\/minha-casa-minha-vida-camacari-candidatos-compativeis-para-novos-residenciais\/\"},\"author\":{\"name\":\"admin\",\"@id\":\"https:\/\/compartilhabahia.com.br\/#\/schema\/person\/9b4f0c3178793b8248d6686732521c04\"},\"headline\":\"Minha casa Minha Vida Cama\u00e7ari: candidatos compat\u00edveis para novos residenciais\",\"datePublished\":\"2026-01-22T12:46:00+00:00\",\"dateModified\":\"2026-01-22T12:46:03+00:00\",\"mainEntityOfPage\":{\"@id\":\"https:\/\/compartilhabahia.com.br\/index.php\/2026\/01\/22\/minha-casa-minha-vida-camacari-candidatos-compativeis-para-novos-residenciais\/\"},\"wordCount\":306,\"commentCount\":0,\"publisher\":{\"@id\":\"https:\/\/compartilhabahia.com.br\/#organization\"},\"articleSection\":[\"Cama\u00e7ari\"],\"inLanguage\":\"pt-BR\",\"potentialAction\":[{\"@type\":\"CommentAction\",\"name\":\"Comment\",\"target\":[\"https:\/\/compartilhabahia.com.br\/index.php\/2026\/01\/22\/minha-casa-minha-vida-camacari-candidatos-compativeis-para-novos-residenciais\/#respond\"]}]},{\"@type\":\"WebPage\",\"@id\":\"https:\/\/compartilhabahia.com.br\/index.php\/2026\/01\/22\/minha-casa-minha-vida-camacari-candidatos-compativeis-para-novos-residenciais\/\",\"url\":\"https:\/\/compartilhabahia.com.br\/index.php\/2026\/01\/22\/minha-casa-minha-vida-camacari-candidatos-compativeis-para-novos-residenciais\/\",\"name\":\"Minha casa Minha Vida Cama\u00e7ari: candidatos compat\u00edveis para novos residenciais - Compartilha Bahia\",\"isPartOf\":{\"@id\":\"https:\/\/compartilhabahia.com.br\/#website\"},\"datePublished\":\"2026-01-22T12:46:00+00:00\",\"dateModified\":\"2026-01-22T12:46:03+00:00\",\"breadcrumb\":{\"@id\":\"https:\/\/compartilhabahia.com.br\/index.php\/2026\/01\/22\/minha-casa-minha-vida-camacari-candidatos-compativeis-para-novos-residenciais\/#breadcrumb\"},\"inLanguage\":\"pt-BR\",\"potentialAction\":[{\"@type\":\"ReadAction\",\"target\":[\"https:\/\/compartilhabahia.com.br\/index.php\/2026\/01\/22\/minha-casa-minha-vida-camacari-candidatos-compativeis-para-novos-residenciais\/\"]}]},{\"@type\":\"BreadcrumbList\",\"@id\":\"https:\/\/compartilhabahia.com.br\/index.php\/2026\/01\/22\/minha-casa-minha-vida-camacari-candidatos-compativeis-para-novos-residenciais\/#breadcrumb\",\"itemListElement\":[{\"@type\":\"ListItem\",\"position\":1,\"name\":\"In\u00edcio\",\"item\":\"https:\/\/compartilhabahia.com.br\/\"},{\"@type\":\"ListItem\",\"position\":2,\"name\":\"Minha casa Minha Vida Cama\u00e7ari: candidatos compat\u00edveis para novos residenciais\"}]},{\"@type\":\"WebSite\",\"@id\":\"https:\/\/compartilhabahia.com.br\/#website\",\"url\":\"https:\/\/compartilhabahia.com.br\/\",\"name\":\"Compartilha Bahia\",\"description\":\"\",\"publisher\":{\"@id\":\"https:\/\/compartilhabahia.com.br\/#organization\"},\"potentialAction\":[{\"@type\":\"SearchAction\",\"target\":{\"@type\":\"EntryPoint\",\"urlTemplate\":\"https:\/\/compartilhabahia.com.br\/?s={search_term_string}\"},\"query-input\":\"required name=search_term_string\"}],\"inLanguage\":\"pt-BR\"},{\"@type\":\"Organization\",\"@id\":\"https:\/\/compartilhabahia.com.br\/#organization\",\"name\":\"Compartilha Bahia\",\"url\":\"https:\/\/compartilhabahia.com.br\/\",\"logo\":{\"@type\":\"ImageObject\",\"inLanguage\":\"pt-BR\",\"@id\":\"https:\/\/compartilhabahia.com.br\/#\/schema\/logo\/image\/\",\"url\":\"https:\/\/compartilhabahia.com.br\/wp-content\/uploads\/2023\/12\/cropped-logo.png\",\"contentUrl\":\"https:\/\/compartilhabahia.com.br\/wp-content\/uploads\/2023\/12\/cropped-logo.png\",\"width\":300,\"height\":106,\"caption\":\"Compartilha Bahia\"},\"image\":{\"@id\":\"https:\/\/compartilhabahia.com.br\/#\/schema\/logo\/image\/\"},\"sameAs\":[\"https:\/\/web.facebook.com\/compartilhabahia\",\"https:\/\/www.instagram.com\/compartilhabahia\/\"]},{\"@type\":\"Person\",\"@id\":\"https:\/\/compartilhabahia.com.br\/#\/schema\/person\/9b4f0c3178793b8248d6686732521c04\",\"name\":\"admin\",\"image\":{\"@type\":\"ImageObject\",\"inLanguage\":\"pt-BR\",\"@id\":\"https:\/\/compartilhabahia.com.br\/#\/schema\/person\/image\/\",\"url\":\"https:\/\/secure.gravatar.com\/avatar\/9600df58751c5acbe914c538c03390ef649ea088cb65f84ba09c7ce66988eed6?s=96&d=mm&r=g\",\"contentUrl\":\"https:\/\/secure.gravatar.com\/avatar\/9600df58751c5acbe914c538c03390ef649ea088cb65f84ba09c7ce66988eed6?s=96&d=mm&r=g\",\"caption\":\"admin\"},\"sameAs\":[\"https:\/\/compartilhabahia.com.br\"],\"url\":\"https:\/\/compartilhabahia.com.br\/index.php\/author\/compartilhabahia\/\"}]}<\/script>\n<!-- \/ Yoast SEO plugin. -->","yoast_head_json":{"title":"Minha casa Minha Vida Cama\u00e7ari: candidatos compat\u00edveis para novos residenciais - Compartilha Bahia","robots":{"index":"index","follow":"follow","max-snippet":"max-snippet:-1","max-image-preview":"max-image-preview:large","max-video-preview":"max-video-preview:-1"},"canonical":"https:\/\/compartilhabahia.com.br\/index.php\/2026\/01\/22\/minha-casa-minha-vida-camacari-candidatos-compativeis-para-novos-residenciais\/","og_locale":"pt_BR","og_type":"article","og_title":"Minha casa Minha Vida Cama\u00e7ari: candidatos compat\u00edveis para novos residenciais - Compartilha Bahia","og_description":"MCMV: publicada rela\u00e7\u00e3o de candidatos compat\u00edveis para residenciais Verdes Horizontes I e II A Prefeitura de Cama\u00e7ari divulgou lista de candidatos compat\u00edveis com o processo de sele\u00e7\u00e3o para o Programa Federal Minha Casa Minha Vida (MCMV) no munic\u00edpio, referente aos residenciais Verdes Horizontes I e II. A Portaria n\u00ba. 01\/2026, que elenca a rela\u00e7\u00e3o nominal, [&hellip;]","og_url":"https:\/\/compartilhabahia.com.br\/index.php\/2026\/01\/22\/minha-casa-minha-vida-camacari-candidatos-compativeis-para-novos-residenciais\/","og_site_name":"Compartilha Bahia","article_publisher":"https:\/\/web.facebook.com\/compartilhabahia","article_published_time":"2026-01-22T12:46:00+00:00","article_modified_time":"2026-01-22T12:46:03+00:00","og_image":[{"width":642,"height":430,"url":"https:\/\/compartilhabahia.com.br\/wp-content\/uploads\/2026\/01\/casascamacari.jpg","type":"image\/jpeg"}],"author":"admin","twitter_card":"summary_large_image","twitter_misc":{"Escrito por":"admin","Est. tempo de leitura":"2 minutos"},"schema":{"@context":"https:\/\/schema.org","@graph":[{"@type":"Article","@id":"https:\/\/compartilhabahia.com.br\/index.php\/2026\/01\/22\/minha-casa-minha-vida-camacari-candidatos-compativeis-para-novos-residenciais\/#article","isPartOf":{"@id":"https:\/\/compartilhabahia.com.br\/index.php\/2026\/01\/22\/minha-casa-minha-vida-camacari-candidatos-compativeis-para-novos-residenciais\/"},"author":{"name":"admin","@id":"https:\/\/compartilhabahia.com.br\/#\/schema\/person\/9b4f0c3178793b8248d6686732521c04"},"headline":"Minha casa Minha Vida Cama\u00e7ari: candidatos compat\u00edveis para novos residenciais","datePublished":"2026-01-22T12:46:00+00:00","dateModified":"2026-01-22T12:46:03+00:00","mainEntityOfPage":{"@id":"https:\/\/compartilhabahia.com.br\/index.php\/2026\/01\/22\/minha-casa-minha-vida-camacari-candidatos-compativeis-para-novos-residenciais\/"},"wordCount":306,"commentCount":0,"publisher":{"@id":"https:\/\/compartilhabahia.com.br\/#organization"},"articleSection":["Cama\u00e7ari"],"inLanguage":"pt-BR","potentialAction":[{"@type":"CommentAction","name":"Comment","target":["https:\/\/compartilhabahia.com.br\/index.php\/2026\/01\/22\/minha-casa-minha-vida-camacari-candidatos-compativeis-para-novos-residenciais\/#respond"]}]},{"@type":"WebPage","@id":"https:\/\/compartilhabahia.com.br\/index.php\/2026\/01\/22\/minha-casa-minha-vida-camacari-candidatos-compativeis-para-novos-residenciais\/","url":"https:\/\/compartilhabahia.com.br\/index.php\/2026\/01\/22\/minha-casa-minha-vida-camacari-candidatos-compativeis-para-novos-residenciais\/","name":"Minha casa Minha Vida Cama\u00e7ari: candidatos compat\u00edveis para novos residenciais - Compartilha Bahia","isPartOf":{"@id":"https:\/\/compartilhabahia.com.br\/#website"},"datePublished":"2026-01-22T12:46:00+00:00","dateModified":"2026-01-22T12:46:03+00:00","breadcrumb":{"@id":"https:\/\/compartilhabahia.com.br\/index.php\/2026\/01\/22\/minha-casa-minha-vida-camacari-candidatos-compativeis-para-novos-residenciais\/#breadcrumb"},"inLanguage":"pt-BR","potentialAction":[{"@type":"ReadAction","target":["https:\/\/compartilhabahia.com.br\/index.php\/2026\/01\/22\/minha-casa-minha-vida-camacari-candidatos-compativeis-para-novos-residenciais\/"]}]},{"@type":"BreadcrumbList","@id":"https:\/\/compartilhabahia.com.br\/index.php\/2026\/01\/22\/minha-casa-minha-vida-camacari-candidatos-compativeis-para-novos-residenciais\/#breadcrumb","itemListElement":[{"@type":"ListItem","position":1,"name":"In\u00edcio","item":"https:\/\/compartilhabahia.com.br\/"},{"@type":"ListItem","position":2,"name":"Minha casa Minha Vida Cama\u00e7ari: candidatos compat\u00edveis para novos residenciais"}]},{"@type":"WebSite","@id":"https:\/\/compartilhabahia.com.br\/#website","url":"https:\/\/compartilhabahia.com.br\/","name":"Compartilha Bahia","description":"","publisher":{"@id":"https:\/\/compartilhabahia.com.br\/#organization"},"potentialAction":[{"@type":"SearchAction","target":{"@type":"EntryPoint","urlTemplate":"https:\/\/compartilhabahia.com.br\/?s={search_term_string}"},"query-input":"required name=search_term_string"}],"inLanguage":"pt-BR"},{"@type":"Organization","@id":"https:\/\/compartilhabahia.com.br\/#organization","name":"Compartilha Bahia","url":"https:\/\/compartilhabahia.com.br\/","logo":{"@type":"ImageObject","inLanguage":"pt-BR","@id":"https:\/\/compartilhabahia.com.br\/#\/schema\/logo\/image\/","url":"https:\/\/compartilhabahia.com.br\/wp-content\/uploads\/2023\/12\/cropped-logo.png","contentUrl":"https:\/\/compartilhabahia.com.br\/wp-content\/uploads\/2023\/12\/cropped-logo.png","width":300,"height":106,"caption":"Compartilha Bahia"},"image":{"@id":"https:\/\/compartilhabahia.com.br\/#\/schema\/logo\/image\/"},"sameAs":["https:\/\/web.facebook.com\/compartilhabahia","https:\/\/www.instagram.com\/compartilhabahia\/"]},{"@type":"Person","@id":"https:\/\/compartilhabahia.com.br\/#\/schema\/person\/9b4f0c3178793b8248d6686732521c04","name":"admin","image":{"@type":"ImageObject","inLanguage":"pt-BR","@id":"https:\/\/compartilhabahia.com.br\/#\/schema\/person\/image\/","url":"https:\/\/secure.gravatar.com\/avatar\/9600df58751c5acbe914c538c03390ef649ea088cb65f84ba09c7ce66988eed6?s=96&d=mm&r=g","contentUrl":"https:\/\/secure.gravatar.com\/avatar\/9600df58751c5acbe914c538c03390ef649ea088cb65f84ba09c7ce66988eed6?s=96&d=mm&r=g","caption":"admin"},"sameAs":["https:\/\/compartilhabahia.com.br"],"url":"https:\/\/compartilhabahia.com.br\/index.php\/author\/compartilhabahia\/"}]}},"_links":{"self":[{"href":"https:\/\/compartilhabahia.com.br\/index.php\/wp-json\/wp\/v2\/posts\/8998","targetHints":{"allow":["GET"]}}],"collection":[{"href":"https:\/\/compartilhabahia.com.br\/index.php\/wp-json\/wp\/v2\/posts"}],"about":[{"href":"https:\/\/compartilhabahia.com.br\/index.php\/wp-json\/wp\/v2\/types\/post"}],"author":[{"embeddable":true,"href":"https:\/\/compartilhabahia.com.br\/index.php\/wp-json\/wp\/v2\/users\/1"}],"replies":[{"embeddable":true,"href":"https:\/\/compartilhabahia.com.br\/index.php\/wp-json\/wp\/v2\/comments?post=8998"}],"version-history":[{"count":1,"href":"https:\/\/compartilhabahia.com.br\/index.php\/wp-json\/wp\/v2\/posts\/8998\/revisions"}],"predecessor-version":[{"id":9002,"href":"https:\/\/compartilhabahia.com.br\/index.php\/wp-json\/wp\/v2\/posts\/8998\/revisions\/9002"}],"wp:featuredmedia":[{"embeddable":true,"href":"https:\/\/compartilhabahia.com.br\/index.php\/wp-json\/wp\/v2\/media\/8999"}],"wp:attachment":[{"href":"https:\/\/compartilhabahia.com.br\/index.php\/wp-json\/wp\/v2\/media?parent=8998"}],"wp:term":[{"taxonomy":"category","embeddable":true,"href":"https:\/\/compartilhabahia.com.br\/index.php\/wp-json\/wp\/v2\/categories?post=8998"},{"taxonomy":"post_tag","embeddable":true,"href":"https:\/\/compartilhabahia.com.br\/index.php\/wp-json\/wp\/v2\/tags?post=8998"}],"curies":[{"name":"wp","href":"https:\/\/api.w.org\/{rel}","templated":true}]}}