{"id":8993,"date":"2026-01-21T18:06:04","date_gmt":"2026-01-21T21:06:04","guid":{"rendered":"https:\/\/compartilhabahia.com.br\/?p=8993"},"modified":"2026-01-21T18:06:07","modified_gmt":"2026-01-21T21:06:07","slug":"marca-de-caetano-e-a-geracao-de-empregos-contratacoes-na-byd-estao-em-alta","status":"publish","type":"post","link":"https:\/\/compartilhabahia.com.br\/index.php\/2026\/01\/21\/marca-de-caetano-e-a-geracao-de-empregos-contratacoes-na-byd-estao-em-alta\/","title":{"rendered":"Marca de Caetano \u00e9 a gera\u00e7\u00e3o de empregos, contrata\u00e7\u00f5es na BYD est\u00e3o em alta"},"content":{"rendered":"\n<p>Enquanto digitamos este texto jovens estavam recebendo comunicados para a exame de admiss\u00e3o por parte da BYD. Contrata\u00e7\u00f5es, da f\u00e1brica de carros el\u00e9tricos em Cama\u00e7ari, est\u00e3o em alta, tornando, a gera\u00e7\u00e3o de emprego, na marca mais importante da gest\u00e3o do prefeito Caetano. <\/p>\n\n\n\n<p>&#8220;Parab\u00e9ns p\u202aor t\u202aer ava\u202an\u00e7ado e\u202am n\u202aosso proce\u202asso seletivo! Seguem a\u202as informa\u00e7\u00f5\u202aes p\u202aara \u202ao agendamen\u202ato d\u202ao s\u202aeu exa\u202ame admissional:&#8230; Observa\u00e7\u00f5es: Levar documen\u202ato d\u202ae identifi\u202aca\u00e7\u00e3o c\u202aom foto..&#8221; diz a menagem que centenas de jovens receberam nas ultimas horas em Cama\u00e7ari.<\/p>\n\n\n\n<p><\/p>\n\n\n\n<p><strong>Prefeitura e BYD&nbsp;<\/strong><strong>debatem amplia\u00e7\u00e3o de f\u00e1brica<\/strong><strong>&nbsp;e projetam novos avan\u00e7os<\/strong><\/p>\n\n\n\n<p>A Prefeitura de Cama\u00e7ari e a Build Your Dreams (BYD) deram mais um passo no fortalecimento da parceria institucional durante nova reuni\u00e3o realizada na tarde desta quarta-feira (21), no gabinete do prefeito Luiz Caetano. O encontro teve como foco o alinhamento de demandas estrat\u00e9gicas e a apresenta\u00e7\u00e3o de avan\u00e7os previstos para 2026, refor\u00e7ando o papel do munic\u00edpio como polo industrial de inova\u00e7\u00e3o e mobilidade sustent\u00e1vel.<\/p>\n\n\n\n<figure class=\"wp-block-image size-large\"><img loading=\"lazy\" decoding=\"async\" width=\"1024\" height=\"682\" src=\"https:\/\/compartilhabahia.com.br\/wp-content\/uploads\/2026\/01\/Segov-reuniao-gabinete-BYD-foto-Patrick_Abreu-1024x682.jpeg\" alt=\"\" class=\"wp-image-8995\" srcset=\"https:\/\/compartilhabahia.com.br\/wp-content\/uploads\/2026\/01\/Segov-reuniao-gabinete-BYD-foto-Patrick_Abreu-1024x682.jpeg 1024w, https:\/\/compartilhabahia.com.br\/wp-content\/uploads\/2026\/01\/Segov-reuniao-gabinete-BYD-foto-Patrick_Abreu-300x200.jpeg 300w, https:\/\/compartilhabahia.com.br\/wp-content\/uploads\/2026\/01\/Segov-reuniao-gabinete-BYD-foto-Patrick_Abreu-768x512.jpeg 768w, https:\/\/compartilhabahia.com.br\/wp-content\/uploads\/2026\/01\/Segov-reuniao-gabinete-BYD-foto-Patrick_Abreu-1536x1023.jpeg 1536w, https:\/\/compartilhabahia.com.br\/wp-content\/uploads\/2026\/01\/Segov-reuniao-gabinete-BYD-foto-Patrick_Abreu-1200x800.jpeg 1200w, https:\/\/compartilhabahia.com.br\/wp-content\/uploads\/2026\/01\/Segov-reuniao-gabinete-BYD-foto-Patrick_Abreu.jpeg 1600w\" sizes=\"auto, (max-width: 1024px) 100vw, 1024px\" \/><\/figure>\n\n\n\n<p>\u201cCama\u00e7ari e BYD \u00e9 uma parceria que segue avan\u00e7ando e um projeto que vem se consolidando. A cidade est\u00e1 preparada para crescer de forma planejada e inovadora, e essa parceria com a BYD demonstra que \u00e9 poss\u00edvel gerar emprego, renda, tecnologia e inclus\u00e3o social ao mesmo tempo. Nosso objetivo \u00e9 seguir dialogando e alinhando demandas&#8221;, afirmou o prefeito Luiz Caetano.<\/p>\n\n\n\n<p>Entre os principais pontos discutidos no encontro, esteve a produ\u00e7\u00e3o do BYD Song Plus na planta instalada no munic\u00edpio. O modelo, um SUV h\u00edbrido plug-in amplamente reconhecido no mercado brasileiro, \u00e9 o quarto ve\u00edculo produzido na f\u00e1brica local e integra a estrat\u00e9gia de nacionaliza\u00e7\u00e3o dos modelos mais vendidos da montadora no pa\u00eds. A iniciativa consolida Cama\u00e7ari como parte central da cadeia produtiva da ind\u00fastria automotiva de nova gera\u00e7\u00e3o.<\/p>\n\n\n\n<p>Os n\u00fameros de produ\u00e7\u00e3o tamb\u00e9m evidenciam o ritmo acelerado de crescimento da unidade. Entre outubro e dezembro de 2025, mais de 17 mil ve\u00edculos foram montados na f\u00e1brica. A expectativa \u00e9 que, at\u00e9 o final de janeiro deste ano, a marca ultrapasse 20 mil unidades. J\u00e1 para o ano de 2026, a meta projetada \u00e9 ainda mais robusta: alcan\u00e7ar a produ\u00e7\u00e3o de 180 mil ve\u00edculos.<\/p>\n\n\n\n<p>Atualmente operando em dois turnos, a f\u00e1brica j\u00e1 articula a amplia\u00e7\u00e3o para um terceiro turno at\u00e9 o fim do ano, movimento que deve impulsionar ainda mais a gera\u00e7\u00e3o de empregos e a din\u00e2mica econ\u00f4mica local.<\/p>\n\n\n\n<figure class=\"wp-block-image size-large\"><img loading=\"lazy\" decoding=\"async\" width=\"1024\" height=\"683\" src=\"https:\/\/compartilhabahia.com.br\/wp-content\/uploads\/2026\/01\/445dfa4c-788a-485a-96da-61830d741882-1024x683.jpg\" alt=\"\" class=\"wp-image-8996\" srcset=\"https:\/\/compartilhabahia.com.br\/wp-content\/uploads\/2026\/01\/445dfa4c-788a-485a-96da-61830d741882-1024x683.jpg 1024w, https:\/\/compartilhabahia.com.br\/wp-content\/uploads\/2026\/01\/445dfa4c-788a-485a-96da-61830d741882-300x200.jpg 300w, https:\/\/compartilhabahia.com.br\/wp-content\/uploads\/2026\/01\/445dfa4c-788a-485a-96da-61830d741882-768x512.jpg 768w, https:\/\/compartilhabahia.com.br\/wp-content\/uploads\/2026\/01\/445dfa4c-788a-485a-96da-61830d741882-1200x800.jpg 1200w, https:\/\/compartilhabahia.com.br\/wp-content\/uploads\/2026\/01\/445dfa4c-788a-485a-96da-61830d741882.jpg 1280w\" sizes=\"auto, (max-width: 1024px) 100vw, 1024px\" \/><\/figure>\n\n\n\n<p>Durante a reuni\u00e3o, a empresa refor\u00e7ou o impacto positivo da opera\u00e7\u00e3o no desenvolvimento do munic\u00edpio. \u201cA BYD fica muito feliz em contribuir com o aumento da arrecada\u00e7\u00e3o do Produto Interno Bruto dessa cidade. Queremos manter essa parceria com o poder p\u00fablico e nos aproximar mais da comunidade. Temos um time que atua no social e que est\u00e1 se articulando para promover a\u00e7\u00f5es com a comunidade, com a parte escolar. Essa parceria s\u00f3 tem a crescer\u201d, afirmou Adams Chen, diretor-geral da f\u00e1brica da BYD em Cama\u00e7ari.<\/p>\n\n\n\n<p>A contrata\u00e7\u00e3o de m\u00e3o de obra local foi outro destaque do encontro.&nbsp;Nos pr\u00f3ximos dias&nbsp;120 novos funcion\u00e1rios ser\u00e3o admitidos, refor\u00e7ando o compromisso da empresa com a gera\u00e7\u00e3o de oportunidades para os moradores do munic\u00edpio.<\/p>\n\n\n\n<p>Conforme a secret\u00e1ria de Desenvolvimento Econ\u00f4mico de Cama\u00e7ari, Adriana Marcele, a integra\u00e7\u00e3o entre o poder p\u00fablico e a montadora tem sido decisiva para esses resultados. \u201cA integra\u00e7\u00e3o da Prefeitura&nbsp;de Cama\u00e7ari com a BYD est\u00e1 sendo muito boa. J\u00e1 vamos iniciar o ano com muitas contrata\u00e7\u00f5es. Uma grande vit\u00f3ria para o nosso munic\u00edpio. A m\u00e3o de obra local est\u00e1 garantida\u201d, destacou.<\/p>\n\n\n\n<p>At\u00e9 o momento, a unidade j\u00e1 ultrapassa a marca de 2 mil trabalhadores admitidos, consolidando-se como uma das maiores empregadoras do setor industrial na regi\u00e3o. Al\u00e9m disso, a BYD informou que est\u00e1 na fase final de articula\u00e7\u00e3o para o in\u00edcio da produ\u00e7\u00e3o de componentes e transfer\u00eancia de tecnologia diretamente na planta de Cama\u00e7ari, al\u00e9m da cria\u00e7\u00e3o de uma \u00c1rea de Pesquisa e Desenvolvimento (P&amp;D) dentro da f\u00e1brica, o que representa um avan\u00e7o significativo em inova\u00e7\u00e3o e qualifica\u00e7\u00e3o t\u00e9cnica.<\/p>\n\n\n\n<p>Tamb\u00e9m participaram da reuni\u00e3o o vice-diretor de&nbsp;Opera\u00e7\u00e3o da f\u00e1brica da BYD em Cama\u00e7ari, Pan Swift; os secret\u00e1rios da Infraestrutura, Jos\u00e9 M\u00e1rio Bastos; de Desenvolvimento Urbano e Meio Ambiente, Rodrigo Nogueira; e de Governo, Ednalva Santana; al\u00e9m do chefe de Gabinete, Carlos Santos, e de Felipe Peleteiro, respons\u00e1vel pelas rela\u00e7\u00f5es governamentais da BYD em Cama\u00e7ari.<br><\/p>\n\n\n\n<p>Foto: Patrick Abreu<\/p>\n","protected":false},"excerpt":{"rendered":"<p>Enquanto digitamos este texto jovens estavam recebendo comunicados para a exame de admiss\u00e3o por parte da BYD. Contrata\u00e7\u00f5es, da f\u00e1brica de carros el\u00e9tricos em Cama\u00e7ari, est\u00e3o em alta, tornando, a gera\u00e7\u00e3o de emprego, na marca mais importante da gest\u00e3o do prefeito Caetano. &#8220;Parab\u00e9ns p\u202aor t\u202aer ava\u202an\u00e7ado e\u202am n\u202aosso proce\u202asso seletivo! Seguem a\u202as informa\u00e7\u00f5\u202aes p\u202aara \u202ao [&hellip;]<\/p>\n","protected":false},"author":1,"featured_media":8994,"comment_status":"open","ping_status":"open","sticky":false,"template":"","format":"standard","meta":{"footnotes":""},"categories":[8],"tags":[],"class_list":["post-8993","post","type-post","status-publish","format-standard","has-post-thumbnail","hentry","category-camacari"],"yoast_head":"<!-- This site is optimized with the Yoast SEO plugin v21.7 - https:\/\/yoast.com\/wordpress\/plugins\/seo\/ -->\n<title>Marca de Caetano \u00e9 a gera\u00e7\u00e3o de empregos, contrata\u00e7\u00f5es na BYD est\u00e3o em alta - Compartilha Bahia<\/title>\n<meta name=\"robots\" content=\"index, follow, max-snippet:-1, max-image-preview:large, max-video-preview:-1\" \/>\n<link rel=\"canonical\" href=\"https:\/\/compartilhabahia.com.br\/index.php\/2026\/01\/21\/marca-de-caetano-e-a-geracao-de-empregos-contratacoes-na-byd-estao-em-alta\/\" \/>\n<meta property=\"og:locale\" content=\"pt_BR\" \/>\n<meta property=\"og:type\" content=\"article\" \/>\n<meta property=\"og:title\" content=\"Marca de Caetano \u00e9 a gera\u00e7\u00e3o de empregos, contrata\u00e7\u00f5es na BYD est\u00e3o em alta - Compartilha Bahia\" \/>\n<meta property=\"og:description\" content=\"Enquanto digitamos este texto jovens estavam recebendo comunicados para a exame de admiss\u00e3o por parte da BYD. Contrata\u00e7\u00f5es, da f\u00e1brica de carros el\u00e9tricos em Cama\u00e7ari, est\u00e3o em alta, tornando, a gera\u00e7\u00e3o de emprego, na marca mais importante da gest\u00e3o do prefeito Caetano. &#8220;Parab\u00e9ns p\u202aor t\u202aer ava\u202an\u00e7ado e\u202am n\u202aosso proce\u202asso seletivo! Seguem a\u202as informa\u00e7\u00f5\u202aes p\u202aara \u202ao [&hellip;]\" \/>\n<meta property=\"og:url\" content=\"https:\/\/compartilhabahia.com.br\/index.php\/2026\/01\/21\/marca-de-caetano-e-a-geracao-de-empregos-contratacoes-na-byd-estao-em-alta\/\" \/>\n<meta property=\"og:site_name\" content=\"Compartilha Bahia\" \/>\n<meta property=\"article:publisher\" content=\"https:\/\/web.facebook.com\/compartilhabahia\" \/>\n<meta property=\"article:published_time\" content=\"2026-01-21T21:06:04+00:00\" \/>\n<meta property=\"article:modified_time\" content=\"2026-01-21T21:06:07+00:00\" \/>\n<meta property=\"og:image\" content=\"https:\/\/compartilhabahia.com.br\/wp-content\/uploads\/2026\/01\/chinezes.jpg\" \/>\n\t<meta property=\"og:image:width\" content=\"1120\" \/>\n\t<meta property=\"og:image:height\" content=\"747\" \/>\n\t<meta property=\"og:image:type\" content=\"image\/jpeg\" \/>\n<meta name=\"author\" content=\"admin\" \/>\n<meta name=\"twitter:card\" content=\"summary_large_image\" \/>\n<meta name=\"twitter:label1\" content=\"Escrito por\" \/>\n\t<meta name=\"twitter:data1\" content=\"admin\" \/>\n\t<meta name=\"twitter:label2\" content=\"Est. tempo de leitura\" \/>\n\t<meta name=\"twitter:data2\" content=\"5 minutos\" \/>\n<script type=\"application\/ld+json\" class=\"yoast-schema-graph\">{\"@context\":\"https:\/\/schema.org\",\"@graph\":[{\"@type\":\"Article\",\"@id\":\"https:\/\/compartilhabahia.com.br\/index.php\/2026\/01\/21\/marca-de-caetano-e-a-geracao-de-empregos-contratacoes-na-byd-estao-em-alta\/#article\",\"isPartOf\":{\"@id\":\"https:\/\/compartilhabahia.com.br\/index.php\/2026\/01\/21\/marca-de-caetano-e-a-geracao-de-empregos-contratacoes-na-byd-estao-em-alta\/\"},\"author\":{\"name\":\"admin\",\"@id\":\"https:\/\/compartilhabahia.com.br\/#\/schema\/person\/9b4f0c3178793b8248d6686732521c04\"},\"headline\":\"Marca de Caetano \u00e9 a gera\u00e7\u00e3o de empregos, contrata\u00e7\u00f5es na BYD est\u00e3o em alta\",\"datePublished\":\"2026-01-21T21:06:04+00:00\",\"dateModified\":\"2026-01-21T21:06:07+00:00\",\"mainEntityOfPage\":{\"@id\":\"https:\/\/compartilhabahia.com.br\/index.php\/2026\/01\/21\/marca-de-caetano-e-a-geracao-de-empregos-contratacoes-na-byd-estao-em-alta\/\"},\"wordCount\":833,\"commentCount\":0,\"publisher\":{\"@id\":\"https:\/\/compartilhabahia.com.br\/#organization\"},\"articleSection\":[\"Cama\u00e7ari\"],\"inLanguage\":\"pt-BR\",\"potentialAction\":[{\"@type\":\"CommentAction\",\"name\":\"Comment\",\"target\":[\"https:\/\/compartilhabahia.com.br\/index.php\/2026\/01\/21\/marca-de-caetano-e-a-geracao-de-empregos-contratacoes-na-byd-estao-em-alta\/#respond\"]}]},{\"@type\":\"WebPage\",\"@id\":\"https:\/\/compartilhabahia.com.br\/index.php\/2026\/01\/21\/marca-de-caetano-e-a-geracao-de-empregos-contratacoes-na-byd-estao-em-alta\/\",\"url\":\"https:\/\/compartilhabahia.com.br\/index.php\/2026\/01\/21\/marca-de-caetano-e-a-geracao-de-empregos-contratacoes-na-byd-estao-em-alta\/\",\"name\":\"Marca de Caetano \u00e9 a gera\u00e7\u00e3o de empregos, contrata\u00e7\u00f5es na BYD est\u00e3o em alta - Compartilha Bahia\",\"isPartOf\":{\"@id\":\"https:\/\/compartilhabahia.com.br\/#website\"},\"datePublished\":\"2026-01-21T21:06:04+00:00\",\"dateModified\":\"2026-01-21T21:06:07+00:00\",\"breadcrumb\":{\"@id\":\"https:\/\/compartilhabahia.com.br\/index.php\/2026\/01\/21\/marca-de-caetano-e-a-geracao-de-empregos-contratacoes-na-byd-estao-em-alta\/#breadcrumb\"},\"inLanguage\":\"pt-BR\",\"potentialAction\":[{\"@type\":\"ReadAction\",\"target\":[\"https:\/\/compartilhabahia.com.br\/index.php\/2026\/01\/21\/marca-de-caetano-e-a-geracao-de-empregos-contratacoes-na-byd-estao-em-alta\/\"]}]},{\"@type\":\"BreadcrumbList\",\"@id\":\"https:\/\/compartilhabahia.com.br\/index.php\/2026\/01\/21\/marca-de-caetano-e-a-geracao-de-empregos-contratacoes-na-byd-estao-em-alta\/#breadcrumb\",\"itemListElement\":[{\"@type\":\"ListItem\",\"position\":1,\"name\":\"In\u00edcio\",\"item\":\"https:\/\/compartilhabahia.com.br\/\"},{\"@type\":\"ListItem\",\"position\":2,\"name\":\"Marca de Caetano \u00e9 a gera\u00e7\u00e3o de empregos, contrata\u00e7\u00f5es na BYD est\u00e3o em alta\"}]},{\"@type\":\"WebSite\",\"@id\":\"https:\/\/compartilhabahia.com.br\/#website\",\"url\":\"https:\/\/compartilhabahia.com.br\/\",\"name\":\"Compartilha Bahia\",\"description\":\"\",\"publisher\":{\"@id\":\"https:\/\/compartilhabahia.com.br\/#organization\"},\"potentialAction\":[{\"@type\":\"SearchAction\",\"target\":{\"@type\":\"EntryPoint\",\"urlTemplate\":\"https:\/\/compartilhabahia.com.br\/?s={search_term_string}\"},\"query-input\":\"required name=search_term_string\"}],\"inLanguage\":\"pt-BR\"},{\"@type\":\"Organization\",\"@id\":\"https:\/\/compartilhabahia.com.br\/#organization\",\"name\":\"Compartilha Bahia\",\"url\":\"https:\/\/compartilhabahia.com.br\/\",\"logo\":{\"@type\":\"ImageObject\",\"inLanguage\":\"pt-BR\",\"@id\":\"https:\/\/compartilhabahia.com.br\/#\/schema\/logo\/image\/\",\"url\":\"https:\/\/compartilhabahia.com.br\/wp-content\/uploads\/2023\/12\/cropped-logo.png\",\"contentUrl\":\"https:\/\/compartilhabahia.com.br\/wp-content\/uploads\/2023\/12\/cropped-logo.png\",\"width\":300,\"height\":106,\"caption\":\"Compartilha Bahia\"},\"image\":{\"@id\":\"https:\/\/compartilhabahia.com.br\/#\/schema\/logo\/image\/\"},\"sameAs\":[\"https:\/\/web.facebook.com\/compartilhabahia\",\"https:\/\/www.instagram.com\/compartilhabahia\/\"]},{\"@type\":\"Person\",\"@id\":\"https:\/\/compartilhabahia.com.br\/#\/schema\/person\/9b4f0c3178793b8248d6686732521c04\",\"name\":\"admin\",\"image\":{\"@type\":\"ImageObject\",\"inLanguage\":\"pt-BR\",\"@id\":\"https:\/\/compartilhabahia.com.br\/#\/schema\/person\/image\/\",\"url\":\"https:\/\/secure.gravatar.com\/avatar\/9600df58751c5acbe914c538c03390ef649ea088cb65f84ba09c7ce66988eed6?s=96&d=mm&r=g\",\"contentUrl\":\"https:\/\/secure.gravatar.com\/avatar\/9600df58751c5acbe914c538c03390ef649ea088cb65f84ba09c7ce66988eed6?s=96&d=mm&r=g\",\"caption\":\"admin\"},\"sameAs\":[\"https:\/\/compartilhabahia.com.br\"],\"url\":\"https:\/\/compartilhabahia.com.br\/index.php\/author\/compartilhabahia\/\"}]}<\/script>\n<!-- \/ Yoast SEO plugin. -->","yoast_head_json":{"title":"Marca de Caetano \u00e9 a gera\u00e7\u00e3o de empregos, contrata\u00e7\u00f5es na BYD est\u00e3o em alta - Compartilha Bahia","robots":{"index":"index","follow":"follow","max-snippet":"max-snippet:-1","max-image-preview":"max-image-preview:large","max-video-preview":"max-video-preview:-1"},"canonical":"https:\/\/compartilhabahia.com.br\/index.php\/2026\/01\/21\/marca-de-caetano-e-a-geracao-de-empregos-contratacoes-na-byd-estao-em-alta\/","og_locale":"pt_BR","og_type":"article","og_title":"Marca de Caetano \u00e9 a gera\u00e7\u00e3o de empregos, contrata\u00e7\u00f5es na BYD est\u00e3o em alta - Compartilha Bahia","og_description":"Enquanto digitamos este texto jovens estavam recebendo comunicados para a exame de admiss\u00e3o por parte da BYD. Contrata\u00e7\u00f5es, da f\u00e1brica de carros el\u00e9tricos em Cama\u00e7ari, est\u00e3o em alta, tornando, a gera\u00e7\u00e3o de emprego, na marca mais importante da gest\u00e3o do prefeito Caetano. &#8220;Parab\u00e9ns p\u202aor t\u202aer ava\u202an\u00e7ado e\u202am n\u202aosso proce\u202asso seletivo! Seguem a\u202as informa\u00e7\u00f5\u202aes p\u202aara \u202ao [&hellip;]","og_url":"https:\/\/compartilhabahia.com.br\/index.php\/2026\/01\/21\/marca-de-caetano-e-a-geracao-de-empregos-contratacoes-na-byd-estao-em-alta\/","og_site_name":"Compartilha Bahia","article_publisher":"https:\/\/web.facebook.com\/compartilhabahia","article_published_time":"2026-01-21T21:06:04+00:00","article_modified_time":"2026-01-21T21:06:07+00:00","og_image":[{"width":1120,"height":747,"url":"https:\/\/compartilhabahia.com.br\/wp-content\/uploads\/2026\/01\/chinezes.jpg","type":"image\/jpeg"}],"author":"admin","twitter_card":"summary_large_image","twitter_misc":{"Escrito por":"admin","Est. tempo de leitura":"5 minutos"},"schema":{"@context":"https:\/\/schema.org","@graph":[{"@type":"Article","@id":"https:\/\/compartilhabahia.com.br\/index.php\/2026\/01\/21\/marca-de-caetano-e-a-geracao-de-empregos-contratacoes-na-byd-estao-em-alta\/#article","isPartOf":{"@id":"https:\/\/compartilhabahia.com.br\/index.php\/2026\/01\/21\/marca-de-caetano-e-a-geracao-de-empregos-contratacoes-na-byd-estao-em-alta\/"},"author":{"name":"admin","@id":"https:\/\/compartilhabahia.com.br\/#\/schema\/person\/9b4f0c3178793b8248d6686732521c04"},"headline":"Marca de Caetano \u00e9 a gera\u00e7\u00e3o de empregos, contrata\u00e7\u00f5es na BYD est\u00e3o em alta","datePublished":"2026-01-21T21:06:04+00:00","dateModified":"2026-01-21T21:06:07+00:00","mainEntityOfPage":{"@id":"https:\/\/compartilhabahia.com.br\/index.php\/2026\/01\/21\/marca-de-caetano-e-a-geracao-de-empregos-contratacoes-na-byd-estao-em-alta\/"},"wordCount":833,"commentCount":0,"publisher":{"@id":"https:\/\/compartilhabahia.com.br\/#organization"},"articleSection":["Cama\u00e7ari"],"inLanguage":"pt-BR","potentialAction":[{"@type":"CommentAction","name":"Comment","target":["https:\/\/compartilhabahia.com.br\/index.php\/2026\/01\/21\/marca-de-caetano-e-a-geracao-de-empregos-contratacoes-na-byd-estao-em-alta\/#respond"]}]},{"@type":"WebPage","@id":"https:\/\/compartilhabahia.com.br\/index.php\/2026\/01\/21\/marca-de-caetano-e-a-geracao-de-empregos-contratacoes-na-byd-estao-em-alta\/","url":"https:\/\/compartilhabahia.com.br\/index.php\/2026\/01\/21\/marca-de-caetano-e-a-geracao-de-empregos-contratacoes-na-byd-estao-em-alta\/","name":"Marca de Caetano \u00e9 a gera\u00e7\u00e3o de empregos, contrata\u00e7\u00f5es na BYD est\u00e3o em alta - Compartilha Bahia","isPartOf":{"@id":"https:\/\/compartilhabahia.com.br\/#website"},"datePublished":"2026-01-21T21:06:04+00:00","dateModified":"2026-01-21T21:06:07+00:00","breadcrumb":{"@id":"https:\/\/compartilhabahia.com.br\/index.php\/2026\/01\/21\/marca-de-caetano-e-a-geracao-de-empregos-contratacoes-na-byd-estao-em-alta\/#breadcrumb"},"inLanguage":"pt-BR","potentialAction":[{"@type":"ReadAction","target":["https:\/\/compartilhabahia.com.br\/index.php\/2026\/01\/21\/marca-de-caetano-e-a-geracao-de-empregos-contratacoes-na-byd-estao-em-alta\/"]}]},{"@type":"BreadcrumbList","@id":"https:\/\/compartilhabahia.com.br\/index.php\/2026\/01\/21\/marca-de-caetano-e-a-geracao-de-empregos-contratacoes-na-byd-estao-em-alta\/#breadcrumb","itemListElement":[{"@type":"ListItem","position":1,"name":"In\u00edcio","item":"https:\/\/compartilhabahia.com.br\/"},{"@type":"ListItem","position":2,"name":"Marca de Caetano \u00e9 a gera\u00e7\u00e3o de empregos, contrata\u00e7\u00f5es na BYD est\u00e3o em alta"}]},{"@type":"WebSite","@id":"https:\/\/compartilhabahia.com.br\/#website","url":"https:\/\/compartilhabahia.com.br\/","name":"Compartilha Bahia","description":"","publisher":{"@id":"https:\/\/compartilhabahia.com.br\/#organization"},"potentialAction":[{"@type":"SearchAction","target":{"@type":"EntryPoint","urlTemplate":"https:\/\/compartilhabahia.com.br\/?s={search_term_string}"},"query-input":"required name=search_term_string"}],"inLanguage":"pt-BR"},{"@type":"Organization","@id":"https:\/\/compartilhabahia.com.br\/#organization","name":"Compartilha Bahia","url":"https:\/\/compartilhabahia.com.br\/","logo":{"@type":"ImageObject","inLanguage":"pt-BR","@id":"https:\/\/compartilhabahia.com.br\/#\/schema\/logo\/image\/","url":"https:\/\/compartilhabahia.com.br\/wp-content\/uploads\/2023\/12\/cropped-logo.png","contentUrl":"https:\/\/compartilhabahia.com.br\/wp-content\/uploads\/2023\/12\/cropped-logo.png","width":300,"height":106,"caption":"Compartilha Bahia"},"image":{"@id":"https:\/\/compartilhabahia.com.br\/#\/schema\/logo\/image\/"},"sameAs":["https:\/\/web.facebook.com\/compartilhabahia","https:\/\/www.instagram.com\/compartilhabahia\/"]},{"@type":"Person","@id":"https:\/\/compartilhabahia.com.br\/#\/schema\/person\/9b4f0c3178793b8248d6686732521c04","name":"admin","image":{"@type":"ImageObject","inLanguage":"pt-BR","@id":"https:\/\/compartilhabahia.com.br\/#\/schema\/person\/image\/","url":"https:\/\/secure.gravatar.com\/avatar\/9600df58751c5acbe914c538c03390ef649ea088cb65f84ba09c7ce66988eed6?s=96&d=mm&r=g","contentUrl":"https:\/\/secure.gravatar.com\/avatar\/9600df58751c5acbe914c538c03390ef649ea088cb65f84ba09c7ce66988eed6?s=96&d=mm&r=g","caption":"admin"},"sameAs":["https:\/\/compartilhabahia.com.br"],"url":"https:\/\/compartilhabahia.com.br\/index.php\/author\/compartilhabahia\/"}]}},"_links":{"self":[{"href":"https:\/\/compartilhabahia.com.br\/index.php\/wp-json\/wp\/v2\/posts\/8993","targetHints":{"allow":["GET"]}}],"collection":[{"href":"https:\/\/compartilhabahia.com.br\/index.php\/wp-json\/wp\/v2\/posts"}],"about":[{"href":"https:\/\/compartilhabahia.com.br\/index.php\/wp-json\/wp\/v2\/types\/post"}],"author":[{"embeddable":true,"href":"https:\/\/compartilhabahia.com.br\/index.php\/wp-json\/wp\/v2\/users\/1"}],"replies":[{"embeddable":true,"href":"https:\/\/compartilhabahia.com.br\/index.php\/wp-json\/wp\/v2\/comments?post=8993"}],"version-history":[{"count":1,"href":"https:\/\/compartilhabahia.com.br\/index.php\/wp-json\/wp\/v2\/posts\/8993\/revisions"}],"predecessor-version":[{"id":8997,"href":"https:\/\/compartilhabahia.com.br\/index.php\/wp-json\/wp\/v2\/posts\/8993\/revisions\/8997"}],"wp:featuredmedia":[{"embeddable":true,"href":"https:\/\/compartilhabahia.com.br\/index.php\/wp-json\/wp\/v2\/media\/8994"}],"wp:attachment":[{"href":"https:\/\/compartilhabahia.com.br\/index.php\/wp-json\/wp\/v2\/media?parent=8993"}],"wp:term":[{"taxonomy":"category","embeddable":true,"href":"https:\/\/compartilhabahia.com.br\/index.php\/wp-json\/wp\/v2\/categories?post=8993"},{"taxonomy":"post_tag","embeddable":true,"href":"https:\/\/compartilhabahia.com.br\/index.php\/wp-json\/wp\/v2\/tags?post=8993"}],"curies":[{"name":"wp","href":"https:\/\/api.w.org\/{rel}","templated":true}]}}