{"id":8990,"date":"2026-01-21T09:20:37","date_gmt":"2026-01-21T12:20:37","guid":{"rendered":"https:\/\/compartilhabahia.com.br\/?p=8990"},"modified":"2026-01-21T09:20:40","modified_gmt":"2026-01-21T12:20:40","slug":"estudantes-do-ifba-colocam-camacari-no-topo-cientifico-do-pais-febrace","status":"publish","type":"post","link":"https:\/\/compartilhabahia.com.br\/index.php\/2026\/01\/21\/estudantes-do-ifba-colocam-camacari-no-topo-cientifico-do-pais-febrace\/","title":{"rendered":"Estudantes do IFBA colocam Cama\u00e7ari no topo cientifico do pa\u00eds &#8211; FEBRACE"},"content":{"rendered":"\n<p><strong>Projeto de estudantes de Cama\u00e7ari \u00e9 finalista na maior feira cient\u00edfica do pa\u00eds<\/strong><\/p>\n\n\n\n<p>Estudantes de Cama\u00e7ari t\u00eam se destacado, de forma crescente, em iniciativas educacionais de alcance nacional, resultado do fortalecimento das pol\u00edticas p\u00fablicas voltadas \u00e0 educa\u00e7\u00e3o e \u00e0 forma\u00e7\u00e3o cient\u00edfica. Desta vez, o protagonismo \u00e9 de Alana Sales da Silva e Maize Costa da Silva, ambas com 19 anos, alunas do curso T\u00e9cnico em Inform\u00e1tica do Instituto Federal da Bahia (IFBA) \u2013 Campus Cama\u00e7ari, que representam com excel\u00eancia a juventude do munic\u00edpio ao serem selecionadas como finalistas na 24\u00aa edi\u00e7\u00e3o da Feira Brasileira de Ci\u00eancias e Engenharias (FEBRACE), que acontece entre os dias 16 e 20 de mar\u00e7o,&nbsp;na&nbsp;Universidade de S\u00e3o Paulo (USP).<\/p>\n\n\n\n<p>Intitulado \u201cDesenvolvimento de uma intelig\u00eancia artificial com aplica\u00e7\u00e3o de vis\u00e3o computacional para detectar res\u00edduos s\u00f3lidos\u201d, o projeto tem como objetivo desenvolver um modelo de Intelig\u00eancia Artificial (IA) capaz de identificar res\u00edduos s\u00f3lidos a partir de imagens captadas por c\u00e2meras de celulares, por meio do aplicativo&nbsp;SusEcos. A ferramenta sugere formas de reutiliza\u00e7\u00e3o dos materiais e indica pontos de descarte adequado na cidade, contribuindo para o enfrentamento da desinforma\u00e7\u00e3o sobre a gest\u00e3o de res\u00edduos s\u00f3lidos e para o fortalecimento das pr\u00e1ticas de educa\u00e7\u00e3o ambiental no munic\u00edpio.<\/p>\n\n\n\n<p>O projeto&nbsp;teve orienta\u00e7\u00e3o das professoras Ver\u00f4nica Bispo e Larissa Carneiro, e contou, ainda, com a colabora\u00e7\u00e3o das estudantes Ana Vit\u00f3ria Alves e Adriely Almeida.&nbsp;A iniciativa&nbsp;evidencia o potencial criativo e inovador das alunas, aliado ao compromisso com solu\u00e7\u00f5es que&nbsp;dialoguem&nbsp;com desafios reais da sociedade.<\/p>\n\n\n\n<p>Alana e Maize j\u00e1 acumulam um hist\u00f3rico de conquistas. Antes da classifica\u00e7\u00e3o para a FEBRACE, elas foram vice-campe\u00e3s na categoria Engenharia e Matem\u00e1tica e vencedoras do Pr\u00eamio IEL de Inova\u00e7\u00e3o, concedido pelo Instituto Euvaldo Lodi, durante a Feira Internacional de Inicia\u00e7\u00e3o Cient\u00edfica (FENIC), promovida pelo Instituto SESI. Realizada em 2025, na 2\u00aa edi\u00e7\u00e3o do evento, a pesquisa das estudantes concorreu com 150 projetos de diversos pa\u00edses da Am\u00e9rica Latina, consolidando ainda mais a relev\u00e2ncia do trabalho desenvolvido pelas alunas de Cama\u00e7ari.<\/p>\n\n\n\n<p>Considerada a Feira de Inicia\u00e7\u00e3o Cient\u00edfica mais importante do pa\u00eds,&nbsp;a&nbsp;FEBRACE atua como um importante programa de est\u00edmulo&nbsp;a talentos&nbsp;nas \u00e1reas de ci\u00eancias e engenharia, promovendo a cultura cient\u00edfica, o pensamento investigativo, a inova\u00e7\u00e3o e o empreendedorismo entre jovens e educadores da educa\u00e7\u00e3o b\u00e1sica e t\u00e9cnica de todo o Brasil.&nbsp;A&nbsp;iniciativa possibilita aos estudantes premiados a participa\u00e7\u00e3o em eventos internacionais de renome, al\u00e9m de oportunidades acad\u00eamicas no exterior.<\/p>\n","protected":false},"excerpt":{"rendered":"<p>Projeto de estudantes de Cama\u00e7ari \u00e9 finalista na maior feira cient\u00edfica do pa\u00eds Estudantes de Cama\u00e7ari t\u00eam se destacado, de forma crescente, em iniciativas educacionais de alcance nacional, resultado do fortalecimento das pol\u00edticas p\u00fablicas voltadas \u00e0 educa\u00e7\u00e3o e \u00e0 forma\u00e7\u00e3o cient\u00edfica. Desta vez, o protagonismo \u00e9 de Alana Sales da Silva e Maize Costa da [&hellip;]<\/p>\n","protected":false},"author":1,"featured_media":8991,"comment_status":"open","ping_status":"open","sticky":false,"template":"","format":"standard","meta":{"footnotes":""},"categories":[8,6],"tags":[],"class_list":["post-8990","post","type-post","status-publish","format-standard","has-post-thumbnail","hentry","category-camacari","category-ciencia-tecnologia"],"yoast_head":"<!-- This site is optimized with the Yoast SEO plugin v21.7 - https:\/\/yoast.com\/wordpress\/plugins\/seo\/ -->\n<title>Estudantes do IFBA colocam Cama\u00e7ari no topo cientifico do pa\u00eds - FEBRACE - Compartilha Bahia<\/title>\n<meta name=\"robots\" content=\"index, follow, max-snippet:-1, max-image-preview:large, max-video-preview:-1\" \/>\n<link rel=\"canonical\" href=\"https:\/\/compartilhabahia.com.br\/index.php\/2026\/01\/21\/estudantes-do-ifba-colocam-camacari-no-topo-cientifico-do-pais-febrace\/\" \/>\n<meta property=\"og:locale\" content=\"pt_BR\" \/>\n<meta property=\"og:type\" content=\"article\" \/>\n<meta property=\"og:title\" content=\"Estudantes do IFBA colocam Cama\u00e7ari no topo cientifico do pa\u00eds - FEBRACE - Compartilha Bahia\" \/>\n<meta property=\"og:description\" content=\"Projeto de estudantes de Cama\u00e7ari \u00e9 finalista na maior feira cient\u00edfica do pa\u00eds Estudantes de Cama\u00e7ari t\u00eam se destacado, de forma crescente, em iniciativas educacionais de alcance nacional, resultado do fortalecimento das pol\u00edticas p\u00fablicas voltadas \u00e0 educa\u00e7\u00e3o e \u00e0 forma\u00e7\u00e3o cient\u00edfica. Desta vez, o protagonismo \u00e9 de Alana Sales da Silva e Maize Costa da [&hellip;]\" \/>\n<meta property=\"og:url\" content=\"https:\/\/compartilhabahia.com.br\/index.php\/2026\/01\/21\/estudantes-do-ifba-colocam-camacari-no-topo-cientifico-do-pais-febrace\/\" \/>\n<meta property=\"og:site_name\" content=\"Compartilha Bahia\" \/>\n<meta property=\"article:publisher\" content=\"https:\/\/web.facebook.com\/compartilhabahia\" \/>\n<meta property=\"article:published_time\" content=\"2026-01-21T12:20:37+00:00\" \/>\n<meta property=\"article:modified_time\" content=\"2026-01-21T12:20:40+00:00\" \/>\n<meta property=\"og:image\" content=\"https:\/\/compartilhabahia.com.br\/wp-content\/uploads\/2026\/01\/estudantescientistas.jpg\" \/>\n\t<meta property=\"og:image:width\" content=\"840\" \/>\n\t<meta property=\"og:image:height\" content=\"628\" \/>\n\t<meta property=\"og:image:type\" content=\"image\/jpeg\" \/>\n<meta name=\"author\" content=\"admin\" \/>\n<meta name=\"twitter:card\" content=\"summary_large_image\" \/>\n<meta name=\"twitter:label1\" content=\"Escrito por\" \/>\n\t<meta name=\"twitter:data1\" content=\"admin\" \/>\n\t<meta name=\"twitter:label2\" content=\"Est. tempo de leitura\" \/>\n\t<meta name=\"twitter:data2\" content=\"3 minutos\" \/>\n<script type=\"application\/ld+json\" class=\"yoast-schema-graph\">{\"@context\":\"https:\/\/schema.org\",\"@graph\":[{\"@type\":\"Article\",\"@id\":\"https:\/\/compartilhabahia.com.br\/index.php\/2026\/01\/21\/estudantes-do-ifba-colocam-camacari-no-topo-cientifico-do-pais-febrace\/#article\",\"isPartOf\":{\"@id\":\"https:\/\/compartilhabahia.com.br\/index.php\/2026\/01\/21\/estudantes-do-ifba-colocam-camacari-no-topo-cientifico-do-pais-febrace\/\"},\"author\":{\"name\":\"admin\",\"@id\":\"https:\/\/compartilhabahia.com.br\/#\/schema\/person\/9b4f0c3178793b8248d6686732521c04\"},\"headline\":\"Estudantes do IFBA colocam Cama\u00e7ari no topo cientifico do pa\u00eds &#8211; FEBRACE\",\"datePublished\":\"2026-01-21T12:20:37+00:00\",\"dateModified\":\"2026-01-21T12:20:40+00:00\",\"mainEntityOfPage\":{\"@id\":\"https:\/\/compartilhabahia.com.br\/index.php\/2026\/01\/21\/estudantes-do-ifba-colocam-camacari-no-topo-cientifico-do-pais-febrace\/\"},\"wordCount\":482,\"commentCount\":0,\"publisher\":{\"@id\":\"https:\/\/compartilhabahia.com.br\/#organization\"},\"articleSection\":[\"Cama\u00e7ari\",\"Ci\u00eancia\/Tecnologia\"],\"inLanguage\":\"pt-BR\",\"potentialAction\":[{\"@type\":\"CommentAction\",\"name\":\"Comment\",\"target\":[\"https:\/\/compartilhabahia.com.br\/index.php\/2026\/01\/21\/estudantes-do-ifba-colocam-camacari-no-topo-cientifico-do-pais-febrace\/#respond\"]}]},{\"@type\":\"WebPage\",\"@id\":\"https:\/\/compartilhabahia.com.br\/index.php\/2026\/01\/21\/estudantes-do-ifba-colocam-camacari-no-topo-cientifico-do-pais-febrace\/\",\"url\":\"https:\/\/compartilhabahia.com.br\/index.php\/2026\/01\/21\/estudantes-do-ifba-colocam-camacari-no-topo-cientifico-do-pais-febrace\/\",\"name\":\"Estudantes do IFBA colocam Cama\u00e7ari no topo cientifico do pa\u00eds - FEBRACE - Compartilha Bahia\",\"isPartOf\":{\"@id\":\"https:\/\/compartilhabahia.com.br\/#website\"},\"datePublished\":\"2026-01-21T12:20:37+00:00\",\"dateModified\":\"2026-01-21T12:20:40+00:00\",\"breadcrumb\":{\"@id\":\"https:\/\/compartilhabahia.com.br\/index.php\/2026\/01\/21\/estudantes-do-ifba-colocam-camacari-no-topo-cientifico-do-pais-febrace\/#breadcrumb\"},\"inLanguage\":\"pt-BR\",\"potentialAction\":[{\"@type\":\"ReadAction\",\"target\":[\"https:\/\/compartilhabahia.com.br\/index.php\/2026\/01\/21\/estudantes-do-ifba-colocam-camacari-no-topo-cientifico-do-pais-febrace\/\"]}]},{\"@type\":\"BreadcrumbList\",\"@id\":\"https:\/\/compartilhabahia.com.br\/index.php\/2026\/01\/21\/estudantes-do-ifba-colocam-camacari-no-topo-cientifico-do-pais-febrace\/#breadcrumb\",\"itemListElement\":[{\"@type\":\"ListItem\",\"position\":1,\"name\":\"In\u00edcio\",\"item\":\"https:\/\/compartilhabahia.com.br\/\"},{\"@type\":\"ListItem\",\"position\":2,\"name\":\"Estudantes do IFBA colocam Cama\u00e7ari no topo cientifico do pa\u00eds &#8211; FEBRACE\"}]},{\"@type\":\"WebSite\",\"@id\":\"https:\/\/compartilhabahia.com.br\/#website\",\"url\":\"https:\/\/compartilhabahia.com.br\/\",\"name\":\"Compartilha Bahia\",\"description\":\"\",\"publisher\":{\"@id\":\"https:\/\/compartilhabahia.com.br\/#organization\"},\"potentialAction\":[{\"@type\":\"SearchAction\",\"target\":{\"@type\":\"EntryPoint\",\"urlTemplate\":\"https:\/\/compartilhabahia.com.br\/?s={search_term_string}\"},\"query-input\":\"required name=search_term_string\"}],\"inLanguage\":\"pt-BR\"},{\"@type\":\"Organization\",\"@id\":\"https:\/\/compartilhabahia.com.br\/#organization\",\"name\":\"Compartilha Bahia\",\"url\":\"https:\/\/compartilhabahia.com.br\/\",\"logo\":{\"@type\":\"ImageObject\",\"inLanguage\":\"pt-BR\",\"@id\":\"https:\/\/compartilhabahia.com.br\/#\/schema\/logo\/image\/\",\"url\":\"https:\/\/compartilhabahia.com.br\/wp-content\/uploads\/2023\/12\/cropped-logo.png\",\"contentUrl\":\"https:\/\/compartilhabahia.com.br\/wp-content\/uploads\/2023\/12\/cropped-logo.png\",\"width\":300,\"height\":106,\"caption\":\"Compartilha Bahia\"},\"image\":{\"@id\":\"https:\/\/compartilhabahia.com.br\/#\/schema\/logo\/image\/\"},\"sameAs\":[\"https:\/\/web.facebook.com\/compartilhabahia\",\"https:\/\/www.instagram.com\/compartilhabahia\/\"]},{\"@type\":\"Person\",\"@id\":\"https:\/\/compartilhabahia.com.br\/#\/schema\/person\/9b4f0c3178793b8248d6686732521c04\",\"name\":\"admin\",\"image\":{\"@type\":\"ImageObject\",\"inLanguage\":\"pt-BR\",\"@id\":\"https:\/\/compartilhabahia.com.br\/#\/schema\/person\/image\/\",\"url\":\"https:\/\/secure.gravatar.com\/avatar\/9600df58751c5acbe914c538c03390ef649ea088cb65f84ba09c7ce66988eed6?s=96&d=mm&r=g\",\"contentUrl\":\"https:\/\/secure.gravatar.com\/avatar\/9600df58751c5acbe914c538c03390ef649ea088cb65f84ba09c7ce66988eed6?s=96&d=mm&r=g\",\"caption\":\"admin\"},\"sameAs\":[\"https:\/\/compartilhabahia.com.br\"],\"url\":\"https:\/\/compartilhabahia.com.br\/index.php\/author\/compartilhabahia\/\"}]}<\/script>\n<!-- \/ Yoast SEO plugin. -->","yoast_head_json":{"title":"Estudantes do IFBA colocam Cama\u00e7ari no topo cientifico do pa\u00eds - FEBRACE - Compartilha Bahia","robots":{"index":"index","follow":"follow","max-snippet":"max-snippet:-1","max-image-preview":"max-image-preview:large","max-video-preview":"max-video-preview:-1"},"canonical":"https:\/\/compartilhabahia.com.br\/index.php\/2026\/01\/21\/estudantes-do-ifba-colocam-camacari-no-topo-cientifico-do-pais-febrace\/","og_locale":"pt_BR","og_type":"article","og_title":"Estudantes do IFBA colocam Cama\u00e7ari no topo cientifico do pa\u00eds - FEBRACE - Compartilha Bahia","og_description":"Projeto de estudantes de Cama\u00e7ari \u00e9 finalista na maior feira cient\u00edfica do pa\u00eds Estudantes de Cama\u00e7ari t\u00eam se destacado, de forma crescente, em iniciativas educacionais de alcance nacional, resultado do fortalecimento das pol\u00edticas p\u00fablicas voltadas \u00e0 educa\u00e7\u00e3o e \u00e0 forma\u00e7\u00e3o cient\u00edfica. Desta vez, o protagonismo \u00e9 de Alana Sales da Silva e Maize Costa da [&hellip;]","og_url":"https:\/\/compartilhabahia.com.br\/index.php\/2026\/01\/21\/estudantes-do-ifba-colocam-camacari-no-topo-cientifico-do-pais-febrace\/","og_site_name":"Compartilha Bahia","article_publisher":"https:\/\/web.facebook.com\/compartilhabahia","article_published_time":"2026-01-21T12:20:37+00:00","article_modified_time":"2026-01-21T12:20:40+00:00","og_image":[{"width":840,"height":628,"url":"https:\/\/compartilhabahia.com.br\/wp-content\/uploads\/2026\/01\/estudantescientistas.jpg","type":"image\/jpeg"}],"author":"admin","twitter_card":"summary_large_image","twitter_misc":{"Escrito por":"admin","Est. tempo de leitura":"3 minutos"},"schema":{"@context":"https:\/\/schema.org","@graph":[{"@type":"Article","@id":"https:\/\/compartilhabahia.com.br\/index.php\/2026\/01\/21\/estudantes-do-ifba-colocam-camacari-no-topo-cientifico-do-pais-febrace\/#article","isPartOf":{"@id":"https:\/\/compartilhabahia.com.br\/index.php\/2026\/01\/21\/estudantes-do-ifba-colocam-camacari-no-topo-cientifico-do-pais-febrace\/"},"author":{"name":"admin","@id":"https:\/\/compartilhabahia.com.br\/#\/schema\/person\/9b4f0c3178793b8248d6686732521c04"},"headline":"Estudantes do IFBA colocam Cama\u00e7ari no topo cientifico do pa\u00eds &#8211; FEBRACE","datePublished":"2026-01-21T12:20:37+00:00","dateModified":"2026-01-21T12:20:40+00:00","mainEntityOfPage":{"@id":"https:\/\/compartilhabahia.com.br\/index.php\/2026\/01\/21\/estudantes-do-ifba-colocam-camacari-no-topo-cientifico-do-pais-febrace\/"},"wordCount":482,"commentCount":0,"publisher":{"@id":"https:\/\/compartilhabahia.com.br\/#organization"},"articleSection":["Cama\u00e7ari","Ci\u00eancia\/Tecnologia"],"inLanguage":"pt-BR","potentialAction":[{"@type":"CommentAction","name":"Comment","target":["https:\/\/compartilhabahia.com.br\/index.php\/2026\/01\/21\/estudantes-do-ifba-colocam-camacari-no-topo-cientifico-do-pais-febrace\/#respond"]}]},{"@type":"WebPage","@id":"https:\/\/compartilhabahia.com.br\/index.php\/2026\/01\/21\/estudantes-do-ifba-colocam-camacari-no-topo-cientifico-do-pais-febrace\/","url":"https:\/\/compartilhabahia.com.br\/index.php\/2026\/01\/21\/estudantes-do-ifba-colocam-camacari-no-topo-cientifico-do-pais-febrace\/","name":"Estudantes do IFBA colocam Cama\u00e7ari no topo cientifico do pa\u00eds - FEBRACE - Compartilha Bahia","isPartOf":{"@id":"https:\/\/compartilhabahia.com.br\/#website"},"datePublished":"2026-01-21T12:20:37+00:00","dateModified":"2026-01-21T12:20:40+00:00","breadcrumb":{"@id":"https:\/\/compartilhabahia.com.br\/index.php\/2026\/01\/21\/estudantes-do-ifba-colocam-camacari-no-topo-cientifico-do-pais-febrace\/#breadcrumb"},"inLanguage":"pt-BR","potentialAction":[{"@type":"ReadAction","target":["https:\/\/compartilhabahia.com.br\/index.php\/2026\/01\/21\/estudantes-do-ifba-colocam-camacari-no-topo-cientifico-do-pais-febrace\/"]}]},{"@type":"BreadcrumbList","@id":"https:\/\/compartilhabahia.com.br\/index.php\/2026\/01\/21\/estudantes-do-ifba-colocam-camacari-no-topo-cientifico-do-pais-febrace\/#breadcrumb","itemListElement":[{"@type":"ListItem","position":1,"name":"In\u00edcio","item":"https:\/\/compartilhabahia.com.br\/"},{"@type":"ListItem","position":2,"name":"Estudantes do IFBA colocam Cama\u00e7ari no topo cientifico do pa\u00eds &#8211; FEBRACE"}]},{"@type":"WebSite","@id":"https:\/\/compartilhabahia.com.br\/#website","url":"https:\/\/compartilhabahia.com.br\/","name":"Compartilha Bahia","description":"","publisher":{"@id":"https:\/\/compartilhabahia.com.br\/#organization"},"potentialAction":[{"@type":"SearchAction","target":{"@type":"EntryPoint","urlTemplate":"https:\/\/compartilhabahia.com.br\/?s={search_term_string}"},"query-input":"required name=search_term_string"}],"inLanguage":"pt-BR"},{"@type":"Organization","@id":"https:\/\/compartilhabahia.com.br\/#organization","name":"Compartilha Bahia","url":"https:\/\/compartilhabahia.com.br\/","logo":{"@type":"ImageObject","inLanguage":"pt-BR","@id":"https:\/\/compartilhabahia.com.br\/#\/schema\/logo\/image\/","url":"https:\/\/compartilhabahia.com.br\/wp-content\/uploads\/2023\/12\/cropped-logo.png","contentUrl":"https:\/\/compartilhabahia.com.br\/wp-content\/uploads\/2023\/12\/cropped-logo.png","width":300,"height":106,"caption":"Compartilha Bahia"},"image":{"@id":"https:\/\/compartilhabahia.com.br\/#\/schema\/logo\/image\/"},"sameAs":["https:\/\/web.facebook.com\/compartilhabahia","https:\/\/www.instagram.com\/compartilhabahia\/"]},{"@type":"Person","@id":"https:\/\/compartilhabahia.com.br\/#\/schema\/person\/9b4f0c3178793b8248d6686732521c04","name":"admin","image":{"@type":"ImageObject","inLanguage":"pt-BR","@id":"https:\/\/compartilhabahia.com.br\/#\/schema\/person\/image\/","url":"https:\/\/secure.gravatar.com\/avatar\/9600df58751c5acbe914c538c03390ef649ea088cb65f84ba09c7ce66988eed6?s=96&d=mm&r=g","contentUrl":"https:\/\/secure.gravatar.com\/avatar\/9600df58751c5acbe914c538c03390ef649ea088cb65f84ba09c7ce66988eed6?s=96&d=mm&r=g","caption":"admin"},"sameAs":["https:\/\/compartilhabahia.com.br"],"url":"https:\/\/compartilhabahia.com.br\/index.php\/author\/compartilhabahia\/"}]}},"_links":{"self":[{"href":"https:\/\/compartilhabahia.com.br\/index.php\/wp-json\/wp\/v2\/posts\/8990","targetHints":{"allow":["GET"]}}],"collection":[{"href":"https:\/\/compartilhabahia.com.br\/index.php\/wp-json\/wp\/v2\/posts"}],"about":[{"href":"https:\/\/compartilhabahia.com.br\/index.php\/wp-json\/wp\/v2\/types\/post"}],"author":[{"embeddable":true,"href":"https:\/\/compartilhabahia.com.br\/index.php\/wp-json\/wp\/v2\/users\/1"}],"replies":[{"embeddable":true,"href":"https:\/\/compartilhabahia.com.br\/index.php\/wp-json\/wp\/v2\/comments?post=8990"}],"version-history":[{"count":1,"href":"https:\/\/compartilhabahia.com.br\/index.php\/wp-json\/wp\/v2\/posts\/8990\/revisions"}],"predecessor-version":[{"id":8992,"href":"https:\/\/compartilhabahia.com.br\/index.php\/wp-json\/wp\/v2\/posts\/8990\/revisions\/8992"}],"wp:featuredmedia":[{"embeddable":true,"href":"https:\/\/compartilhabahia.com.br\/index.php\/wp-json\/wp\/v2\/media\/8991"}],"wp:attachment":[{"href":"https:\/\/compartilhabahia.com.br\/index.php\/wp-json\/wp\/v2\/media?parent=8990"}],"wp:term":[{"taxonomy":"category","embeddable":true,"href":"https:\/\/compartilhabahia.com.br\/index.php\/wp-json\/wp\/v2\/categories?post=8990"},{"taxonomy":"post_tag","embeddable":true,"href":"https:\/\/compartilhabahia.com.br\/index.php\/wp-json\/wp\/v2\/tags?post=8990"}],"curies":[{"name":"wp","href":"https:\/\/api.w.org\/{rel}","templated":true}]}}