{"id":8986,"date":"2026-01-19T21:53:52","date_gmt":"2026-01-20T00:53:52","guid":{"rendered":"https:\/\/compartilhabahia.com.br\/?p=8986"},"modified":"2026-01-19T22:11:08","modified_gmt":"2026-01-20T01:11:08","slug":"acao-intensifica-fiscalizacao-de-motos-aquaticas-em-barra-do-jacuipe-para-garantir-seguranca","status":"publish","type":"post","link":"https:\/\/compartilhabahia.com.br\/index.php\/2026\/01\/19\/acao-intensifica-fiscalizacao-de-motos-aquaticas-em-barra-do-jacuipe-para-garantir-seguranca\/","title":{"rendered":"Marinha do Brasil combate em Cama\u00e7ari uso irregular de motos aqu\u00e1ticas"},"content":{"rendered":"\n<p>Durante este fim de semana, a Prefeitura de Cama\u00e7ari, por meio da Secretaria de Servi\u00e7os P\u00fablicos (Sesp), intensificou as a\u00e7\u00f5es de ordenamento e fiscaliza\u00e7\u00e3o na orla do munic\u00edpio, com aten\u00e7\u00e3o especial \u00e0 localidade de Barra do Jacu\u00edpe. A iniciativa tem como objetivo refor\u00e7ar a seguran\u00e7a de moradores e turistas, sobretudo no per\u00edodo de maior fluxo de pessoas, caracter\u00edstico da esta\u00e7\u00e3o mais quente do ano.<\/p>\n\n\n\n<p>As a\u00e7\u00f5es integram o Ver\u00e3o Conectado, que promove, de forma integrada, o fortalecimento dos servi\u00e7os p\u00fablicos e da infraestrutura oferecida ao longo da orla, garantindo mais tranquilidade e bem-estar \u00e0 popula\u00e7\u00e3o.<\/p>\n\n\n\n<p>Ap\u00f3s notifica\u00e7\u00e3o da Sesp, a Marinha do Brasil, \u00f3rg\u00e3o competente para a demanda, esteve na localidade para realizar fiscaliza\u00e7\u00e3o e apurar o uso irregular de motos aqu\u00e1ticas, inclusive por condutores n\u00e3o habilitados. A medida visa preservar a integridade f\u00edsica dos banhistas e usu\u00e1rios da praia, sobretudo diante de incidentes registrados recentemente envolvendo esse tipo de embarca\u00e7\u00e3o.<\/p>\n\n\n\n<p>A legisla\u00e7\u00e3o brasileira, por meio das Normas da Autoridade Mar\u00edtima (NORMAM), estabelece regras rigorosas para a navega\u00e7\u00e3o de motos aqu\u00e1ticas e lanchas nas proximidades da faixa de areia. Entre as determina\u00e7\u00f5es est\u00e3o a obrigatoriedade de manter dist\u00e2ncia m\u00ednima de 200 metros da praia durante a navega\u00e7\u00e3o, a proibi\u00e7\u00e3o de circula\u00e7\u00e3o em \u00e1reas destinadas aos banhistas e a veda\u00e7\u00e3o de manobras de risco ou velocidades incompat\u00edveis com a seguran\u00e7a. O munic\u00edpio de Cama\u00e7ari tamb\u00e9m possui normativa pr\u00f3pria que refor\u00e7a essas restri\u00e7\u00f5es.<\/p>\n\n\n\n<p>No dia 3 de janeiro, na localidade de Barra do Jacu\u00edpe, foi registrada uma colis\u00e3o entre duas motos aqu\u00e1ticas, resultando em duas pessoas feridas, uma mulher e um homem. O homem sofreu ferimentos graves e, infelizmente, veio a \u00f3bito ap\u00f3s oito dias internado.<\/p>\n\n\n\n<p>A Prefeitura de Cama\u00e7ari reafirma o compromisso com a seguran\u00e7a da popula\u00e7\u00e3o e segue atuando de forma integrada com os \u00f3rg\u00e3os competentes, fortalecendo a fiscaliza\u00e7\u00e3o e promovendo a\u00e7\u00f5es preventivas para garantir um ver\u00e3o mais seguro para todos.<\/p>\n\n\n\n<p>Fotos: Arquivo Sesp<\/p>\n","protected":false},"excerpt":{"rendered":"<p>Durante este fim de semana, a Prefeitura de Cama\u00e7ari, por meio da Secretaria de Servi\u00e7os P\u00fablicos (Sesp), intensificou as a\u00e7\u00f5es de ordenamento e fiscaliza\u00e7\u00e3o na orla do munic\u00edpio, com aten\u00e7\u00e3o especial \u00e0 localidade de Barra do Jacu\u00edpe. A iniciativa tem como objetivo refor\u00e7ar a seguran\u00e7a de moradores e turistas, sobretudo no per\u00edodo de maior fluxo [&hellip;]<\/p>\n","protected":false},"author":1,"featured_media":8987,"comment_status":"open","ping_status":"open","sticky":false,"template":"","format":"standard","meta":{"footnotes":""},"categories":[8],"tags":[],"class_list":["post-8986","post","type-post","status-publish","format-standard","has-post-thumbnail","hentry","category-camacari"],"yoast_head":"<!-- This site is optimized with the Yoast SEO plugin v21.7 - https:\/\/yoast.com\/wordpress\/plugins\/seo\/ -->\n<title>Marinha do Brasil combate em Cama\u00e7ari uso irregular de motos aqu\u00e1ticas - Compartilha Bahia<\/title>\n<meta name=\"robots\" content=\"index, follow, max-snippet:-1, max-image-preview:large, max-video-preview:-1\" \/>\n<link rel=\"canonical\" href=\"https:\/\/compartilhabahia.com.br\/index.php\/2026\/01\/19\/acao-intensifica-fiscalizacao-de-motos-aquaticas-em-barra-do-jacuipe-para-garantir-seguranca\/\" \/>\n<meta property=\"og:locale\" content=\"pt_BR\" \/>\n<meta property=\"og:type\" content=\"article\" \/>\n<meta property=\"og:title\" content=\"Marinha do Brasil combate em Cama\u00e7ari uso irregular de motos aqu\u00e1ticas - Compartilha Bahia\" \/>\n<meta property=\"og:description\" content=\"Durante este fim de semana, a Prefeitura de Cama\u00e7ari, por meio da Secretaria de Servi\u00e7os P\u00fablicos (Sesp), intensificou as a\u00e7\u00f5es de ordenamento e fiscaliza\u00e7\u00e3o na orla do munic\u00edpio, com aten\u00e7\u00e3o especial \u00e0 localidade de Barra do Jacu\u00edpe. A iniciativa tem como objetivo refor\u00e7ar a seguran\u00e7a de moradores e turistas, sobretudo no per\u00edodo de maior fluxo [&hellip;]\" \/>\n<meta property=\"og:url\" content=\"https:\/\/compartilhabahia.com.br\/index.php\/2026\/01\/19\/acao-intensifica-fiscalizacao-de-motos-aquaticas-em-barra-do-jacuipe-para-garantir-seguranca\/\" \/>\n<meta property=\"og:site_name\" content=\"Compartilha Bahia\" \/>\n<meta property=\"article:publisher\" content=\"https:\/\/web.facebook.com\/compartilhabahia\" \/>\n<meta property=\"article:published_time\" content=\"2026-01-20T00:53:52+00:00\" \/>\n<meta property=\"article:modified_time\" content=\"2026-01-20T01:11:08+00:00\" \/>\n<meta property=\"og:image\" content=\"https:\/\/compartilhabahia.com.br\/wp-content\/uploads\/2026\/01\/motosaquaticas.jpg\" \/>\n\t<meta property=\"og:image:width\" content=\"1120\" \/>\n\t<meta property=\"og:image:height\" content=\"840\" \/>\n\t<meta property=\"og:image:type\" content=\"image\/jpeg\" \/>\n<meta name=\"author\" content=\"admin\" \/>\n<meta name=\"twitter:card\" content=\"summary_large_image\" \/>\n<meta name=\"twitter:label1\" content=\"Escrito por\" \/>\n\t<meta name=\"twitter:data1\" content=\"admin\" \/>\n\t<meta name=\"twitter:label2\" content=\"Est. tempo de leitura\" \/>\n\t<meta name=\"twitter:data2\" content=\"2 minutos\" \/>\n<script type=\"application\/ld+json\" class=\"yoast-schema-graph\">{\"@context\":\"https:\/\/schema.org\",\"@graph\":[{\"@type\":\"Article\",\"@id\":\"https:\/\/compartilhabahia.com.br\/index.php\/2026\/01\/19\/acao-intensifica-fiscalizacao-de-motos-aquaticas-em-barra-do-jacuipe-para-garantir-seguranca\/#article\",\"isPartOf\":{\"@id\":\"https:\/\/compartilhabahia.com.br\/index.php\/2026\/01\/19\/acao-intensifica-fiscalizacao-de-motos-aquaticas-em-barra-do-jacuipe-para-garantir-seguranca\/\"},\"author\":{\"name\":\"admin\",\"@id\":\"https:\/\/compartilhabahia.com.br\/#\/schema\/person\/9b4f0c3178793b8248d6686732521c04\"},\"headline\":\"Marinha do Brasil combate em Cama\u00e7ari uso irregular de motos aqu\u00e1ticas\",\"datePublished\":\"2026-01-20T00:53:52+00:00\",\"dateModified\":\"2026-01-20T01:11:08+00:00\",\"mainEntityOfPage\":{\"@id\":\"https:\/\/compartilhabahia.com.br\/index.php\/2026\/01\/19\/acao-intensifica-fiscalizacao-de-motos-aquaticas-em-barra-do-jacuipe-para-garantir-seguranca\/\"},\"wordCount\":381,\"commentCount\":0,\"publisher\":{\"@id\":\"https:\/\/compartilhabahia.com.br\/#organization\"},\"articleSection\":[\"Cama\u00e7ari\"],\"inLanguage\":\"pt-BR\",\"potentialAction\":[{\"@type\":\"CommentAction\",\"name\":\"Comment\",\"target\":[\"https:\/\/compartilhabahia.com.br\/index.php\/2026\/01\/19\/acao-intensifica-fiscalizacao-de-motos-aquaticas-em-barra-do-jacuipe-para-garantir-seguranca\/#respond\"]}]},{\"@type\":\"WebPage\",\"@id\":\"https:\/\/compartilhabahia.com.br\/index.php\/2026\/01\/19\/acao-intensifica-fiscalizacao-de-motos-aquaticas-em-barra-do-jacuipe-para-garantir-seguranca\/\",\"url\":\"https:\/\/compartilhabahia.com.br\/index.php\/2026\/01\/19\/acao-intensifica-fiscalizacao-de-motos-aquaticas-em-barra-do-jacuipe-para-garantir-seguranca\/\",\"name\":\"Marinha do Brasil combate em Cama\u00e7ari uso irregular de motos aqu\u00e1ticas - Compartilha Bahia\",\"isPartOf\":{\"@id\":\"https:\/\/compartilhabahia.com.br\/#website\"},\"datePublished\":\"2026-01-20T00:53:52+00:00\",\"dateModified\":\"2026-01-20T01:11:08+00:00\",\"breadcrumb\":{\"@id\":\"https:\/\/compartilhabahia.com.br\/index.php\/2026\/01\/19\/acao-intensifica-fiscalizacao-de-motos-aquaticas-em-barra-do-jacuipe-para-garantir-seguranca\/#breadcrumb\"},\"inLanguage\":\"pt-BR\",\"potentialAction\":[{\"@type\":\"ReadAction\",\"target\":[\"https:\/\/compartilhabahia.com.br\/index.php\/2026\/01\/19\/acao-intensifica-fiscalizacao-de-motos-aquaticas-em-barra-do-jacuipe-para-garantir-seguranca\/\"]}]},{\"@type\":\"BreadcrumbList\",\"@id\":\"https:\/\/compartilhabahia.com.br\/index.php\/2026\/01\/19\/acao-intensifica-fiscalizacao-de-motos-aquaticas-em-barra-do-jacuipe-para-garantir-seguranca\/#breadcrumb\",\"itemListElement\":[{\"@type\":\"ListItem\",\"position\":1,\"name\":\"In\u00edcio\",\"item\":\"https:\/\/compartilhabahia.com.br\/\"},{\"@type\":\"ListItem\",\"position\":2,\"name\":\"Marinha do Brasil combate em Cama\u00e7ari uso irregular de motos aqu\u00e1ticas\"}]},{\"@type\":\"WebSite\",\"@id\":\"https:\/\/compartilhabahia.com.br\/#website\",\"url\":\"https:\/\/compartilhabahia.com.br\/\",\"name\":\"Compartilha Bahia\",\"description\":\"\",\"publisher\":{\"@id\":\"https:\/\/compartilhabahia.com.br\/#organization\"},\"potentialAction\":[{\"@type\":\"SearchAction\",\"target\":{\"@type\":\"EntryPoint\",\"urlTemplate\":\"https:\/\/compartilhabahia.com.br\/?s={search_term_string}\"},\"query-input\":\"required name=search_term_string\"}],\"inLanguage\":\"pt-BR\"},{\"@type\":\"Organization\",\"@id\":\"https:\/\/compartilhabahia.com.br\/#organization\",\"name\":\"Compartilha Bahia\",\"url\":\"https:\/\/compartilhabahia.com.br\/\",\"logo\":{\"@type\":\"ImageObject\",\"inLanguage\":\"pt-BR\",\"@id\":\"https:\/\/compartilhabahia.com.br\/#\/schema\/logo\/image\/\",\"url\":\"https:\/\/compartilhabahia.com.br\/wp-content\/uploads\/2023\/12\/cropped-logo.png\",\"contentUrl\":\"https:\/\/compartilhabahia.com.br\/wp-content\/uploads\/2023\/12\/cropped-logo.png\",\"width\":300,\"height\":106,\"caption\":\"Compartilha Bahia\"},\"image\":{\"@id\":\"https:\/\/compartilhabahia.com.br\/#\/schema\/logo\/image\/\"},\"sameAs\":[\"https:\/\/web.facebook.com\/compartilhabahia\",\"https:\/\/www.instagram.com\/compartilhabahia\/\"]},{\"@type\":\"Person\",\"@id\":\"https:\/\/compartilhabahia.com.br\/#\/schema\/person\/9b4f0c3178793b8248d6686732521c04\",\"name\":\"admin\",\"image\":{\"@type\":\"ImageObject\",\"inLanguage\":\"pt-BR\",\"@id\":\"https:\/\/compartilhabahia.com.br\/#\/schema\/person\/image\/\",\"url\":\"https:\/\/secure.gravatar.com\/avatar\/9600df58751c5acbe914c538c03390ef649ea088cb65f84ba09c7ce66988eed6?s=96&d=mm&r=g\",\"contentUrl\":\"https:\/\/secure.gravatar.com\/avatar\/9600df58751c5acbe914c538c03390ef649ea088cb65f84ba09c7ce66988eed6?s=96&d=mm&r=g\",\"caption\":\"admin\"},\"sameAs\":[\"https:\/\/compartilhabahia.com.br\"],\"url\":\"https:\/\/compartilhabahia.com.br\/index.php\/author\/compartilhabahia\/\"}]}<\/script>\n<!-- \/ Yoast SEO plugin. -->","yoast_head_json":{"title":"Marinha do Brasil combate em Cama\u00e7ari uso irregular de motos aqu\u00e1ticas - Compartilha Bahia","robots":{"index":"index","follow":"follow","max-snippet":"max-snippet:-1","max-image-preview":"max-image-preview:large","max-video-preview":"max-video-preview:-1"},"canonical":"https:\/\/compartilhabahia.com.br\/index.php\/2026\/01\/19\/acao-intensifica-fiscalizacao-de-motos-aquaticas-em-barra-do-jacuipe-para-garantir-seguranca\/","og_locale":"pt_BR","og_type":"article","og_title":"Marinha do Brasil combate em Cama\u00e7ari uso irregular de motos aqu\u00e1ticas - Compartilha Bahia","og_description":"Durante este fim de semana, a Prefeitura de Cama\u00e7ari, por meio da Secretaria de Servi\u00e7os P\u00fablicos (Sesp), intensificou as a\u00e7\u00f5es de ordenamento e fiscaliza\u00e7\u00e3o na orla do munic\u00edpio, com aten\u00e7\u00e3o especial \u00e0 localidade de Barra do Jacu\u00edpe. A iniciativa tem como objetivo refor\u00e7ar a seguran\u00e7a de moradores e turistas, sobretudo no per\u00edodo de maior fluxo [&hellip;]","og_url":"https:\/\/compartilhabahia.com.br\/index.php\/2026\/01\/19\/acao-intensifica-fiscalizacao-de-motos-aquaticas-em-barra-do-jacuipe-para-garantir-seguranca\/","og_site_name":"Compartilha Bahia","article_publisher":"https:\/\/web.facebook.com\/compartilhabahia","article_published_time":"2026-01-20T00:53:52+00:00","article_modified_time":"2026-01-20T01:11:08+00:00","og_image":[{"width":1120,"height":840,"url":"https:\/\/compartilhabahia.com.br\/wp-content\/uploads\/2026\/01\/motosaquaticas.jpg","type":"image\/jpeg"}],"author":"admin","twitter_card":"summary_large_image","twitter_misc":{"Escrito por":"admin","Est. tempo de leitura":"2 minutos"},"schema":{"@context":"https:\/\/schema.org","@graph":[{"@type":"Article","@id":"https:\/\/compartilhabahia.com.br\/index.php\/2026\/01\/19\/acao-intensifica-fiscalizacao-de-motos-aquaticas-em-barra-do-jacuipe-para-garantir-seguranca\/#article","isPartOf":{"@id":"https:\/\/compartilhabahia.com.br\/index.php\/2026\/01\/19\/acao-intensifica-fiscalizacao-de-motos-aquaticas-em-barra-do-jacuipe-para-garantir-seguranca\/"},"author":{"name":"admin","@id":"https:\/\/compartilhabahia.com.br\/#\/schema\/person\/9b4f0c3178793b8248d6686732521c04"},"headline":"Marinha do Brasil combate em Cama\u00e7ari uso irregular de motos aqu\u00e1ticas","datePublished":"2026-01-20T00:53:52+00:00","dateModified":"2026-01-20T01:11:08+00:00","mainEntityOfPage":{"@id":"https:\/\/compartilhabahia.com.br\/index.php\/2026\/01\/19\/acao-intensifica-fiscalizacao-de-motos-aquaticas-em-barra-do-jacuipe-para-garantir-seguranca\/"},"wordCount":381,"commentCount":0,"publisher":{"@id":"https:\/\/compartilhabahia.com.br\/#organization"},"articleSection":["Cama\u00e7ari"],"inLanguage":"pt-BR","potentialAction":[{"@type":"CommentAction","name":"Comment","target":["https:\/\/compartilhabahia.com.br\/index.php\/2026\/01\/19\/acao-intensifica-fiscalizacao-de-motos-aquaticas-em-barra-do-jacuipe-para-garantir-seguranca\/#respond"]}]},{"@type":"WebPage","@id":"https:\/\/compartilhabahia.com.br\/index.php\/2026\/01\/19\/acao-intensifica-fiscalizacao-de-motos-aquaticas-em-barra-do-jacuipe-para-garantir-seguranca\/","url":"https:\/\/compartilhabahia.com.br\/index.php\/2026\/01\/19\/acao-intensifica-fiscalizacao-de-motos-aquaticas-em-barra-do-jacuipe-para-garantir-seguranca\/","name":"Marinha do Brasil combate em Cama\u00e7ari uso irregular de motos aqu\u00e1ticas - Compartilha Bahia","isPartOf":{"@id":"https:\/\/compartilhabahia.com.br\/#website"},"datePublished":"2026-01-20T00:53:52+00:00","dateModified":"2026-01-20T01:11:08+00:00","breadcrumb":{"@id":"https:\/\/compartilhabahia.com.br\/index.php\/2026\/01\/19\/acao-intensifica-fiscalizacao-de-motos-aquaticas-em-barra-do-jacuipe-para-garantir-seguranca\/#breadcrumb"},"inLanguage":"pt-BR","potentialAction":[{"@type":"ReadAction","target":["https:\/\/compartilhabahia.com.br\/index.php\/2026\/01\/19\/acao-intensifica-fiscalizacao-de-motos-aquaticas-em-barra-do-jacuipe-para-garantir-seguranca\/"]}]},{"@type":"BreadcrumbList","@id":"https:\/\/compartilhabahia.com.br\/index.php\/2026\/01\/19\/acao-intensifica-fiscalizacao-de-motos-aquaticas-em-barra-do-jacuipe-para-garantir-seguranca\/#breadcrumb","itemListElement":[{"@type":"ListItem","position":1,"name":"In\u00edcio","item":"https:\/\/compartilhabahia.com.br\/"},{"@type":"ListItem","position":2,"name":"Marinha do Brasil combate em Cama\u00e7ari uso irregular de motos aqu\u00e1ticas"}]},{"@type":"WebSite","@id":"https:\/\/compartilhabahia.com.br\/#website","url":"https:\/\/compartilhabahia.com.br\/","name":"Compartilha Bahia","description":"","publisher":{"@id":"https:\/\/compartilhabahia.com.br\/#organization"},"potentialAction":[{"@type":"SearchAction","target":{"@type":"EntryPoint","urlTemplate":"https:\/\/compartilhabahia.com.br\/?s={search_term_string}"},"query-input":"required name=search_term_string"}],"inLanguage":"pt-BR"},{"@type":"Organization","@id":"https:\/\/compartilhabahia.com.br\/#organization","name":"Compartilha Bahia","url":"https:\/\/compartilhabahia.com.br\/","logo":{"@type":"ImageObject","inLanguage":"pt-BR","@id":"https:\/\/compartilhabahia.com.br\/#\/schema\/logo\/image\/","url":"https:\/\/compartilhabahia.com.br\/wp-content\/uploads\/2023\/12\/cropped-logo.png","contentUrl":"https:\/\/compartilhabahia.com.br\/wp-content\/uploads\/2023\/12\/cropped-logo.png","width":300,"height":106,"caption":"Compartilha Bahia"},"image":{"@id":"https:\/\/compartilhabahia.com.br\/#\/schema\/logo\/image\/"},"sameAs":["https:\/\/web.facebook.com\/compartilhabahia","https:\/\/www.instagram.com\/compartilhabahia\/"]},{"@type":"Person","@id":"https:\/\/compartilhabahia.com.br\/#\/schema\/person\/9b4f0c3178793b8248d6686732521c04","name":"admin","image":{"@type":"ImageObject","inLanguage":"pt-BR","@id":"https:\/\/compartilhabahia.com.br\/#\/schema\/person\/image\/","url":"https:\/\/secure.gravatar.com\/avatar\/9600df58751c5acbe914c538c03390ef649ea088cb65f84ba09c7ce66988eed6?s=96&d=mm&r=g","contentUrl":"https:\/\/secure.gravatar.com\/avatar\/9600df58751c5acbe914c538c03390ef649ea088cb65f84ba09c7ce66988eed6?s=96&d=mm&r=g","caption":"admin"},"sameAs":["https:\/\/compartilhabahia.com.br"],"url":"https:\/\/compartilhabahia.com.br\/index.php\/author\/compartilhabahia\/"}]}},"_links":{"self":[{"href":"https:\/\/compartilhabahia.com.br\/index.php\/wp-json\/wp\/v2\/posts\/8986","targetHints":{"allow":["GET"]}}],"collection":[{"href":"https:\/\/compartilhabahia.com.br\/index.php\/wp-json\/wp\/v2\/posts"}],"about":[{"href":"https:\/\/compartilhabahia.com.br\/index.php\/wp-json\/wp\/v2\/types\/post"}],"author":[{"embeddable":true,"href":"https:\/\/compartilhabahia.com.br\/index.php\/wp-json\/wp\/v2\/users\/1"}],"replies":[{"embeddable":true,"href":"https:\/\/compartilhabahia.com.br\/index.php\/wp-json\/wp\/v2\/comments?post=8986"}],"version-history":[{"count":2,"href":"https:\/\/compartilhabahia.com.br\/index.php\/wp-json\/wp\/v2\/posts\/8986\/revisions"}],"predecessor-version":[{"id":8989,"href":"https:\/\/compartilhabahia.com.br\/index.php\/wp-json\/wp\/v2\/posts\/8986\/revisions\/8989"}],"wp:featuredmedia":[{"embeddable":true,"href":"https:\/\/compartilhabahia.com.br\/index.php\/wp-json\/wp\/v2\/media\/8987"}],"wp:attachment":[{"href":"https:\/\/compartilhabahia.com.br\/index.php\/wp-json\/wp\/v2\/media?parent=8986"}],"wp:term":[{"taxonomy":"category","embeddable":true,"href":"https:\/\/compartilhabahia.com.br\/index.php\/wp-json\/wp\/v2\/categories?post=8986"},{"taxonomy":"post_tag","embeddable":true,"href":"https:\/\/compartilhabahia.com.br\/index.php\/wp-json\/wp\/v2\/tags?post=8986"}],"curies":[{"name":"wp","href":"https:\/\/api.w.org\/{rel}","templated":true}]}}