{"id":8983,"date":"2026-01-19T12:11:34","date_gmt":"2026-01-19T15:11:34","guid":{"rendered":"https:\/\/compartilhabahia.com.br\/?p=8983"},"modified":"2026-01-19T12:11:38","modified_gmt":"2026-01-19T15:11:38","slug":"stt-inicia-processo-para-renovacao-de-alvara-para-transporte-escolar","status":"publish","type":"post","link":"https:\/\/compartilhabahia.com.br\/index.php\/2026\/01\/19\/stt-inicia-processo-para-renovacao-de-alvara-para-transporte-escolar\/","title":{"rendered":"STT inicia processo para renova\u00e7\u00e3o de alvar\u00e1 para transporte escolar"},"content":{"rendered":"\n<p><\/p>\n\n\n\n<p>A Prefeitura de Cama\u00e7ari, atrav\u00e9s da Superintend\u00eancia de Tr\u00e2nsito e Transporte P\u00fablico (STT), deu in\u00edcio, nesta segunda-feira (19), ao per\u00edodo de abertura de processos para renova\u00e7\u00e3o de alvar\u00e1 para explora\u00e7\u00e3o do Sistema de Transporte Especial de Escolar (STEE).<\/p>\n\n\n\n<p>O procedimento deve ser feito at\u00e9 o dia 27 de fevereiro de forma online no portal da STT, dispon\u00edvel neste link [ https:\/\/stt.camacari.ba.gov.br\/ ]. S\u00e3o obrigat\u00f3rios para a renova\u00e7\u00e3o de alvar\u00e1 documentos como Cadastro Nacional de Habilita\u00e7\u00e3o (CNH) na categoria D, com informa\u00e7\u00e3o de atividade remunerada; comprovante de endere\u00e7o no munic\u00edpio com, no m\u00e1ximo, tr\u00eas meses de emiss\u00e3o; e Certid\u00e3o Negativa de A\u00e7\u00f5es Criminais do 1\u00ba grau, expedida pelo Tribunal de Justi\u00e7a da Bahia (TJ-BA).<\/p>\n\n\n\n<p>A documenta\u00e7\u00e3o necess\u00e1ria tamb\u00e9m inclui certificado de curso especializado para a condu\u00e7\u00e3o de escolares, conforme regulamenta\u00e7\u00e3o do Conselho Nacional de Tr\u00e2nsito (Contran); t\u00edtulo de eleitor de Cama\u00e7ari; atestado de antecedentes criminais emitido pela Secretaria de Seguran\u00e7a P\u00fablica da Bahia (SSP-BA); Certificado de Registro e Licenciamento de Ve\u00edculo (CRLV) 2025\/2026; foto 3 x 4; e Certificado de Inspe\u00e7\u00e3o do Tac\u00f3grafo e caso possua, do G\u00e1s Natural Veicular &#8211; GNV, ambos emitidos pelo Instituto Baiano de Metrologia e Qualidade (Ibametro).<\/p>\n\n\n\n<p>Ap\u00f3s a abertura online do servi\u00e7o, recep\u00e7\u00e3o e an\u00e1lise dos processos pela Ger\u00eancia de Transporte Individual e Especial (Gerin), com a devida certifica\u00e7\u00e3o do preenchimento de todos os requisitos, o permission\u00e1rio receber\u00e1, atrav\u00e9s de sistema, a confirma\u00e7\u00e3o para realiza\u00e7\u00e3o da vistoria veicular, que ocorrer\u00e1 no mesmo per\u00edodo citado, das 9h \u00e0s 12h e das 14h \u00e0s 17h, as segundas, quartas e sextas-feiras, no Galp\u00e3o de Vistoria da STT, localizado no seguinte endere\u00e7o: Avenida Jorge Amado n\u00ba 193, Polo Pl\u00e1stico, do lado oposto ao campus do Instituto Federal de Educa\u00e7\u00e3o, Ci\u00eancia e Tecnologia da Bahia (IFBA).<\/p>\n\n\n\n<p>No mesmo local acontece o atendimento presencial para orienta\u00e7\u00f5es e suporte sobre a renova\u00e7\u00e3o de alvar\u00e1s para transporte escolar. O atendimento \u00e9 de segunda a sexta-feira, tamb\u00e9m das 9h \u00e0s 12h e das 14h \u00e0s 17h.<\/p>\n\n\n\n<p>A Portaria, de n\u00ba. 008\/2026, que estabelece a abertura do processo, foi publicada na edi\u00e7\u00e3o n.\u00ba 2790 do Di\u00e1rio Oficial do Munic\u00edpio (DOM), expedida no dia 16 de janeiro, podendo ser acessada aqui [ https:\/\/www.camacari.ba.gov.br\/wp-content\/uploads\/2026\/01\/diario-2790-certificado.pdf ].<\/p>\n\n\n\n<p>Foto: Patrick Abreu<\/p>\n","protected":false},"excerpt":{"rendered":"<p>A Prefeitura de Cama\u00e7ari, atrav\u00e9s da Superintend\u00eancia de Tr\u00e2nsito e Transporte P\u00fablico (STT), deu in\u00edcio, nesta segunda-feira (19), ao per\u00edodo de abertura de processos para renova\u00e7\u00e3o de alvar\u00e1 para explora\u00e7\u00e3o do Sistema de Transporte Especial de Escolar (STEE). O procedimento deve ser feito at\u00e9 o dia 27 de fevereiro de forma online no portal da [&hellip;]<\/p>\n","protected":false},"author":1,"featured_media":8984,"comment_status":"open","ping_status":"open","sticky":false,"template":"","format":"standard","meta":{"footnotes":""},"categories":[8],"tags":[],"class_list":["post-8983","post","type-post","status-publish","format-standard","has-post-thumbnail","hentry","category-camacari"],"yoast_head":"<!-- This site is optimized with the Yoast SEO plugin v21.7 - https:\/\/yoast.com\/wordpress\/plugins\/seo\/ -->\n<title>STT inicia processo para renova\u00e7\u00e3o de alvar\u00e1 para transporte escolar - Compartilha Bahia<\/title>\n<meta name=\"robots\" content=\"index, follow, max-snippet:-1, max-image-preview:large, max-video-preview:-1\" \/>\n<link rel=\"canonical\" href=\"https:\/\/compartilhabahia.com.br\/index.php\/2026\/01\/19\/stt-inicia-processo-para-renovacao-de-alvara-para-transporte-escolar\/\" \/>\n<meta property=\"og:locale\" content=\"pt_BR\" \/>\n<meta property=\"og:type\" content=\"article\" \/>\n<meta property=\"og:title\" content=\"STT inicia processo para renova\u00e7\u00e3o de alvar\u00e1 para transporte escolar - Compartilha Bahia\" \/>\n<meta property=\"og:description\" content=\"A Prefeitura de Cama\u00e7ari, atrav\u00e9s da Superintend\u00eancia de Tr\u00e2nsito e Transporte P\u00fablico (STT), deu in\u00edcio, nesta segunda-feira (19), ao per\u00edodo de abertura de processos para renova\u00e7\u00e3o de alvar\u00e1 para explora\u00e7\u00e3o do Sistema de Transporte Especial de Escolar (STEE). O procedimento deve ser feito at\u00e9 o dia 27 de fevereiro de forma online no portal da [&hellip;]\" \/>\n<meta property=\"og:url\" content=\"https:\/\/compartilhabahia.com.br\/index.php\/2026\/01\/19\/stt-inicia-processo-para-renovacao-de-alvara-para-transporte-escolar\/\" \/>\n<meta property=\"og:site_name\" content=\"Compartilha Bahia\" \/>\n<meta property=\"article:publisher\" content=\"https:\/\/web.facebook.com\/compartilhabahia\" \/>\n<meta property=\"article:published_time\" content=\"2026-01-19T15:11:34+00:00\" \/>\n<meta property=\"article:modified_time\" content=\"2026-01-19T15:11:38+00:00\" \/>\n<meta property=\"og:image\" content=\"https:\/\/compartilhabahia.com.br\/wp-content\/uploads\/2026\/01\/sttescola.jpg\" \/>\n\t<meta property=\"og:image:width\" content=\"717\" \/>\n\t<meta property=\"og:image:height\" content=\"479\" \/>\n\t<meta property=\"og:image:type\" content=\"image\/jpeg\" \/>\n<meta name=\"author\" content=\"admin\" \/>\n<meta name=\"twitter:card\" content=\"summary_large_image\" \/>\n<meta name=\"twitter:label1\" content=\"Escrito por\" \/>\n\t<meta name=\"twitter:data1\" content=\"admin\" \/>\n\t<meta name=\"twitter:label2\" content=\"Est. tempo de leitura\" \/>\n\t<meta name=\"twitter:data2\" content=\"3 minutos\" \/>\n<script type=\"application\/ld+json\" class=\"yoast-schema-graph\">{\"@context\":\"https:\/\/schema.org\",\"@graph\":[{\"@type\":\"Article\",\"@id\":\"https:\/\/compartilhabahia.com.br\/index.php\/2026\/01\/19\/stt-inicia-processo-para-renovacao-de-alvara-para-transporte-escolar\/#article\",\"isPartOf\":{\"@id\":\"https:\/\/compartilhabahia.com.br\/index.php\/2026\/01\/19\/stt-inicia-processo-para-renovacao-de-alvara-para-transporte-escolar\/\"},\"author\":{\"name\":\"admin\",\"@id\":\"https:\/\/compartilhabahia.com.br\/#\/schema\/person\/9b4f0c3178793b8248d6686732521c04\"},\"headline\":\"STT inicia processo para renova\u00e7\u00e3o de alvar\u00e1 para transporte escolar\",\"datePublished\":\"2026-01-19T15:11:34+00:00\",\"dateModified\":\"2026-01-19T15:11:38+00:00\",\"mainEntityOfPage\":{\"@id\":\"https:\/\/compartilhabahia.com.br\/index.php\/2026\/01\/19\/stt-inicia-processo-para-renovacao-de-alvara-para-transporte-escolar\/\"},\"wordCount\":432,\"commentCount\":0,\"publisher\":{\"@id\":\"https:\/\/compartilhabahia.com.br\/#organization\"},\"articleSection\":[\"Cama\u00e7ari\"],\"inLanguage\":\"pt-BR\",\"potentialAction\":[{\"@type\":\"CommentAction\",\"name\":\"Comment\",\"target\":[\"https:\/\/compartilhabahia.com.br\/index.php\/2026\/01\/19\/stt-inicia-processo-para-renovacao-de-alvara-para-transporte-escolar\/#respond\"]}]},{\"@type\":\"WebPage\",\"@id\":\"https:\/\/compartilhabahia.com.br\/index.php\/2026\/01\/19\/stt-inicia-processo-para-renovacao-de-alvara-para-transporte-escolar\/\",\"url\":\"https:\/\/compartilhabahia.com.br\/index.php\/2026\/01\/19\/stt-inicia-processo-para-renovacao-de-alvara-para-transporte-escolar\/\",\"name\":\"STT inicia processo para renova\u00e7\u00e3o de alvar\u00e1 para transporte escolar - Compartilha Bahia\",\"isPartOf\":{\"@id\":\"https:\/\/compartilhabahia.com.br\/#website\"},\"datePublished\":\"2026-01-19T15:11:34+00:00\",\"dateModified\":\"2026-01-19T15:11:38+00:00\",\"breadcrumb\":{\"@id\":\"https:\/\/compartilhabahia.com.br\/index.php\/2026\/01\/19\/stt-inicia-processo-para-renovacao-de-alvara-para-transporte-escolar\/#breadcrumb\"},\"inLanguage\":\"pt-BR\",\"potentialAction\":[{\"@type\":\"ReadAction\",\"target\":[\"https:\/\/compartilhabahia.com.br\/index.php\/2026\/01\/19\/stt-inicia-processo-para-renovacao-de-alvara-para-transporte-escolar\/\"]}]},{\"@type\":\"BreadcrumbList\",\"@id\":\"https:\/\/compartilhabahia.com.br\/index.php\/2026\/01\/19\/stt-inicia-processo-para-renovacao-de-alvara-para-transporte-escolar\/#breadcrumb\",\"itemListElement\":[{\"@type\":\"ListItem\",\"position\":1,\"name\":\"In\u00edcio\",\"item\":\"https:\/\/compartilhabahia.com.br\/\"},{\"@type\":\"ListItem\",\"position\":2,\"name\":\"STT inicia processo para renova\u00e7\u00e3o de alvar\u00e1 para transporte escolar\"}]},{\"@type\":\"WebSite\",\"@id\":\"https:\/\/compartilhabahia.com.br\/#website\",\"url\":\"https:\/\/compartilhabahia.com.br\/\",\"name\":\"Compartilha Bahia\",\"description\":\"\",\"publisher\":{\"@id\":\"https:\/\/compartilhabahia.com.br\/#organization\"},\"potentialAction\":[{\"@type\":\"SearchAction\",\"target\":{\"@type\":\"EntryPoint\",\"urlTemplate\":\"https:\/\/compartilhabahia.com.br\/?s={search_term_string}\"},\"query-input\":\"required name=search_term_string\"}],\"inLanguage\":\"pt-BR\"},{\"@type\":\"Organization\",\"@id\":\"https:\/\/compartilhabahia.com.br\/#organization\",\"name\":\"Compartilha Bahia\",\"url\":\"https:\/\/compartilhabahia.com.br\/\",\"logo\":{\"@type\":\"ImageObject\",\"inLanguage\":\"pt-BR\",\"@id\":\"https:\/\/compartilhabahia.com.br\/#\/schema\/logo\/image\/\",\"url\":\"https:\/\/compartilhabahia.com.br\/wp-content\/uploads\/2023\/12\/cropped-logo.png\",\"contentUrl\":\"https:\/\/compartilhabahia.com.br\/wp-content\/uploads\/2023\/12\/cropped-logo.png\",\"width\":300,\"height\":106,\"caption\":\"Compartilha Bahia\"},\"image\":{\"@id\":\"https:\/\/compartilhabahia.com.br\/#\/schema\/logo\/image\/\"},\"sameAs\":[\"https:\/\/web.facebook.com\/compartilhabahia\",\"https:\/\/www.instagram.com\/compartilhabahia\/\"]},{\"@type\":\"Person\",\"@id\":\"https:\/\/compartilhabahia.com.br\/#\/schema\/person\/9b4f0c3178793b8248d6686732521c04\",\"name\":\"admin\",\"image\":{\"@type\":\"ImageObject\",\"inLanguage\":\"pt-BR\",\"@id\":\"https:\/\/compartilhabahia.com.br\/#\/schema\/person\/image\/\",\"url\":\"https:\/\/secure.gravatar.com\/avatar\/9600df58751c5acbe914c538c03390ef649ea088cb65f84ba09c7ce66988eed6?s=96&d=mm&r=g\",\"contentUrl\":\"https:\/\/secure.gravatar.com\/avatar\/9600df58751c5acbe914c538c03390ef649ea088cb65f84ba09c7ce66988eed6?s=96&d=mm&r=g\",\"caption\":\"admin\"},\"sameAs\":[\"https:\/\/compartilhabahia.com.br\"],\"url\":\"https:\/\/compartilhabahia.com.br\/index.php\/author\/compartilhabahia\/\"}]}<\/script>\n<!-- \/ Yoast SEO plugin. -->","yoast_head_json":{"title":"STT inicia processo para renova\u00e7\u00e3o de alvar\u00e1 para transporte escolar - Compartilha Bahia","robots":{"index":"index","follow":"follow","max-snippet":"max-snippet:-1","max-image-preview":"max-image-preview:large","max-video-preview":"max-video-preview:-1"},"canonical":"https:\/\/compartilhabahia.com.br\/index.php\/2026\/01\/19\/stt-inicia-processo-para-renovacao-de-alvara-para-transporte-escolar\/","og_locale":"pt_BR","og_type":"article","og_title":"STT inicia processo para renova\u00e7\u00e3o de alvar\u00e1 para transporte escolar - Compartilha Bahia","og_description":"A Prefeitura de Cama\u00e7ari, atrav\u00e9s da Superintend\u00eancia de Tr\u00e2nsito e Transporte P\u00fablico (STT), deu in\u00edcio, nesta segunda-feira (19), ao per\u00edodo de abertura de processos para renova\u00e7\u00e3o de alvar\u00e1 para explora\u00e7\u00e3o do Sistema de Transporte Especial de Escolar (STEE). O procedimento deve ser feito at\u00e9 o dia 27 de fevereiro de forma online no portal da [&hellip;]","og_url":"https:\/\/compartilhabahia.com.br\/index.php\/2026\/01\/19\/stt-inicia-processo-para-renovacao-de-alvara-para-transporte-escolar\/","og_site_name":"Compartilha Bahia","article_publisher":"https:\/\/web.facebook.com\/compartilhabahia","article_published_time":"2026-01-19T15:11:34+00:00","article_modified_time":"2026-01-19T15:11:38+00:00","og_image":[{"width":717,"height":479,"url":"https:\/\/compartilhabahia.com.br\/wp-content\/uploads\/2026\/01\/sttescola.jpg","type":"image\/jpeg"}],"author":"admin","twitter_card":"summary_large_image","twitter_misc":{"Escrito por":"admin","Est. tempo de leitura":"3 minutos"},"schema":{"@context":"https:\/\/schema.org","@graph":[{"@type":"Article","@id":"https:\/\/compartilhabahia.com.br\/index.php\/2026\/01\/19\/stt-inicia-processo-para-renovacao-de-alvara-para-transporte-escolar\/#article","isPartOf":{"@id":"https:\/\/compartilhabahia.com.br\/index.php\/2026\/01\/19\/stt-inicia-processo-para-renovacao-de-alvara-para-transporte-escolar\/"},"author":{"name":"admin","@id":"https:\/\/compartilhabahia.com.br\/#\/schema\/person\/9b4f0c3178793b8248d6686732521c04"},"headline":"STT inicia processo para renova\u00e7\u00e3o de alvar\u00e1 para transporte escolar","datePublished":"2026-01-19T15:11:34+00:00","dateModified":"2026-01-19T15:11:38+00:00","mainEntityOfPage":{"@id":"https:\/\/compartilhabahia.com.br\/index.php\/2026\/01\/19\/stt-inicia-processo-para-renovacao-de-alvara-para-transporte-escolar\/"},"wordCount":432,"commentCount":0,"publisher":{"@id":"https:\/\/compartilhabahia.com.br\/#organization"},"articleSection":["Cama\u00e7ari"],"inLanguage":"pt-BR","potentialAction":[{"@type":"CommentAction","name":"Comment","target":["https:\/\/compartilhabahia.com.br\/index.php\/2026\/01\/19\/stt-inicia-processo-para-renovacao-de-alvara-para-transporte-escolar\/#respond"]}]},{"@type":"WebPage","@id":"https:\/\/compartilhabahia.com.br\/index.php\/2026\/01\/19\/stt-inicia-processo-para-renovacao-de-alvara-para-transporte-escolar\/","url":"https:\/\/compartilhabahia.com.br\/index.php\/2026\/01\/19\/stt-inicia-processo-para-renovacao-de-alvara-para-transporte-escolar\/","name":"STT inicia processo para renova\u00e7\u00e3o de alvar\u00e1 para transporte escolar - Compartilha Bahia","isPartOf":{"@id":"https:\/\/compartilhabahia.com.br\/#website"},"datePublished":"2026-01-19T15:11:34+00:00","dateModified":"2026-01-19T15:11:38+00:00","breadcrumb":{"@id":"https:\/\/compartilhabahia.com.br\/index.php\/2026\/01\/19\/stt-inicia-processo-para-renovacao-de-alvara-para-transporte-escolar\/#breadcrumb"},"inLanguage":"pt-BR","potentialAction":[{"@type":"ReadAction","target":["https:\/\/compartilhabahia.com.br\/index.php\/2026\/01\/19\/stt-inicia-processo-para-renovacao-de-alvara-para-transporte-escolar\/"]}]},{"@type":"BreadcrumbList","@id":"https:\/\/compartilhabahia.com.br\/index.php\/2026\/01\/19\/stt-inicia-processo-para-renovacao-de-alvara-para-transporte-escolar\/#breadcrumb","itemListElement":[{"@type":"ListItem","position":1,"name":"In\u00edcio","item":"https:\/\/compartilhabahia.com.br\/"},{"@type":"ListItem","position":2,"name":"STT inicia processo para renova\u00e7\u00e3o de alvar\u00e1 para transporte escolar"}]},{"@type":"WebSite","@id":"https:\/\/compartilhabahia.com.br\/#website","url":"https:\/\/compartilhabahia.com.br\/","name":"Compartilha Bahia","description":"","publisher":{"@id":"https:\/\/compartilhabahia.com.br\/#organization"},"potentialAction":[{"@type":"SearchAction","target":{"@type":"EntryPoint","urlTemplate":"https:\/\/compartilhabahia.com.br\/?s={search_term_string}"},"query-input":"required name=search_term_string"}],"inLanguage":"pt-BR"},{"@type":"Organization","@id":"https:\/\/compartilhabahia.com.br\/#organization","name":"Compartilha Bahia","url":"https:\/\/compartilhabahia.com.br\/","logo":{"@type":"ImageObject","inLanguage":"pt-BR","@id":"https:\/\/compartilhabahia.com.br\/#\/schema\/logo\/image\/","url":"https:\/\/compartilhabahia.com.br\/wp-content\/uploads\/2023\/12\/cropped-logo.png","contentUrl":"https:\/\/compartilhabahia.com.br\/wp-content\/uploads\/2023\/12\/cropped-logo.png","width":300,"height":106,"caption":"Compartilha Bahia"},"image":{"@id":"https:\/\/compartilhabahia.com.br\/#\/schema\/logo\/image\/"},"sameAs":["https:\/\/web.facebook.com\/compartilhabahia","https:\/\/www.instagram.com\/compartilhabahia\/"]},{"@type":"Person","@id":"https:\/\/compartilhabahia.com.br\/#\/schema\/person\/9b4f0c3178793b8248d6686732521c04","name":"admin","image":{"@type":"ImageObject","inLanguage":"pt-BR","@id":"https:\/\/compartilhabahia.com.br\/#\/schema\/person\/image\/","url":"https:\/\/secure.gravatar.com\/avatar\/9600df58751c5acbe914c538c03390ef649ea088cb65f84ba09c7ce66988eed6?s=96&d=mm&r=g","contentUrl":"https:\/\/secure.gravatar.com\/avatar\/9600df58751c5acbe914c538c03390ef649ea088cb65f84ba09c7ce66988eed6?s=96&d=mm&r=g","caption":"admin"},"sameAs":["https:\/\/compartilhabahia.com.br"],"url":"https:\/\/compartilhabahia.com.br\/index.php\/author\/compartilhabahia\/"}]}},"_links":{"self":[{"href":"https:\/\/compartilhabahia.com.br\/index.php\/wp-json\/wp\/v2\/posts\/8983","targetHints":{"allow":["GET"]}}],"collection":[{"href":"https:\/\/compartilhabahia.com.br\/index.php\/wp-json\/wp\/v2\/posts"}],"about":[{"href":"https:\/\/compartilhabahia.com.br\/index.php\/wp-json\/wp\/v2\/types\/post"}],"author":[{"embeddable":true,"href":"https:\/\/compartilhabahia.com.br\/index.php\/wp-json\/wp\/v2\/users\/1"}],"replies":[{"embeddable":true,"href":"https:\/\/compartilhabahia.com.br\/index.php\/wp-json\/wp\/v2\/comments?post=8983"}],"version-history":[{"count":1,"href":"https:\/\/compartilhabahia.com.br\/index.php\/wp-json\/wp\/v2\/posts\/8983\/revisions"}],"predecessor-version":[{"id":8985,"href":"https:\/\/compartilhabahia.com.br\/index.php\/wp-json\/wp\/v2\/posts\/8983\/revisions\/8985"}],"wp:featuredmedia":[{"embeddable":true,"href":"https:\/\/compartilhabahia.com.br\/index.php\/wp-json\/wp\/v2\/media\/8984"}],"wp:attachment":[{"href":"https:\/\/compartilhabahia.com.br\/index.php\/wp-json\/wp\/v2\/media?parent=8983"}],"wp:term":[{"taxonomy":"category","embeddable":true,"href":"https:\/\/compartilhabahia.com.br\/index.php\/wp-json\/wp\/v2\/categories?post=8983"},{"taxonomy":"post_tag","embeddable":true,"href":"https:\/\/compartilhabahia.com.br\/index.php\/wp-json\/wp\/v2\/tags?post=8983"}],"curies":[{"name":"wp","href":"https:\/\/api.w.org\/{rel}","templated":true}]}}