{"id":8980,"date":"2026-01-18T19:23:52","date_gmt":"2026-01-18T22:23:52","guid":{"rendered":"https:\/\/compartilhabahia.com.br\/?p=8980"},"modified":"2026-01-18T19:24:54","modified_gmt":"2026-01-18T22:24:54","slug":"escritor-diz-que-mulheres-sao-responsaveis-pela-revolucao-dos-livros","status":"publish","type":"post","link":"https:\/\/compartilhabahia.com.br\/index.php\/2026\/01\/18\/escritor-diz-que-mulheres-sao-responsaveis-pela-revolucao-dos-livros\/","title":{"rendered":"Escritor diz que mulheres s\u00e3o respons\u00e1veis pela revolu\u00e7\u00e3o dos livros"},"content":{"rendered":"\n<p>Revolu\u00e7\u00e3o nas P\u00e1ginas: A For\u00e7a Feminina que Impulsiona a Leitura no Brasil.<\/p>\n\n\n\n<p>Se algu\u00e9m tivesse me dito, l\u00e1 no in\u00edcio dos anos 2000, que chegar\u00edamos a 2026 com as gr\u00e1ficas <a><\/a>operando em capacidade m\u00e1xima e o livro f\u00edsico vivendo uma nova era de ouro, eu teria sorrido com aquele ceticismo t\u00edpico de quem ouviu, por anos, a profecia do &#8220;fim do papel&#8221;. Mas a realidade, felizmente, adora contrariar os pessimistas.<\/p>\n\n\n\n<p>Ao ler os dados recentes noticiados pelo jornal O Globo, a sensa\u00e7\u00e3o n\u00e3o \u00e9 apenas de al\u00edvio, mas de confirma\u00e7\u00e3o de uma tend\u00eancia que acompanhamos de perto nas \u00faltimas duas d\u00e9cadas: o Brasil l\u00ea, e l\u00ea cada vez mais, porque as mulheres decidiram que assim seria.<\/p>\n\n\n\n<p>Os n\u00fameros s\u00e3o claros e contundentes. As mulheres brasileiras consolidaram uma lideran\u00e7a absoluta no consumo de literatura. N\u00e3o estamos falando de uma vantagem marginal; a diferen\u00e7a \u00e9 gritante. A m\u00e9dia de leitura entre o p\u00fablico feminino saltou para cerca de dez t\u00edtulos por ano. Para um pa\u00eds que historicamente lutou para melhorar seus \u00edndices de leitura, isso \u00e9 uma vit\u00f3ria monumental.<\/p>\n\n\n\n<p>Mas o que torna esse cen\u00e1rio de 2026 verdadeiramente fascinante n\u00e3o \u00e9 apenas o volume de livros na cabeceira delas, mas a influ\u00eancia irradiadora que elas exercem. A pesquisa do O Globo toca em um ponto nevr\u00e1lgico: o papel da mulher na forma\u00e7\u00e3o de novos leitores.<\/p>\n\n\n\n<p>Na estrutura familiar brasileira, a m\u00e3e, a av\u00f3, a tia ou a irm\u00e3 mais velha continuam sendo as grandes curadoras culturais. Quando uma mulher se torna leitora voraz, ela raramente l\u00ea sozinha; ela arrasta a casa junto. Ela \u00e9 a principal respons\u00e1vel por colocar o primeiro livro infantil na m\u00e3o do filho, por dar o exemplo de desligar a tela e abrir uma p\u00e1gina. Se hoje vemos o Brasil ganhando mais leitores a cada ano, renovando a base de consumidores de cultura, devemos esse &#8220;milagre&#8221; \u00e0 insist\u00eancia e ao exemplo feminino.<\/p>\n\n\n\n<p>O reflexo econ\u00f4mico disso \u00e9 imediato e vis\u00edvel. O setor gr\u00e1fico brasileiro, que muitos juravam que encolheria, est\u00e1 imprimindo milh\u00f5es de livros. \u00c9 um setor crescente, robusto, que movimenta desde a produ\u00e7\u00e3o de celulose at\u00e9 a log\u00edstica de entrega na porta de casa. O livro se reafirmou como um objeto de desejo, de presente e de ref\u00fagio em um mundo cada vez mais digital.<\/p>\n\n\n\n<p>Para n\u00f3s, escritores, o sentimento \u00e9 amb\u00edguo, mas extremamente positivo. Ficamos felizes? Sem d\u00favida. \u00c9 um alento saber que existe um p\u00fablico \u00e1vido esperando pela pr\u00f3xima hist\u00f3ria. Mas tamb\u00e9m admitimos: elas est\u00e3o no comando, e isso \u00e9 desafiador.<\/p>\n\n\n\n<p>Escrever para o p\u00fablico feminino brasileiro de 2026 exige mais. Elas s\u00e3o cr\u00edticas, atentas, exigentes e plurais. N\u00e3o aceitam mais enredos rasos ou personagens estereotipados. Ter as mulheres como as grandes &#8220;patronas&#8221; do mercado editorial nos obriga, enquanto autores, a elevar a qualidade da nossa literatura. \u00c9 uma mudan\u00e7a de paradigma que nos tira da zona de conforto.<\/p>\n\n\n\n<p>O mercado editorial brasileiro est\u00e1 vivo, pulsante e imprimindo como nunca. E se as m\u00e1quinas n\u00e3o param, \u00e9 porque elas n\u00e3o param de ler. Que sorte a nossa.<\/p>\n\n\n\n<p>Carlos Magno Mieres Amarilha<\/p>\n\n\n\n<p>Presidente do Grupo Liter\u00e1rio Arandu<\/p>\n","protected":false},"excerpt":{"rendered":"<p>Revolu\u00e7\u00e3o nas P\u00e1ginas: A For\u00e7a Feminina que Impulsiona a Leitura no Brasil. Se algu\u00e9m tivesse me dito, l\u00e1 no in\u00edcio dos anos 2000, que chegar\u00edamos a 2026 com as gr\u00e1ficas operando em capacidade m\u00e1xima e o livro f\u00edsico vivendo uma nova era de ouro, eu teria sorrido com aquele ceticismo t\u00edpico de quem ouviu, por [&hellip;]<\/p>\n","protected":false},"author":1,"featured_media":8981,"comment_status":"open","ping_status":"open","sticky":false,"template":"","format":"standard","meta":{"footnotes":""},"categories":[4],"tags":[],"class_list":["post-8980","post","type-post","status-publish","format-standard","has-post-thumbnail","hentry","category-brasil"],"yoast_head":"<!-- This site is optimized with the Yoast SEO plugin v21.7 - https:\/\/yoast.com\/wordpress\/plugins\/seo\/ -->\n<title>Escritor diz que mulheres s\u00e3o respons\u00e1veis pela revolu\u00e7\u00e3o dos livros - Compartilha Bahia<\/title>\n<meta name=\"robots\" content=\"index, follow, max-snippet:-1, max-image-preview:large, max-video-preview:-1\" \/>\n<link rel=\"canonical\" href=\"https:\/\/compartilhabahia.com.br\/index.php\/2026\/01\/18\/escritor-diz-que-mulheres-sao-responsaveis-pela-revolucao-dos-livros\/\" \/>\n<meta property=\"og:locale\" content=\"pt_BR\" \/>\n<meta property=\"og:type\" content=\"article\" \/>\n<meta property=\"og:title\" content=\"Escritor diz que mulheres s\u00e3o respons\u00e1veis pela revolu\u00e7\u00e3o dos livros - Compartilha Bahia\" \/>\n<meta property=\"og:description\" content=\"Revolu\u00e7\u00e3o nas P\u00e1ginas: A For\u00e7a Feminina que Impulsiona a Leitura no Brasil. Se algu\u00e9m tivesse me dito, l\u00e1 no in\u00edcio dos anos 2000, que chegar\u00edamos a 2026 com as gr\u00e1ficas operando em capacidade m\u00e1xima e o livro f\u00edsico vivendo uma nova era de ouro, eu teria sorrido com aquele ceticismo t\u00edpico de quem ouviu, por [&hellip;]\" \/>\n<meta property=\"og:url\" content=\"https:\/\/compartilhabahia.com.br\/index.php\/2026\/01\/18\/escritor-diz-que-mulheres-sao-responsaveis-pela-revolucao-dos-livros\/\" \/>\n<meta property=\"og:site_name\" content=\"Compartilha Bahia\" \/>\n<meta property=\"article:publisher\" content=\"https:\/\/web.facebook.com\/compartilhabahia\" \/>\n<meta property=\"article:published_time\" content=\"2026-01-18T22:23:52+00:00\" \/>\n<meta property=\"article:modified_time\" content=\"2026-01-18T22:24:54+00:00\" \/>\n<meta property=\"og:image\" content=\"https:\/\/compartilhabahia.com.br\/wp-content\/uploads\/2026\/01\/revolucaodoslivros.jpg\" \/>\n\t<meta property=\"og:image:width\" content=\"720\" \/>\n\t<meta property=\"og:image:height\" content=\"518\" \/>\n\t<meta property=\"og:image:type\" content=\"image\/jpeg\" \/>\n<meta name=\"author\" content=\"admin\" \/>\n<meta name=\"twitter:card\" content=\"summary_large_image\" \/>\n<meta name=\"twitter:label1\" content=\"Escrito por\" \/>\n\t<meta name=\"twitter:data1\" content=\"admin\" \/>\n\t<meta name=\"twitter:label2\" content=\"Est. tempo de leitura\" \/>\n\t<meta name=\"twitter:data2\" content=\"4 minutos\" \/>\n<script type=\"application\/ld+json\" class=\"yoast-schema-graph\">{\"@context\":\"https:\/\/schema.org\",\"@graph\":[{\"@type\":\"Article\",\"@id\":\"https:\/\/compartilhabahia.com.br\/index.php\/2026\/01\/18\/escritor-diz-que-mulheres-sao-responsaveis-pela-revolucao-dos-livros\/#article\",\"isPartOf\":{\"@id\":\"https:\/\/compartilhabahia.com.br\/index.php\/2026\/01\/18\/escritor-diz-que-mulheres-sao-responsaveis-pela-revolucao-dos-livros\/\"},\"author\":{\"name\":\"admin\",\"@id\":\"https:\/\/compartilhabahia.com.br\/#\/schema\/person\/9b4f0c3178793b8248d6686732521c04\"},\"headline\":\"Escritor diz que mulheres s\u00e3o respons\u00e1veis pela revolu\u00e7\u00e3o dos livros\",\"datePublished\":\"2026-01-18T22:23:52+00:00\",\"dateModified\":\"2026-01-18T22:24:54+00:00\",\"mainEntityOfPage\":{\"@id\":\"https:\/\/compartilhabahia.com.br\/index.php\/2026\/01\/18\/escritor-diz-que-mulheres-sao-responsaveis-pela-revolucao-dos-livros\/\"},\"wordCount\":567,\"commentCount\":0,\"publisher\":{\"@id\":\"https:\/\/compartilhabahia.com.br\/#organization\"},\"articleSection\":[\"Brasil\"],\"inLanguage\":\"pt-BR\",\"potentialAction\":[{\"@type\":\"CommentAction\",\"name\":\"Comment\",\"target\":[\"https:\/\/compartilhabahia.com.br\/index.php\/2026\/01\/18\/escritor-diz-que-mulheres-sao-responsaveis-pela-revolucao-dos-livros\/#respond\"]}]},{\"@type\":\"WebPage\",\"@id\":\"https:\/\/compartilhabahia.com.br\/index.php\/2026\/01\/18\/escritor-diz-que-mulheres-sao-responsaveis-pela-revolucao-dos-livros\/\",\"url\":\"https:\/\/compartilhabahia.com.br\/index.php\/2026\/01\/18\/escritor-diz-que-mulheres-sao-responsaveis-pela-revolucao-dos-livros\/\",\"name\":\"Escritor diz que mulheres s\u00e3o respons\u00e1veis pela revolu\u00e7\u00e3o dos livros - Compartilha Bahia\",\"isPartOf\":{\"@id\":\"https:\/\/compartilhabahia.com.br\/#website\"},\"datePublished\":\"2026-01-18T22:23:52+00:00\",\"dateModified\":\"2026-01-18T22:24:54+00:00\",\"breadcrumb\":{\"@id\":\"https:\/\/compartilhabahia.com.br\/index.php\/2026\/01\/18\/escritor-diz-que-mulheres-sao-responsaveis-pela-revolucao-dos-livros\/#breadcrumb\"},\"inLanguage\":\"pt-BR\",\"potentialAction\":[{\"@type\":\"ReadAction\",\"target\":[\"https:\/\/compartilhabahia.com.br\/index.php\/2026\/01\/18\/escritor-diz-que-mulheres-sao-responsaveis-pela-revolucao-dos-livros\/\"]}]},{\"@type\":\"BreadcrumbList\",\"@id\":\"https:\/\/compartilhabahia.com.br\/index.php\/2026\/01\/18\/escritor-diz-que-mulheres-sao-responsaveis-pela-revolucao-dos-livros\/#breadcrumb\",\"itemListElement\":[{\"@type\":\"ListItem\",\"position\":1,\"name\":\"In\u00edcio\",\"item\":\"https:\/\/compartilhabahia.com.br\/\"},{\"@type\":\"ListItem\",\"position\":2,\"name\":\"Escritor diz que mulheres s\u00e3o respons\u00e1veis pela revolu\u00e7\u00e3o dos livros\"}]},{\"@type\":\"WebSite\",\"@id\":\"https:\/\/compartilhabahia.com.br\/#website\",\"url\":\"https:\/\/compartilhabahia.com.br\/\",\"name\":\"Compartilha Bahia\",\"description\":\"\",\"publisher\":{\"@id\":\"https:\/\/compartilhabahia.com.br\/#organization\"},\"potentialAction\":[{\"@type\":\"SearchAction\",\"target\":{\"@type\":\"EntryPoint\",\"urlTemplate\":\"https:\/\/compartilhabahia.com.br\/?s={search_term_string}\"},\"query-input\":\"required name=search_term_string\"}],\"inLanguage\":\"pt-BR\"},{\"@type\":\"Organization\",\"@id\":\"https:\/\/compartilhabahia.com.br\/#organization\",\"name\":\"Compartilha Bahia\",\"url\":\"https:\/\/compartilhabahia.com.br\/\",\"logo\":{\"@type\":\"ImageObject\",\"inLanguage\":\"pt-BR\",\"@id\":\"https:\/\/compartilhabahia.com.br\/#\/schema\/logo\/image\/\",\"url\":\"https:\/\/compartilhabahia.com.br\/wp-content\/uploads\/2023\/12\/cropped-logo.png\",\"contentUrl\":\"https:\/\/compartilhabahia.com.br\/wp-content\/uploads\/2023\/12\/cropped-logo.png\",\"width\":300,\"height\":106,\"caption\":\"Compartilha Bahia\"},\"image\":{\"@id\":\"https:\/\/compartilhabahia.com.br\/#\/schema\/logo\/image\/\"},\"sameAs\":[\"https:\/\/web.facebook.com\/compartilhabahia\",\"https:\/\/www.instagram.com\/compartilhabahia\/\"]},{\"@type\":\"Person\",\"@id\":\"https:\/\/compartilhabahia.com.br\/#\/schema\/person\/9b4f0c3178793b8248d6686732521c04\",\"name\":\"admin\",\"image\":{\"@type\":\"ImageObject\",\"inLanguage\":\"pt-BR\",\"@id\":\"https:\/\/compartilhabahia.com.br\/#\/schema\/person\/image\/\",\"url\":\"https:\/\/secure.gravatar.com\/avatar\/9600df58751c5acbe914c538c03390ef649ea088cb65f84ba09c7ce66988eed6?s=96&d=mm&r=g\",\"contentUrl\":\"https:\/\/secure.gravatar.com\/avatar\/9600df58751c5acbe914c538c03390ef649ea088cb65f84ba09c7ce66988eed6?s=96&d=mm&r=g\",\"caption\":\"admin\"},\"sameAs\":[\"https:\/\/compartilhabahia.com.br\"],\"url\":\"https:\/\/compartilhabahia.com.br\/index.php\/author\/compartilhabahia\/\"}]}<\/script>\n<!-- \/ Yoast SEO plugin. -->","yoast_head_json":{"title":"Escritor diz que mulheres s\u00e3o respons\u00e1veis pela revolu\u00e7\u00e3o dos livros - Compartilha Bahia","robots":{"index":"index","follow":"follow","max-snippet":"max-snippet:-1","max-image-preview":"max-image-preview:large","max-video-preview":"max-video-preview:-1"},"canonical":"https:\/\/compartilhabahia.com.br\/index.php\/2026\/01\/18\/escritor-diz-que-mulheres-sao-responsaveis-pela-revolucao-dos-livros\/","og_locale":"pt_BR","og_type":"article","og_title":"Escritor diz que mulheres s\u00e3o respons\u00e1veis pela revolu\u00e7\u00e3o dos livros - Compartilha Bahia","og_description":"Revolu\u00e7\u00e3o nas P\u00e1ginas: A For\u00e7a Feminina que Impulsiona a Leitura no Brasil. Se algu\u00e9m tivesse me dito, l\u00e1 no in\u00edcio dos anos 2000, que chegar\u00edamos a 2026 com as gr\u00e1ficas operando em capacidade m\u00e1xima e o livro f\u00edsico vivendo uma nova era de ouro, eu teria sorrido com aquele ceticismo t\u00edpico de quem ouviu, por [&hellip;]","og_url":"https:\/\/compartilhabahia.com.br\/index.php\/2026\/01\/18\/escritor-diz-que-mulheres-sao-responsaveis-pela-revolucao-dos-livros\/","og_site_name":"Compartilha Bahia","article_publisher":"https:\/\/web.facebook.com\/compartilhabahia","article_published_time":"2026-01-18T22:23:52+00:00","article_modified_time":"2026-01-18T22:24:54+00:00","og_image":[{"width":720,"height":518,"url":"https:\/\/compartilhabahia.com.br\/wp-content\/uploads\/2026\/01\/revolucaodoslivros.jpg","type":"image\/jpeg"}],"author":"admin","twitter_card":"summary_large_image","twitter_misc":{"Escrito por":"admin","Est. tempo de leitura":"4 minutos"},"schema":{"@context":"https:\/\/schema.org","@graph":[{"@type":"Article","@id":"https:\/\/compartilhabahia.com.br\/index.php\/2026\/01\/18\/escritor-diz-que-mulheres-sao-responsaveis-pela-revolucao-dos-livros\/#article","isPartOf":{"@id":"https:\/\/compartilhabahia.com.br\/index.php\/2026\/01\/18\/escritor-diz-que-mulheres-sao-responsaveis-pela-revolucao-dos-livros\/"},"author":{"name":"admin","@id":"https:\/\/compartilhabahia.com.br\/#\/schema\/person\/9b4f0c3178793b8248d6686732521c04"},"headline":"Escritor diz que mulheres s\u00e3o respons\u00e1veis pela revolu\u00e7\u00e3o dos livros","datePublished":"2026-01-18T22:23:52+00:00","dateModified":"2026-01-18T22:24:54+00:00","mainEntityOfPage":{"@id":"https:\/\/compartilhabahia.com.br\/index.php\/2026\/01\/18\/escritor-diz-que-mulheres-sao-responsaveis-pela-revolucao-dos-livros\/"},"wordCount":567,"commentCount":0,"publisher":{"@id":"https:\/\/compartilhabahia.com.br\/#organization"},"articleSection":["Brasil"],"inLanguage":"pt-BR","potentialAction":[{"@type":"CommentAction","name":"Comment","target":["https:\/\/compartilhabahia.com.br\/index.php\/2026\/01\/18\/escritor-diz-que-mulheres-sao-responsaveis-pela-revolucao-dos-livros\/#respond"]}]},{"@type":"WebPage","@id":"https:\/\/compartilhabahia.com.br\/index.php\/2026\/01\/18\/escritor-diz-que-mulheres-sao-responsaveis-pela-revolucao-dos-livros\/","url":"https:\/\/compartilhabahia.com.br\/index.php\/2026\/01\/18\/escritor-diz-que-mulheres-sao-responsaveis-pela-revolucao-dos-livros\/","name":"Escritor diz que mulheres s\u00e3o respons\u00e1veis pela revolu\u00e7\u00e3o dos livros - Compartilha Bahia","isPartOf":{"@id":"https:\/\/compartilhabahia.com.br\/#website"},"datePublished":"2026-01-18T22:23:52+00:00","dateModified":"2026-01-18T22:24:54+00:00","breadcrumb":{"@id":"https:\/\/compartilhabahia.com.br\/index.php\/2026\/01\/18\/escritor-diz-que-mulheres-sao-responsaveis-pela-revolucao-dos-livros\/#breadcrumb"},"inLanguage":"pt-BR","potentialAction":[{"@type":"ReadAction","target":["https:\/\/compartilhabahia.com.br\/index.php\/2026\/01\/18\/escritor-diz-que-mulheres-sao-responsaveis-pela-revolucao-dos-livros\/"]}]},{"@type":"BreadcrumbList","@id":"https:\/\/compartilhabahia.com.br\/index.php\/2026\/01\/18\/escritor-diz-que-mulheres-sao-responsaveis-pela-revolucao-dos-livros\/#breadcrumb","itemListElement":[{"@type":"ListItem","position":1,"name":"In\u00edcio","item":"https:\/\/compartilhabahia.com.br\/"},{"@type":"ListItem","position":2,"name":"Escritor diz que mulheres s\u00e3o respons\u00e1veis pela revolu\u00e7\u00e3o dos livros"}]},{"@type":"WebSite","@id":"https:\/\/compartilhabahia.com.br\/#website","url":"https:\/\/compartilhabahia.com.br\/","name":"Compartilha Bahia","description":"","publisher":{"@id":"https:\/\/compartilhabahia.com.br\/#organization"},"potentialAction":[{"@type":"SearchAction","target":{"@type":"EntryPoint","urlTemplate":"https:\/\/compartilhabahia.com.br\/?s={search_term_string}"},"query-input":"required name=search_term_string"}],"inLanguage":"pt-BR"},{"@type":"Organization","@id":"https:\/\/compartilhabahia.com.br\/#organization","name":"Compartilha Bahia","url":"https:\/\/compartilhabahia.com.br\/","logo":{"@type":"ImageObject","inLanguage":"pt-BR","@id":"https:\/\/compartilhabahia.com.br\/#\/schema\/logo\/image\/","url":"https:\/\/compartilhabahia.com.br\/wp-content\/uploads\/2023\/12\/cropped-logo.png","contentUrl":"https:\/\/compartilhabahia.com.br\/wp-content\/uploads\/2023\/12\/cropped-logo.png","width":300,"height":106,"caption":"Compartilha Bahia"},"image":{"@id":"https:\/\/compartilhabahia.com.br\/#\/schema\/logo\/image\/"},"sameAs":["https:\/\/web.facebook.com\/compartilhabahia","https:\/\/www.instagram.com\/compartilhabahia\/"]},{"@type":"Person","@id":"https:\/\/compartilhabahia.com.br\/#\/schema\/person\/9b4f0c3178793b8248d6686732521c04","name":"admin","image":{"@type":"ImageObject","inLanguage":"pt-BR","@id":"https:\/\/compartilhabahia.com.br\/#\/schema\/person\/image\/","url":"https:\/\/secure.gravatar.com\/avatar\/9600df58751c5acbe914c538c03390ef649ea088cb65f84ba09c7ce66988eed6?s=96&d=mm&r=g","contentUrl":"https:\/\/secure.gravatar.com\/avatar\/9600df58751c5acbe914c538c03390ef649ea088cb65f84ba09c7ce66988eed6?s=96&d=mm&r=g","caption":"admin"},"sameAs":["https:\/\/compartilhabahia.com.br"],"url":"https:\/\/compartilhabahia.com.br\/index.php\/author\/compartilhabahia\/"}]}},"_links":{"self":[{"href":"https:\/\/compartilhabahia.com.br\/index.php\/wp-json\/wp\/v2\/posts\/8980","targetHints":{"allow":["GET"]}}],"collection":[{"href":"https:\/\/compartilhabahia.com.br\/index.php\/wp-json\/wp\/v2\/posts"}],"about":[{"href":"https:\/\/compartilhabahia.com.br\/index.php\/wp-json\/wp\/v2\/types\/post"}],"author":[{"embeddable":true,"href":"https:\/\/compartilhabahia.com.br\/index.php\/wp-json\/wp\/v2\/users\/1"}],"replies":[{"embeddable":true,"href":"https:\/\/compartilhabahia.com.br\/index.php\/wp-json\/wp\/v2\/comments?post=8980"}],"version-history":[{"count":1,"href":"https:\/\/compartilhabahia.com.br\/index.php\/wp-json\/wp\/v2\/posts\/8980\/revisions"}],"predecessor-version":[{"id":8982,"href":"https:\/\/compartilhabahia.com.br\/index.php\/wp-json\/wp\/v2\/posts\/8980\/revisions\/8982"}],"wp:featuredmedia":[{"embeddable":true,"href":"https:\/\/compartilhabahia.com.br\/index.php\/wp-json\/wp\/v2\/media\/8981"}],"wp:attachment":[{"href":"https:\/\/compartilhabahia.com.br\/index.php\/wp-json\/wp\/v2\/media?parent=8980"}],"wp:term":[{"taxonomy":"category","embeddable":true,"href":"https:\/\/compartilhabahia.com.br\/index.php\/wp-json\/wp\/v2\/categories?post=8980"},{"taxonomy":"post_tag","embeddable":true,"href":"https:\/\/compartilhabahia.com.br\/index.php\/wp-json\/wp\/v2\/tags?post=8980"}],"curies":[{"name":"wp","href":"https:\/\/api.w.org\/{rel}","templated":true}]}}