{"id":8977,"date":"2026-01-18T19:04:18","date_gmt":"2026-01-18T22:04:18","guid":{"rendered":"https:\/\/compartilhabahia.com.br\/?p=8977"},"modified":"2026-01-18T19:04:20","modified_gmt":"2026-01-18T22:04:20","slug":"sispc-comemora-eleicao-nacional-de-sara-santiago-ao-conselho-fiscal-da-cnte","status":"publish","type":"post","link":"https:\/\/compartilhabahia.com.br\/index.php\/2026\/01\/18\/sispc-comemora-eleicao-nacional-de-sara-santiago-ao-conselho-fiscal-da-cnte\/","title":{"rendered":"SISPC comemora elei\u00e7\u00e3o nacional de Sara Santiago ao Conselho Fiscal da CNTE"},"content":{"rendered":"\n<p>Neste domingo (18) no perfil do Sindicato dos Professores de Cama\u00e7ari a diretoria e membros do SISPEC comemoram a elei\u00e7\u00e3o nacional da presidente Sara Santiago ao Conselho Fiscal da CNTE &#8211; Confedera\u00e7\u00e3o Nacional dos Trabalhadores em Educa\u00e7\u00e3o. <\/p>\n\n\n\n<p><\/p>\n\n\n\n<p>&#8220;Neste domingo, a nossa categoria recebe com alegria a elei\u00e7\u00e3o da nossa presidenta. Fomos presenteados com a elei\u00e7\u00e3o da nossa presidenta, Sara Santiago, eleita para o Conselho Fiscal da CNTE, pela chapa Unidade para Lutar e Conquistar.<\/p>\n\n\n\n<p>A atual dire\u00e7\u00e3o ajudou a construir e filiou-se \u00e0 FTE (Federa\u00e7\u00e3o dos Trabalhadores em Educa\u00e7\u00e3o na Bahia). Fortaleceu a parceria com a CNTE, por entender que a luta pela educa\u00e7\u00e3o p\u00fablica, laica e de qualidade perpassa a esfera municipal.<\/p>\n\n\n\n<p>A luta do SISPEC pelo piso, pelo Fundeb, precat\u00f3rios e pela valoriza\u00e7\u00e3o da carreira dos profissionais da educa\u00e7\u00e3o \u00e9 fruto dessa articula\u00e7\u00e3o municipal, estadual e nacional. Estamos colhendo esses frutos ao lutar pelo pagamento dos precat\u00f3rios, por um Fundeb mais forte e por uma nova lei do piso, que vai nos garantir reajuste acima da infla\u00e7\u00e3o.<\/p>\n\n\n\n<p>Por fim, a nossa presidenta, Sara Santiago, est\u00e1 na composi\u00e7\u00e3o da dire\u00e7\u00e3o da CNTE. Isso \u00e9 motivo de orgulho, respeito e reconhecimento.<\/p>\n\n\n\n<p>SISPEC, 39 anos de luta!&#8221;<\/p>\n","protected":false},"excerpt":{"rendered":"<p>Neste domingo (18) no perfil do Sindicato dos Professores de Cama\u00e7ari a diretoria e membros do SISPEC comemoram a elei\u00e7\u00e3o nacional da presidente Sara Santiago ao Conselho Fiscal da CNTE &#8211; Confedera\u00e7\u00e3o Nacional dos Trabalhadores em Educa\u00e7\u00e3o. &#8220;Neste domingo, a nossa categoria recebe com alegria a elei\u00e7\u00e3o da nossa presidenta. Fomos presenteados com a elei\u00e7\u00e3o [&hellip;]<\/p>\n","protected":false},"author":1,"featured_media":8978,"comment_status":"open","ping_status":"open","sticky":false,"template":"","format":"standard","meta":{"footnotes":""},"categories":[8],"tags":[],"class_list":["post-8977","post","type-post","status-publish","format-standard","has-post-thumbnail","hentry","category-camacari"],"yoast_head":"<!-- This site is optimized with the Yoast SEO plugin v21.7 - https:\/\/yoast.com\/wordpress\/plugins\/seo\/ -->\n<title>SISPC comemora elei\u00e7\u00e3o nacional de Sara Santiago ao Conselho Fiscal da CNTE - Compartilha Bahia<\/title>\n<meta name=\"robots\" content=\"index, follow, max-snippet:-1, max-image-preview:large, max-video-preview:-1\" \/>\n<link rel=\"canonical\" href=\"https:\/\/compartilhabahia.com.br\/index.php\/2026\/01\/18\/sispc-comemora-eleicao-nacional-de-sara-santiago-ao-conselho-fiscal-da-cnte\/\" \/>\n<meta property=\"og:locale\" content=\"pt_BR\" \/>\n<meta property=\"og:type\" content=\"article\" \/>\n<meta property=\"og:title\" content=\"SISPC comemora elei\u00e7\u00e3o nacional de Sara Santiago ao Conselho Fiscal da CNTE - Compartilha Bahia\" \/>\n<meta property=\"og:description\" content=\"Neste domingo (18) no perfil do Sindicato dos Professores de Cama\u00e7ari a diretoria e membros do SISPEC comemoram a elei\u00e7\u00e3o nacional da presidente Sara Santiago ao Conselho Fiscal da CNTE &#8211; Confedera\u00e7\u00e3o Nacional dos Trabalhadores em Educa\u00e7\u00e3o. &#8220;Neste domingo, a nossa categoria recebe com alegria a elei\u00e7\u00e3o da nossa presidenta. Fomos presenteados com a elei\u00e7\u00e3o [&hellip;]\" \/>\n<meta property=\"og:url\" content=\"https:\/\/compartilhabahia.com.br\/index.php\/2026\/01\/18\/sispc-comemora-eleicao-nacional-de-sara-santiago-ao-conselho-fiscal-da-cnte\/\" \/>\n<meta property=\"og:site_name\" content=\"Compartilha Bahia\" \/>\n<meta property=\"article:publisher\" content=\"https:\/\/web.facebook.com\/compartilhabahia\" \/>\n<meta property=\"article:published_time\" content=\"2026-01-18T22:04:18+00:00\" \/>\n<meta property=\"article:modified_time\" content=\"2026-01-18T22:04:20+00:00\" \/>\n<meta property=\"og:image\" content=\"https:\/\/compartilhabahia.com.br\/wp-content\/uploads\/2026\/01\/saracnte.jpg\" \/>\n\t<meta property=\"og:image:width\" content=\"720\" \/>\n\t<meta property=\"og:image:height\" content=\"713\" \/>\n\t<meta property=\"og:image:type\" content=\"image\/jpeg\" \/>\n<meta name=\"author\" content=\"admin\" \/>\n<meta name=\"twitter:card\" content=\"summary_large_image\" \/>\n<meta name=\"twitter:label1\" content=\"Escrito por\" \/>\n\t<meta name=\"twitter:data1\" content=\"admin\" \/>\n\t<meta name=\"twitter:label2\" content=\"Est. tempo de leitura\" \/>\n\t<meta name=\"twitter:data2\" content=\"2 minutos\" \/>\n<script type=\"application\/ld+json\" class=\"yoast-schema-graph\">{\"@context\":\"https:\/\/schema.org\",\"@graph\":[{\"@type\":\"Article\",\"@id\":\"https:\/\/compartilhabahia.com.br\/index.php\/2026\/01\/18\/sispc-comemora-eleicao-nacional-de-sara-santiago-ao-conselho-fiscal-da-cnte\/#article\",\"isPartOf\":{\"@id\":\"https:\/\/compartilhabahia.com.br\/index.php\/2026\/01\/18\/sispc-comemora-eleicao-nacional-de-sara-santiago-ao-conselho-fiscal-da-cnte\/\"},\"author\":{\"name\":\"admin\",\"@id\":\"https:\/\/compartilhabahia.com.br\/#\/schema\/person\/9b4f0c3178793b8248d6686732521c04\"},\"headline\":\"SISPC comemora elei\u00e7\u00e3o nacional de Sara Santiago ao Conselho Fiscal da CNTE\",\"datePublished\":\"2026-01-18T22:04:18+00:00\",\"dateModified\":\"2026-01-18T22:04:20+00:00\",\"mainEntityOfPage\":{\"@id\":\"https:\/\/compartilhabahia.com.br\/index.php\/2026\/01\/18\/sispc-comemora-eleicao-nacional-de-sara-santiago-ao-conselho-fiscal-da-cnte\/\"},\"wordCount\":223,\"commentCount\":0,\"publisher\":{\"@id\":\"https:\/\/compartilhabahia.com.br\/#organization\"},\"articleSection\":[\"Cama\u00e7ari\"],\"inLanguage\":\"pt-BR\",\"potentialAction\":[{\"@type\":\"CommentAction\",\"name\":\"Comment\",\"target\":[\"https:\/\/compartilhabahia.com.br\/index.php\/2026\/01\/18\/sispc-comemora-eleicao-nacional-de-sara-santiago-ao-conselho-fiscal-da-cnte\/#respond\"]}]},{\"@type\":\"WebPage\",\"@id\":\"https:\/\/compartilhabahia.com.br\/index.php\/2026\/01\/18\/sispc-comemora-eleicao-nacional-de-sara-santiago-ao-conselho-fiscal-da-cnte\/\",\"url\":\"https:\/\/compartilhabahia.com.br\/index.php\/2026\/01\/18\/sispc-comemora-eleicao-nacional-de-sara-santiago-ao-conselho-fiscal-da-cnte\/\",\"name\":\"SISPC comemora elei\u00e7\u00e3o nacional de Sara Santiago ao Conselho Fiscal da CNTE - Compartilha Bahia\",\"isPartOf\":{\"@id\":\"https:\/\/compartilhabahia.com.br\/#website\"},\"datePublished\":\"2026-01-18T22:04:18+00:00\",\"dateModified\":\"2026-01-18T22:04:20+00:00\",\"breadcrumb\":{\"@id\":\"https:\/\/compartilhabahia.com.br\/index.php\/2026\/01\/18\/sispc-comemora-eleicao-nacional-de-sara-santiago-ao-conselho-fiscal-da-cnte\/#breadcrumb\"},\"inLanguage\":\"pt-BR\",\"potentialAction\":[{\"@type\":\"ReadAction\",\"target\":[\"https:\/\/compartilhabahia.com.br\/index.php\/2026\/01\/18\/sispc-comemora-eleicao-nacional-de-sara-santiago-ao-conselho-fiscal-da-cnte\/\"]}]},{\"@type\":\"BreadcrumbList\",\"@id\":\"https:\/\/compartilhabahia.com.br\/index.php\/2026\/01\/18\/sispc-comemora-eleicao-nacional-de-sara-santiago-ao-conselho-fiscal-da-cnte\/#breadcrumb\",\"itemListElement\":[{\"@type\":\"ListItem\",\"position\":1,\"name\":\"In\u00edcio\",\"item\":\"https:\/\/compartilhabahia.com.br\/\"},{\"@type\":\"ListItem\",\"position\":2,\"name\":\"SISPC comemora elei\u00e7\u00e3o nacional de Sara Santiago ao Conselho Fiscal da CNTE\"}]},{\"@type\":\"WebSite\",\"@id\":\"https:\/\/compartilhabahia.com.br\/#website\",\"url\":\"https:\/\/compartilhabahia.com.br\/\",\"name\":\"Compartilha Bahia\",\"description\":\"\",\"publisher\":{\"@id\":\"https:\/\/compartilhabahia.com.br\/#organization\"},\"potentialAction\":[{\"@type\":\"SearchAction\",\"target\":{\"@type\":\"EntryPoint\",\"urlTemplate\":\"https:\/\/compartilhabahia.com.br\/?s={search_term_string}\"},\"query-input\":\"required name=search_term_string\"}],\"inLanguage\":\"pt-BR\"},{\"@type\":\"Organization\",\"@id\":\"https:\/\/compartilhabahia.com.br\/#organization\",\"name\":\"Compartilha Bahia\",\"url\":\"https:\/\/compartilhabahia.com.br\/\",\"logo\":{\"@type\":\"ImageObject\",\"inLanguage\":\"pt-BR\",\"@id\":\"https:\/\/compartilhabahia.com.br\/#\/schema\/logo\/image\/\",\"url\":\"https:\/\/compartilhabahia.com.br\/wp-content\/uploads\/2023\/12\/cropped-logo.png\",\"contentUrl\":\"https:\/\/compartilhabahia.com.br\/wp-content\/uploads\/2023\/12\/cropped-logo.png\",\"width\":300,\"height\":106,\"caption\":\"Compartilha Bahia\"},\"image\":{\"@id\":\"https:\/\/compartilhabahia.com.br\/#\/schema\/logo\/image\/\"},\"sameAs\":[\"https:\/\/web.facebook.com\/compartilhabahia\",\"https:\/\/www.instagram.com\/compartilhabahia\/\"]},{\"@type\":\"Person\",\"@id\":\"https:\/\/compartilhabahia.com.br\/#\/schema\/person\/9b4f0c3178793b8248d6686732521c04\",\"name\":\"admin\",\"image\":{\"@type\":\"ImageObject\",\"inLanguage\":\"pt-BR\",\"@id\":\"https:\/\/compartilhabahia.com.br\/#\/schema\/person\/image\/\",\"url\":\"https:\/\/secure.gravatar.com\/avatar\/9600df58751c5acbe914c538c03390ef649ea088cb65f84ba09c7ce66988eed6?s=96&d=mm&r=g\",\"contentUrl\":\"https:\/\/secure.gravatar.com\/avatar\/9600df58751c5acbe914c538c03390ef649ea088cb65f84ba09c7ce66988eed6?s=96&d=mm&r=g\",\"caption\":\"admin\"},\"sameAs\":[\"https:\/\/compartilhabahia.com.br\"],\"url\":\"https:\/\/compartilhabahia.com.br\/index.php\/author\/compartilhabahia\/\"}]}<\/script>\n<!-- \/ Yoast SEO plugin. -->","yoast_head_json":{"title":"SISPC comemora elei\u00e7\u00e3o nacional de Sara Santiago ao Conselho Fiscal da CNTE - Compartilha Bahia","robots":{"index":"index","follow":"follow","max-snippet":"max-snippet:-1","max-image-preview":"max-image-preview:large","max-video-preview":"max-video-preview:-1"},"canonical":"https:\/\/compartilhabahia.com.br\/index.php\/2026\/01\/18\/sispc-comemora-eleicao-nacional-de-sara-santiago-ao-conselho-fiscal-da-cnte\/","og_locale":"pt_BR","og_type":"article","og_title":"SISPC comemora elei\u00e7\u00e3o nacional de Sara Santiago ao Conselho Fiscal da CNTE - Compartilha Bahia","og_description":"Neste domingo (18) no perfil do Sindicato dos Professores de Cama\u00e7ari a diretoria e membros do SISPEC comemoram a elei\u00e7\u00e3o nacional da presidente Sara Santiago ao Conselho Fiscal da CNTE &#8211; Confedera\u00e7\u00e3o Nacional dos Trabalhadores em Educa\u00e7\u00e3o. &#8220;Neste domingo, a nossa categoria recebe com alegria a elei\u00e7\u00e3o da nossa presidenta. Fomos presenteados com a elei\u00e7\u00e3o [&hellip;]","og_url":"https:\/\/compartilhabahia.com.br\/index.php\/2026\/01\/18\/sispc-comemora-eleicao-nacional-de-sara-santiago-ao-conselho-fiscal-da-cnte\/","og_site_name":"Compartilha Bahia","article_publisher":"https:\/\/web.facebook.com\/compartilhabahia","article_published_time":"2026-01-18T22:04:18+00:00","article_modified_time":"2026-01-18T22:04:20+00:00","og_image":[{"width":720,"height":713,"url":"https:\/\/compartilhabahia.com.br\/wp-content\/uploads\/2026\/01\/saracnte.jpg","type":"image\/jpeg"}],"author":"admin","twitter_card":"summary_large_image","twitter_misc":{"Escrito por":"admin","Est. tempo de leitura":"2 minutos"},"schema":{"@context":"https:\/\/schema.org","@graph":[{"@type":"Article","@id":"https:\/\/compartilhabahia.com.br\/index.php\/2026\/01\/18\/sispc-comemora-eleicao-nacional-de-sara-santiago-ao-conselho-fiscal-da-cnte\/#article","isPartOf":{"@id":"https:\/\/compartilhabahia.com.br\/index.php\/2026\/01\/18\/sispc-comemora-eleicao-nacional-de-sara-santiago-ao-conselho-fiscal-da-cnte\/"},"author":{"name":"admin","@id":"https:\/\/compartilhabahia.com.br\/#\/schema\/person\/9b4f0c3178793b8248d6686732521c04"},"headline":"SISPC comemora elei\u00e7\u00e3o nacional de Sara Santiago ao Conselho Fiscal da CNTE","datePublished":"2026-01-18T22:04:18+00:00","dateModified":"2026-01-18T22:04:20+00:00","mainEntityOfPage":{"@id":"https:\/\/compartilhabahia.com.br\/index.php\/2026\/01\/18\/sispc-comemora-eleicao-nacional-de-sara-santiago-ao-conselho-fiscal-da-cnte\/"},"wordCount":223,"commentCount":0,"publisher":{"@id":"https:\/\/compartilhabahia.com.br\/#organization"},"articleSection":["Cama\u00e7ari"],"inLanguage":"pt-BR","potentialAction":[{"@type":"CommentAction","name":"Comment","target":["https:\/\/compartilhabahia.com.br\/index.php\/2026\/01\/18\/sispc-comemora-eleicao-nacional-de-sara-santiago-ao-conselho-fiscal-da-cnte\/#respond"]}]},{"@type":"WebPage","@id":"https:\/\/compartilhabahia.com.br\/index.php\/2026\/01\/18\/sispc-comemora-eleicao-nacional-de-sara-santiago-ao-conselho-fiscal-da-cnte\/","url":"https:\/\/compartilhabahia.com.br\/index.php\/2026\/01\/18\/sispc-comemora-eleicao-nacional-de-sara-santiago-ao-conselho-fiscal-da-cnte\/","name":"SISPC comemora elei\u00e7\u00e3o nacional de Sara Santiago ao Conselho Fiscal da CNTE - Compartilha Bahia","isPartOf":{"@id":"https:\/\/compartilhabahia.com.br\/#website"},"datePublished":"2026-01-18T22:04:18+00:00","dateModified":"2026-01-18T22:04:20+00:00","breadcrumb":{"@id":"https:\/\/compartilhabahia.com.br\/index.php\/2026\/01\/18\/sispc-comemora-eleicao-nacional-de-sara-santiago-ao-conselho-fiscal-da-cnte\/#breadcrumb"},"inLanguage":"pt-BR","potentialAction":[{"@type":"ReadAction","target":["https:\/\/compartilhabahia.com.br\/index.php\/2026\/01\/18\/sispc-comemora-eleicao-nacional-de-sara-santiago-ao-conselho-fiscal-da-cnte\/"]}]},{"@type":"BreadcrumbList","@id":"https:\/\/compartilhabahia.com.br\/index.php\/2026\/01\/18\/sispc-comemora-eleicao-nacional-de-sara-santiago-ao-conselho-fiscal-da-cnte\/#breadcrumb","itemListElement":[{"@type":"ListItem","position":1,"name":"In\u00edcio","item":"https:\/\/compartilhabahia.com.br\/"},{"@type":"ListItem","position":2,"name":"SISPC comemora elei\u00e7\u00e3o nacional de Sara Santiago ao Conselho Fiscal da CNTE"}]},{"@type":"WebSite","@id":"https:\/\/compartilhabahia.com.br\/#website","url":"https:\/\/compartilhabahia.com.br\/","name":"Compartilha Bahia","description":"","publisher":{"@id":"https:\/\/compartilhabahia.com.br\/#organization"},"potentialAction":[{"@type":"SearchAction","target":{"@type":"EntryPoint","urlTemplate":"https:\/\/compartilhabahia.com.br\/?s={search_term_string}"},"query-input":"required name=search_term_string"}],"inLanguage":"pt-BR"},{"@type":"Organization","@id":"https:\/\/compartilhabahia.com.br\/#organization","name":"Compartilha Bahia","url":"https:\/\/compartilhabahia.com.br\/","logo":{"@type":"ImageObject","inLanguage":"pt-BR","@id":"https:\/\/compartilhabahia.com.br\/#\/schema\/logo\/image\/","url":"https:\/\/compartilhabahia.com.br\/wp-content\/uploads\/2023\/12\/cropped-logo.png","contentUrl":"https:\/\/compartilhabahia.com.br\/wp-content\/uploads\/2023\/12\/cropped-logo.png","width":300,"height":106,"caption":"Compartilha Bahia"},"image":{"@id":"https:\/\/compartilhabahia.com.br\/#\/schema\/logo\/image\/"},"sameAs":["https:\/\/web.facebook.com\/compartilhabahia","https:\/\/www.instagram.com\/compartilhabahia\/"]},{"@type":"Person","@id":"https:\/\/compartilhabahia.com.br\/#\/schema\/person\/9b4f0c3178793b8248d6686732521c04","name":"admin","image":{"@type":"ImageObject","inLanguage":"pt-BR","@id":"https:\/\/compartilhabahia.com.br\/#\/schema\/person\/image\/","url":"https:\/\/secure.gravatar.com\/avatar\/9600df58751c5acbe914c538c03390ef649ea088cb65f84ba09c7ce66988eed6?s=96&d=mm&r=g","contentUrl":"https:\/\/secure.gravatar.com\/avatar\/9600df58751c5acbe914c538c03390ef649ea088cb65f84ba09c7ce66988eed6?s=96&d=mm&r=g","caption":"admin"},"sameAs":["https:\/\/compartilhabahia.com.br"],"url":"https:\/\/compartilhabahia.com.br\/index.php\/author\/compartilhabahia\/"}]}},"_links":{"self":[{"href":"https:\/\/compartilhabahia.com.br\/index.php\/wp-json\/wp\/v2\/posts\/8977","targetHints":{"allow":["GET"]}}],"collection":[{"href":"https:\/\/compartilhabahia.com.br\/index.php\/wp-json\/wp\/v2\/posts"}],"about":[{"href":"https:\/\/compartilhabahia.com.br\/index.php\/wp-json\/wp\/v2\/types\/post"}],"author":[{"embeddable":true,"href":"https:\/\/compartilhabahia.com.br\/index.php\/wp-json\/wp\/v2\/users\/1"}],"replies":[{"embeddable":true,"href":"https:\/\/compartilhabahia.com.br\/index.php\/wp-json\/wp\/v2\/comments?post=8977"}],"version-history":[{"count":1,"href":"https:\/\/compartilhabahia.com.br\/index.php\/wp-json\/wp\/v2\/posts\/8977\/revisions"}],"predecessor-version":[{"id":8979,"href":"https:\/\/compartilhabahia.com.br\/index.php\/wp-json\/wp\/v2\/posts\/8977\/revisions\/8979"}],"wp:featuredmedia":[{"embeddable":true,"href":"https:\/\/compartilhabahia.com.br\/index.php\/wp-json\/wp\/v2\/media\/8978"}],"wp:attachment":[{"href":"https:\/\/compartilhabahia.com.br\/index.php\/wp-json\/wp\/v2\/media?parent=8977"}],"wp:term":[{"taxonomy":"category","embeddable":true,"href":"https:\/\/compartilhabahia.com.br\/index.php\/wp-json\/wp\/v2\/categories?post=8977"},{"taxonomy":"post_tag","embeddable":true,"href":"https:\/\/compartilhabahia.com.br\/index.php\/wp-json\/wp\/v2\/tags?post=8977"}],"curies":[{"name":"wp","href":"https:\/\/api.w.org\/{rel}","templated":true}]}}