{"id":8973,"date":"2026-01-17T23:34:44","date_gmt":"2026-01-18T02:34:44","guid":{"rendered":"https:\/\/compartilhabahia.com.br\/?p=8973"},"modified":"2026-01-17T23:34:46","modified_gmt":"2026-01-18T02:34:46","slug":"em-defesa-da-vida-das-mulheres-ivoneide-caetano-lanca-movimento-contra-o-feminicidio","status":"publish","type":"post","link":"https:\/\/compartilhabahia.com.br\/index.php\/2026\/01\/17\/em-defesa-da-vida-das-mulheres-ivoneide-caetano-lanca-movimento-contra-o-feminicidio\/","title":{"rendered":"Em defesa da vida das mulheres, Ivoneide Caetano lan\u00e7a movimento contra o feminic\u00eddio"},"content":{"rendered":"\n<p>Diante do avan\u00e7o alarmante da viol\u00eancia contra as mulheres no Brasil, a deputada federal Ivoneide Caetano (PT) lan\u00e7ou neste s\u00e1bado (17), o movimento \u2018Mulheres Vivas \u2013 Basta de Feminic\u00eddio\u2019, uma iniciativa de mobiliza\u00e7\u00e3o social e incid\u00eancia pol\u00edtica que vai percorrer diversas cidades da Bahia com o objetivo de denunciar, conscientizar e construir solu\u00e7\u00f5es concretas para o enfrentamento ao feminic\u00eddio.<\/p>\n\n\n\n<p>Durante o lan\u00e7amento, que reuniu mais de 500 mulheres, a parlamentar destacou que o pa\u00eds vive um cen\u00e1rio preocupante. \u201cN\u00f3s estamos vivendo um momento muito preocupante no Brasil. Os \u00edndices de feminic\u00eddio seguem altos e continuam crescendo, infelizmente, o que revela que a viol\u00eancia contra as mulheres ainda \u00e9 um dos maiores desafios do pa\u00eds\u201d, pontuou.<\/p>\n\n\n\n<figure class=\"wp-block-image size-large\"><img loading=\"lazy\" decoding=\"async\" width=\"1024\" height=\"682\" src=\"https:\/\/compartilhabahia.com.br\/wp-content\/uploads\/2026\/01\/WhatsApp-Image-2026-01-17-at-16.40.19-1024x682.jpeg\" alt=\"\" class=\"wp-image-8975\" srcset=\"https:\/\/compartilhabahia.com.br\/wp-content\/uploads\/2026\/01\/WhatsApp-Image-2026-01-17-at-16.40.19-1024x682.jpeg 1024w, https:\/\/compartilhabahia.com.br\/wp-content\/uploads\/2026\/01\/WhatsApp-Image-2026-01-17-at-16.40.19-300x200.jpeg 300w, https:\/\/compartilhabahia.com.br\/wp-content\/uploads\/2026\/01\/WhatsApp-Image-2026-01-17-at-16.40.19-768x512.jpeg 768w, https:\/\/compartilhabahia.com.br\/wp-content\/uploads\/2026\/01\/WhatsApp-Image-2026-01-17-at-16.40.19-1200x800.jpeg 1200w, https:\/\/compartilhabahia.com.br\/wp-content\/uploads\/2026\/01\/WhatsApp-Image-2026-01-17-at-16.40.19.jpeg 1280w\" sizes=\"auto, (max-width: 1024px) 100vw, 1024px\" \/><\/figure>\n\n\n\n<p>Para Ivoneide, o enfrentamento \u00e0 viol\u00eancia de g\u00eanero exige mais do que indigna\u00e7\u00e3o: demanda pol\u00edticas p\u00fablicas estruturadas, leis eficazes e atua\u00e7\u00e3o firme do Estado. \u201cO nosso mandato est\u00e1 lan\u00e7ando o movimento Mulheres Vivas, uma iniciativa que nasce do di\u00e1logo com as mulheres, com os movimentos sociais e com o poder p\u00fablico. Vamos percorrer diversas cidades da Bahia para mobilizar, denunciar e construir solu\u00e7\u00f5es concretas\u201d.<\/p>\n\n\n\n<p>\u201cO movimento articula mobiliza\u00e7\u00e3o social, incid\u00eancia pol\u00edtica e fortalecimento da rede de prote\u00e7\u00e3o. Em cada cidade, queremos discutir preven\u00e7\u00e3o, acolhimento, acesso a direitos, funcionamento das pol\u00edticas p\u00fablicas e responsabilidade do Estado. \u00c9 um chamado \u00e0 a\u00e7\u00e3o para prefeitos, c\u00e2maras municipais, secretarias, sistema de justi\u00e7a e sociedade civil\u201d, explicou Ivoneide Caetano.<\/p>\n\n\n\n<p>O movimento Mulheres Vivas refor\u00e7a o compromisso do mandato com a defesa da vida, da dignidade e dos direitos das mulheres, transformando a luta contra a viol\u00eancia de g\u00eanero em uma agenda permanente de a\u00e7\u00e3o, escuta e cobran\u00e7a do poder p\u00fablico.<\/p>\n","protected":false},"excerpt":{"rendered":"<p>Diante do avan\u00e7o alarmante da viol\u00eancia contra as mulheres no Brasil, a deputada federal Ivoneide Caetano (PT) lan\u00e7ou neste s\u00e1bado (17), o movimento \u2018Mulheres Vivas \u2013 Basta de Feminic\u00eddio\u2019, uma iniciativa de mobiliza\u00e7\u00e3o social e incid\u00eancia pol\u00edtica que vai percorrer diversas cidades da Bahia com o objetivo de denunciar, conscientizar e construir solu\u00e7\u00f5es concretas para [&hellip;]<\/p>\n","protected":false},"author":1,"featured_media":8974,"comment_status":"open","ping_status":"open","sticky":false,"template":"","format":"standard","meta":{"footnotes":""},"categories":[8],"tags":[],"class_list":["post-8973","post","type-post","status-publish","format-standard","has-post-thumbnail","hentry","category-camacari"],"yoast_head":"<!-- This site is optimized with the Yoast SEO plugin v21.7 - https:\/\/yoast.com\/wordpress\/plugins\/seo\/ -->\n<title>Em defesa da vida das mulheres, Ivoneide Caetano lan\u00e7a movimento contra o feminic\u00eddio - Compartilha Bahia<\/title>\n<meta name=\"robots\" content=\"index, follow, max-snippet:-1, max-image-preview:large, max-video-preview:-1\" \/>\n<link rel=\"canonical\" href=\"https:\/\/compartilhabahia.com.br\/index.php\/2026\/01\/17\/em-defesa-da-vida-das-mulheres-ivoneide-caetano-lanca-movimento-contra-o-feminicidio\/\" \/>\n<meta property=\"og:locale\" content=\"pt_BR\" \/>\n<meta property=\"og:type\" content=\"article\" \/>\n<meta property=\"og:title\" content=\"Em defesa da vida das mulheres, Ivoneide Caetano lan\u00e7a movimento contra o feminic\u00eddio - Compartilha Bahia\" \/>\n<meta property=\"og:description\" content=\"Diante do avan\u00e7o alarmante da viol\u00eancia contra as mulheres no Brasil, a deputada federal Ivoneide Caetano (PT) lan\u00e7ou neste s\u00e1bado (17), o movimento \u2018Mulheres Vivas \u2013 Basta de Feminic\u00eddio\u2019, uma iniciativa de mobiliza\u00e7\u00e3o social e incid\u00eancia pol\u00edtica que vai percorrer diversas cidades da Bahia com o objetivo de denunciar, conscientizar e construir solu\u00e7\u00f5es concretas para [&hellip;]\" \/>\n<meta property=\"og:url\" content=\"https:\/\/compartilhabahia.com.br\/index.php\/2026\/01\/17\/em-defesa-da-vida-das-mulheres-ivoneide-caetano-lanca-movimento-contra-o-feminicidio\/\" \/>\n<meta property=\"og:site_name\" content=\"Compartilha Bahia\" \/>\n<meta property=\"article:publisher\" content=\"https:\/\/web.facebook.com\/compartilhabahia\" \/>\n<meta property=\"article:published_time\" content=\"2026-01-18T02:34:44+00:00\" \/>\n<meta property=\"article:modified_time\" content=\"2026-01-18T02:34:46+00:00\" \/>\n<meta property=\"og:image\" content=\"https:\/\/compartilhabahia.com.br\/wp-content\/uploads\/2026\/01\/mulheresvivas.jpg\" \/>\n\t<meta property=\"og:image:width\" content=\"640\" \/>\n\t<meta property=\"og:image:height\" content=\"427\" \/>\n\t<meta property=\"og:image:type\" content=\"image\/jpeg\" \/>\n<meta name=\"author\" content=\"admin\" \/>\n<meta name=\"twitter:card\" content=\"summary_large_image\" \/>\n<meta name=\"twitter:label1\" content=\"Escrito por\" \/>\n\t<meta name=\"twitter:data1\" content=\"admin\" \/>\n\t<meta name=\"twitter:label2\" content=\"Est. tempo de leitura\" \/>\n\t<meta name=\"twitter:data2\" content=\"2 minutos\" \/>\n<script type=\"application\/ld+json\" class=\"yoast-schema-graph\">{\"@context\":\"https:\/\/schema.org\",\"@graph\":[{\"@type\":\"Article\",\"@id\":\"https:\/\/compartilhabahia.com.br\/index.php\/2026\/01\/17\/em-defesa-da-vida-das-mulheres-ivoneide-caetano-lanca-movimento-contra-o-feminicidio\/#article\",\"isPartOf\":{\"@id\":\"https:\/\/compartilhabahia.com.br\/index.php\/2026\/01\/17\/em-defesa-da-vida-das-mulheres-ivoneide-caetano-lanca-movimento-contra-o-feminicidio\/\"},\"author\":{\"name\":\"admin\",\"@id\":\"https:\/\/compartilhabahia.com.br\/#\/schema\/person\/9b4f0c3178793b8248d6686732521c04\"},\"headline\":\"Em defesa da vida das mulheres, Ivoneide Caetano lan\u00e7a movimento contra o feminic\u00eddio\",\"datePublished\":\"2026-01-18T02:34:44+00:00\",\"dateModified\":\"2026-01-18T02:34:46+00:00\",\"mainEntityOfPage\":{\"@id\":\"https:\/\/compartilhabahia.com.br\/index.php\/2026\/01\/17\/em-defesa-da-vida-das-mulheres-ivoneide-caetano-lanca-movimento-contra-o-feminicidio\/\"},\"wordCount\":321,\"commentCount\":0,\"publisher\":{\"@id\":\"https:\/\/compartilhabahia.com.br\/#organization\"},\"articleSection\":[\"Cama\u00e7ari\"],\"inLanguage\":\"pt-BR\",\"potentialAction\":[{\"@type\":\"CommentAction\",\"name\":\"Comment\",\"target\":[\"https:\/\/compartilhabahia.com.br\/index.php\/2026\/01\/17\/em-defesa-da-vida-das-mulheres-ivoneide-caetano-lanca-movimento-contra-o-feminicidio\/#respond\"]}]},{\"@type\":\"WebPage\",\"@id\":\"https:\/\/compartilhabahia.com.br\/index.php\/2026\/01\/17\/em-defesa-da-vida-das-mulheres-ivoneide-caetano-lanca-movimento-contra-o-feminicidio\/\",\"url\":\"https:\/\/compartilhabahia.com.br\/index.php\/2026\/01\/17\/em-defesa-da-vida-das-mulheres-ivoneide-caetano-lanca-movimento-contra-o-feminicidio\/\",\"name\":\"Em defesa da vida das mulheres, Ivoneide Caetano lan\u00e7a movimento contra o feminic\u00eddio - Compartilha Bahia\",\"isPartOf\":{\"@id\":\"https:\/\/compartilhabahia.com.br\/#website\"},\"datePublished\":\"2026-01-18T02:34:44+00:00\",\"dateModified\":\"2026-01-18T02:34:46+00:00\",\"breadcrumb\":{\"@id\":\"https:\/\/compartilhabahia.com.br\/index.php\/2026\/01\/17\/em-defesa-da-vida-das-mulheres-ivoneide-caetano-lanca-movimento-contra-o-feminicidio\/#breadcrumb\"},\"inLanguage\":\"pt-BR\",\"potentialAction\":[{\"@type\":\"ReadAction\",\"target\":[\"https:\/\/compartilhabahia.com.br\/index.php\/2026\/01\/17\/em-defesa-da-vida-das-mulheres-ivoneide-caetano-lanca-movimento-contra-o-feminicidio\/\"]}]},{\"@type\":\"BreadcrumbList\",\"@id\":\"https:\/\/compartilhabahia.com.br\/index.php\/2026\/01\/17\/em-defesa-da-vida-das-mulheres-ivoneide-caetano-lanca-movimento-contra-o-feminicidio\/#breadcrumb\",\"itemListElement\":[{\"@type\":\"ListItem\",\"position\":1,\"name\":\"In\u00edcio\",\"item\":\"https:\/\/compartilhabahia.com.br\/\"},{\"@type\":\"ListItem\",\"position\":2,\"name\":\"Em defesa da vida das mulheres, Ivoneide Caetano lan\u00e7a movimento contra o feminic\u00eddio\"}]},{\"@type\":\"WebSite\",\"@id\":\"https:\/\/compartilhabahia.com.br\/#website\",\"url\":\"https:\/\/compartilhabahia.com.br\/\",\"name\":\"Compartilha Bahia\",\"description\":\"\",\"publisher\":{\"@id\":\"https:\/\/compartilhabahia.com.br\/#organization\"},\"potentialAction\":[{\"@type\":\"SearchAction\",\"target\":{\"@type\":\"EntryPoint\",\"urlTemplate\":\"https:\/\/compartilhabahia.com.br\/?s={search_term_string}\"},\"query-input\":\"required name=search_term_string\"}],\"inLanguage\":\"pt-BR\"},{\"@type\":\"Organization\",\"@id\":\"https:\/\/compartilhabahia.com.br\/#organization\",\"name\":\"Compartilha Bahia\",\"url\":\"https:\/\/compartilhabahia.com.br\/\",\"logo\":{\"@type\":\"ImageObject\",\"inLanguage\":\"pt-BR\",\"@id\":\"https:\/\/compartilhabahia.com.br\/#\/schema\/logo\/image\/\",\"url\":\"https:\/\/compartilhabahia.com.br\/wp-content\/uploads\/2023\/12\/cropped-logo.png\",\"contentUrl\":\"https:\/\/compartilhabahia.com.br\/wp-content\/uploads\/2023\/12\/cropped-logo.png\",\"width\":300,\"height\":106,\"caption\":\"Compartilha Bahia\"},\"image\":{\"@id\":\"https:\/\/compartilhabahia.com.br\/#\/schema\/logo\/image\/\"},\"sameAs\":[\"https:\/\/web.facebook.com\/compartilhabahia\",\"https:\/\/www.instagram.com\/compartilhabahia\/\"]},{\"@type\":\"Person\",\"@id\":\"https:\/\/compartilhabahia.com.br\/#\/schema\/person\/9b4f0c3178793b8248d6686732521c04\",\"name\":\"admin\",\"image\":{\"@type\":\"ImageObject\",\"inLanguage\":\"pt-BR\",\"@id\":\"https:\/\/compartilhabahia.com.br\/#\/schema\/person\/image\/\",\"url\":\"https:\/\/secure.gravatar.com\/avatar\/9600df58751c5acbe914c538c03390ef649ea088cb65f84ba09c7ce66988eed6?s=96&d=mm&r=g\",\"contentUrl\":\"https:\/\/secure.gravatar.com\/avatar\/9600df58751c5acbe914c538c03390ef649ea088cb65f84ba09c7ce66988eed6?s=96&d=mm&r=g\",\"caption\":\"admin\"},\"sameAs\":[\"https:\/\/compartilhabahia.com.br\"],\"url\":\"https:\/\/compartilhabahia.com.br\/index.php\/author\/compartilhabahia\/\"}]}<\/script>\n<!-- \/ Yoast SEO plugin. -->","yoast_head_json":{"title":"Em defesa da vida das mulheres, Ivoneide Caetano lan\u00e7a movimento contra o feminic\u00eddio - Compartilha Bahia","robots":{"index":"index","follow":"follow","max-snippet":"max-snippet:-1","max-image-preview":"max-image-preview:large","max-video-preview":"max-video-preview:-1"},"canonical":"https:\/\/compartilhabahia.com.br\/index.php\/2026\/01\/17\/em-defesa-da-vida-das-mulheres-ivoneide-caetano-lanca-movimento-contra-o-feminicidio\/","og_locale":"pt_BR","og_type":"article","og_title":"Em defesa da vida das mulheres, Ivoneide Caetano lan\u00e7a movimento contra o feminic\u00eddio - Compartilha Bahia","og_description":"Diante do avan\u00e7o alarmante da viol\u00eancia contra as mulheres no Brasil, a deputada federal Ivoneide Caetano (PT) lan\u00e7ou neste s\u00e1bado (17), o movimento \u2018Mulheres Vivas \u2013 Basta de Feminic\u00eddio\u2019, uma iniciativa de mobiliza\u00e7\u00e3o social e incid\u00eancia pol\u00edtica que vai percorrer diversas cidades da Bahia com o objetivo de denunciar, conscientizar e construir solu\u00e7\u00f5es concretas para [&hellip;]","og_url":"https:\/\/compartilhabahia.com.br\/index.php\/2026\/01\/17\/em-defesa-da-vida-das-mulheres-ivoneide-caetano-lanca-movimento-contra-o-feminicidio\/","og_site_name":"Compartilha Bahia","article_publisher":"https:\/\/web.facebook.com\/compartilhabahia","article_published_time":"2026-01-18T02:34:44+00:00","article_modified_time":"2026-01-18T02:34:46+00:00","og_image":[{"width":640,"height":427,"url":"https:\/\/compartilhabahia.com.br\/wp-content\/uploads\/2026\/01\/mulheresvivas.jpg","type":"image\/jpeg"}],"author":"admin","twitter_card":"summary_large_image","twitter_misc":{"Escrito por":"admin","Est. tempo de leitura":"2 minutos"},"schema":{"@context":"https:\/\/schema.org","@graph":[{"@type":"Article","@id":"https:\/\/compartilhabahia.com.br\/index.php\/2026\/01\/17\/em-defesa-da-vida-das-mulheres-ivoneide-caetano-lanca-movimento-contra-o-feminicidio\/#article","isPartOf":{"@id":"https:\/\/compartilhabahia.com.br\/index.php\/2026\/01\/17\/em-defesa-da-vida-das-mulheres-ivoneide-caetano-lanca-movimento-contra-o-feminicidio\/"},"author":{"name":"admin","@id":"https:\/\/compartilhabahia.com.br\/#\/schema\/person\/9b4f0c3178793b8248d6686732521c04"},"headline":"Em defesa da vida das mulheres, Ivoneide Caetano lan\u00e7a movimento contra o feminic\u00eddio","datePublished":"2026-01-18T02:34:44+00:00","dateModified":"2026-01-18T02:34:46+00:00","mainEntityOfPage":{"@id":"https:\/\/compartilhabahia.com.br\/index.php\/2026\/01\/17\/em-defesa-da-vida-das-mulheres-ivoneide-caetano-lanca-movimento-contra-o-feminicidio\/"},"wordCount":321,"commentCount":0,"publisher":{"@id":"https:\/\/compartilhabahia.com.br\/#organization"},"articleSection":["Cama\u00e7ari"],"inLanguage":"pt-BR","potentialAction":[{"@type":"CommentAction","name":"Comment","target":["https:\/\/compartilhabahia.com.br\/index.php\/2026\/01\/17\/em-defesa-da-vida-das-mulheres-ivoneide-caetano-lanca-movimento-contra-o-feminicidio\/#respond"]}]},{"@type":"WebPage","@id":"https:\/\/compartilhabahia.com.br\/index.php\/2026\/01\/17\/em-defesa-da-vida-das-mulheres-ivoneide-caetano-lanca-movimento-contra-o-feminicidio\/","url":"https:\/\/compartilhabahia.com.br\/index.php\/2026\/01\/17\/em-defesa-da-vida-das-mulheres-ivoneide-caetano-lanca-movimento-contra-o-feminicidio\/","name":"Em defesa da vida das mulheres, Ivoneide Caetano lan\u00e7a movimento contra o feminic\u00eddio - Compartilha Bahia","isPartOf":{"@id":"https:\/\/compartilhabahia.com.br\/#website"},"datePublished":"2026-01-18T02:34:44+00:00","dateModified":"2026-01-18T02:34:46+00:00","breadcrumb":{"@id":"https:\/\/compartilhabahia.com.br\/index.php\/2026\/01\/17\/em-defesa-da-vida-das-mulheres-ivoneide-caetano-lanca-movimento-contra-o-feminicidio\/#breadcrumb"},"inLanguage":"pt-BR","potentialAction":[{"@type":"ReadAction","target":["https:\/\/compartilhabahia.com.br\/index.php\/2026\/01\/17\/em-defesa-da-vida-das-mulheres-ivoneide-caetano-lanca-movimento-contra-o-feminicidio\/"]}]},{"@type":"BreadcrumbList","@id":"https:\/\/compartilhabahia.com.br\/index.php\/2026\/01\/17\/em-defesa-da-vida-das-mulheres-ivoneide-caetano-lanca-movimento-contra-o-feminicidio\/#breadcrumb","itemListElement":[{"@type":"ListItem","position":1,"name":"In\u00edcio","item":"https:\/\/compartilhabahia.com.br\/"},{"@type":"ListItem","position":2,"name":"Em defesa da vida das mulheres, Ivoneide Caetano lan\u00e7a movimento contra o feminic\u00eddio"}]},{"@type":"WebSite","@id":"https:\/\/compartilhabahia.com.br\/#website","url":"https:\/\/compartilhabahia.com.br\/","name":"Compartilha Bahia","description":"","publisher":{"@id":"https:\/\/compartilhabahia.com.br\/#organization"},"potentialAction":[{"@type":"SearchAction","target":{"@type":"EntryPoint","urlTemplate":"https:\/\/compartilhabahia.com.br\/?s={search_term_string}"},"query-input":"required name=search_term_string"}],"inLanguage":"pt-BR"},{"@type":"Organization","@id":"https:\/\/compartilhabahia.com.br\/#organization","name":"Compartilha Bahia","url":"https:\/\/compartilhabahia.com.br\/","logo":{"@type":"ImageObject","inLanguage":"pt-BR","@id":"https:\/\/compartilhabahia.com.br\/#\/schema\/logo\/image\/","url":"https:\/\/compartilhabahia.com.br\/wp-content\/uploads\/2023\/12\/cropped-logo.png","contentUrl":"https:\/\/compartilhabahia.com.br\/wp-content\/uploads\/2023\/12\/cropped-logo.png","width":300,"height":106,"caption":"Compartilha Bahia"},"image":{"@id":"https:\/\/compartilhabahia.com.br\/#\/schema\/logo\/image\/"},"sameAs":["https:\/\/web.facebook.com\/compartilhabahia","https:\/\/www.instagram.com\/compartilhabahia\/"]},{"@type":"Person","@id":"https:\/\/compartilhabahia.com.br\/#\/schema\/person\/9b4f0c3178793b8248d6686732521c04","name":"admin","image":{"@type":"ImageObject","inLanguage":"pt-BR","@id":"https:\/\/compartilhabahia.com.br\/#\/schema\/person\/image\/","url":"https:\/\/secure.gravatar.com\/avatar\/9600df58751c5acbe914c538c03390ef649ea088cb65f84ba09c7ce66988eed6?s=96&d=mm&r=g","contentUrl":"https:\/\/secure.gravatar.com\/avatar\/9600df58751c5acbe914c538c03390ef649ea088cb65f84ba09c7ce66988eed6?s=96&d=mm&r=g","caption":"admin"},"sameAs":["https:\/\/compartilhabahia.com.br"],"url":"https:\/\/compartilhabahia.com.br\/index.php\/author\/compartilhabahia\/"}]}},"_links":{"self":[{"href":"https:\/\/compartilhabahia.com.br\/index.php\/wp-json\/wp\/v2\/posts\/8973","targetHints":{"allow":["GET"]}}],"collection":[{"href":"https:\/\/compartilhabahia.com.br\/index.php\/wp-json\/wp\/v2\/posts"}],"about":[{"href":"https:\/\/compartilhabahia.com.br\/index.php\/wp-json\/wp\/v2\/types\/post"}],"author":[{"embeddable":true,"href":"https:\/\/compartilhabahia.com.br\/index.php\/wp-json\/wp\/v2\/users\/1"}],"replies":[{"embeddable":true,"href":"https:\/\/compartilhabahia.com.br\/index.php\/wp-json\/wp\/v2\/comments?post=8973"}],"version-history":[{"count":1,"href":"https:\/\/compartilhabahia.com.br\/index.php\/wp-json\/wp\/v2\/posts\/8973\/revisions"}],"predecessor-version":[{"id":8976,"href":"https:\/\/compartilhabahia.com.br\/index.php\/wp-json\/wp\/v2\/posts\/8973\/revisions\/8976"}],"wp:featuredmedia":[{"embeddable":true,"href":"https:\/\/compartilhabahia.com.br\/index.php\/wp-json\/wp\/v2\/media\/8974"}],"wp:attachment":[{"href":"https:\/\/compartilhabahia.com.br\/index.php\/wp-json\/wp\/v2\/media?parent=8973"}],"wp:term":[{"taxonomy":"category","embeddable":true,"href":"https:\/\/compartilhabahia.com.br\/index.php\/wp-json\/wp\/v2\/categories?post=8973"},{"taxonomy":"post_tag","embeddable":true,"href":"https:\/\/compartilhabahia.com.br\/index.php\/wp-json\/wp\/v2\/tags?post=8973"}],"curies":[{"name":"wp","href":"https:\/\/api.w.org\/{rel}","templated":true}]}}