{"id":8969,"date":"2026-01-17T23:26:32","date_gmt":"2026-01-18T02:26:32","guid":{"rendered":"https:\/\/compartilhabahia.com.br\/?p=8969"},"modified":"2026-01-17T23:26:34","modified_gmt":"2026-01-18T02:26:34","slug":"camacari-fortalece-compromisso-com-a-igualdade-racial-e-a-juventude-negra-em-visita-da-ministra-anielle-franco","status":"publish","type":"post","link":"https:\/\/compartilhabahia.com.br\/index.php\/2026\/01\/17\/camacari-fortalece-compromisso-com-a-igualdade-racial-e-a-juventude-negra-em-visita-da-ministra-anielle-franco\/","title":{"rendered":"Cama\u00e7ari fortalece compromisso com a igualdade racial e a juventude negra em visita da ministra Anielle Franco"},"content":{"rendered":"\n<p>Cama\u00e7ari vive, nesta sexta-feira (16), um dia marcado pelo di\u00e1logo, pela ancestralidade e pelo fortalecimento de pol\u00edticas p\u00fablicas voltadas \u00e0 promo\u00e7\u00e3o da igualdade racial e \u00e0 prote\u00e7\u00e3o da juventude negra. O munic\u00edpio recebe a ministra da Igualdade Racial, Anielle Franco, em uma agenda que reafirma o compromisso coletivo entre os governos federal, estadual e municipal na constru\u00e7\u00e3o de uma sociedade mais justa e inclusiva.<\/p>\n\n\n\n<p>A visita teve in\u00edcio logo no in\u00edcio da manh\u00e3, no gabinete do prefeito Luiz Caetano, onde foi realizado um di\u00e1logo sobre a ades\u00e3o de Cama\u00e7ari ao Plano Juventude Negra Viva, pol\u00edtica do Governo Federal voltada ao enfrentamento da viol\u00eancia letal e das vulnerabilidades que atingem a juventude negra.<\/p>\n\n\n\n<figure class=\"wp-block-image size-large\"><img loading=\"lazy\" decoding=\"async\" width=\"1024\" height=\"683\" src=\"https:\/\/compartilhabahia.com.br\/wp-content\/uploads\/2026\/01\/WhatsApp-Image-2026-01-16-at-18.19.37-1024x683.jpeg\" alt=\"\" class=\"wp-image-8971\" srcset=\"https:\/\/compartilhabahia.com.br\/wp-content\/uploads\/2026\/01\/WhatsApp-Image-2026-01-16-at-18.19.37-1024x683.jpeg 1024w, https:\/\/compartilhabahia.com.br\/wp-content\/uploads\/2026\/01\/WhatsApp-Image-2026-01-16-at-18.19.37-300x200.jpeg 300w, https:\/\/compartilhabahia.com.br\/wp-content\/uploads\/2026\/01\/WhatsApp-Image-2026-01-16-at-18.19.37-768x512.jpeg 768w, https:\/\/compartilhabahia.com.br\/wp-content\/uploads\/2026\/01\/WhatsApp-Image-2026-01-16-at-18.19.37-1200x800.jpeg 1200w, https:\/\/compartilhabahia.com.br\/wp-content\/uploads\/2026\/01\/WhatsApp-Image-2026-01-16-at-18.19.37.jpeg 1280w\" sizes=\"auto, (max-width: 1024px) 100vw, 1024px\" \/><\/figure>\n\n\n\n<p>Ao falar sobre a alegria de estar no munic\u00edpio, a ministra Anielle Franco destacou a import\u00e2ncia da vontade pol\u00edtica e da atua\u00e7\u00e3o conjunta entre os entes federativos. \u201cEstamos aqui unidos pela vontade pol\u00edtica de fazer pelos seus. Essa luta precisa ser coletiva tamb\u00e9m na ponta, para que essas pol\u00edticas cheguem \u00e0s cidades. Esse foi um pedido do presidente Lula: fortalecer a ponte entre o governo federal, os governos estaduais e os prefeitos, especialmente neste momento de retomada\u201d, afirmou, agradecendo \u00e0 Prefeitura de Cama\u00e7ari pela responsabilidade coletiva ao aderir ao plano.<\/p>\n\n\n\n<p>O prefeito Luiz Caetano ressaltou que Cama\u00e7ari \u00e9 uma cidade majoritariamente negra e que pol\u00edticas p\u00fablicas alinhadas entre os tr\u00eas n\u00edveis de governo s\u00e3o fundamentais. \u201cPrecisamos de a\u00e7\u00f5es voltadas \u00e0 juventude, que a afastem do caminho das drogas e a aproximem da escola, da forma\u00e7\u00e3o e das oportunidades. Estamos vivendo um momento de reconstru\u00e7\u00e3o, de fortalecimento da for\u00e7a popular e dos movimentos sociais, trabalhando de forma unida para promover melhorias reais na vida da nossa popula\u00e7\u00e3o\u201d, destacou.<\/p>\n\n\n\n<p>Presente na agenda, a secret\u00e1ria estadual de Promo\u00e7\u00e3o da Igualdade Racial e dos Povos e Comunidades Tradicionais, \u00c2ngela Guimar\u00e3es, tamb\u00e9m refor\u00e7ou a import\u00e2ncia da articula\u00e7\u00e3o interinstitucional. \u201c\u00c9 um alinhamento essencial para promover a\u00e7\u00f5es de fortalecimento para quem mais precisa, cuidando da nossa gente. Fazemos isso de forma transversal, integrando educa\u00e7\u00e3o, cultura, juventude, mulheres e outras pautas, com o prop\u00f3sito de assegurar equidade de oportunidades\u201d, pontuou.<\/p>\n\n\n\n<p>Dando sequ\u00eancia \u00e0 programa\u00e7\u00e3o, a comitiva seguiu para o Unz\u00f3 Tat\u00eato de Lemb\u00e1, terreiro de candombl\u00e9 tombado como Patrim\u00f4nio Cultural de Cama\u00e7ari. Na oportunidade, o espa\u00e7o recebeu o t\u00edtulo Hon\u00f3rio de Promotor da Igualdade Racial, em reconhecimento por ser um territ\u00f3rio ancestral, guardi\u00e3o da mem\u00f3ria e da hist\u00f3ria da Na\u00e7\u00e3o Angola no Brasil.<\/p>\n\n\n\n<p>No local tamb\u00e9m funciona a Escola Municipal Zumbi dos Palmares, refer\u00eancia no \u00cdndice de Desenvolvimento da Educa\u00e7\u00e3o B\u00e1sica (Ideb) e exemplo de educa\u00e7\u00e3o comprometida com identidade, pertencimento e excel\u00eancia.<\/p>\n\n\n\n<p>Durante o descerramento da placa que oficializou o t\u00edtulo ao terreiro, a ministra Anielle Franco se emocionou. \u201cO que \u00e9 feito aqui \u00e9 indescrit\u00edvel. Esse \u00e9 o Brasil que a gente merece. \u00c9 um trabalho que precisa ser reverberado. Saio daqui fortalecida para seguir na luta\u201d, declarou.<\/p>\n\n\n\n<p>O sacerdote da casa e fundador da unidade de ensino, Tata Ricardo Tavares, destacou o trabalho desenvolvido junto \u00e0 comunidade. \u201cAtuamos com uma comunidade remanescente rural e aplicamos a metodologia dos saberes ancestrais, trabalhando identidade e pertencimento\u201d, disse, ao tamb\u00e9m falar sobre a import\u00e2ncia da repara\u00e7\u00e3o no pa\u00eds e da conviv\u00eancia respeitosa entre as diferentes religi\u00f5es.<\/p>\n\n\n\n<p>A diretora da Escola Zumbi dos Palmares, Dionara Matos, celebrou o reconhecimento ao trabalho cont\u00ednuo da unidade. \u201c\u00c9 gratificante receber a ministra da Igualdade Racial. Esse \u00e9 um trabalho que desenvolvemos aqui durante todo o ano, onde a gente buscar levar para os meninos e meninas a valoriza\u00e7\u00e3o da identidade. Como resultado, a escola vem se destacando ao longo dos anos nos indicadores educacionais, conseguimos ficar entre as melhores notas\u201d, pontuou. A unidade atende atualmente 132 alunos da Educa\u00e7\u00e3o Infantil e do Ensino Fundamental I.<\/p>\n\n\n\n<p>Na ocasi\u00e3o, alunas da escola realizaram apresenta\u00e7\u00f5es culturais que celebraram a ancestralidade e a cultura afro-brasileira. Um dos momentos mais marcantes foi a leitura de uma carta feita por Daniele Farias, 20 anos, primeira aluna da Escola Zumbi dos Palmares. Em sua fala, ela destacou a import\u00e2ncia da institui\u00e7\u00e3o em sua forma\u00e7\u00e3o, al\u00e9m da representatividade de Anielle Franco. \u201cAqui aprendi a ler, a escrever e a me reconhecer enquanto mulher negra. Hoje curso o 7\u00ba semestre de Direito, um sonho nutrido e estimulado todos os dias nesta escola. A exist\u00eancia de Anielle e de Marielle Franco reafirma a for\u00e7a da mulher negra e me faz acreditar que sou capaz. Obrigada por fortalecer nossa luta cotidiana\u201d, declarou, ao se dirigir a ministra.<\/p>\n\n\n\n<p>A agenda contou com a presen\u00e7a de secret\u00e1rios municipais, vereadores e representantes do Minist\u00e9rio da Igualdade Racial (MIR), entre eles os secret\u00e1rios de Pol\u00edticas de A\u00e7\u00f5es Afirmativas e Combate ao Racismo, Tiago Santana; e de Gest\u00e3o do Sistema Nacional de Promo\u00e7\u00e3o da Igualdade Racial, Cl\u00e9disson Geraldo dos Santos; al\u00e9m da chefe de gabinete da Secretaria de Pol\u00edticas para Quilombolas, Povos e Comunidades Tradicionais de Matriz Africana, Povos de Terreiros e Ciganos (SQPT), Francinete Pereira.<\/p>\n\n\n\n<p>A visita da ministra Anielle Franco a Cama\u00e7ari seguiu ao longo da tarde, na Cidade do Saber, com a realiza\u00e7\u00e3o do evento Caminhos Abertos para a Igualdade Racial e o lan\u00e7amento oficial da campanha Carnaval Sem Racismo, refor\u00e7ando o compromisso do munic\u00edpio com pol\u00edticas p\u00fablicas que promovem respeito, equidade e dignidade para todos.<\/p>\n\n\n\n<p>Fotos: Patrick Abreu<\/p>\n","protected":false},"excerpt":{"rendered":"<p>Cama\u00e7ari vive, nesta sexta-feira (16), um dia marcado pelo di\u00e1logo, pela ancestralidade e pelo fortalecimento de pol\u00edticas p\u00fablicas voltadas \u00e0 promo\u00e7\u00e3o da igualdade racial e \u00e0 prote\u00e7\u00e3o da juventude negra. O munic\u00edpio recebe a ministra da Igualdade Racial, Anielle Franco, em uma agenda que reafirma o compromisso coletivo entre os governos federal, estadual e municipal [&hellip;]<\/p>\n","protected":false},"author":1,"featured_media":8970,"comment_status":"open","ping_status":"open","sticky":false,"template":"","format":"standard","meta":{"footnotes":""},"categories":[1],"tags":[],"class_list":["post-8969","post","type-post","status-publish","format-standard","has-post-thumbnail","hentry","category-mundo"],"yoast_head":"<!-- This site is optimized with the Yoast SEO plugin v21.7 - https:\/\/yoast.com\/wordpress\/plugins\/seo\/ -->\n<title>Cama\u00e7ari fortalece compromisso com a igualdade racial e a juventude negra em visita da ministra Anielle Franco - Compartilha Bahia<\/title>\n<meta name=\"robots\" content=\"index, follow, max-snippet:-1, max-image-preview:large, max-video-preview:-1\" \/>\n<link rel=\"canonical\" href=\"https:\/\/compartilhabahia.com.br\/index.php\/2026\/01\/17\/camacari-fortalece-compromisso-com-a-igualdade-racial-e-a-juventude-negra-em-visita-da-ministra-anielle-franco\/\" \/>\n<meta property=\"og:locale\" content=\"pt_BR\" \/>\n<meta property=\"og:type\" content=\"article\" \/>\n<meta property=\"og:title\" content=\"Cama\u00e7ari fortalece compromisso com a igualdade racial e a juventude negra em visita da ministra Anielle Franco - Compartilha Bahia\" \/>\n<meta property=\"og:description\" content=\"Cama\u00e7ari vive, nesta sexta-feira (16), um dia marcado pelo di\u00e1logo, pela ancestralidade e pelo fortalecimento de pol\u00edticas p\u00fablicas voltadas \u00e0 promo\u00e7\u00e3o da igualdade racial e \u00e0 prote\u00e7\u00e3o da juventude negra. O munic\u00edpio recebe a ministra da Igualdade Racial, Anielle Franco, em uma agenda que reafirma o compromisso coletivo entre os governos federal, estadual e municipal [&hellip;]\" \/>\n<meta property=\"og:url\" content=\"https:\/\/compartilhabahia.com.br\/index.php\/2026\/01\/17\/camacari-fortalece-compromisso-com-a-igualdade-racial-e-a-juventude-negra-em-visita-da-ministra-anielle-franco\/\" \/>\n<meta property=\"og:site_name\" content=\"Compartilha Bahia\" \/>\n<meta property=\"article:publisher\" content=\"https:\/\/web.facebook.com\/compartilhabahia\" \/>\n<meta property=\"article:published_time\" content=\"2026-01-18T02:26:32+00:00\" \/>\n<meta property=\"article:modified_time\" content=\"2026-01-18T02:26:34+00:00\" \/>\n<meta property=\"og:image\" content=\"https:\/\/compartilhabahia.com.br\/wp-content\/uploads\/2026\/01\/visitaministra.jpg\" \/>\n\t<meta property=\"og:image:width\" content=\"800\" \/>\n\t<meta property=\"og:image:height\" content=\"535\" \/>\n\t<meta property=\"og:image:type\" content=\"image\/jpeg\" \/>\n<meta name=\"author\" content=\"admin\" \/>\n<meta name=\"twitter:card\" content=\"summary_large_image\" \/>\n<meta name=\"twitter:label1\" content=\"Escrito por\" \/>\n\t<meta name=\"twitter:data1\" content=\"admin\" \/>\n\t<meta name=\"twitter:label2\" content=\"Est. tempo de leitura\" \/>\n\t<meta name=\"twitter:data2\" content=\"6 minutos\" \/>\n<script type=\"application\/ld+json\" class=\"yoast-schema-graph\">{\"@context\":\"https:\/\/schema.org\",\"@graph\":[{\"@type\":\"Article\",\"@id\":\"https:\/\/compartilhabahia.com.br\/index.php\/2026\/01\/17\/camacari-fortalece-compromisso-com-a-igualdade-racial-e-a-juventude-negra-em-visita-da-ministra-anielle-franco\/#article\",\"isPartOf\":{\"@id\":\"https:\/\/compartilhabahia.com.br\/index.php\/2026\/01\/17\/camacari-fortalece-compromisso-com-a-igualdade-racial-e-a-juventude-negra-em-visita-da-ministra-anielle-franco\/\"},\"author\":{\"name\":\"admin\",\"@id\":\"https:\/\/compartilhabahia.com.br\/#\/schema\/person\/9b4f0c3178793b8248d6686732521c04\"},\"headline\":\"Cama\u00e7ari fortalece compromisso com a igualdade racial e a juventude negra em visita da ministra Anielle Franco\",\"datePublished\":\"2026-01-18T02:26:32+00:00\",\"dateModified\":\"2026-01-18T02:26:34+00:00\",\"mainEntityOfPage\":{\"@id\":\"https:\/\/compartilhabahia.com.br\/index.php\/2026\/01\/17\/camacari-fortalece-compromisso-com-a-igualdade-racial-e-a-juventude-negra-em-visita-da-ministra-anielle-franco\/\"},\"wordCount\":965,\"commentCount\":0,\"publisher\":{\"@id\":\"https:\/\/compartilhabahia.com.br\/#organization\"},\"articleSection\":[\"Mundo\"],\"inLanguage\":\"pt-BR\",\"potentialAction\":[{\"@type\":\"CommentAction\",\"name\":\"Comment\",\"target\":[\"https:\/\/compartilhabahia.com.br\/index.php\/2026\/01\/17\/camacari-fortalece-compromisso-com-a-igualdade-racial-e-a-juventude-negra-em-visita-da-ministra-anielle-franco\/#respond\"]}]},{\"@type\":\"WebPage\",\"@id\":\"https:\/\/compartilhabahia.com.br\/index.php\/2026\/01\/17\/camacari-fortalece-compromisso-com-a-igualdade-racial-e-a-juventude-negra-em-visita-da-ministra-anielle-franco\/\",\"url\":\"https:\/\/compartilhabahia.com.br\/index.php\/2026\/01\/17\/camacari-fortalece-compromisso-com-a-igualdade-racial-e-a-juventude-negra-em-visita-da-ministra-anielle-franco\/\",\"name\":\"Cama\u00e7ari fortalece compromisso com a igualdade racial e a juventude negra em visita da ministra Anielle Franco - Compartilha Bahia\",\"isPartOf\":{\"@id\":\"https:\/\/compartilhabahia.com.br\/#website\"},\"datePublished\":\"2026-01-18T02:26:32+00:00\",\"dateModified\":\"2026-01-18T02:26:34+00:00\",\"breadcrumb\":{\"@id\":\"https:\/\/compartilhabahia.com.br\/index.php\/2026\/01\/17\/camacari-fortalece-compromisso-com-a-igualdade-racial-e-a-juventude-negra-em-visita-da-ministra-anielle-franco\/#breadcrumb\"},\"inLanguage\":\"pt-BR\",\"potentialAction\":[{\"@type\":\"ReadAction\",\"target\":[\"https:\/\/compartilhabahia.com.br\/index.php\/2026\/01\/17\/camacari-fortalece-compromisso-com-a-igualdade-racial-e-a-juventude-negra-em-visita-da-ministra-anielle-franco\/\"]}]},{\"@type\":\"BreadcrumbList\",\"@id\":\"https:\/\/compartilhabahia.com.br\/index.php\/2026\/01\/17\/camacari-fortalece-compromisso-com-a-igualdade-racial-e-a-juventude-negra-em-visita-da-ministra-anielle-franco\/#breadcrumb\",\"itemListElement\":[{\"@type\":\"ListItem\",\"position\":1,\"name\":\"In\u00edcio\",\"item\":\"https:\/\/compartilhabahia.com.br\/\"},{\"@type\":\"ListItem\",\"position\":2,\"name\":\"Cama\u00e7ari fortalece compromisso com a igualdade racial e a juventude negra em visita da ministra Anielle Franco\"}]},{\"@type\":\"WebSite\",\"@id\":\"https:\/\/compartilhabahia.com.br\/#website\",\"url\":\"https:\/\/compartilhabahia.com.br\/\",\"name\":\"Compartilha Bahia\",\"description\":\"\",\"publisher\":{\"@id\":\"https:\/\/compartilhabahia.com.br\/#organization\"},\"potentialAction\":[{\"@type\":\"SearchAction\",\"target\":{\"@type\":\"EntryPoint\",\"urlTemplate\":\"https:\/\/compartilhabahia.com.br\/?s={search_term_string}\"},\"query-input\":\"required name=search_term_string\"}],\"inLanguage\":\"pt-BR\"},{\"@type\":\"Organization\",\"@id\":\"https:\/\/compartilhabahia.com.br\/#organization\",\"name\":\"Compartilha Bahia\",\"url\":\"https:\/\/compartilhabahia.com.br\/\",\"logo\":{\"@type\":\"ImageObject\",\"inLanguage\":\"pt-BR\",\"@id\":\"https:\/\/compartilhabahia.com.br\/#\/schema\/logo\/image\/\",\"url\":\"https:\/\/compartilhabahia.com.br\/wp-content\/uploads\/2023\/12\/cropped-logo.png\",\"contentUrl\":\"https:\/\/compartilhabahia.com.br\/wp-content\/uploads\/2023\/12\/cropped-logo.png\",\"width\":300,\"height\":106,\"caption\":\"Compartilha Bahia\"},\"image\":{\"@id\":\"https:\/\/compartilhabahia.com.br\/#\/schema\/logo\/image\/\"},\"sameAs\":[\"https:\/\/web.facebook.com\/compartilhabahia\",\"https:\/\/www.instagram.com\/compartilhabahia\/\"]},{\"@type\":\"Person\",\"@id\":\"https:\/\/compartilhabahia.com.br\/#\/schema\/person\/9b4f0c3178793b8248d6686732521c04\",\"name\":\"admin\",\"image\":{\"@type\":\"ImageObject\",\"inLanguage\":\"pt-BR\",\"@id\":\"https:\/\/compartilhabahia.com.br\/#\/schema\/person\/image\/\",\"url\":\"https:\/\/secure.gravatar.com\/avatar\/9600df58751c5acbe914c538c03390ef649ea088cb65f84ba09c7ce66988eed6?s=96&d=mm&r=g\",\"contentUrl\":\"https:\/\/secure.gravatar.com\/avatar\/9600df58751c5acbe914c538c03390ef649ea088cb65f84ba09c7ce66988eed6?s=96&d=mm&r=g\",\"caption\":\"admin\"},\"sameAs\":[\"https:\/\/compartilhabahia.com.br\"],\"url\":\"https:\/\/compartilhabahia.com.br\/index.php\/author\/compartilhabahia\/\"}]}<\/script>\n<!-- \/ Yoast SEO plugin. -->","yoast_head_json":{"title":"Cama\u00e7ari fortalece compromisso com a igualdade racial e a juventude negra em visita da ministra Anielle Franco - Compartilha Bahia","robots":{"index":"index","follow":"follow","max-snippet":"max-snippet:-1","max-image-preview":"max-image-preview:large","max-video-preview":"max-video-preview:-1"},"canonical":"https:\/\/compartilhabahia.com.br\/index.php\/2026\/01\/17\/camacari-fortalece-compromisso-com-a-igualdade-racial-e-a-juventude-negra-em-visita-da-ministra-anielle-franco\/","og_locale":"pt_BR","og_type":"article","og_title":"Cama\u00e7ari fortalece compromisso com a igualdade racial e a juventude negra em visita da ministra Anielle Franco - Compartilha Bahia","og_description":"Cama\u00e7ari vive, nesta sexta-feira (16), um dia marcado pelo di\u00e1logo, pela ancestralidade e pelo fortalecimento de pol\u00edticas p\u00fablicas voltadas \u00e0 promo\u00e7\u00e3o da igualdade racial e \u00e0 prote\u00e7\u00e3o da juventude negra. O munic\u00edpio recebe a ministra da Igualdade Racial, Anielle Franco, em uma agenda que reafirma o compromisso coletivo entre os governos federal, estadual e municipal [&hellip;]","og_url":"https:\/\/compartilhabahia.com.br\/index.php\/2026\/01\/17\/camacari-fortalece-compromisso-com-a-igualdade-racial-e-a-juventude-negra-em-visita-da-ministra-anielle-franco\/","og_site_name":"Compartilha Bahia","article_publisher":"https:\/\/web.facebook.com\/compartilhabahia","article_published_time":"2026-01-18T02:26:32+00:00","article_modified_time":"2026-01-18T02:26:34+00:00","og_image":[{"width":800,"height":535,"url":"https:\/\/compartilhabahia.com.br\/wp-content\/uploads\/2026\/01\/visitaministra.jpg","type":"image\/jpeg"}],"author":"admin","twitter_card":"summary_large_image","twitter_misc":{"Escrito por":"admin","Est. tempo de leitura":"6 minutos"},"schema":{"@context":"https:\/\/schema.org","@graph":[{"@type":"Article","@id":"https:\/\/compartilhabahia.com.br\/index.php\/2026\/01\/17\/camacari-fortalece-compromisso-com-a-igualdade-racial-e-a-juventude-negra-em-visita-da-ministra-anielle-franco\/#article","isPartOf":{"@id":"https:\/\/compartilhabahia.com.br\/index.php\/2026\/01\/17\/camacari-fortalece-compromisso-com-a-igualdade-racial-e-a-juventude-negra-em-visita-da-ministra-anielle-franco\/"},"author":{"name":"admin","@id":"https:\/\/compartilhabahia.com.br\/#\/schema\/person\/9b4f0c3178793b8248d6686732521c04"},"headline":"Cama\u00e7ari fortalece compromisso com a igualdade racial e a juventude negra em visita da ministra Anielle Franco","datePublished":"2026-01-18T02:26:32+00:00","dateModified":"2026-01-18T02:26:34+00:00","mainEntityOfPage":{"@id":"https:\/\/compartilhabahia.com.br\/index.php\/2026\/01\/17\/camacari-fortalece-compromisso-com-a-igualdade-racial-e-a-juventude-negra-em-visita-da-ministra-anielle-franco\/"},"wordCount":965,"commentCount":0,"publisher":{"@id":"https:\/\/compartilhabahia.com.br\/#organization"},"articleSection":["Mundo"],"inLanguage":"pt-BR","potentialAction":[{"@type":"CommentAction","name":"Comment","target":["https:\/\/compartilhabahia.com.br\/index.php\/2026\/01\/17\/camacari-fortalece-compromisso-com-a-igualdade-racial-e-a-juventude-negra-em-visita-da-ministra-anielle-franco\/#respond"]}]},{"@type":"WebPage","@id":"https:\/\/compartilhabahia.com.br\/index.php\/2026\/01\/17\/camacari-fortalece-compromisso-com-a-igualdade-racial-e-a-juventude-negra-em-visita-da-ministra-anielle-franco\/","url":"https:\/\/compartilhabahia.com.br\/index.php\/2026\/01\/17\/camacari-fortalece-compromisso-com-a-igualdade-racial-e-a-juventude-negra-em-visita-da-ministra-anielle-franco\/","name":"Cama\u00e7ari fortalece compromisso com a igualdade racial e a juventude negra em visita da ministra Anielle Franco - Compartilha Bahia","isPartOf":{"@id":"https:\/\/compartilhabahia.com.br\/#website"},"datePublished":"2026-01-18T02:26:32+00:00","dateModified":"2026-01-18T02:26:34+00:00","breadcrumb":{"@id":"https:\/\/compartilhabahia.com.br\/index.php\/2026\/01\/17\/camacari-fortalece-compromisso-com-a-igualdade-racial-e-a-juventude-negra-em-visita-da-ministra-anielle-franco\/#breadcrumb"},"inLanguage":"pt-BR","potentialAction":[{"@type":"ReadAction","target":["https:\/\/compartilhabahia.com.br\/index.php\/2026\/01\/17\/camacari-fortalece-compromisso-com-a-igualdade-racial-e-a-juventude-negra-em-visita-da-ministra-anielle-franco\/"]}]},{"@type":"BreadcrumbList","@id":"https:\/\/compartilhabahia.com.br\/index.php\/2026\/01\/17\/camacari-fortalece-compromisso-com-a-igualdade-racial-e-a-juventude-negra-em-visita-da-ministra-anielle-franco\/#breadcrumb","itemListElement":[{"@type":"ListItem","position":1,"name":"In\u00edcio","item":"https:\/\/compartilhabahia.com.br\/"},{"@type":"ListItem","position":2,"name":"Cama\u00e7ari fortalece compromisso com a igualdade racial e a juventude negra em visita da ministra Anielle Franco"}]},{"@type":"WebSite","@id":"https:\/\/compartilhabahia.com.br\/#website","url":"https:\/\/compartilhabahia.com.br\/","name":"Compartilha Bahia","description":"","publisher":{"@id":"https:\/\/compartilhabahia.com.br\/#organization"},"potentialAction":[{"@type":"SearchAction","target":{"@type":"EntryPoint","urlTemplate":"https:\/\/compartilhabahia.com.br\/?s={search_term_string}"},"query-input":"required name=search_term_string"}],"inLanguage":"pt-BR"},{"@type":"Organization","@id":"https:\/\/compartilhabahia.com.br\/#organization","name":"Compartilha Bahia","url":"https:\/\/compartilhabahia.com.br\/","logo":{"@type":"ImageObject","inLanguage":"pt-BR","@id":"https:\/\/compartilhabahia.com.br\/#\/schema\/logo\/image\/","url":"https:\/\/compartilhabahia.com.br\/wp-content\/uploads\/2023\/12\/cropped-logo.png","contentUrl":"https:\/\/compartilhabahia.com.br\/wp-content\/uploads\/2023\/12\/cropped-logo.png","width":300,"height":106,"caption":"Compartilha Bahia"},"image":{"@id":"https:\/\/compartilhabahia.com.br\/#\/schema\/logo\/image\/"},"sameAs":["https:\/\/web.facebook.com\/compartilhabahia","https:\/\/www.instagram.com\/compartilhabahia\/"]},{"@type":"Person","@id":"https:\/\/compartilhabahia.com.br\/#\/schema\/person\/9b4f0c3178793b8248d6686732521c04","name":"admin","image":{"@type":"ImageObject","inLanguage":"pt-BR","@id":"https:\/\/compartilhabahia.com.br\/#\/schema\/person\/image\/","url":"https:\/\/secure.gravatar.com\/avatar\/9600df58751c5acbe914c538c03390ef649ea088cb65f84ba09c7ce66988eed6?s=96&d=mm&r=g","contentUrl":"https:\/\/secure.gravatar.com\/avatar\/9600df58751c5acbe914c538c03390ef649ea088cb65f84ba09c7ce66988eed6?s=96&d=mm&r=g","caption":"admin"},"sameAs":["https:\/\/compartilhabahia.com.br"],"url":"https:\/\/compartilhabahia.com.br\/index.php\/author\/compartilhabahia\/"}]}},"_links":{"self":[{"href":"https:\/\/compartilhabahia.com.br\/index.php\/wp-json\/wp\/v2\/posts\/8969","targetHints":{"allow":["GET"]}}],"collection":[{"href":"https:\/\/compartilhabahia.com.br\/index.php\/wp-json\/wp\/v2\/posts"}],"about":[{"href":"https:\/\/compartilhabahia.com.br\/index.php\/wp-json\/wp\/v2\/types\/post"}],"author":[{"embeddable":true,"href":"https:\/\/compartilhabahia.com.br\/index.php\/wp-json\/wp\/v2\/users\/1"}],"replies":[{"embeddable":true,"href":"https:\/\/compartilhabahia.com.br\/index.php\/wp-json\/wp\/v2\/comments?post=8969"}],"version-history":[{"count":1,"href":"https:\/\/compartilhabahia.com.br\/index.php\/wp-json\/wp\/v2\/posts\/8969\/revisions"}],"predecessor-version":[{"id":8972,"href":"https:\/\/compartilhabahia.com.br\/index.php\/wp-json\/wp\/v2\/posts\/8969\/revisions\/8972"}],"wp:featuredmedia":[{"embeddable":true,"href":"https:\/\/compartilhabahia.com.br\/index.php\/wp-json\/wp\/v2\/media\/8970"}],"wp:attachment":[{"href":"https:\/\/compartilhabahia.com.br\/index.php\/wp-json\/wp\/v2\/media?parent=8969"}],"wp:term":[{"taxonomy":"category","embeddable":true,"href":"https:\/\/compartilhabahia.com.br\/index.php\/wp-json\/wp\/v2\/categories?post=8969"},{"taxonomy":"post_tag","embeddable":true,"href":"https:\/\/compartilhabahia.com.br\/index.php\/wp-json\/wp\/v2\/tags?post=8969"}],"curies":[{"name":"wp","href":"https:\/\/api.w.org\/{rel}","templated":true}]}}