{"id":8965,"date":"2026-01-16T09:16:42","date_gmt":"2026-01-16T12:16:42","guid":{"rendered":"https:\/\/compartilhabahia.com.br\/?p=8965"},"modified":"2026-01-16T09:27:02","modified_gmt":"2026-01-16T12:27:02","slug":"caetano-esta-certo-ao-projetar-na-lavagem-do-bonfim-a-vitoria-de-jeronimo-no-1o-turno-e-de-fazer-balanco-positivo-de-2025","status":"publish","type":"post","link":"https:\/\/compartilhabahia.com.br\/index.php\/2026\/01\/16\/caetano-esta-certo-ao-projetar-na-lavagem-do-bonfim-a-vitoria-de-jeronimo-no-1o-turno-e-de-fazer-balanco-positivo-de-2025\/","title":{"rendered":"Certo da vit\u00f3ria de Jeronimo no 1\u00ba turno Caetano faz balan\u00e7o positivo de 2025 na Lavagem do Bonfim"},"content":{"rendered":"\n<p>Na Lavagem do Bonfim, Caetano projeta vit\u00f3ria de Jer\u00f4nimo no 1\u00ba turno e faz balan\u00e7o positivo de 2025<\/p>\n\n\n\n<p>O prefeito de Cama\u00e7ari, Luiz Caetano (PT), participou nesta quinta-feira (15) da tradicional Lavagem do Bonfim, em Salvador, reafirmando seu hist\u00f3rico de presen\u00e7a em uma das mais importantes manifesta\u00e7\u00f5es culturais da Bahia.<\/p>\n\n\n\n<p>Durante o cortejo, o prefeito esteve acompanhado da deputada federal Ivoneide Caetano e do vereador Tagner Cerqueira, l\u00edder do governo na C\u00e2mara Municipal de Cama\u00e7ari e pr\u00e9-candidato a deputado estadual, refor\u00e7ando a sintonia pol\u00edtica do grupo.<\/p>\n\n\n\n<p>Caetano destacou o simbolismo da festa, marcada pela f\u00e9 e uni\u00e3o do povo baiano. \u201cO Bonfim \u00e9 uma das festas mais bonitas da Bahia. Todo ano estamos aqui junto com a nossa gente\u201d, afirmou.<\/p>\n\n\n\n<p>O prefeito fez um balan\u00e7o positivo das a\u00e7\u00f5es realizadas em Cama\u00e7ari ao longo de 2025, citando avan\u00e7os no transporte coletivo, amplia\u00e7\u00e3o do atendimento em sa\u00fade, a reforma de mais de 60% das escolas, novos projetos de ilumina\u00e7\u00e3o p\u00fablica, atra\u00e7\u00e3o de investimentos e a\u00e7\u00f5es voltadas \u00e0 seguran\u00e7a<\/p>\n\n\n\n<p>Segundo Caetano, os resultados alcan\u00e7ados permitem projetar um 2026 ainda mais produtivo. \u201cFechamos 2025 com muitas realiza\u00e7\u00f5es e agora estamos preparando 2026 para ser ainda melhor\u201d, disse.<\/p>\n\n\n\n<p>No cen\u00e1rio pol\u00edtico, o prefeito demonstrou otimismo e projetou a vit\u00f3ria do governador Jer\u00f4nimo Rodrigues (PT) ainda no primeiro turno das elei\u00e7\u00f5es de 2026, destacando a unidade pol\u00edtica na Bahia e o reconhecimento da popula\u00e7\u00e3o ao trabalho desenvolvido pelo governador.<\/p>\n","protected":false},"excerpt":{"rendered":"<p>Na Lavagem do Bonfim, Caetano projeta vit\u00f3ria de Jer\u00f4nimo no 1\u00ba turno e faz balan\u00e7o positivo de 2025 O prefeito de Cama\u00e7ari, Luiz Caetano (PT), participou nesta quinta-feira (15) da tradicional Lavagem do Bonfim, em Salvador, reafirmando seu hist\u00f3rico de presen\u00e7a em uma das mais importantes manifesta\u00e7\u00f5es culturais da Bahia. Durante o cortejo, o prefeito [&hellip;]<\/p>\n","protected":false},"author":1,"featured_media":8966,"comment_status":"open","ping_status":"open","sticky":false,"template":"","format":"standard","meta":{"footnotes":""},"categories":[10,8],"tags":[],"class_list":["post-8965","post","type-post","status-publish","format-standard","has-post-thumbnail","hentry","category-bahia","category-camacari"],"yoast_head":"<!-- This site is optimized with the Yoast SEO plugin v21.7 - https:\/\/yoast.com\/wordpress\/plugins\/seo\/ -->\n<title>Certo da vit\u00f3ria de Jeronimo no 1\u00ba turno Caetano faz balan\u00e7o positivo de 2025 na Lavagem do Bonfim - Compartilha Bahia<\/title>\n<meta name=\"robots\" content=\"index, follow, max-snippet:-1, max-image-preview:large, max-video-preview:-1\" \/>\n<link rel=\"canonical\" href=\"https:\/\/compartilhabahia.com.br\/index.php\/2026\/01\/16\/caetano-esta-certo-ao-projetar-na-lavagem-do-bonfim-a-vitoria-de-jeronimo-no-1o-turno-e-de-fazer-balanco-positivo-de-2025\/\" \/>\n<meta property=\"og:locale\" content=\"pt_BR\" \/>\n<meta property=\"og:type\" content=\"article\" \/>\n<meta property=\"og:title\" content=\"Certo da vit\u00f3ria de Jeronimo no 1\u00ba turno Caetano faz balan\u00e7o positivo de 2025 na Lavagem do Bonfim - Compartilha Bahia\" \/>\n<meta property=\"og:description\" content=\"Na Lavagem do Bonfim, Caetano projeta vit\u00f3ria de Jer\u00f4nimo no 1\u00ba turno e faz balan\u00e7o positivo de 2025 O prefeito de Cama\u00e7ari, Luiz Caetano (PT), participou nesta quinta-feira (15) da tradicional Lavagem do Bonfim, em Salvador, reafirmando seu hist\u00f3rico de presen\u00e7a em uma das mais importantes manifesta\u00e7\u00f5es culturais da Bahia. Durante o cortejo, o prefeito [&hellip;]\" \/>\n<meta property=\"og:url\" content=\"https:\/\/compartilhabahia.com.br\/index.php\/2026\/01\/16\/caetano-esta-certo-ao-projetar-na-lavagem-do-bonfim-a-vitoria-de-jeronimo-no-1o-turno-e-de-fazer-balanco-positivo-de-2025\/\" \/>\n<meta property=\"og:site_name\" content=\"Compartilha Bahia\" \/>\n<meta property=\"article:publisher\" content=\"https:\/\/web.facebook.com\/compartilhabahia\" \/>\n<meta property=\"article:published_time\" content=\"2026-01-16T12:16:42+00:00\" \/>\n<meta property=\"article:modified_time\" content=\"2026-01-16T12:27:02+00:00\" \/>\n<meta property=\"og:image\" content=\"https:\/\/compartilhabahia.com.br\/wp-content\/uploads\/2026\/01\/xaetanoetagner.jpg\" \/>\n\t<meta property=\"og:image:width\" content=\"896\" \/>\n\t<meta property=\"og:image:height\" content=\"672\" \/>\n\t<meta property=\"og:image:type\" content=\"image\/jpeg\" \/>\n<meta name=\"author\" content=\"admin\" \/>\n<meta name=\"twitter:card\" content=\"summary_large_image\" \/>\n<meta name=\"twitter:label1\" content=\"Escrito por\" \/>\n\t<meta name=\"twitter:data1\" content=\"admin\" \/>\n\t<meta name=\"twitter:label2\" content=\"Est. tempo de leitura\" \/>\n\t<meta name=\"twitter:data2\" content=\"1 minuto\" \/>\n<script type=\"application\/ld+json\" class=\"yoast-schema-graph\">{\"@context\":\"https:\/\/schema.org\",\"@graph\":[{\"@type\":\"Article\",\"@id\":\"https:\/\/compartilhabahia.com.br\/index.php\/2026\/01\/16\/caetano-esta-certo-ao-projetar-na-lavagem-do-bonfim-a-vitoria-de-jeronimo-no-1o-turno-e-de-fazer-balanco-positivo-de-2025\/#article\",\"isPartOf\":{\"@id\":\"https:\/\/compartilhabahia.com.br\/index.php\/2026\/01\/16\/caetano-esta-certo-ao-projetar-na-lavagem-do-bonfim-a-vitoria-de-jeronimo-no-1o-turno-e-de-fazer-balanco-positivo-de-2025\/\"},\"author\":{\"name\":\"admin\",\"@id\":\"https:\/\/compartilhabahia.com.br\/#\/schema\/person\/9b4f0c3178793b8248d6686732521c04\"},\"headline\":\"Certo da vit\u00f3ria de Jeronimo no 1\u00ba turno Caetano faz balan\u00e7o positivo de 2025 na Lavagem do Bonfim\",\"datePublished\":\"2026-01-16T12:16:42+00:00\",\"dateModified\":\"2026-01-16T12:27:02+00:00\",\"mainEntityOfPage\":{\"@id\":\"https:\/\/compartilhabahia.com.br\/index.php\/2026\/01\/16\/caetano-esta-certo-ao-projetar-na-lavagem-do-bonfim-a-vitoria-de-jeronimo-no-1o-turno-e-de-fazer-balanco-positivo-de-2025\/\"},\"wordCount\":274,\"commentCount\":0,\"publisher\":{\"@id\":\"https:\/\/compartilhabahia.com.br\/#organization\"},\"articleSection\":[\"Bahia\",\"Cama\u00e7ari\"],\"inLanguage\":\"pt-BR\",\"potentialAction\":[{\"@type\":\"CommentAction\",\"name\":\"Comment\",\"target\":[\"https:\/\/compartilhabahia.com.br\/index.php\/2026\/01\/16\/caetano-esta-certo-ao-projetar-na-lavagem-do-bonfim-a-vitoria-de-jeronimo-no-1o-turno-e-de-fazer-balanco-positivo-de-2025\/#respond\"]}]},{\"@type\":\"WebPage\",\"@id\":\"https:\/\/compartilhabahia.com.br\/index.php\/2026\/01\/16\/caetano-esta-certo-ao-projetar-na-lavagem-do-bonfim-a-vitoria-de-jeronimo-no-1o-turno-e-de-fazer-balanco-positivo-de-2025\/\",\"url\":\"https:\/\/compartilhabahia.com.br\/index.php\/2026\/01\/16\/caetano-esta-certo-ao-projetar-na-lavagem-do-bonfim-a-vitoria-de-jeronimo-no-1o-turno-e-de-fazer-balanco-positivo-de-2025\/\",\"name\":\"Certo da vit\u00f3ria de Jeronimo no 1\u00ba turno Caetano faz balan\u00e7o positivo de 2025 na Lavagem do Bonfim - Compartilha Bahia\",\"isPartOf\":{\"@id\":\"https:\/\/compartilhabahia.com.br\/#website\"},\"datePublished\":\"2026-01-16T12:16:42+00:00\",\"dateModified\":\"2026-01-16T12:27:02+00:00\",\"breadcrumb\":{\"@id\":\"https:\/\/compartilhabahia.com.br\/index.php\/2026\/01\/16\/caetano-esta-certo-ao-projetar-na-lavagem-do-bonfim-a-vitoria-de-jeronimo-no-1o-turno-e-de-fazer-balanco-positivo-de-2025\/#breadcrumb\"},\"inLanguage\":\"pt-BR\",\"potentialAction\":[{\"@type\":\"ReadAction\",\"target\":[\"https:\/\/compartilhabahia.com.br\/index.php\/2026\/01\/16\/caetano-esta-certo-ao-projetar-na-lavagem-do-bonfim-a-vitoria-de-jeronimo-no-1o-turno-e-de-fazer-balanco-positivo-de-2025\/\"]}]},{\"@type\":\"BreadcrumbList\",\"@id\":\"https:\/\/compartilhabahia.com.br\/index.php\/2026\/01\/16\/caetano-esta-certo-ao-projetar-na-lavagem-do-bonfim-a-vitoria-de-jeronimo-no-1o-turno-e-de-fazer-balanco-positivo-de-2025\/#breadcrumb\",\"itemListElement\":[{\"@type\":\"ListItem\",\"position\":1,\"name\":\"In\u00edcio\",\"item\":\"https:\/\/compartilhabahia.com.br\/\"},{\"@type\":\"ListItem\",\"position\":2,\"name\":\"Certo da vit\u00f3ria de Jeronimo no 1\u00ba turno Caetano faz balan\u00e7o positivo de 2025 na Lavagem do Bonfim\"}]},{\"@type\":\"WebSite\",\"@id\":\"https:\/\/compartilhabahia.com.br\/#website\",\"url\":\"https:\/\/compartilhabahia.com.br\/\",\"name\":\"Compartilha Bahia\",\"description\":\"\",\"publisher\":{\"@id\":\"https:\/\/compartilhabahia.com.br\/#organization\"},\"potentialAction\":[{\"@type\":\"SearchAction\",\"target\":{\"@type\":\"EntryPoint\",\"urlTemplate\":\"https:\/\/compartilhabahia.com.br\/?s={search_term_string}\"},\"query-input\":\"required name=search_term_string\"}],\"inLanguage\":\"pt-BR\"},{\"@type\":\"Organization\",\"@id\":\"https:\/\/compartilhabahia.com.br\/#organization\",\"name\":\"Compartilha Bahia\",\"url\":\"https:\/\/compartilhabahia.com.br\/\",\"logo\":{\"@type\":\"ImageObject\",\"inLanguage\":\"pt-BR\",\"@id\":\"https:\/\/compartilhabahia.com.br\/#\/schema\/logo\/image\/\",\"url\":\"https:\/\/compartilhabahia.com.br\/wp-content\/uploads\/2023\/12\/cropped-logo.png\",\"contentUrl\":\"https:\/\/compartilhabahia.com.br\/wp-content\/uploads\/2023\/12\/cropped-logo.png\",\"width\":300,\"height\":106,\"caption\":\"Compartilha Bahia\"},\"image\":{\"@id\":\"https:\/\/compartilhabahia.com.br\/#\/schema\/logo\/image\/\"},\"sameAs\":[\"https:\/\/web.facebook.com\/compartilhabahia\",\"https:\/\/www.instagram.com\/compartilhabahia\/\"]},{\"@type\":\"Person\",\"@id\":\"https:\/\/compartilhabahia.com.br\/#\/schema\/person\/9b4f0c3178793b8248d6686732521c04\",\"name\":\"admin\",\"image\":{\"@type\":\"ImageObject\",\"inLanguage\":\"pt-BR\",\"@id\":\"https:\/\/compartilhabahia.com.br\/#\/schema\/person\/image\/\",\"url\":\"https:\/\/secure.gravatar.com\/avatar\/9600df58751c5acbe914c538c03390ef649ea088cb65f84ba09c7ce66988eed6?s=96&d=mm&r=g\",\"contentUrl\":\"https:\/\/secure.gravatar.com\/avatar\/9600df58751c5acbe914c538c03390ef649ea088cb65f84ba09c7ce66988eed6?s=96&d=mm&r=g\",\"caption\":\"admin\"},\"sameAs\":[\"https:\/\/compartilhabahia.com.br\"],\"url\":\"https:\/\/compartilhabahia.com.br\/index.php\/author\/compartilhabahia\/\"}]}<\/script>\n<!-- \/ Yoast SEO plugin. -->","yoast_head_json":{"title":"Certo da vit\u00f3ria de Jeronimo no 1\u00ba turno Caetano faz balan\u00e7o positivo de 2025 na Lavagem do Bonfim - Compartilha Bahia","robots":{"index":"index","follow":"follow","max-snippet":"max-snippet:-1","max-image-preview":"max-image-preview:large","max-video-preview":"max-video-preview:-1"},"canonical":"https:\/\/compartilhabahia.com.br\/index.php\/2026\/01\/16\/caetano-esta-certo-ao-projetar-na-lavagem-do-bonfim-a-vitoria-de-jeronimo-no-1o-turno-e-de-fazer-balanco-positivo-de-2025\/","og_locale":"pt_BR","og_type":"article","og_title":"Certo da vit\u00f3ria de Jeronimo no 1\u00ba turno Caetano faz balan\u00e7o positivo de 2025 na Lavagem do Bonfim - Compartilha Bahia","og_description":"Na Lavagem do Bonfim, Caetano projeta vit\u00f3ria de Jer\u00f4nimo no 1\u00ba turno e faz balan\u00e7o positivo de 2025 O prefeito de Cama\u00e7ari, Luiz Caetano (PT), participou nesta quinta-feira (15) da tradicional Lavagem do Bonfim, em Salvador, reafirmando seu hist\u00f3rico de presen\u00e7a em uma das mais importantes manifesta\u00e7\u00f5es culturais da Bahia. Durante o cortejo, o prefeito [&hellip;]","og_url":"https:\/\/compartilhabahia.com.br\/index.php\/2026\/01\/16\/caetano-esta-certo-ao-projetar-na-lavagem-do-bonfim-a-vitoria-de-jeronimo-no-1o-turno-e-de-fazer-balanco-positivo-de-2025\/","og_site_name":"Compartilha Bahia","article_publisher":"https:\/\/web.facebook.com\/compartilhabahia","article_published_time":"2026-01-16T12:16:42+00:00","article_modified_time":"2026-01-16T12:27:02+00:00","og_image":[{"width":896,"height":672,"url":"https:\/\/compartilhabahia.com.br\/wp-content\/uploads\/2026\/01\/xaetanoetagner.jpg","type":"image\/jpeg"}],"author":"admin","twitter_card":"summary_large_image","twitter_misc":{"Escrito por":"admin","Est. tempo de leitura":"1 minuto"},"schema":{"@context":"https:\/\/schema.org","@graph":[{"@type":"Article","@id":"https:\/\/compartilhabahia.com.br\/index.php\/2026\/01\/16\/caetano-esta-certo-ao-projetar-na-lavagem-do-bonfim-a-vitoria-de-jeronimo-no-1o-turno-e-de-fazer-balanco-positivo-de-2025\/#article","isPartOf":{"@id":"https:\/\/compartilhabahia.com.br\/index.php\/2026\/01\/16\/caetano-esta-certo-ao-projetar-na-lavagem-do-bonfim-a-vitoria-de-jeronimo-no-1o-turno-e-de-fazer-balanco-positivo-de-2025\/"},"author":{"name":"admin","@id":"https:\/\/compartilhabahia.com.br\/#\/schema\/person\/9b4f0c3178793b8248d6686732521c04"},"headline":"Certo da vit\u00f3ria de Jeronimo no 1\u00ba turno Caetano faz balan\u00e7o positivo de 2025 na Lavagem do Bonfim","datePublished":"2026-01-16T12:16:42+00:00","dateModified":"2026-01-16T12:27:02+00:00","mainEntityOfPage":{"@id":"https:\/\/compartilhabahia.com.br\/index.php\/2026\/01\/16\/caetano-esta-certo-ao-projetar-na-lavagem-do-bonfim-a-vitoria-de-jeronimo-no-1o-turno-e-de-fazer-balanco-positivo-de-2025\/"},"wordCount":274,"commentCount":0,"publisher":{"@id":"https:\/\/compartilhabahia.com.br\/#organization"},"articleSection":["Bahia","Cama\u00e7ari"],"inLanguage":"pt-BR","potentialAction":[{"@type":"CommentAction","name":"Comment","target":["https:\/\/compartilhabahia.com.br\/index.php\/2026\/01\/16\/caetano-esta-certo-ao-projetar-na-lavagem-do-bonfim-a-vitoria-de-jeronimo-no-1o-turno-e-de-fazer-balanco-positivo-de-2025\/#respond"]}]},{"@type":"WebPage","@id":"https:\/\/compartilhabahia.com.br\/index.php\/2026\/01\/16\/caetano-esta-certo-ao-projetar-na-lavagem-do-bonfim-a-vitoria-de-jeronimo-no-1o-turno-e-de-fazer-balanco-positivo-de-2025\/","url":"https:\/\/compartilhabahia.com.br\/index.php\/2026\/01\/16\/caetano-esta-certo-ao-projetar-na-lavagem-do-bonfim-a-vitoria-de-jeronimo-no-1o-turno-e-de-fazer-balanco-positivo-de-2025\/","name":"Certo da vit\u00f3ria de Jeronimo no 1\u00ba turno Caetano faz balan\u00e7o positivo de 2025 na Lavagem do Bonfim - Compartilha Bahia","isPartOf":{"@id":"https:\/\/compartilhabahia.com.br\/#website"},"datePublished":"2026-01-16T12:16:42+00:00","dateModified":"2026-01-16T12:27:02+00:00","breadcrumb":{"@id":"https:\/\/compartilhabahia.com.br\/index.php\/2026\/01\/16\/caetano-esta-certo-ao-projetar-na-lavagem-do-bonfim-a-vitoria-de-jeronimo-no-1o-turno-e-de-fazer-balanco-positivo-de-2025\/#breadcrumb"},"inLanguage":"pt-BR","potentialAction":[{"@type":"ReadAction","target":["https:\/\/compartilhabahia.com.br\/index.php\/2026\/01\/16\/caetano-esta-certo-ao-projetar-na-lavagem-do-bonfim-a-vitoria-de-jeronimo-no-1o-turno-e-de-fazer-balanco-positivo-de-2025\/"]}]},{"@type":"BreadcrumbList","@id":"https:\/\/compartilhabahia.com.br\/index.php\/2026\/01\/16\/caetano-esta-certo-ao-projetar-na-lavagem-do-bonfim-a-vitoria-de-jeronimo-no-1o-turno-e-de-fazer-balanco-positivo-de-2025\/#breadcrumb","itemListElement":[{"@type":"ListItem","position":1,"name":"In\u00edcio","item":"https:\/\/compartilhabahia.com.br\/"},{"@type":"ListItem","position":2,"name":"Certo da vit\u00f3ria de Jeronimo no 1\u00ba turno Caetano faz balan\u00e7o positivo de 2025 na Lavagem do Bonfim"}]},{"@type":"WebSite","@id":"https:\/\/compartilhabahia.com.br\/#website","url":"https:\/\/compartilhabahia.com.br\/","name":"Compartilha Bahia","description":"","publisher":{"@id":"https:\/\/compartilhabahia.com.br\/#organization"},"potentialAction":[{"@type":"SearchAction","target":{"@type":"EntryPoint","urlTemplate":"https:\/\/compartilhabahia.com.br\/?s={search_term_string}"},"query-input":"required name=search_term_string"}],"inLanguage":"pt-BR"},{"@type":"Organization","@id":"https:\/\/compartilhabahia.com.br\/#organization","name":"Compartilha Bahia","url":"https:\/\/compartilhabahia.com.br\/","logo":{"@type":"ImageObject","inLanguage":"pt-BR","@id":"https:\/\/compartilhabahia.com.br\/#\/schema\/logo\/image\/","url":"https:\/\/compartilhabahia.com.br\/wp-content\/uploads\/2023\/12\/cropped-logo.png","contentUrl":"https:\/\/compartilhabahia.com.br\/wp-content\/uploads\/2023\/12\/cropped-logo.png","width":300,"height":106,"caption":"Compartilha Bahia"},"image":{"@id":"https:\/\/compartilhabahia.com.br\/#\/schema\/logo\/image\/"},"sameAs":["https:\/\/web.facebook.com\/compartilhabahia","https:\/\/www.instagram.com\/compartilhabahia\/"]},{"@type":"Person","@id":"https:\/\/compartilhabahia.com.br\/#\/schema\/person\/9b4f0c3178793b8248d6686732521c04","name":"admin","image":{"@type":"ImageObject","inLanguage":"pt-BR","@id":"https:\/\/compartilhabahia.com.br\/#\/schema\/person\/image\/","url":"https:\/\/secure.gravatar.com\/avatar\/9600df58751c5acbe914c538c03390ef649ea088cb65f84ba09c7ce66988eed6?s=96&d=mm&r=g","contentUrl":"https:\/\/secure.gravatar.com\/avatar\/9600df58751c5acbe914c538c03390ef649ea088cb65f84ba09c7ce66988eed6?s=96&d=mm&r=g","caption":"admin"},"sameAs":["https:\/\/compartilhabahia.com.br"],"url":"https:\/\/compartilhabahia.com.br\/index.php\/author\/compartilhabahia\/"}]}},"_links":{"self":[{"href":"https:\/\/compartilhabahia.com.br\/index.php\/wp-json\/wp\/v2\/posts\/8965","targetHints":{"allow":["GET"]}}],"collection":[{"href":"https:\/\/compartilhabahia.com.br\/index.php\/wp-json\/wp\/v2\/posts"}],"about":[{"href":"https:\/\/compartilhabahia.com.br\/index.php\/wp-json\/wp\/v2\/types\/post"}],"author":[{"embeddable":true,"href":"https:\/\/compartilhabahia.com.br\/index.php\/wp-json\/wp\/v2\/users\/1"}],"replies":[{"embeddable":true,"href":"https:\/\/compartilhabahia.com.br\/index.php\/wp-json\/wp\/v2\/comments?post=8965"}],"version-history":[{"count":2,"href":"https:\/\/compartilhabahia.com.br\/index.php\/wp-json\/wp\/v2\/posts\/8965\/revisions"}],"predecessor-version":[{"id":8968,"href":"https:\/\/compartilhabahia.com.br\/index.php\/wp-json\/wp\/v2\/posts\/8965\/revisions\/8968"}],"wp:featuredmedia":[{"embeddable":true,"href":"https:\/\/compartilhabahia.com.br\/index.php\/wp-json\/wp\/v2\/media\/8966"}],"wp:attachment":[{"href":"https:\/\/compartilhabahia.com.br\/index.php\/wp-json\/wp\/v2\/media?parent=8965"}],"wp:term":[{"taxonomy":"category","embeddable":true,"href":"https:\/\/compartilhabahia.com.br\/index.php\/wp-json\/wp\/v2\/categories?post=8965"},{"taxonomy":"post_tag","embeddable":true,"href":"https:\/\/compartilhabahia.com.br\/index.php\/wp-json\/wp\/v2\/tags?post=8965"}],"curies":[{"name":"wp","href":"https:\/\/api.w.org\/{rel}","templated":true}]}}