{"id":8962,"date":"2026-01-15T13:48:46","date_gmt":"2026-01-15T16:48:46","guid":{"rendered":"https:\/\/compartilhabahia.com.br\/?p=8962"},"modified":"2026-01-15T13:48:48","modified_gmt":"2026-01-15T16:48:48","slug":"industria-dasim-abre-vagas-de-emprego-em-dias-davila","status":"publish","type":"post","link":"https:\/\/compartilhabahia.com.br\/index.php\/2026\/01\/15\/industria-dasim-abre-vagas-de-emprego-em-dias-davila\/","title":{"rendered":"Ind\u00fastria d\u00e1Sim abre vagas de emprego em Dias D\u2019\u00c1vila"},"content":{"rendered":"\n<p>A d\u00e1Sim, ind\u00fastria baiana de sanitizantes e produtos de limpeza, anuncia a abertura de vagas de emprego para compor o time da sua nova f\u00e1brica, que ser\u00e1 inaugurada no fim deste m\u00eas de janeiro, em Dias D\u2019\u00c1vila, na Regi\u00e3o Metropolitana de Salvador. Jovem, inovadora e com foco em qualidade, tecnologia e responsabilidade sanit\u00e1ria, a empresa inicia sua opera\u00e7\u00e3o j\u00e1 com oportunidades em diferentes \u00e1reas estrat\u00e9gicas.<\/p>\n\n\n\n<p>As vagas contemplam cargos t\u00e9cnicos, administrativos e operacionais, refor\u00e7ando o compromisso da d\u00e1Sim com uma produ\u00e7\u00e3o eficiente, segura e em conformidade com as normas da Anvisa. A chegada da ind\u00fastria ao munic\u00edpio tamb\u00e9m representa um importante impulso para a economia local, com a gera\u00e7\u00e3o de empregos e valoriza\u00e7\u00e3o de m\u00e3o de obra qualificada.<\/p>\n\n\n\n<p><strong>Confira as oportunidades dispon\u00edveis:<\/strong><\/p>\n\n\n\n<p><strong>Analista Qu\u00edmico<\/strong><\/p>\n\n\n\n<p>Respons\u00e1vel pelo controle de qualidade, an\u00e1lises f\u00edsico-qu\u00edmicas, desenvolvimento e acompanhamento de formula\u00e7\u00f5es de produtos saneantes. \u00c9 desej\u00e1vel forma\u00e7\u00e3o superior em Qu\u00edmica ou \u00e1reas afins, registro no CRQ, conhecimento da legisla\u00e7\u00e3o vigente (Anvisa) e experi\u00eancia em ind\u00fastria qu\u00edmica ou de produtos de limpeza.<\/p>\n\n\n\n<p><strong>Analista de PCP (Planejamento e Controle da Produ\u00e7\u00e3o)<\/strong><\/p>\n\n\n\n<p>Atuar\u00e1 no planejamento da produ\u00e7\u00e3o, controle de estoque, programa\u00e7\u00e3o de materiais e acompanhamento de indicadores produtivos. Requer forma\u00e7\u00e3o em Engenharia de Produ\u00e7\u00e3o, Administra\u00e7\u00e3o ou \u00e1reas correlatas, al\u00e9m de dom\u00ednio de Excel e sistemas ERP.<\/p>\n\n\n\n<p><strong>Analista de Compras<\/strong><\/p>\n\n\n\n<p>Respons\u00e1vel pela negocia\u00e7\u00e3o com fornecedores, aquisi\u00e7\u00e3o de mat\u00e9rias-primas, insumos e servi\u00e7os, garantindo prazos, qualidade e melhor custo-benef\u00edcio. \u00c9 desej\u00e1vel forma\u00e7\u00e3o em Administra\u00e7\u00e3o, Log\u00edstica ou \u00e1reas afins, experi\u00eancia na fun\u00e7\u00e3o e habilidade em negocia\u00e7\u00e3o.<\/p>\n\n\n\n<p><strong>Analista de Produ\u00e7\u00e3o<\/strong><\/p>\n\n\n\n<p>Atuar\u00e1 no acompanhamento dos processos produtivos, melhoria cont\u00ednua, controle de indicadores e apoio \u00e0 gest\u00e3o da f\u00e1brica. A vaga exige forma\u00e7\u00e3o em Engenharia, Produ\u00e7\u00e3o ou \u00e1reas correlatas, al\u00e9m de conhecimento em boas pr\u00e1ticas de fabrica\u00e7\u00e3o e rotinas industriais.<\/p>\n\n\n\n<p><strong>Assistente Operacional<\/strong><\/p>\n\n\n\n<p>Atua\u00e7\u00e3o direta na linha de produ\u00e7\u00e3o, envase, organiza\u00e7\u00e3o do setor, apoio \u00e0s rotinas operacionais e cumprimento das normas de seguran\u00e7a e qualidade. Para a vaga, \u00e9 desej\u00e1vel ensino m\u00e9dio completo e disponibilidade para trabalho em ambiente industrial. Experi\u00eancia pr\u00e9via ser\u00e1 considerada um diferencial.<\/p>\n\n\n\n<p>Os interessados devem enviar curr\u00edculo at\u00e9 a pr\u00f3xima ter\u00e7a-feira, 20, por meio do e-mail&nbsp;<a href=\"mailto:rh@dasimquimica.com\"><strong>rh@dasimquimica.com<\/strong><\/a><strong>.&nbsp;<\/strong>Outras Mais informa\u00e7\u00f5es sobre a empresa est\u00e3o dispon\u00edveis no site&nbsp;<a href=\"https:\/\/na01.safelinks.protection.outlook.com\/?url=http%3A%2F%2Fwww.dasimquimica.com%2F&amp;data=05%7C02%7C%7Caa4a1febb68941fcb1ba08de5436810f%7C84df9e7fe9f640afb435aaaaaaaaaaaa%7C1%7C0%7C639040790422684016%7CUnknown%7CTWFpbGZsb3d8eyJFbXB0eU1hcGkiOnRydWUsIlYiOiIwLjAuMDAwMCIsIlAiOiJXaW4zMiIsIkFOIjoiTWFpbCIsIldUIjoyfQ%3D%3D%7C0%7C%7C%7C&amp;sdata=KsNNjZ9UB9py8a8KL8pBYoHHF3Ls%2FVBDksJB6VWe610%3D&amp;reserved=0\">www.dasimquimica.com<\/a>&nbsp;e no Instagram @dasimquimica.<\/p>\n\n\n\n<p>Com a inaugura\u00e7\u00e3o da nova unidade, a d\u00e1Sim d\u00e1 mais um passo importante na consolida\u00e7\u00e3o da sua marca no mercado de produtos de limpeza, apostando em pessoas, tecnologia e no fortalecimento da ind\u00fastria baiana.<\/p>\n","protected":false},"excerpt":{"rendered":"<p>A d\u00e1Sim, ind\u00fastria baiana de sanitizantes e produtos de limpeza, anuncia a abertura de vagas de emprego para compor o time da sua nova f\u00e1brica, que ser\u00e1 inaugurada no fim deste m\u00eas de janeiro, em Dias D\u2019\u00c1vila, na Regi\u00e3o Metropolitana de Salvador. Jovem, inovadora e com foco em qualidade, tecnologia e responsabilidade sanit\u00e1ria, a empresa [&hellip;]<\/p>\n","protected":false},"author":1,"featured_media":8963,"comment_status":"open","ping_status":"open","sticky":false,"template":"","format":"standard","meta":{"footnotes":""},"categories":[8],"tags":[],"class_list":["post-8962","post","type-post","status-publish","format-standard","has-post-thumbnail","hentry","category-camacari"],"yoast_head":"<!-- This site is optimized with the Yoast SEO plugin v21.7 - https:\/\/yoast.com\/wordpress\/plugins\/seo\/ -->\n<title>Ind\u00fastria d\u00e1Sim abre vagas de emprego em Dias D\u2019\u00c1vila - Compartilha Bahia<\/title>\n<meta name=\"robots\" content=\"index, follow, max-snippet:-1, max-image-preview:large, max-video-preview:-1\" \/>\n<link rel=\"canonical\" href=\"https:\/\/compartilhabahia.com.br\/index.php\/2026\/01\/15\/industria-dasim-abre-vagas-de-emprego-em-dias-davila\/\" \/>\n<meta property=\"og:locale\" content=\"pt_BR\" \/>\n<meta property=\"og:type\" content=\"article\" \/>\n<meta property=\"og:title\" content=\"Ind\u00fastria d\u00e1Sim abre vagas de emprego em Dias D\u2019\u00c1vila - Compartilha Bahia\" \/>\n<meta property=\"og:description\" content=\"A d\u00e1Sim, ind\u00fastria baiana de sanitizantes e produtos de limpeza, anuncia a abertura de vagas de emprego para compor o time da sua nova f\u00e1brica, que ser\u00e1 inaugurada no fim deste m\u00eas de janeiro, em Dias D\u2019\u00c1vila, na Regi\u00e3o Metropolitana de Salvador. Jovem, inovadora e com foco em qualidade, tecnologia e responsabilidade sanit\u00e1ria, a empresa [&hellip;]\" \/>\n<meta property=\"og:url\" content=\"https:\/\/compartilhabahia.com.br\/index.php\/2026\/01\/15\/industria-dasim-abre-vagas-de-emprego-em-dias-davila\/\" \/>\n<meta property=\"og:site_name\" content=\"Compartilha Bahia\" \/>\n<meta property=\"article:publisher\" content=\"https:\/\/web.facebook.com\/compartilhabahia\" \/>\n<meta property=\"article:published_time\" content=\"2026-01-15T16:48:46+00:00\" \/>\n<meta property=\"article:modified_time\" content=\"2026-01-15T16:48:48+00:00\" \/>\n<meta property=\"og:image\" content=\"https:\/\/compartilhabahia.com.br\/wp-content\/uploads\/2026\/01\/industriadiasdavila.jpg\" \/>\n\t<meta property=\"og:image:width\" content=\"738\" \/>\n\t<meta property=\"og:image:height\" content=\"564\" \/>\n\t<meta property=\"og:image:type\" content=\"image\/jpeg\" \/>\n<meta name=\"author\" content=\"admin\" \/>\n<meta name=\"twitter:card\" content=\"summary_large_image\" \/>\n<meta name=\"twitter:label1\" content=\"Escrito por\" \/>\n\t<meta name=\"twitter:data1\" content=\"admin\" \/>\n\t<meta name=\"twitter:label2\" content=\"Est. tempo de leitura\" \/>\n\t<meta name=\"twitter:data2\" content=\"3 minutos\" \/>\n<script type=\"application\/ld+json\" class=\"yoast-schema-graph\">{\"@context\":\"https:\/\/schema.org\",\"@graph\":[{\"@type\":\"Article\",\"@id\":\"https:\/\/compartilhabahia.com.br\/index.php\/2026\/01\/15\/industria-dasim-abre-vagas-de-emprego-em-dias-davila\/#article\",\"isPartOf\":{\"@id\":\"https:\/\/compartilhabahia.com.br\/index.php\/2026\/01\/15\/industria-dasim-abre-vagas-de-emprego-em-dias-davila\/\"},\"author\":{\"name\":\"admin\",\"@id\":\"https:\/\/compartilhabahia.com.br\/#\/schema\/person\/9b4f0c3178793b8248d6686732521c04\"},\"headline\":\"Ind\u00fastria d\u00e1Sim abre vagas de emprego em Dias D\u2019\u00c1vila\",\"datePublished\":\"2026-01-15T16:48:46+00:00\",\"dateModified\":\"2026-01-15T16:48:48+00:00\",\"mainEntityOfPage\":{\"@id\":\"https:\/\/compartilhabahia.com.br\/index.php\/2026\/01\/15\/industria-dasim-abre-vagas-de-emprego-em-dias-davila\/\"},\"wordCount\":490,\"commentCount\":0,\"publisher\":{\"@id\":\"https:\/\/compartilhabahia.com.br\/#organization\"},\"articleSection\":[\"Cama\u00e7ari\"],\"inLanguage\":\"pt-BR\",\"potentialAction\":[{\"@type\":\"CommentAction\",\"name\":\"Comment\",\"target\":[\"https:\/\/compartilhabahia.com.br\/index.php\/2026\/01\/15\/industria-dasim-abre-vagas-de-emprego-em-dias-davila\/#respond\"]}]},{\"@type\":\"WebPage\",\"@id\":\"https:\/\/compartilhabahia.com.br\/index.php\/2026\/01\/15\/industria-dasim-abre-vagas-de-emprego-em-dias-davila\/\",\"url\":\"https:\/\/compartilhabahia.com.br\/index.php\/2026\/01\/15\/industria-dasim-abre-vagas-de-emprego-em-dias-davila\/\",\"name\":\"Ind\u00fastria d\u00e1Sim abre vagas de emprego em Dias D\u2019\u00c1vila - Compartilha Bahia\",\"isPartOf\":{\"@id\":\"https:\/\/compartilhabahia.com.br\/#website\"},\"datePublished\":\"2026-01-15T16:48:46+00:00\",\"dateModified\":\"2026-01-15T16:48:48+00:00\",\"breadcrumb\":{\"@id\":\"https:\/\/compartilhabahia.com.br\/index.php\/2026\/01\/15\/industria-dasim-abre-vagas-de-emprego-em-dias-davila\/#breadcrumb\"},\"inLanguage\":\"pt-BR\",\"potentialAction\":[{\"@type\":\"ReadAction\",\"target\":[\"https:\/\/compartilhabahia.com.br\/index.php\/2026\/01\/15\/industria-dasim-abre-vagas-de-emprego-em-dias-davila\/\"]}]},{\"@type\":\"BreadcrumbList\",\"@id\":\"https:\/\/compartilhabahia.com.br\/index.php\/2026\/01\/15\/industria-dasim-abre-vagas-de-emprego-em-dias-davila\/#breadcrumb\",\"itemListElement\":[{\"@type\":\"ListItem\",\"position\":1,\"name\":\"In\u00edcio\",\"item\":\"https:\/\/compartilhabahia.com.br\/\"},{\"@type\":\"ListItem\",\"position\":2,\"name\":\"Ind\u00fastria d\u00e1Sim abre vagas de emprego em Dias D\u2019\u00c1vila\"}]},{\"@type\":\"WebSite\",\"@id\":\"https:\/\/compartilhabahia.com.br\/#website\",\"url\":\"https:\/\/compartilhabahia.com.br\/\",\"name\":\"Compartilha Bahia\",\"description\":\"\",\"publisher\":{\"@id\":\"https:\/\/compartilhabahia.com.br\/#organization\"},\"potentialAction\":[{\"@type\":\"SearchAction\",\"target\":{\"@type\":\"EntryPoint\",\"urlTemplate\":\"https:\/\/compartilhabahia.com.br\/?s={search_term_string}\"},\"query-input\":\"required name=search_term_string\"}],\"inLanguage\":\"pt-BR\"},{\"@type\":\"Organization\",\"@id\":\"https:\/\/compartilhabahia.com.br\/#organization\",\"name\":\"Compartilha Bahia\",\"url\":\"https:\/\/compartilhabahia.com.br\/\",\"logo\":{\"@type\":\"ImageObject\",\"inLanguage\":\"pt-BR\",\"@id\":\"https:\/\/compartilhabahia.com.br\/#\/schema\/logo\/image\/\",\"url\":\"https:\/\/compartilhabahia.com.br\/wp-content\/uploads\/2023\/12\/cropped-logo.png\",\"contentUrl\":\"https:\/\/compartilhabahia.com.br\/wp-content\/uploads\/2023\/12\/cropped-logo.png\",\"width\":300,\"height\":106,\"caption\":\"Compartilha Bahia\"},\"image\":{\"@id\":\"https:\/\/compartilhabahia.com.br\/#\/schema\/logo\/image\/\"},\"sameAs\":[\"https:\/\/web.facebook.com\/compartilhabahia\",\"https:\/\/www.instagram.com\/compartilhabahia\/\"]},{\"@type\":\"Person\",\"@id\":\"https:\/\/compartilhabahia.com.br\/#\/schema\/person\/9b4f0c3178793b8248d6686732521c04\",\"name\":\"admin\",\"image\":{\"@type\":\"ImageObject\",\"inLanguage\":\"pt-BR\",\"@id\":\"https:\/\/compartilhabahia.com.br\/#\/schema\/person\/image\/\",\"url\":\"https:\/\/secure.gravatar.com\/avatar\/9600df58751c5acbe914c538c03390ef649ea088cb65f84ba09c7ce66988eed6?s=96&d=mm&r=g\",\"contentUrl\":\"https:\/\/secure.gravatar.com\/avatar\/9600df58751c5acbe914c538c03390ef649ea088cb65f84ba09c7ce66988eed6?s=96&d=mm&r=g\",\"caption\":\"admin\"},\"sameAs\":[\"https:\/\/compartilhabahia.com.br\"],\"url\":\"https:\/\/compartilhabahia.com.br\/index.php\/author\/compartilhabahia\/\"}]}<\/script>\n<!-- \/ Yoast SEO plugin. -->","yoast_head_json":{"title":"Ind\u00fastria d\u00e1Sim abre vagas de emprego em Dias D\u2019\u00c1vila - Compartilha Bahia","robots":{"index":"index","follow":"follow","max-snippet":"max-snippet:-1","max-image-preview":"max-image-preview:large","max-video-preview":"max-video-preview:-1"},"canonical":"https:\/\/compartilhabahia.com.br\/index.php\/2026\/01\/15\/industria-dasim-abre-vagas-de-emprego-em-dias-davila\/","og_locale":"pt_BR","og_type":"article","og_title":"Ind\u00fastria d\u00e1Sim abre vagas de emprego em Dias D\u2019\u00c1vila - Compartilha Bahia","og_description":"A d\u00e1Sim, ind\u00fastria baiana de sanitizantes e produtos de limpeza, anuncia a abertura de vagas de emprego para compor o time da sua nova f\u00e1brica, que ser\u00e1 inaugurada no fim deste m\u00eas de janeiro, em Dias D\u2019\u00c1vila, na Regi\u00e3o Metropolitana de Salvador. Jovem, inovadora e com foco em qualidade, tecnologia e responsabilidade sanit\u00e1ria, a empresa [&hellip;]","og_url":"https:\/\/compartilhabahia.com.br\/index.php\/2026\/01\/15\/industria-dasim-abre-vagas-de-emprego-em-dias-davila\/","og_site_name":"Compartilha Bahia","article_publisher":"https:\/\/web.facebook.com\/compartilhabahia","article_published_time":"2026-01-15T16:48:46+00:00","article_modified_time":"2026-01-15T16:48:48+00:00","og_image":[{"width":738,"height":564,"url":"https:\/\/compartilhabahia.com.br\/wp-content\/uploads\/2026\/01\/industriadiasdavila.jpg","type":"image\/jpeg"}],"author":"admin","twitter_card":"summary_large_image","twitter_misc":{"Escrito por":"admin","Est. tempo de leitura":"3 minutos"},"schema":{"@context":"https:\/\/schema.org","@graph":[{"@type":"Article","@id":"https:\/\/compartilhabahia.com.br\/index.php\/2026\/01\/15\/industria-dasim-abre-vagas-de-emprego-em-dias-davila\/#article","isPartOf":{"@id":"https:\/\/compartilhabahia.com.br\/index.php\/2026\/01\/15\/industria-dasim-abre-vagas-de-emprego-em-dias-davila\/"},"author":{"name":"admin","@id":"https:\/\/compartilhabahia.com.br\/#\/schema\/person\/9b4f0c3178793b8248d6686732521c04"},"headline":"Ind\u00fastria d\u00e1Sim abre vagas de emprego em Dias D\u2019\u00c1vila","datePublished":"2026-01-15T16:48:46+00:00","dateModified":"2026-01-15T16:48:48+00:00","mainEntityOfPage":{"@id":"https:\/\/compartilhabahia.com.br\/index.php\/2026\/01\/15\/industria-dasim-abre-vagas-de-emprego-em-dias-davila\/"},"wordCount":490,"commentCount":0,"publisher":{"@id":"https:\/\/compartilhabahia.com.br\/#organization"},"articleSection":["Cama\u00e7ari"],"inLanguage":"pt-BR","potentialAction":[{"@type":"CommentAction","name":"Comment","target":["https:\/\/compartilhabahia.com.br\/index.php\/2026\/01\/15\/industria-dasim-abre-vagas-de-emprego-em-dias-davila\/#respond"]}]},{"@type":"WebPage","@id":"https:\/\/compartilhabahia.com.br\/index.php\/2026\/01\/15\/industria-dasim-abre-vagas-de-emprego-em-dias-davila\/","url":"https:\/\/compartilhabahia.com.br\/index.php\/2026\/01\/15\/industria-dasim-abre-vagas-de-emprego-em-dias-davila\/","name":"Ind\u00fastria d\u00e1Sim abre vagas de emprego em Dias D\u2019\u00c1vila - Compartilha Bahia","isPartOf":{"@id":"https:\/\/compartilhabahia.com.br\/#website"},"datePublished":"2026-01-15T16:48:46+00:00","dateModified":"2026-01-15T16:48:48+00:00","breadcrumb":{"@id":"https:\/\/compartilhabahia.com.br\/index.php\/2026\/01\/15\/industria-dasim-abre-vagas-de-emprego-em-dias-davila\/#breadcrumb"},"inLanguage":"pt-BR","potentialAction":[{"@type":"ReadAction","target":["https:\/\/compartilhabahia.com.br\/index.php\/2026\/01\/15\/industria-dasim-abre-vagas-de-emprego-em-dias-davila\/"]}]},{"@type":"BreadcrumbList","@id":"https:\/\/compartilhabahia.com.br\/index.php\/2026\/01\/15\/industria-dasim-abre-vagas-de-emprego-em-dias-davila\/#breadcrumb","itemListElement":[{"@type":"ListItem","position":1,"name":"In\u00edcio","item":"https:\/\/compartilhabahia.com.br\/"},{"@type":"ListItem","position":2,"name":"Ind\u00fastria d\u00e1Sim abre vagas de emprego em Dias D\u2019\u00c1vila"}]},{"@type":"WebSite","@id":"https:\/\/compartilhabahia.com.br\/#website","url":"https:\/\/compartilhabahia.com.br\/","name":"Compartilha Bahia","description":"","publisher":{"@id":"https:\/\/compartilhabahia.com.br\/#organization"},"potentialAction":[{"@type":"SearchAction","target":{"@type":"EntryPoint","urlTemplate":"https:\/\/compartilhabahia.com.br\/?s={search_term_string}"},"query-input":"required name=search_term_string"}],"inLanguage":"pt-BR"},{"@type":"Organization","@id":"https:\/\/compartilhabahia.com.br\/#organization","name":"Compartilha Bahia","url":"https:\/\/compartilhabahia.com.br\/","logo":{"@type":"ImageObject","inLanguage":"pt-BR","@id":"https:\/\/compartilhabahia.com.br\/#\/schema\/logo\/image\/","url":"https:\/\/compartilhabahia.com.br\/wp-content\/uploads\/2023\/12\/cropped-logo.png","contentUrl":"https:\/\/compartilhabahia.com.br\/wp-content\/uploads\/2023\/12\/cropped-logo.png","width":300,"height":106,"caption":"Compartilha Bahia"},"image":{"@id":"https:\/\/compartilhabahia.com.br\/#\/schema\/logo\/image\/"},"sameAs":["https:\/\/web.facebook.com\/compartilhabahia","https:\/\/www.instagram.com\/compartilhabahia\/"]},{"@type":"Person","@id":"https:\/\/compartilhabahia.com.br\/#\/schema\/person\/9b4f0c3178793b8248d6686732521c04","name":"admin","image":{"@type":"ImageObject","inLanguage":"pt-BR","@id":"https:\/\/compartilhabahia.com.br\/#\/schema\/person\/image\/","url":"https:\/\/secure.gravatar.com\/avatar\/9600df58751c5acbe914c538c03390ef649ea088cb65f84ba09c7ce66988eed6?s=96&d=mm&r=g","contentUrl":"https:\/\/secure.gravatar.com\/avatar\/9600df58751c5acbe914c538c03390ef649ea088cb65f84ba09c7ce66988eed6?s=96&d=mm&r=g","caption":"admin"},"sameAs":["https:\/\/compartilhabahia.com.br"],"url":"https:\/\/compartilhabahia.com.br\/index.php\/author\/compartilhabahia\/"}]}},"_links":{"self":[{"href":"https:\/\/compartilhabahia.com.br\/index.php\/wp-json\/wp\/v2\/posts\/8962","targetHints":{"allow":["GET"]}}],"collection":[{"href":"https:\/\/compartilhabahia.com.br\/index.php\/wp-json\/wp\/v2\/posts"}],"about":[{"href":"https:\/\/compartilhabahia.com.br\/index.php\/wp-json\/wp\/v2\/types\/post"}],"author":[{"embeddable":true,"href":"https:\/\/compartilhabahia.com.br\/index.php\/wp-json\/wp\/v2\/users\/1"}],"replies":[{"embeddable":true,"href":"https:\/\/compartilhabahia.com.br\/index.php\/wp-json\/wp\/v2\/comments?post=8962"}],"version-history":[{"count":1,"href":"https:\/\/compartilhabahia.com.br\/index.php\/wp-json\/wp\/v2\/posts\/8962\/revisions"}],"predecessor-version":[{"id":8964,"href":"https:\/\/compartilhabahia.com.br\/index.php\/wp-json\/wp\/v2\/posts\/8962\/revisions\/8964"}],"wp:featuredmedia":[{"embeddable":true,"href":"https:\/\/compartilhabahia.com.br\/index.php\/wp-json\/wp\/v2\/media\/8963"}],"wp:attachment":[{"href":"https:\/\/compartilhabahia.com.br\/index.php\/wp-json\/wp\/v2\/media?parent=8962"}],"wp:term":[{"taxonomy":"category","embeddable":true,"href":"https:\/\/compartilhabahia.com.br\/index.php\/wp-json\/wp\/v2\/categories?post=8962"},{"taxonomy":"post_tag","embeddable":true,"href":"https:\/\/compartilhabahia.com.br\/index.php\/wp-json\/wp\/v2\/tags?post=8962"}],"curies":[{"name":"wp","href":"https:\/\/api.w.org\/{rel}","templated":true}]}}