{"id":8958,"date":"2026-01-15T12:50:58","date_gmt":"2026-01-15T15:50:58","guid":{"rendered":"https:\/\/compartilhabahia.com.br\/?p=8958"},"modified":"2026-01-15T12:51:00","modified_gmt":"2026-01-15T15:51:00","slug":"crescimento-de-315-leva-a-byd-ao-top-3-do-mercado-brasileiro-de-onibus-eletricos-segundo-fenabrave","status":"publish","type":"post","link":"https:\/\/compartilhabahia.com.br\/index.php\/2026\/01\/15\/crescimento-de-315-leva-a-byd-ao-top-3-do-mercado-brasileiro-de-onibus-eletricos-segundo-fenabrave\/","title":{"rendered":"Crescimento de 315% leva a BYD ao top 3 do mercado brasileiro de \u00f4nibus el\u00e9tricos, segundo Fenabrave"},"content":{"rendered":"\n<p>A BYD, l\u00edder global em tecnologia e solu\u00e7\u00f5es de eletrifica\u00e7\u00e3o para mobilidade, encerrou 2025 com um desempenho hist\u00f3rico no segmento de \u00f4nibus no Brasil. Ao longo do ano, a companhia emplacou 195 ve\u00edculos, um crescimento expressivo em compara\u00e7\u00e3o aos 47 \u00f4nibus em 2024, segundo dados divulgados pela Fenabrave. Os resultados consolidam a posi\u00e7\u00e3o da empresa como uma das principais protagonistas da transforma\u00e7\u00e3o da mobilidade sustent\u00e1vel no pa\u00eds.<\/p>\n\n\n\n<p>Em 2025, a BYD apresentou um conjunto de inova\u00e7\u00f5es no segmento de \u00f4nibus que ajudou a consolidar sua lideran\u00e7a em mobilidade el\u00e9trica sustent\u00e1vel, com foco em performance, seguran\u00e7a e efici\u00eancia operacional. A nova linha de \u00f4nibus el\u00e9tricos urbanos \u00e9 equipada com as avan\u00e7adas baterias Blade, que oferecem maior autonomia e elevados padr\u00f5es de seguran\u00e7a, garantindo a redu\u00e7\u00e3o do custo total de opera\u00e7\u00e3o para os operadores.<\/p>\n\n\n\n<p>Essas inova\u00e7\u00f5es refletem o compromisso da companhia com a moderniza\u00e7\u00e3o do transporte coletivo, contribuindo para cidades mais limpas e silenciosas: solu\u00e7\u00f5es reais para que as cidades avancem mais r\u00e1pido rumo ao zero carbono, sem abrir m\u00e3o do conforto e da confiabilidade para passageiros e operadores.<\/p>\n\n\n\n<p>Os resultados se refletem na crescente ado\u00e7\u00e3o dos modelos da BYD por sistemas de transporte urbano em diferentes regi\u00f5es do pa\u00eds. S\u00e3o Paulo lidera esse movimento, com mais de 260 ve\u00edculos da marca em opera\u00e7\u00e3o. O avan\u00e7o nas entregas em 2025 reflete o impressionante desempenho comercial da BYD no segmento.<\/p>\n\n\n\n<p>\u201cEsse crescimento expressivo comprova que a mobilidade el\u00e9trica j\u00e1 \u00e9 uma realidade consolidada no transporte p\u00fablico brasileiro\u201d, afirma Marcello Schneider, diretor de ve\u00edculos comerciais e solar da BYD Brasil. \u201cQuadruplicar nossos emplacamentos em um \u00fanico ano vai al\u00e9m de um resultado comercial: \u00e9 o reconhecimento, por parte do mercado, da confiabilidade da tecnologia da BYD, da robustez dos nossos produtos e da nossa capacidade de entregar solu\u00e7\u00f5es completas que atendem \u00e0s necessidades reais das cidades\u201d.<\/p>\n\n\n\n<p>O avan\u00e7o nas entregas em 2025 reflete o forte desempenho comercial da BYD no segmento. De acordo com os dados divulgados pela Fenabrave, a companhia encerrou o ano na terceira posi\u00e7\u00e3o no acumulado de \u00f4nibus el\u00e9tricos emplacados no Brasil, com 195 unidades, frente \u00e0s 47 registradas em 2024. O resultado evidencia o crescimento consistente da demanda por solu\u00e7\u00f5es de transporte p\u00fablico el\u00e9trico, sustenta o volume recorde de entregas no per\u00edodo e refor\u00e7a a presen\u00e7a da marca nos principais sistemas de mobilidade urbana do pa\u00eds.<\/p>\n\n\n\n<p>Al\u00e9m da redu\u00e7\u00e3o significativa das emiss\u00f5es de CO\u2082 e de poluentes, os \u00f4nibus el\u00e9tricos da BYD contribuem para a melhoria da qualidade de vida nas cidades, com menor n\u00edvel de ru\u00eddo e maior efici\u00eancia energ\u00e9tica. A companhia segue investindo em tecnologia, infraestrutura e parcerias locais para acelerar ainda mais a ado\u00e7\u00e3o da mobilidade el\u00e9trica no Brasil.<\/p>\n\n\n\n<p>Esse avan\u00e7o tamb\u00e9m \u00e9 impulsionado pela opera\u00e7\u00e3o da f\u00e1brica da BYD em Campinas (SP), refer\u00eancia na produ\u00e7\u00e3o de chassis de \u00f4nibus el\u00e9tricos no pa\u00eds. Em 2025, a unidade atingiu um marco relevante ao alcan\u00e7ar a produ\u00e7\u00e3o do chassi n\u00famero 600, consolidando o Brasil como um polo estrat\u00e9gico da companhia para a mobilidade el\u00e9trica. O resultado reflete a maturidade da opera\u00e7\u00e3o local, o fortalecimento da cadeia produtiva nacional e o compromisso da BYD com o desenvolvimento de solu\u00e7\u00f5es alinhadas \u00e0s necessidades do transporte p\u00fablico brasileiro.<\/p>\n\n\n\n<p><strong>SOBRE A BYD<\/strong><\/p>\n\n\n\n<p><em>A BYD \u00e9 l\u00edder global na produ\u00e7\u00e3o de ve\u00edculos el\u00e9tricos e h\u00edbridos plug-in. Com mais de 10 anos de atua\u00e7\u00e3o no Brasil, mant\u00e9m f\u00e1bricas de m\u00f3dulos fotovoltaicos e chassis de \u00f4nibus el\u00e9tricos em Campinas (SP), baterias em Manaus (AM) e ve\u00edculos de passeio eletrificados em Cama\u00e7ari (BA). A empresa tamb\u00e9m atua em sistemas de armazenamento de energia e em solu\u00e7\u00f5es de transporte sobre trilhos, sendo respons\u00e1vel pelo desenvolvimento do monotrilho da Linha 17\u2013Ouro do Metr\u00f4, em S\u00e3o Paulo. Em 2025, alcan\u00e7ou a marca de 100 mil ve\u00edculos 100% el\u00e9tricos vendidos no Brasil e segue firme em sua miss\u00e3o de ajudar a reduzir a temperatura da Terra em 1\u202f\u00b0C.<\/em><\/p>\n","protected":false},"excerpt":{"rendered":"<p>A BYD, l\u00edder global em tecnologia e solu\u00e7\u00f5es de eletrifica\u00e7\u00e3o para mobilidade, encerrou 2025 com um desempenho hist\u00f3rico no segmento de \u00f4nibus no Brasil. Ao longo do ano, a companhia emplacou 195 ve\u00edculos, um crescimento expressivo em compara\u00e7\u00e3o aos 47 \u00f4nibus em 2024, segundo dados divulgados pela Fenabrave. Os resultados consolidam a posi\u00e7\u00e3o da empresa [&hellip;]<\/p>\n","protected":false},"author":1,"featured_media":8959,"comment_status":"open","ping_status":"open","sticky":false,"template":"","format":"standard","meta":{"footnotes":""},"categories":[1],"tags":[],"class_list":["post-8958","post","type-post","status-publish","format-standard","has-post-thumbnail","hentry","category-mundo"],"yoast_head":"<!-- This site is optimized with the Yoast SEO plugin v21.7 - https:\/\/yoast.com\/wordpress\/plugins\/seo\/ -->\n<title>Crescimento de 315% leva a BYD ao top 3 do mercado brasileiro de \u00f4nibus el\u00e9tricos, segundo Fenabrave - Compartilha Bahia<\/title>\n<meta name=\"robots\" content=\"index, follow, max-snippet:-1, max-image-preview:large, max-video-preview:-1\" \/>\n<link rel=\"canonical\" href=\"https:\/\/compartilhabahia.com.br\/index.php\/2026\/01\/15\/crescimento-de-315-leva-a-byd-ao-top-3-do-mercado-brasileiro-de-onibus-eletricos-segundo-fenabrave\/\" \/>\n<meta property=\"og:locale\" content=\"pt_BR\" \/>\n<meta property=\"og:type\" content=\"article\" \/>\n<meta property=\"og:title\" content=\"Crescimento de 315% leva a BYD ao top 3 do mercado brasileiro de \u00f4nibus el\u00e9tricos, segundo Fenabrave - Compartilha Bahia\" \/>\n<meta property=\"og:description\" content=\"A BYD, l\u00edder global em tecnologia e solu\u00e7\u00f5es de eletrifica\u00e7\u00e3o para mobilidade, encerrou 2025 com um desempenho hist\u00f3rico no segmento de \u00f4nibus no Brasil. Ao longo do ano, a companhia emplacou 195 ve\u00edculos, um crescimento expressivo em compara\u00e7\u00e3o aos 47 \u00f4nibus em 2024, segundo dados divulgados pela Fenabrave. Os resultados consolidam a posi\u00e7\u00e3o da empresa [&hellip;]\" \/>\n<meta property=\"og:url\" content=\"https:\/\/compartilhabahia.com.br\/index.php\/2026\/01\/15\/crescimento-de-315-leva-a-byd-ao-top-3-do-mercado-brasileiro-de-onibus-eletricos-segundo-fenabrave\/\" \/>\n<meta property=\"og:site_name\" content=\"Compartilha Bahia\" \/>\n<meta property=\"article:publisher\" content=\"https:\/\/web.facebook.com\/compartilhabahia\" \/>\n<meta property=\"article:published_time\" content=\"2026-01-15T15:50:58+00:00\" \/>\n<meta property=\"article:modified_time\" content=\"2026-01-15T15:51:00+00:00\" \/>\n<meta property=\"og:image\" content=\"https:\/\/compartilhabahia.com.br\/wp-content\/uploads\/2026\/01\/onibusverdebyd.jpg\" \/>\n\t<meta property=\"og:image:width\" content=\"917\" \/>\n\t<meta property=\"og:image:height\" content=\"513\" \/>\n\t<meta property=\"og:image:type\" content=\"image\/jpeg\" \/>\n<meta name=\"author\" content=\"admin\" \/>\n<meta name=\"twitter:card\" content=\"summary_large_image\" \/>\n<meta name=\"twitter:label1\" content=\"Escrito por\" \/>\n\t<meta name=\"twitter:data1\" content=\"admin\" \/>\n\t<meta name=\"twitter:label2\" content=\"Est. tempo de leitura\" \/>\n\t<meta name=\"twitter:data2\" content=\"4 minutos\" \/>\n<script type=\"application\/ld+json\" class=\"yoast-schema-graph\">{\"@context\":\"https:\/\/schema.org\",\"@graph\":[{\"@type\":\"Article\",\"@id\":\"https:\/\/compartilhabahia.com.br\/index.php\/2026\/01\/15\/crescimento-de-315-leva-a-byd-ao-top-3-do-mercado-brasileiro-de-onibus-eletricos-segundo-fenabrave\/#article\",\"isPartOf\":{\"@id\":\"https:\/\/compartilhabahia.com.br\/index.php\/2026\/01\/15\/crescimento-de-315-leva-a-byd-ao-top-3-do-mercado-brasileiro-de-onibus-eletricos-segundo-fenabrave\/\"},\"author\":{\"name\":\"admin\",\"@id\":\"https:\/\/compartilhabahia.com.br\/#\/schema\/person\/9b4f0c3178793b8248d6686732521c04\"},\"headline\":\"Crescimento de 315% leva a BYD ao top 3 do mercado brasileiro de \u00f4nibus el\u00e9tricos, segundo Fenabrave\",\"datePublished\":\"2026-01-15T15:50:58+00:00\",\"dateModified\":\"2026-01-15T15:51:00+00:00\",\"mainEntityOfPage\":{\"@id\":\"https:\/\/compartilhabahia.com.br\/index.php\/2026\/01\/15\/crescimento-de-315-leva-a-byd-ao-top-3-do-mercado-brasileiro-de-onibus-eletricos-segundo-fenabrave\/\"},\"wordCount\":726,\"commentCount\":0,\"publisher\":{\"@id\":\"https:\/\/compartilhabahia.com.br\/#organization\"},\"articleSection\":[\"Mundo\"],\"inLanguage\":\"pt-BR\",\"potentialAction\":[{\"@type\":\"CommentAction\",\"name\":\"Comment\",\"target\":[\"https:\/\/compartilhabahia.com.br\/index.php\/2026\/01\/15\/crescimento-de-315-leva-a-byd-ao-top-3-do-mercado-brasileiro-de-onibus-eletricos-segundo-fenabrave\/#respond\"]}]},{\"@type\":\"WebPage\",\"@id\":\"https:\/\/compartilhabahia.com.br\/index.php\/2026\/01\/15\/crescimento-de-315-leva-a-byd-ao-top-3-do-mercado-brasileiro-de-onibus-eletricos-segundo-fenabrave\/\",\"url\":\"https:\/\/compartilhabahia.com.br\/index.php\/2026\/01\/15\/crescimento-de-315-leva-a-byd-ao-top-3-do-mercado-brasileiro-de-onibus-eletricos-segundo-fenabrave\/\",\"name\":\"Crescimento de 315% leva a BYD ao top 3 do mercado brasileiro de \u00f4nibus el\u00e9tricos, segundo Fenabrave - Compartilha Bahia\",\"isPartOf\":{\"@id\":\"https:\/\/compartilhabahia.com.br\/#website\"},\"datePublished\":\"2026-01-15T15:50:58+00:00\",\"dateModified\":\"2026-01-15T15:51:00+00:00\",\"breadcrumb\":{\"@id\":\"https:\/\/compartilhabahia.com.br\/index.php\/2026\/01\/15\/crescimento-de-315-leva-a-byd-ao-top-3-do-mercado-brasileiro-de-onibus-eletricos-segundo-fenabrave\/#breadcrumb\"},\"inLanguage\":\"pt-BR\",\"potentialAction\":[{\"@type\":\"ReadAction\",\"target\":[\"https:\/\/compartilhabahia.com.br\/index.php\/2026\/01\/15\/crescimento-de-315-leva-a-byd-ao-top-3-do-mercado-brasileiro-de-onibus-eletricos-segundo-fenabrave\/\"]}]},{\"@type\":\"BreadcrumbList\",\"@id\":\"https:\/\/compartilhabahia.com.br\/index.php\/2026\/01\/15\/crescimento-de-315-leva-a-byd-ao-top-3-do-mercado-brasileiro-de-onibus-eletricos-segundo-fenabrave\/#breadcrumb\",\"itemListElement\":[{\"@type\":\"ListItem\",\"position\":1,\"name\":\"In\u00edcio\",\"item\":\"https:\/\/compartilhabahia.com.br\/\"},{\"@type\":\"ListItem\",\"position\":2,\"name\":\"Crescimento de 315% leva a BYD ao top 3 do mercado brasileiro de \u00f4nibus el\u00e9tricos, segundo Fenabrave\"}]},{\"@type\":\"WebSite\",\"@id\":\"https:\/\/compartilhabahia.com.br\/#website\",\"url\":\"https:\/\/compartilhabahia.com.br\/\",\"name\":\"Compartilha Bahia\",\"description\":\"\",\"publisher\":{\"@id\":\"https:\/\/compartilhabahia.com.br\/#organization\"},\"potentialAction\":[{\"@type\":\"SearchAction\",\"target\":{\"@type\":\"EntryPoint\",\"urlTemplate\":\"https:\/\/compartilhabahia.com.br\/?s={search_term_string}\"},\"query-input\":\"required name=search_term_string\"}],\"inLanguage\":\"pt-BR\"},{\"@type\":\"Organization\",\"@id\":\"https:\/\/compartilhabahia.com.br\/#organization\",\"name\":\"Compartilha Bahia\",\"url\":\"https:\/\/compartilhabahia.com.br\/\",\"logo\":{\"@type\":\"ImageObject\",\"inLanguage\":\"pt-BR\",\"@id\":\"https:\/\/compartilhabahia.com.br\/#\/schema\/logo\/image\/\",\"url\":\"https:\/\/compartilhabahia.com.br\/wp-content\/uploads\/2023\/12\/cropped-logo.png\",\"contentUrl\":\"https:\/\/compartilhabahia.com.br\/wp-content\/uploads\/2023\/12\/cropped-logo.png\",\"width\":300,\"height\":106,\"caption\":\"Compartilha Bahia\"},\"image\":{\"@id\":\"https:\/\/compartilhabahia.com.br\/#\/schema\/logo\/image\/\"},\"sameAs\":[\"https:\/\/web.facebook.com\/compartilhabahia\",\"https:\/\/www.instagram.com\/compartilhabahia\/\"]},{\"@type\":\"Person\",\"@id\":\"https:\/\/compartilhabahia.com.br\/#\/schema\/person\/9b4f0c3178793b8248d6686732521c04\",\"name\":\"admin\",\"image\":{\"@type\":\"ImageObject\",\"inLanguage\":\"pt-BR\",\"@id\":\"https:\/\/compartilhabahia.com.br\/#\/schema\/person\/image\/\",\"url\":\"https:\/\/secure.gravatar.com\/avatar\/9600df58751c5acbe914c538c03390ef649ea088cb65f84ba09c7ce66988eed6?s=96&d=mm&r=g\",\"contentUrl\":\"https:\/\/secure.gravatar.com\/avatar\/9600df58751c5acbe914c538c03390ef649ea088cb65f84ba09c7ce66988eed6?s=96&d=mm&r=g\",\"caption\":\"admin\"},\"sameAs\":[\"https:\/\/compartilhabahia.com.br\"],\"url\":\"https:\/\/compartilhabahia.com.br\/index.php\/author\/compartilhabahia\/\"}]}<\/script>\n<!-- \/ Yoast SEO plugin. -->","yoast_head_json":{"title":"Crescimento de 315% leva a BYD ao top 3 do mercado brasileiro de \u00f4nibus el\u00e9tricos, segundo Fenabrave - Compartilha Bahia","robots":{"index":"index","follow":"follow","max-snippet":"max-snippet:-1","max-image-preview":"max-image-preview:large","max-video-preview":"max-video-preview:-1"},"canonical":"https:\/\/compartilhabahia.com.br\/index.php\/2026\/01\/15\/crescimento-de-315-leva-a-byd-ao-top-3-do-mercado-brasileiro-de-onibus-eletricos-segundo-fenabrave\/","og_locale":"pt_BR","og_type":"article","og_title":"Crescimento de 315% leva a BYD ao top 3 do mercado brasileiro de \u00f4nibus el\u00e9tricos, segundo Fenabrave - Compartilha Bahia","og_description":"A BYD, l\u00edder global em tecnologia e solu\u00e7\u00f5es de eletrifica\u00e7\u00e3o para mobilidade, encerrou 2025 com um desempenho hist\u00f3rico no segmento de \u00f4nibus no Brasil. Ao longo do ano, a companhia emplacou 195 ve\u00edculos, um crescimento expressivo em compara\u00e7\u00e3o aos 47 \u00f4nibus em 2024, segundo dados divulgados pela Fenabrave. Os resultados consolidam a posi\u00e7\u00e3o da empresa [&hellip;]","og_url":"https:\/\/compartilhabahia.com.br\/index.php\/2026\/01\/15\/crescimento-de-315-leva-a-byd-ao-top-3-do-mercado-brasileiro-de-onibus-eletricos-segundo-fenabrave\/","og_site_name":"Compartilha Bahia","article_publisher":"https:\/\/web.facebook.com\/compartilhabahia","article_published_time":"2026-01-15T15:50:58+00:00","article_modified_time":"2026-01-15T15:51:00+00:00","og_image":[{"width":917,"height":513,"url":"https:\/\/compartilhabahia.com.br\/wp-content\/uploads\/2026\/01\/onibusverdebyd.jpg","type":"image\/jpeg"}],"author":"admin","twitter_card":"summary_large_image","twitter_misc":{"Escrito por":"admin","Est. tempo de leitura":"4 minutos"},"schema":{"@context":"https:\/\/schema.org","@graph":[{"@type":"Article","@id":"https:\/\/compartilhabahia.com.br\/index.php\/2026\/01\/15\/crescimento-de-315-leva-a-byd-ao-top-3-do-mercado-brasileiro-de-onibus-eletricos-segundo-fenabrave\/#article","isPartOf":{"@id":"https:\/\/compartilhabahia.com.br\/index.php\/2026\/01\/15\/crescimento-de-315-leva-a-byd-ao-top-3-do-mercado-brasileiro-de-onibus-eletricos-segundo-fenabrave\/"},"author":{"name":"admin","@id":"https:\/\/compartilhabahia.com.br\/#\/schema\/person\/9b4f0c3178793b8248d6686732521c04"},"headline":"Crescimento de 315% leva a BYD ao top 3 do mercado brasileiro de \u00f4nibus el\u00e9tricos, segundo Fenabrave","datePublished":"2026-01-15T15:50:58+00:00","dateModified":"2026-01-15T15:51:00+00:00","mainEntityOfPage":{"@id":"https:\/\/compartilhabahia.com.br\/index.php\/2026\/01\/15\/crescimento-de-315-leva-a-byd-ao-top-3-do-mercado-brasileiro-de-onibus-eletricos-segundo-fenabrave\/"},"wordCount":726,"commentCount":0,"publisher":{"@id":"https:\/\/compartilhabahia.com.br\/#organization"},"articleSection":["Mundo"],"inLanguage":"pt-BR","potentialAction":[{"@type":"CommentAction","name":"Comment","target":["https:\/\/compartilhabahia.com.br\/index.php\/2026\/01\/15\/crescimento-de-315-leva-a-byd-ao-top-3-do-mercado-brasileiro-de-onibus-eletricos-segundo-fenabrave\/#respond"]}]},{"@type":"WebPage","@id":"https:\/\/compartilhabahia.com.br\/index.php\/2026\/01\/15\/crescimento-de-315-leva-a-byd-ao-top-3-do-mercado-brasileiro-de-onibus-eletricos-segundo-fenabrave\/","url":"https:\/\/compartilhabahia.com.br\/index.php\/2026\/01\/15\/crescimento-de-315-leva-a-byd-ao-top-3-do-mercado-brasileiro-de-onibus-eletricos-segundo-fenabrave\/","name":"Crescimento de 315% leva a BYD ao top 3 do mercado brasileiro de \u00f4nibus el\u00e9tricos, segundo Fenabrave - Compartilha Bahia","isPartOf":{"@id":"https:\/\/compartilhabahia.com.br\/#website"},"datePublished":"2026-01-15T15:50:58+00:00","dateModified":"2026-01-15T15:51:00+00:00","breadcrumb":{"@id":"https:\/\/compartilhabahia.com.br\/index.php\/2026\/01\/15\/crescimento-de-315-leva-a-byd-ao-top-3-do-mercado-brasileiro-de-onibus-eletricos-segundo-fenabrave\/#breadcrumb"},"inLanguage":"pt-BR","potentialAction":[{"@type":"ReadAction","target":["https:\/\/compartilhabahia.com.br\/index.php\/2026\/01\/15\/crescimento-de-315-leva-a-byd-ao-top-3-do-mercado-brasileiro-de-onibus-eletricos-segundo-fenabrave\/"]}]},{"@type":"BreadcrumbList","@id":"https:\/\/compartilhabahia.com.br\/index.php\/2026\/01\/15\/crescimento-de-315-leva-a-byd-ao-top-3-do-mercado-brasileiro-de-onibus-eletricos-segundo-fenabrave\/#breadcrumb","itemListElement":[{"@type":"ListItem","position":1,"name":"In\u00edcio","item":"https:\/\/compartilhabahia.com.br\/"},{"@type":"ListItem","position":2,"name":"Crescimento de 315% leva a BYD ao top 3 do mercado brasileiro de \u00f4nibus el\u00e9tricos, segundo Fenabrave"}]},{"@type":"WebSite","@id":"https:\/\/compartilhabahia.com.br\/#website","url":"https:\/\/compartilhabahia.com.br\/","name":"Compartilha Bahia","description":"","publisher":{"@id":"https:\/\/compartilhabahia.com.br\/#organization"},"potentialAction":[{"@type":"SearchAction","target":{"@type":"EntryPoint","urlTemplate":"https:\/\/compartilhabahia.com.br\/?s={search_term_string}"},"query-input":"required name=search_term_string"}],"inLanguage":"pt-BR"},{"@type":"Organization","@id":"https:\/\/compartilhabahia.com.br\/#organization","name":"Compartilha Bahia","url":"https:\/\/compartilhabahia.com.br\/","logo":{"@type":"ImageObject","inLanguage":"pt-BR","@id":"https:\/\/compartilhabahia.com.br\/#\/schema\/logo\/image\/","url":"https:\/\/compartilhabahia.com.br\/wp-content\/uploads\/2023\/12\/cropped-logo.png","contentUrl":"https:\/\/compartilhabahia.com.br\/wp-content\/uploads\/2023\/12\/cropped-logo.png","width":300,"height":106,"caption":"Compartilha Bahia"},"image":{"@id":"https:\/\/compartilhabahia.com.br\/#\/schema\/logo\/image\/"},"sameAs":["https:\/\/web.facebook.com\/compartilhabahia","https:\/\/www.instagram.com\/compartilhabahia\/"]},{"@type":"Person","@id":"https:\/\/compartilhabahia.com.br\/#\/schema\/person\/9b4f0c3178793b8248d6686732521c04","name":"admin","image":{"@type":"ImageObject","inLanguage":"pt-BR","@id":"https:\/\/compartilhabahia.com.br\/#\/schema\/person\/image\/","url":"https:\/\/secure.gravatar.com\/avatar\/9600df58751c5acbe914c538c03390ef649ea088cb65f84ba09c7ce66988eed6?s=96&d=mm&r=g","contentUrl":"https:\/\/secure.gravatar.com\/avatar\/9600df58751c5acbe914c538c03390ef649ea088cb65f84ba09c7ce66988eed6?s=96&d=mm&r=g","caption":"admin"},"sameAs":["https:\/\/compartilhabahia.com.br"],"url":"https:\/\/compartilhabahia.com.br\/index.php\/author\/compartilhabahia\/"}]}},"_links":{"self":[{"href":"https:\/\/compartilhabahia.com.br\/index.php\/wp-json\/wp\/v2\/posts\/8958","targetHints":{"allow":["GET"]}}],"collection":[{"href":"https:\/\/compartilhabahia.com.br\/index.php\/wp-json\/wp\/v2\/posts"}],"about":[{"href":"https:\/\/compartilhabahia.com.br\/index.php\/wp-json\/wp\/v2\/types\/post"}],"author":[{"embeddable":true,"href":"https:\/\/compartilhabahia.com.br\/index.php\/wp-json\/wp\/v2\/users\/1"}],"replies":[{"embeddable":true,"href":"https:\/\/compartilhabahia.com.br\/index.php\/wp-json\/wp\/v2\/comments?post=8958"}],"version-history":[{"count":1,"href":"https:\/\/compartilhabahia.com.br\/index.php\/wp-json\/wp\/v2\/posts\/8958\/revisions"}],"predecessor-version":[{"id":8960,"href":"https:\/\/compartilhabahia.com.br\/index.php\/wp-json\/wp\/v2\/posts\/8958\/revisions\/8960"}],"wp:featuredmedia":[{"embeddable":true,"href":"https:\/\/compartilhabahia.com.br\/index.php\/wp-json\/wp\/v2\/media\/8959"}],"wp:attachment":[{"href":"https:\/\/compartilhabahia.com.br\/index.php\/wp-json\/wp\/v2\/media?parent=8958"}],"wp:term":[{"taxonomy":"category","embeddable":true,"href":"https:\/\/compartilhabahia.com.br\/index.php\/wp-json\/wp\/v2\/categories?post=8958"},{"taxonomy":"post_tag","embeddable":true,"href":"https:\/\/compartilhabahia.com.br\/index.php\/wp-json\/wp\/v2\/tags?post=8958"}],"curies":[{"name":"wp","href":"https:\/\/api.w.org\/{rel}","templated":true}]}}