{"id":8955,"date":"2026-01-14T23:51:37","date_gmt":"2026-01-15T02:51:37","guid":{"rendered":"https:\/\/compartilhabahia.com.br\/?p=8955"},"modified":"2026-01-14T23:51:39","modified_gmt":"2026-01-15T02:51:39","slug":"byd-e-lider-de-vendas-em-salvador-no-varejo-para-o-mes-de-dezembro","status":"publish","type":"post","link":"https:\/\/compartilhabahia.com.br\/index.php\/2026\/01\/14\/byd-e-lider-de-vendas-em-salvador-no-varejo-para-o-mes-de-dezembro\/","title":{"rendered":"BYD \u00e9 l\u00edder de vendas em Salvador no varejo para o m\u00eas de dezembro"},"content":{"rendered":"\n<p>A BYD foi a grande protagonista do mercado automotivo em Salvador. Na capital baiana, a marca alcan\u00e7ou a lideran\u00e7a de vendas no varejo para o m\u00eas de dezembro, com uma fatia de mais de 13% do mercado, superando marcas tradicionais que atuam na cidade, como Volkswagen, Fiat e GM.<\/p>\n\n\n\n<p><br>Salvador \u00e9 uma cidade estrat\u00e9gica para a BYD devido \u00e0 proximidade de seu complexo fabril em Cama\u00e7ari e a companhia segue investindo na expans\u00e3o de suas vendas com o objetivo de alcan\u00e7ar a lideran\u00e7a nacional do mercado automotivo at\u00e9 2030.<\/p>\n\n\n\n<p><br>Olhando para o acumulado do ano, a BYD j\u00e1 chegou ao p\u00f3dio e passou a ocupar a terceira coloca\u00e7\u00e3o geral do ranking de 2025, em uma dist\u00e2ncia muito pr\u00f3xima do segundo e do terceiro lugar.<\/p>\n\n\n\n<p>SUCESSO NA BAHIA<br>Ainda em 2025, a marca registrou outra conquista regional em uma das cidades mais importantes no estado: Vit\u00f3ria da Conquista. Na cidade, a BYD ficou em primeiro lugar no acumulado do ano, com mais de 16% de participa\u00e7\u00e3o do mercado e com 492 unidades comercializadas, ultrapassando marcas  tradicionalmente consolidadas na regi\u00e3o, como Hyundai, Toyota e Caoa Chery.<\/p>\n\n\n\n<p><\/p>\n\n\n\n<p>CRESCIMENTO NO BRASIL<br>A BYD teve grandes conquistas no m\u00eas de dezembro, quando alcan\u00e7ou a segunda posi\u00e7\u00e3o em<br>vendas no varejo de autom\u00f3veis no Brasil, com mais de 13 mil unidades emplacadas, colocando-se \u00e0 frente de companhias tradicionais como GM, Fiat e Toyota. Foram 12,52% de participa\u00e7\u00e3o de mercado nesse segmento, um passo relevante rumo ao objetivo de liderar o setor automotivo brasileiro at\u00e9 2030.<\/p>\n\n\n\n<p><br>O fechamento do ano de 2025 consagrou a BYD em s\u00e9timo lugar entre as marcas de carros que mais emplacaram ve\u00edculos leves (n\u00e3o comerciais) no Brasil, com 111.683 unidades registradas, o que garante tamb\u00e9m uma participa\u00e7\u00e3o de 5,59% de toda a ind\u00fastria de autom\u00f3veis.<\/p>\n\n\n\n<p>Considerando a soma com comerciais leves no acumulado de 2026, a empresa fica em oitavo lugar, ainda no top 10, representando uma participa\u00e7\u00e3o de 4,43% do mercado.<\/p>\n\n\n\n<p><\/p>\n\n\n\n<p>Os resultados de 2025 significam um crescimento superior a 47% em rela\u00e7\u00e3o aos mais de 76 mil<br>ve\u00edculos vendidos em 2024. Desse volume, 101.448 carros s\u00e3o apenas do segmento do varejo,<br>consolidando a marca na 5\u00aa posi\u00e7\u00e3o do ranking, com 9,57% de market share e deixando para<br>tr\u00e1s montadoras tradicionais que atuam h\u00e1 d\u00e9cadas no Brasil, como Toyota e Honda. Ainda,<br>entre as 10 marcas que mais venderam no varejo, considerando autom\u00f3veis e comerciais leves,<br>a BYD foi a que mais cresceu em 2025 no comparativo com o ano anterior tanto em volume (+<br>36.003) quanto em percentual (+46,87%).<br>Em dezembro, no varejo, a BYD foi a marca mais vendida em todo o estado de Alagoas, que<br>abra\u00e7ou a marca e a posicionou no topo do ranking. A empresa ultrapassou montadoras como<br>Fiat e Volkswagen, assumindo tamb\u00e9m a lideran\u00e7a nas cidades de Arapiraca e Macei\u00f3.<br>Al\u00e9m disso, a BYD manteve a primeira coloca\u00e7\u00e3o por dois meses consecutivos em Bras\u00edlia (DF)<br>e Salvador (BA).<br>A marca tamb\u00e9m alcan\u00e7ou a segunda posi\u00e7\u00e3o entre as mais vendidas nas capitais Belo Horizonte<br>(MG), S\u00e3o Paulo (SP) e Porto Alegre (RS).<br>\u201cO ano de 2025 marca uma virada definitiva para a BYD no Brasil. Alcan\u00e7amos nosso melhor desempenho impulsionados por um portf\u00f3lio altamente competitivo e pela r\u00e1pida expans\u00e3o da nossa rede de concession\u00e1rias, acompanhando uma mudan\u00e7a clara na escolha do consumidor.<\/p>\n\n\n\n<p><br>N\u00e3o \u00e9 crescimento pontual, \u00e9 a verdadeira revolu\u00e7\u00e3o do mercado\u201d, destaca Alexandre Baldy, vice-presidente s\u00eanior da BYD no Brasil e head comercial e de marketing da BYD Auto.<\/p>\n\n\n\n<p>A trajet\u00f3ria da BYD no Brasil \u00e9 not\u00e1vel: ao chegar ao pa\u00eds em 2022, a montadora vendeu apenas 260 ve\u00edculos. No ano seguinte, em 2023, registrou um salto expressivo de 6.800%, com cerca de 17 mil carros emplacados. J\u00e1 em 2024, a empresa consolidou seu crescimento no mercado brasileiro ao superar 76 mil ve\u00edculos eletrificados vendidos, um recorde hist\u00f3rico. Em 2025, a BYD manteve sua curva ascendente e alcan\u00e7ou a marca de mais de 112 mil carros eletrificados vendidos em um \u00fanico ano, refor\u00e7ando sua posi\u00e7\u00e3o como uma das marcas que mais crescem no setor automotivo no Brasil.<\/p>\n\n\n\n<p>\u201cEsse desempenho \u00e9 fruto de uma estrat\u00e9gia clara, centrada no cliente e sustentada por investimentos cont\u00ednuos em inova\u00e7\u00e3o e sustentabilidade. Foi assim que assumimos a lideran\u00e7a dos ve\u00edculos eletrificados e passamos a disputar, de igual para igual, o topo do ranking geral, superando marcas tradicionais e consolidando a BYD como uma nova refer\u00eancia da ind\u00fastria automotiva no Brasil\u201d, completa o executivo.<br>Os modelos mais vendidos da BYD em 2025 foram:<\/p>\n\n\n\n<p><br>\u25cf BYD Dolphin Mini (32.459);<br>\u25cf BYD Song Pro (22.526);<br>\u25cf BYD Song Plus (16.680);<br>\u25cf BYD Dolphin GS (12.263).<\/p>\n","protected":false},"excerpt":{"rendered":"<p>A BYD foi a grande protagonista do mercado automotivo em Salvador. Na capital baiana, a marca alcan\u00e7ou a lideran\u00e7a de vendas no varejo para o m\u00eas de dezembro, com uma fatia de mais de 13% do mercado, superando marcas tradicionais que atuam na cidade, como Volkswagen, Fiat e GM. Salvador \u00e9 uma cidade estrat\u00e9gica para [&hellip;]<\/p>\n","protected":false},"author":1,"featured_media":8956,"comment_status":"open","ping_status":"open","sticky":false,"template":"","format":"standard","meta":{"footnotes":""},"categories":[8],"tags":[],"class_list":["post-8955","post","type-post","status-publish","format-standard","has-post-thumbnail","hentry","category-camacari"],"yoast_head":"<!-- This site is optimized with the Yoast SEO plugin v21.7 - https:\/\/yoast.com\/wordpress\/plugins\/seo\/ -->\n<title>BYD \u00e9 l\u00edder de vendas em Salvador no varejo para o m\u00eas de dezembro - Compartilha Bahia<\/title>\n<meta name=\"robots\" content=\"index, follow, max-snippet:-1, max-image-preview:large, max-video-preview:-1\" \/>\n<link rel=\"canonical\" href=\"https:\/\/compartilhabahia.com.br\/index.php\/2026\/01\/14\/byd-e-lider-de-vendas-em-salvador-no-varejo-para-o-mes-de-dezembro\/\" \/>\n<meta property=\"og:locale\" content=\"pt_BR\" \/>\n<meta property=\"og:type\" content=\"article\" \/>\n<meta property=\"og:title\" content=\"BYD \u00e9 l\u00edder de vendas em Salvador no varejo para o m\u00eas de dezembro - Compartilha Bahia\" \/>\n<meta property=\"og:description\" content=\"A BYD foi a grande protagonista do mercado automotivo em Salvador. Na capital baiana, a marca alcan\u00e7ou a lideran\u00e7a de vendas no varejo para o m\u00eas de dezembro, com uma fatia de mais de 13% do mercado, superando marcas tradicionais que atuam na cidade, como Volkswagen, Fiat e GM. Salvador \u00e9 uma cidade estrat\u00e9gica para [&hellip;]\" \/>\n<meta property=\"og:url\" content=\"https:\/\/compartilhabahia.com.br\/index.php\/2026\/01\/14\/byd-e-lider-de-vendas-em-salvador-no-varejo-para-o-mes-de-dezembro\/\" \/>\n<meta property=\"og:site_name\" content=\"Compartilha Bahia\" \/>\n<meta property=\"article:publisher\" content=\"https:\/\/web.facebook.com\/compartilhabahia\" \/>\n<meta property=\"article:published_time\" content=\"2026-01-15T02:51:37+00:00\" \/>\n<meta property=\"article:modified_time\" content=\"2026-01-15T02:51:39+00:00\" \/>\n<meta property=\"og:image\" content=\"https:\/\/compartilhabahia.com.br\/wp-content\/uploads\/2026\/01\/tabelavendasbyd.jpg\" \/>\n\t<meta property=\"og:image:width\" content=\"707\" \/>\n\t<meta property=\"og:image:height\" content=\"417\" \/>\n\t<meta property=\"og:image:type\" content=\"image\/jpeg\" \/>\n<meta name=\"author\" content=\"admin\" \/>\n<meta name=\"twitter:card\" content=\"summary_large_image\" \/>\n<meta name=\"twitter:label1\" content=\"Escrito por\" \/>\n\t<meta name=\"twitter:data1\" content=\"admin\" \/>\n\t<meta name=\"twitter:label2\" content=\"Est. tempo de leitura\" \/>\n\t<meta name=\"twitter:data2\" content=\"5 minutos\" \/>\n<script type=\"application\/ld+json\" class=\"yoast-schema-graph\">{\"@context\":\"https:\/\/schema.org\",\"@graph\":[{\"@type\":\"Article\",\"@id\":\"https:\/\/compartilhabahia.com.br\/index.php\/2026\/01\/14\/byd-e-lider-de-vendas-em-salvador-no-varejo-para-o-mes-de-dezembro\/#article\",\"isPartOf\":{\"@id\":\"https:\/\/compartilhabahia.com.br\/index.php\/2026\/01\/14\/byd-e-lider-de-vendas-em-salvador-no-varejo-para-o-mes-de-dezembro\/\"},\"author\":{\"name\":\"admin\",\"@id\":\"https:\/\/compartilhabahia.com.br\/#\/schema\/person\/9b4f0c3178793b8248d6686732521c04\"},\"headline\":\"BYD \u00e9 l\u00edder de vendas em Salvador no varejo para o m\u00eas de dezembro\",\"datePublished\":\"2026-01-15T02:51:37+00:00\",\"dateModified\":\"2026-01-15T02:51:39+00:00\",\"mainEntityOfPage\":{\"@id\":\"https:\/\/compartilhabahia.com.br\/index.php\/2026\/01\/14\/byd-e-lider-de-vendas-em-salvador-no-varejo-para-o-mes-de-dezembro\/\"},\"wordCount\":787,\"commentCount\":0,\"publisher\":{\"@id\":\"https:\/\/compartilhabahia.com.br\/#organization\"},\"articleSection\":[\"Cama\u00e7ari\"],\"inLanguage\":\"pt-BR\",\"potentialAction\":[{\"@type\":\"CommentAction\",\"name\":\"Comment\",\"target\":[\"https:\/\/compartilhabahia.com.br\/index.php\/2026\/01\/14\/byd-e-lider-de-vendas-em-salvador-no-varejo-para-o-mes-de-dezembro\/#respond\"]}]},{\"@type\":\"WebPage\",\"@id\":\"https:\/\/compartilhabahia.com.br\/index.php\/2026\/01\/14\/byd-e-lider-de-vendas-em-salvador-no-varejo-para-o-mes-de-dezembro\/\",\"url\":\"https:\/\/compartilhabahia.com.br\/index.php\/2026\/01\/14\/byd-e-lider-de-vendas-em-salvador-no-varejo-para-o-mes-de-dezembro\/\",\"name\":\"BYD \u00e9 l\u00edder de vendas em Salvador no varejo para o m\u00eas de dezembro - Compartilha Bahia\",\"isPartOf\":{\"@id\":\"https:\/\/compartilhabahia.com.br\/#website\"},\"datePublished\":\"2026-01-15T02:51:37+00:00\",\"dateModified\":\"2026-01-15T02:51:39+00:00\",\"breadcrumb\":{\"@id\":\"https:\/\/compartilhabahia.com.br\/index.php\/2026\/01\/14\/byd-e-lider-de-vendas-em-salvador-no-varejo-para-o-mes-de-dezembro\/#breadcrumb\"},\"inLanguage\":\"pt-BR\",\"potentialAction\":[{\"@type\":\"ReadAction\",\"target\":[\"https:\/\/compartilhabahia.com.br\/index.php\/2026\/01\/14\/byd-e-lider-de-vendas-em-salvador-no-varejo-para-o-mes-de-dezembro\/\"]}]},{\"@type\":\"BreadcrumbList\",\"@id\":\"https:\/\/compartilhabahia.com.br\/index.php\/2026\/01\/14\/byd-e-lider-de-vendas-em-salvador-no-varejo-para-o-mes-de-dezembro\/#breadcrumb\",\"itemListElement\":[{\"@type\":\"ListItem\",\"position\":1,\"name\":\"In\u00edcio\",\"item\":\"https:\/\/compartilhabahia.com.br\/\"},{\"@type\":\"ListItem\",\"position\":2,\"name\":\"BYD \u00e9 l\u00edder de vendas em Salvador no varejo para o m\u00eas de dezembro\"}]},{\"@type\":\"WebSite\",\"@id\":\"https:\/\/compartilhabahia.com.br\/#website\",\"url\":\"https:\/\/compartilhabahia.com.br\/\",\"name\":\"Compartilha Bahia\",\"description\":\"\",\"publisher\":{\"@id\":\"https:\/\/compartilhabahia.com.br\/#organization\"},\"potentialAction\":[{\"@type\":\"SearchAction\",\"target\":{\"@type\":\"EntryPoint\",\"urlTemplate\":\"https:\/\/compartilhabahia.com.br\/?s={search_term_string}\"},\"query-input\":\"required name=search_term_string\"}],\"inLanguage\":\"pt-BR\"},{\"@type\":\"Organization\",\"@id\":\"https:\/\/compartilhabahia.com.br\/#organization\",\"name\":\"Compartilha Bahia\",\"url\":\"https:\/\/compartilhabahia.com.br\/\",\"logo\":{\"@type\":\"ImageObject\",\"inLanguage\":\"pt-BR\",\"@id\":\"https:\/\/compartilhabahia.com.br\/#\/schema\/logo\/image\/\",\"url\":\"https:\/\/compartilhabahia.com.br\/wp-content\/uploads\/2023\/12\/cropped-logo.png\",\"contentUrl\":\"https:\/\/compartilhabahia.com.br\/wp-content\/uploads\/2023\/12\/cropped-logo.png\",\"width\":300,\"height\":106,\"caption\":\"Compartilha Bahia\"},\"image\":{\"@id\":\"https:\/\/compartilhabahia.com.br\/#\/schema\/logo\/image\/\"},\"sameAs\":[\"https:\/\/web.facebook.com\/compartilhabahia\",\"https:\/\/www.instagram.com\/compartilhabahia\/\"]},{\"@type\":\"Person\",\"@id\":\"https:\/\/compartilhabahia.com.br\/#\/schema\/person\/9b4f0c3178793b8248d6686732521c04\",\"name\":\"admin\",\"image\":{\"@type\":\"ImageObject\",\"inLanguage\":\"pt-BR\",\"@id\":\"https:\/\/compartilhabahia.com.br\/#\/schema\/person\/image\/\",\"url\":\"https:\/\/secure.gravatar.com\/avatar\/9600df58751c5acbe914c538c03390ef649ea088cb65f84ba09c7ce66988eed6?s=96&d=mm&r=g\",\"contentUrl\":\"https:\/\/secure.gravatar.com\/avatar\/9600df58751c5acbe914c538c03390ef649ea088cb65f84ba09c7ce66988eed6?s=96&d=mm&r=g\",\"caption\":\"admin\"},\"sameAs\":[\"https:\/\/compartilhabahia.com.br\"],\"url\":\"https:\/\/compartilhabahia.com.br\/index.php\/author\/compartilhabahia\/\"}]}<\/script>\n<!-- \/ Yoast SEO plugin. -->","yoast_head_json":{"title":"BYD \u00e9 l\u00edder de vendas em Salvador no varejo para o m\u00eas de dezembro - Compartilha Bahia","robots":{"index":"index","follow":"follow","max-snippet":"max-snippet:-1","max-image-preview":"max-image-preview:large","max-video-preview":"max-video-preview:-1"},"canonical":"https:\/\/compartilhabahia.com.br\/index.php\/2026\/01\/14\/byd-e-lider-de-vendas-em-salvador-no-varejo-para-o-mes-de-dezembro\/","og_locale":"pt_BR","og_type":"article","og_title":"BYD \u00e9 l\u00edder de vendas em Salvador no varejo para o m\u00eas de dezembro - Compartilha Bahia","og_description":"A BYD foi a grande protagonista do mercado automotivo em Salvador. Na capital baiana, a marca alcan\u00e7ou a lideran\u00e7a de vendas no varejo para o m\u00eas de dezembro, com uma fatia de mais de 13% do mercado, superando marcas tradicionais que atuam na cidade, como Volkswagen, Fiat e GM. Salvador \u00e9 uma cidade estrat\u00e9gica para [&hellip;]","og_url":"https:\/\/compartilhabahia.com.br\/index.php\/2026\/01\/14\/byd-e-lider-de-vendas-em-salvador-no-varejo-para-o-mes-de-dezembro\/","og_site_name":"Compartilha Bahia","article_publisher":"https:\/\/web.facebook.com\/compartilhabahia","article_published_time":"2026-01-15T02:51:37+00:00","article_modified_time":"2026-01-15T02:51:39+00:00","og_image":[{"width":707,"height":417,"url":"https:\/\/compartilhabahia.com.br\/wp-content\/uploads\/2026\/01\/tabelavendasbyd.jpg","type":"image\/jpeg"}],"author":"admin","twitter_card":"summary_large_image","twitter_misc":{"Escrito por":"admin","Est. tempo de leitura":"5 minutos"},"schema":{"@context":"https:\/\/schema.org","@graph":[{"@type":"Article","@id":"https:\/\/compartilhabahia.com.br\/index.php\/2026\/01\/14\/byd-e-lider-de-vendas-em-salvador-no-varejo-para-o-mes-de-dezembro\/#article","isPartOf":{"@id":"https:\/\/compartilhabahia.com.br\/index.php\/2026\/01\/14\/byd-e-lider-de-vendas-em-salvador-no-varejo-para-o-mes-de-dezembro\/"},"author":{"name":"admin","@id":"https:\/\/compartilhabahia.com.br\/#\/schema\/person\/9b4f0c3178793b8248d6686732521c04"},"headline":"BYD \u00e9 l\u00edder de vendas em Salvador no varejo para o m\u00eas de dezembro","datePublished":"2026-01-15T02:51:37+00:00","dateModified":"2026-01-15T02:51:39+00:00","mainEntityOfPage":{"@id":"https:\/\/compartilhabahia.com.br\/index.php\/2026\/01\/14\/byd-e-lider-de-vendas-em-salvador-no-varejo-para-o-mes-de-dezembro\/"},"wordCount":787,"commentCount":0,"publisher":{"@id":"https:\/\/compartilhabahia.com.br\/#organization"},"articleSection":["Cama\u00e7ari"],"inLanguage":"pt-BR","potentialAction":[{"@type":"CommentAction","name":"Comment","target":["https:\/\/compartilhabahia.com.br\/index.php\/2026\/01\/14\/byd-e-lider-de-vendas-em-salvador-no-varejo-para-o-mes-de-dezembro\/#respond"]}]},{"@type":"WebPage","@id":"https:\/\/compartilhabahia.com.br\/index.php\/2026\/01\/14\/byd-e-lider-de-vendas-em-salvador-no-varejo-para-o-mes-de-dezembro\/","url":"https:\/\/compartilhabahia.com.br\/index.php\/2026\/01\/14\/byd-e-lider-de-vendas-em-salvador-no-varejo-para-o-mes-de-dezembro\/","name":"BYD \u00e9 l\u00edder de vendas em Salvador no varejo para o m\u00eas de dezembro - Compartilha Bahia","isPartOf":{"@id":"https:\/\/compartilhabahia.com.br\/#website"},"datePublished":"2026-01-15T02:51:37+00:00","dateModified":"2026-01-15T02:51:39+00:00","breadcrumb":{"@id":"https:\/\/compartilhabahia.com.br\/index.php\/2026\/01\/14\/byd-e-lider-de-vendas-em-salvador-no-varejo-para-o-mes-de-dezembro\/#breadcrumb"},"inLanguage":"pt-BR","potentialAction":[{"@type":"ReadAction","target":["https:\/\/compartilhabahia.com.br\/index.php\/2026\/01\/14\/byd-e-lider-de-vendas-em-salvador-no-varejo-para-o-mes-de-dezembro\/"]}]},{"@type":"BreadcrumbList","@id":"https:\/\/compartilhabahia.com.br\/index.php\/2026\/01\/14\/byd-e-lider-de-vendas-em-salvador-no-varejo-para-o-mes-de-dezembro\/#breadcrumb","itemListElement":[{"@type":"ListItem","position":1,"name":"In\u00edcio","item":"https:\/\/compartilhabahia.com.br\/"},{"@type":"ListItem","position":2,"name":"BYD \u00e9 l\u00edder de vendas em Salvador no varejo para o m\u00eas de dezembro"}]},{"@type":"WebSite","@id":"https:\/\/compartilhabahia.com.br\/#website","url":"https:\/\/compartilhabahia.com.br\/","name":"Compartilha Bahia","description":"","publisher":{"@id":"https:\/\/compartilhabahia.com.br\/#organization"},"potentialAction":[{"@type":"SearchAction","target":{"@type":"EntryPoint","urlTemplate":"https:\/\/compartilhabahia.com.br\/?s={search_term_string}"},"query-input":"required name=search_term_string"}],"inLanguage":"pt-BR"},{"@type":"Organization","@id":"https:\/\/compartilhabahia.com.br\/#organization","name":"Compartilha Bahia","url":"https:\/\/compartilhabahia.com.br\/","logo":{"@type":"ImageObject","inLanguage":"pt-BR","@id":"https:\/\/compartilhabahia.com.br\/#\/schema\/logo\/image\/","url":"https:\/\/compartilhabahia.com.br\/wp-content\/uploads\/2023\/12\/cropped-logo.png","contentUrl":"https:\/\/compartilhabahia.com.br\/wp-content\/uploads\/2023\/12\/cropped-logo.png","width":300,"height":106,"caption":"Compartilha Bahia"},"image":{"@id":"https:\/\/compartilhabahia.com.br\/#\/schema\/logo\/image\/"},"sameAs":["https:\/\/web.facebook.com\/compartilhabahia","https:\/\/www.instagram.com\/compartilhabahia\/"]},{"@type":"Person","@id":"https:\/\/compartilhabahia.com.br\/#\/schema\/person\/9b4f0c3178793b8248d6686732521c04","name":"admin","image":{"@type":"ImageObject","inLanguage":"pt-BR","@id":"https:\/\/compartilhabahia.com.br\/#\/schema\/person\/image\/","url":"https:\/\/secure.gravatar.com\/avatar\/9600df58751c5acbe914c538c03390ef649ea088cb65f84ba09c7ce66988eed6?s=96&d=mm&r=g","contentUrl":"https:\/\/secure.gravatar.com\/avatar\/9600df58751c5acbe914c538c03390ef649ea088cb65f84ba09c7ce66988eed6?s=96&d=mm&r=g","caption":"admin"},"sameAs":["https:\/\/compartilhabahia.com.br"],"url":"https:\/\/compartilhabahia.com.br\/index.php\/author\/compartilhabahia\/"}]}},"_links":{"self":[{"href":"https:\/\/compartilhabahia.com.br\/index.php\/wp-json\/wp\/v2\/posts\/8955","targetHints":{"allow":["GET"]}}],"collection":[{"href":"https:\/\/compartilhabahia.com.br\/index.php\/wp-json\/wp\/v2\/posts"}],"about":[{"href":"https:\/\/compartilhabahia.com.br\/index.php\/wp-json\/wp\/v2\/types\/post"}],"author":[{"embeddable":true,"href":"https:\/\/compartilhabahia.com.br\/index.php\/wp-json\/wp\/v2\/users\/1"}],"replies":[{"embeddable":true,"href":"https:\/\/compartilhabahia.com.br\/index.php\/wp-json\/wp\/v2\/comments?post=8955"}],"version-history":[{"count":1,"href":"https:\/\/compartilhabahia.com.br\/index.php\/wp-json\/wp\/v2\/posts\/8955\/revisions"}],"predecessor-version":[{"id":8957,"href":"https:\/\/compartilhabahia.com.br\/index.php\/wp-json\/wp\/v2\/posts\/8955\/revisions\/8957"}],"wp:featuredmedia":[{"embeddable":true,"href":"https:\/\/compartilhabahia.com.br\/index.php\/wp-json\/wp\/v2\/media\/8956"}],"wp:attachment":[{"href":"https:\/\/compartilhabahia.com.br\/index.php\/wp-json\/wp\/v2\/media?parent=8955"}],"wp:term":[{"taxonomy":"category","embeddable":true,"href":"https:\/\/compartilhabahia.com.br\/index.php\/wp-json\/wp\/v2\/categories?post=8955"},{"taxonomy":"post_tag","embeddable":true,"href":"https:\/\/compartilhabahia.com.br\/index.php\/wp-json\/wp\/v2\/tags?post=8955"}],"curies":[{"name":"wp","href":"https:\/\/api.w.org\/{rel}","templated":true}]}}