{"id":8942,"date":"2026-01-14T23:15:11","date_gmt":"2026-01-15T02:15:11","guid":{"rendered":"https:\/\/compartilhabahia.com.br\/?p=8942"},"modified":"2026-01-14T23:15:44","modified_gmt":"2026-01-15T02:15:44","slug":"seguem-tranquilas-as-matriculas-para-alunos-regulares-da-rede-publica-municipal","status":"publish","type":"post","link":"https:\/\/compartilhabahia.com.br\/index.php\/2026\/01\/14\/seguem-tranquilas-as-matriculas-para-alunos-regulares-da-rede-publica-municipal\/","title":{"rendered":"Seguem tranquilas as Matr\u00edculas para alunos regulares da rede\u00a0p\u00fablica\u00a0municipal"},"content":{"rendered":"\n<p>A Secretaria de Educa\u00e7\u00e3o de Cama\u00e7ari&nbsp;(Seduc)&nbsp;segue com o processo de&nbsp;transfer\u00eancia interna&nbsp;para alunos que j\u00e1 estudam na Rede P\u00fablica Municipal de Ensino at\u00e9 sexta-feira (16).&nbsp;Na Escola Municipal Professora Laurita&nbsp;Souza&nbsp;Ribeiro, localizada na Avenida 28 de Setembro&nbsp;(antiga Radial A), as matr\u00edculas t\u00eam transcorrido tranquilamente, com vagas j\u00e1 garantidas&nbsp;para&nbsp;os alunos dos 7\u00ba, 8\u00ba e 9\u00ba.<\/p>\n\n\n\n<p>Nesta quarta-feira (14), na unidade, segundo&nbsp;o&nbsp;secret\u00e1rio&nbsp;escolar&nbsp;Roberto Ribeiro dos Santos,&nbsp;existem,&nbsp;exatamente, 70 vagas para o 6\u00ba ano, exclusivamente no turno vespertino. \u201cNo primeiro dia de matr\u00edcula&nbsp;[12 de janeiro],&nbsp;fechamos uma turma e meia,&nbsp;e&nbsp;ainda temos a&nbsp;mesma quantidade de vagas&nbsp;para ofertar\u201d, detalhou.<\/p>\n\n\n\n<p>Determinada a proporcionar a mesma qualidade de forma\u00e7\u00e3o que seu filho mais velho recebeu, quando&nbsp;foi&nbsp;aluno da Laurita&nbsp;Souza&nbsp;Ribeira, Ver\u00f4nica Silva, 50 anos, chegou cedo,&nbsp;nesta quarta-feira,&nbsp;para garantir uma vaga para o ca\u00e7ula, Ant\u00f4nio Gabriel, 11 anos. \u201cN\u00e3o tive nenhuma dificuldade em termos de documenta\u00e7\u00e3o nem no atendimento,&nbsp;pois eu&nbsp;j\u00e1 sabia que ia encontrar a vaga. Meu&nbsp;outro&nbsp;filho,&nbsp;que&nbsp;j\u00e1 estudou aqui,&nbsp;cresceu&nbsp;fazendo m\u00fasica&nbsp;e outras&nbsp;atividades, mesmo com alguma dificuldade estrutural da escola \u00e0 \u00e9poca. Quando&nbsp;foi hoje&nbsp;vi que a estrutura, pra minha surpresa, t\u00e1&nbsp;bem&nbsp;legal. At\u00e9 agora est\u00e1 tudo correndo bem\u201d, observou confiante a moradora do bairro S\u00e3o Vicente.<\/p>\n\n\n\n<p>Outra que garantiu&nbsp;nesta quarta-feira,&nbsp;de forma&nbsp;presencial, a matr\u00edcula no 6\u00ba ano para a filha Jom\u00e1ry, 11 anos, foi Maria Jos\u00e9 Bispo, 55 anos,&nbsp;que&nbsp;tinha d\u00favida se j\u00e1 poderia matricular a jovem,&nbsp;egressa da Escola&nbsp;Municipal&nbsp;Engenheiro Ruy Bacelar. \u201cL\u00e1 [na Ruy Bacelar] n\u00e3o tem&nbsp;6\u00ba&nbsp;ano.&nbsp;S\u00f3 que ontem eu estive na casa de&nbsp;uma&nbsp;irm\u00e3 e ela disse que j\u00e1 tinha matriculado a neta. A\u00ed, decidi passar aqui pra saber&nbsp;e&nbsp;j\u00e1 consegui fazer tudo\u201d, disse agradecida, a moradora do Santo Ant\u00f4nio.<\/p>\n\n\n\n<p>Para realizar a matr\u00edcula&nbsp;presencial&nbsp;\u00e9 necess\u00e1rio apresentar&nbsp;certid\u00e3o de nascimento ou RG do estudante; CPF do estudante; hist\u00f3rico escolar ou declara\u00e7\u00e3o de transfer\u00eancia; cart\u00e3o do SUS; cart\u00e3o de vacina\u00e7\u00e3o; laudo ou relat\u00f3rio m\u00e9dico (se houver); RG e CPF do respons\u00e1vel legal; comprovante de resid\u00eancia atualizado; duas fotos 3\u00d74; telefone para contato; e espelho do Cadastro \u00danico para benefici\u00e1rios do Programa Bolsa Fam\u00edlia.<\/p>\n\n\n\n<p>Al\u00e9m de&nbsp;se&nbsp;dirigir \u00e0 escola de interesse para realizar&nbsp;a matr\u00edcula,&nbsp;interessados em garantir a vaga podem fazer a pr\u00e9-matr\u00edcula&nbsp;de forma&nbsp;<em>on-line<\/em>.&nbsp;Para&nbsp;tanto, pais ou respons\u00e1veis legais, bem como&nbsp;os&nbsp;estudantes maiores de idade, devem acessar o&nbsp;Portal&nbsp;de Matr\u00edculas 2026, clicando&nbsp;<a href=\"https:\/\/na01.safelinks.protection.outlook.com\/?url=https%3A%2F%2Fmatricula.camacari.ba.gov.br%2F&amp;data=05%7C02%7C%7Cfe16522c0b6048746ffb08de53949774%7C84df9e7fe9f640afb435aaaaaaaaaaaa%7C1%7C0%7C639040094942624548%7CUnknown%7CTWFpbGZsb3d8eyJFbXB0eU1hcGkiOnRydWUsIlYiOiIwLjAuMDAwMCIsIlAiOiJXaW4zMiIsIkFOIjoiTWFpbCIsIldUIjoyfQ%3D%3D%7C0%7C%7C%7C&amp;sdata=pJUpEtdN0FrnYTdTSw5KyKVJovxk0zxXa3VG%2F5Rf0Og%3D&amp;reserved=0\"><u><strong>aqui<\/strong><\/u><\/a>, para reservar&nbsp;a vaga. Ap\u00f3s&nbsp;a conclus\u00e3o dessa etapa,&nbsp;dever\u00e3o comparecer \u00e0 unidade escolar escolhida, portando toda a documenta\u00e7\u00e3o exigida, para valida\u00e7\u00e3o e efetiva\u00e7\u00e3o da matr\u00edcula.<\/p>\n\n\n\n<p>J\u00e1 a&nbsp;matr\u00edcula para os alunos novos, que s\u00e3o aqueles que ainda n\u00e3o estudam na Rede P\u00fablica Municipal de Ensino de Cama\u00e7ari, acontece&nbsp;entre os dias 26 e 27 prioritariamente para alunos PcD (pessoa com&nbsp;defici\u00eancia), que tamb\u00e9m poder\u00e3o efetuar o processo nas demais datas&nbsp;do calend\u00e1rio.&nbsp;Para os demais estudantes, o per\u00edodo&nbsp;de matr\u00edcula ser\u00e1&nbsp;de 28 a 30.<\/p>\n\n\n\n<p>A Seduc refor\u00e7a, ainda, que o per\u00edodo \u00e9 uma campanha de matr\u00edculas, mas que a mobiliza\u00e7\u00e3o ocorre durante todo o ano. A pasta informa, tamb\u00e9m, que quem tiver dificuldade ou n\u00e3o conseguir realizar a pr\u00e9-matr\u00edcula&nbsp;<em>on-line<\/em>&nbsp;dever\u00e1 comparecer diretamente \u00e0 unidade escolar ou tirar d\u00favidas pelo&nbsp;<em>WhatsApp<\/em>, no n\u00famero (71) 98796-8484.<\/p>\n","protected":false},"excerpt":{"rendered":"<p>A Secretaria de Educa\u00e7\u00e3o de Cama\u00e7ari&nbsp;(Seduc)&nbsp;segue com o processo de&nbsp;transfer\u00eancia interna&nbsp;para alunos que j\u00e1 estudam na Rede P\u00fablica Municipal de Ensino at\u00e9 sexta-feira (16).&nbsp;Na Escola Municipal Professora Laurita&nbsp;Souza&nbsp;Ribeiro, localizada na Avenida 28 de Setembro&nbsp;(antiga Radial A), as matr\u00edculas t\u00eam transcorrido tranquilamente, com vagas j\u00e1 garantidas&nbsp;para&nbsp;os alunos dos 7\u00ba, 8\u00ba e 9\u00ba. Nesta quarta-feira (14), na [&hellip;]<\/p>\n","protected":false},"author":1,"featured_media":8943,"comment_status":"open","ping_status":"open","sticky":false,"template":"","format":"standard","meta":{"footnotes":""},"categories":[8],"tags":[],"class_list":["post-8942","post","type-post","status-publish","format-standard","has-post-thumbnail","hentry","category-camacari"],"yoast_head":"<!-- This site is optimized with the Yoast SEO plugin v21.7 - https:\/\/yoast.com\/wordpress\/plugins\/seo\/ -->\n<title>Seguem tranquilas as Matr\u00edculas para alunos regulares da rede\u00a0p\u00fablica\u00a0municipal - Compartilha Bahia<\/title>\n<meta name=\"robots\" content=\"index, follow, max-snippet:-1, max-image-preview:large, max-video-preview:-1\" \/>\n<link rel=\"canonical\" href=\"https:\/\/compartilhabahia.com.br\/index.php\/2026\/01\/14\/seguem-tranquilas-as-matriculas-para-alunos-regulares-da-rede-publica-municipal\/\" \/>\n<meta property=\"og:locale\" content=\"pt_BR\" \/>\n<meta property=\"og:type\" content=\"article\" \/>\n<meta property=\"og:title\" content=\"Seguem tranquilas as Matr\u00edculas para alunos regulares da rede\u00a0p\u00fablica\u00a0municipal - Compartilha Bahia\" \/>\n<meta property=\"og:description\" content=\"A Secretaria de Educa\u00e7\u00e3o de Cama\u00e7ari&nbsp;(Seduc)&nbsp;segue com o processo de&nbsp;transfer\u00eancia interna&nbsp;para alunos que j\u00e1 estudam na Rede P\u00fablica Municipal de Ensino at\u00e9 sexta-feira (16).&nbsp;Na Escola Municipal Professora Laurita&nbsp;Souza&nbsp;Ribeiro, localizada na Avenida 28 de Setembro&nbsp;(antiga Radial A), as matr\u00edculas t\u00eam transcorrido tranquilamente, com vagas j\u00e1 garantidas&nbsp;para&nbsp;os alunos dos 7\u00ba, 8\u00ba e 9\u00ba. Nesta quarta-feira (14), na [&hellip;]\" \/>\n<meta property=\"og:url\" content=\"https:\/\/compartilhabahia.com.br\/index.php\/2026\/01\/14\/seguem-tranquilas-as-matriculas-para-alunos-regulares-da-rede-publica-municipal\/\" \/>\n<meta property=\"og:site_name\" content=\"Compartilha Bahia\" \/>\n<meta property=\"article:publisher\" content=\"https:\/\/web.facebook.com\/compartilhabahia\" \/>\n<meta property=\"article:published_time\" content=\"2026-01-15T02:15:11+00:00\" \/>\n<meta property=\"article:modified_time\" content=\"2026-01-15T02:15:44+00:00\" \/>\n<meta property=\"og:image\" content=\"https:\/\/compartilhabahia.com.br\/wp-content\/uploads\/2026\/01\/matriculas.jpg\" \/>\n\t<meta property=\"og:image:width\" content=\"800\" \/>\n\t<meta property=\"og:image:height\" content=\"533\" \/>\n\t<meta property=\"og:image:type\" content=\"image\/jpeg\" \/>\n<meta name=\"author\" content=\"admin\" \/>\n<meta name=\"twitter:card\" content=\"summary_large_image\" \/>\n<meta name=\"twitter:label1\" content=\"Escrito por\" \/>\n\t<meta name=\"twitter:data1\" content=\"admin\" \/>\n\t<meta name=\"twitter:label2\" content=\"Est. tempo de leitura\" \/>\n\t<meta name=\"twitter:data2\" content=\"4 minutos\" \/>\n<script type=\"application\/ld+json\" class=\"yoast-schema-graph\">{\"@context\":\"https:\/\/schema.org\",\"@graph\":[{\"@type\":\"Article\",\"@id\":\"https:\/\/compartilhabahia.com.br\/index.php\/2026\/01\/14\/seguem-tranquilas-as-matriculas-para-alunos-regulares-da-rede-publica-municipal\/#article\",\"isPartOf\":{\"@id\":\"https:\/\/compartilhabahia.com.br\/index.php\/2026\/01\/14\/seguem-tranquilas-as-matriculas-para-alunos-regulares-da-rede-publica-municipal\/\"},\"author\":{\"name\":\"admin\",\"@id\":\"https:\/\/compartilhabahia.com.br\/#\/schema\/person\/9b4f0c3178793b8248d6686732521c04\"},\"headline\":\"Seguem tranquilas as Matr\u00edculas para alunos regulares da rede\u00a0p\u00fablica\u00a0municipal\",\"datePublished\":\"2026-01-15T02:15:11+00:00\",\"dateModified\":\"2026-01-15T02:15:44+00:00\",\"mainEntityOfPage\":{\"@id\":\"https:\/\/compartilhabahia.com.br\/index.php\/2026\/01\/14\/seguem-tranquilas-as-matriculas-para-alunos-regulares-da-rede-publica-municipal\/\"},\"wordCount\":692,\"commentCount\":0,\"publisher\":{\"@id\":\"https:\/\/compartilhabahia.com.br\/#organization\"},\"articleSection\":[\"Cama\u00e7ari\"],\"inLanguage\":\"pt-BR\",\"potentialAction\":[{\"@type\":\"CommentAction\",\"name\":\"Comment\",\"target\":[\"https:\/\/compartilhabahia.com.br\/index.php\/2026\/01\/14\/seguem-tranquilas-as-matriculas-para-alunos-regulares-da-rede-publica-municipal\/#respond\"]}]},{\"@type\":\"WebPage\",\"@id\":\"https:\/\/compartilhabahia.com.br\/index.php\/2026\/01\/14\/seguem-tranquilas-as-matriculas-para-alunos-regulares-da-rede-publica-municipal\/\",\"url\":\"https:\/\/compartilhabahia.com.br\/index.php\/2026\/01\/14\/seguem-tranquilas-as-matriculas-para-alunos-regulares-da-rede-publica-municipal\/\",\"name\":\"Seguem tranquilas as Matr\u00edculas para alunos regulares da rede\u00a0p\u00fablica\u00a0municipal - Compartilha Bahia\",\"isPartOf\":{\"@id\":\"https:\/\/compartilhabahia.com.br\/#website\"},\"datePublished\":\"2026-01-15T02:15:11+00:00\",\"dateModified\":\"2026-01-15T02:15:44+00:00\",\"breadcrumb\":{\"@id\":\"https:\/\/compartilhabahia.com.br\/index.php\/2026\/01\/14\/seguem-tranquilas-as-matriculas-para-alunos-regulares-da-rede-publica-municipal\/#breadcrumb\"},\"inLanguage\":\"pt-BR\",\"potentialAction\":[{\"@type\":\"ReadAction\",\"target\":[\"https:\/\/compartilhabahia.com.br\/index.php\/2026\/01\/14\/seguem-tranquilas-as-matriculas-para-alunos-regulares-da-rede-publica-municipal\/\"]}]},{\"@type\":\"BreadcrumbList\",\"@id\":\"https:\/\/compartilhabahia.com.br\/index.php\/2026\/01\/14\/seguem-tranquilas-as-matriculas-para-alunos-regulares-da-rede-publica-municipal\/#breadcrumb\",\"itemListElement\":[{\"@type\":\"ListItem\",\"position\":1,\"name\":\"In\u00edcio\",\"item\":\"https:\/\/compartilhabahia.com.br\/\"},{\"@type\":\"ListItem\",\"position\":2,\"name\":\"Seguem tranquilas as Matr\u00edculas para alunos regulares da rede\u00a0p\u00fablica\u00a0municipal\"}]},{\"@type\":\"WebSite\",\"@id\":\"https:\/\/compartilhabahia.com.br\/#website\",\"url\":\"https:\/\/compartilhabahia.com.br\/\",\"name\":\"Compartilha Bahia\",\"description\":\"\",\"publisher\":{\"@id\":\"https:\/\/compartilhabahia.com.br\/#organization\"},\"potentialAction\":[{\"@type\":\"SearchAction\",\"target\":{\"@type\":\"EntryPoint\",\"urlTemplate\":\"https:\/\/compartilhabahia.com.br\/?s={search_term_string}\"},\"query-input\":\"required name=search_term_string\"}],\"inLanguage\":\"pt-BR\"},{\"@type\":\"Organization\",\"@id\":\"https:\/\/compartilhabahia.com.br\/#organization\",\"name\":\"Compartilha Bahia\",\"url\":\"https:\/\/compartilhabahia.com.br\/\",\"logo\":{\"@type\":\"ImageObject\",\"inLanguage\":\"pt-BR\",\"@id\":\"https:\/\/compartilhabahia.com.br\/#\/schema\/logo\/image\/\",\"url\":\"https:\/\/compartilhabahia.com.br\/wp-content\/uploads\/2023\/12\/cropped-logo.png\",\"contentUrl\":\"https:\/\/compartilhabahia.com.br\/wp-content\/uploads\/2023\/12\/cropped-logo.png\",\"width\":300,\"height\":106,\"caption\":\"Compartilha Bahia\"},\"image\":{\"@id\":\"https:\/\/compartilhabahia.com.br\/#\/schema\/logo\/image\/\"},\"sameAs\":[\"https:\/\/web.facebook.com\/compartilhabahia\",\"https:\/\/www.instagram.com\/compartilhabahia\/\"]},{\"@type\":\"Person\",\"@id\":\"https:\/\/compartilhabahia.com.br\/#\/schema\/person\/9b4f0c3178793b8248d6686732521c04\",\"name\":\"admin\",\"image\":{\"@type\":\"ImageObject\",\"inLanguage\":\"pt-BR\",\"@id\":\"https:\/\/compartilhabahia.com.br\/#\/schema\/person\/image\/\",\"url\":\"https:\/\/secure.gravatar.com\/avatar\/9600df58751c5acbe914c538c03390ef649ea088cb65f84ba09c7ce66988eed6?s=96&d=mm&r=g\",\"contentUrl\":\"https:\/\/secure.gravatar.com\/avatar\/9600df58751c5acbe914c538c03390ef649ea088cb65f84ba09c7ce66988eed6?s=96&d=mm&r=g\",\"caption\":\"admin\"},\"sameAs\":[\"https:\/\/compartilhabahia.com.br\"],\"url\":\"https:\/\/compartilhabahia.com.br\/index.php\/author\/compartilhabahia\/\"}]}<\/script>\n<!-- \/ Yoast SEO plugin. -->","yoast_head_json":{"title":"Seguem tranquilas as Matr\u00edculas para alunos regulares da rede\u00a0p\u00fablica\u00a0municipal - Compartilha Bahia","robots":{"index":"index","follow":"follow","max-snippet":"max-snippet:-1","max-image-preview":"max-image-preview:large","max-video-preview":"max-video-preview:-1"},"canonical":"https:\/\/compartilhabahia.com.br\/index.php\/2026\/01\/14\/seguem-tranquilas-as-matriculas-para-alunos-regulares-da-rede-publica-municipal\/","og_locale":"pt_BR","og_type":"article","og_title":"Seguem tranquilas as Matr\u00edculas para alunos regulares da rede\u00a0p\u00fablica\u00a0municipal - Compartilha Bahia","og_description":"A Secretaria de Educa\u00e7\u00e3o de Cama\u00e7ari&nbsp;(Seduc)&nbsp;segue com o processo de&nbsp;transfer\u00eancia interna&nbsp;para alunos que j\u00e1 estudam na Rede P\u00fablica Municipal de Ensino at\u00e9 sexta-feira (16).&nbsp;Na Escola Municipal Professora Laurita&nbsp;Souza&nbsp;Ribeiro, localizada na Avenida 28 de Setembro&nbsp;(antiga Radial A), as matr\u00edculas t\u00eam transcorrido tranquilamente, com vagas j\u00e1 garantidas&nbsp;para&nbsp;os alunos dos 7\u00ba, 8\u00ba e 9\u00ba. Nesta quarta-feira (14), na [&hellip;]","og_url":"https:\/\/compartilhabahia.com.br\/index.php\/2026\/01\/14\/seguem-tranquilas-as-matriculas-para-alunos-regulares-da-rede-publica-municipal\/","og_site_name":"Compartilha Bahia","article_publisher":"https:\/\/web.facebook.com\/compartilhabahia","article_published_time":"2026-01-15T02:15:11+00:00","article_modified_time":"2026-01-15T02:15:44+00:00","og_image":[{"width":800,"height":533,"url":"https:\/\/compartilhabahia.com.br\/wp-content\/uploads\/2026\/01\/matriculas.jpg","type":"image\/jpeg"}],"author":"admin","twitter_card":"summary_large_image","twitter_misc":{"Escrito por":"admin","Est. tempo de leitura":"4 minutos"},"schema":{"@context":"https:\/\/schema.org","@graph":[{"@type":"Article","@id":"https:\/\/compartilhabahia.com.br\/index.php\/2026\/01\/14\/seguem-tranquilas-as-matriculas-para-alunos-regulares-da-rede-publica-municipal\/#article","isPartOf":{"@id":"https:\/\/compartilhabahia.com.br\/index.php\/2026\/01\/14\/seguem-tranquilas-as-matriculas-para-alunos-regulares-da-rede-publica-municipal\/"},"author":{"name":"admin","@id":"https:\/\/compartilhabahia.com.br\/#\/schema\/person\/9b4f0c3178793b8248d6686732521c04"},"headline":"Seguem tranquilas as Matr\u00edculas para alunos regulares da rede\u00a0p\u00fablica\u00a0municipal","datePublished":"2026-01-15T02:15:11+00:00","dateModified":"2026-01-15T02:15:44+00:00","mainEntityOfPage":{"@id":"https:\/\/compartilhabahia.com.br\/index.php\/2026\/01\/14\/seguem-tranquilas-as-matriculas-para-alunos-regulares-da-rede-publica-municipal\/"},"wordCount":692,"commentCount":0,"publisher":{"@id":"https:\/\/compartilhabahia.com.br\/#organization"},"articleSection":["Cama\u00e7ari"],"inLanguage":"pt-BR","potentialAction":[{"@type":"CommentAction","name":"Comment","target":["https:\/\/compartilhabahia.com.br\/index.php\/2026\/01\/14\/seguem-tranquilas-as-matriculas-para-alunos-regulares-da-rede-publica-municipal\/#respond"]}]},{"@type":"WebPage","@id":"https:\/\/compartilhabahia.com.br\/index.php\/2026\/01\/14\/seguem-tranquilas-as-matriculas-para-alunos-regulares-da-rede-publica-municipal\/","url":"https:\/\/compartilhabahia.com.br\/index.php\/2026\/01\/14\/seguem-tranquilas-as-matriculas-para-alunos-regulares-da-rede-publica-municipal\/","name":"Seguem tranquilas as Matr\u00edculas para alunos regulares da rede\u00a0p\u00fablica\u00a0municipal - Compartilha Bahia","isPartOf":{"@id":"https:\/\/compartilhabahia.com.br\/#website"},"datePublished":"2026-01-15T02:15:11+00:00","dateModified":"2026-01-15T02:15:44+00:00","breadcrumb":{"@id":"https:\/\/compartilhabahia.com.br\/index.php\/2026\/01\/14\/seguem-tranquilas-as-matriculas-para-alunos-regulares-da-rede-publica-municipal\/#breadcrumb"},"inLanguage":"pt-BR","potentialAction":[{"@type":"ReadAction","target":["https:\/\/compartilhabahia.com.br\/index.php\/2026\/01\/14\/seguem-tranquilas-as-matriculas-para-alunos-regulares-da-rede-publica-municipal\/"]}]},{"@type":"BreadcrumbList","@id":"https:\/\/compartilhabahia.com.br\/index.php\/2026\/01\/14\/seguem-tranquilas-as-matriculas-para-alunos-regulares-da-rede-publica-municipal\/#breadcrumb","itemListElement":[{"@type":"ListItem","position":1,"name":"In\u00edcio","item":"https:\/\/compartilhabahia.com.br\/"},{"@type":"ListItem","position":2,"name":"Seguem tranquilas as Matr\u00edculas para alunos regulares da rede\u00a0p\u00fablica\u00a0municipal"}]},{"@type":"WebSite","@id":"https:\/\/compartilhabahia.com.br\/#website","url":"https:\/\/compartilhabahia.com.br\/","name":"Compartilha Bahia","description":"","publisher":{"@id":"https:\/\/compartilhabahia.com.br\/#organization"},"potentialAction":[{"@type":"SearchAction","target":{"@type":"EntryPoint","urlTemplate":"https:\/\/compartilhabahia.com.br\/?s={search_term_string}"},"query-input":"required name=search_term_string"}],"inLanguage":"pt-BR"},{"@type":"Organization","@id":"https:\/\/compartilhabahia.com.br\/#organization","name":"Compartilha Bahia","url":"https:\/\/compartilhabahia.com.br\/","logo":{"@type":"ImageObject","inLanguage":"pt-BR","@id":"https:\/\/compartilhabahia.com.br\/#\/schema\/logo\/image\/","url":"https:\/\/compartilhabahia.com.br\/wp-content\/uploads\/2023\/12\/cropped-logo.png","contentUrl":"https:\/\/compartilhabahia.com.br\/wp-content\/uploads\/2023\/12\/cropped-logo.png","width":300,"height":106,"caption":"Compartilha Bahia"},"image":{"@id":"https:\/\/compartilhabahia.com.br\/#\/schema\/logo\/image\/"},"sameAs":["https:\/\/web.facebook.com\/compartilhabahia","https:\/\/www.instagram.com\/compartilhabahia\/"]},{"@type":"Person","@id":"https:\/\/compartilhabahia.com.br\/#\/schema\/person\/9b4f0c3178793b8248d6686732521c04","name":"admin","image":{"@type":"ImageObject","inLanguage":"pt-BR","@id":"https:\/\/compartilhabahia.com.br\/#\/schema\/person\/image\/","url":"https:\/\/secure.gravatar.com\/avatar\/9600df58751c5acbe914c538c03390ef649ea088cb65f84ba09c7ce66988eed6?s=96&d=mm&r=g","contentUrl":"https:\/\/secure.gravatar.com\/avatar\/9600df58751c5acbe914c538c03390ef649ea088cb65f84ba09c7ce66988eed6?s=96&d=mm&r=g","caption":"admin"},"sameAs":["https:\/\/compartilhabahia.com.br"],"url":"https:\/\/compartilhabahia.com.br\/index.php\/author\/compartilhabahia\/"}]}},"_links":{"self":[{"href":"https:\/\/compartilhabahia.com.br\/index.php\/wp-json\/wp\/v2\/posts\/8942","targetHints":{"allow":["GET"]}}],"collection":[{"href":"https:\/\/compartilhabahia.com.br\/index.php\/wp-json\/wp\/v2\/posts"}],"about":[{"href":"https:\/\/compartilhabahia.com.br\/index.php\/wp-json\/wp\/v2\/types\/post"}],"author":[{"embeddable":true,"href":"https:\/\/compartilhabahia.com.br\/index.php\/wp-json\/wp\/v2\/users\/1"}],"replies":[{"embeddable":true,"href":"https:\/\/compartilhabahia.com.br\/index.php\/wp-json\/wp\/v2\/comments?post=8942"}],"version-history":[{"count":1,"href":"https:\/\/compartilhabahia.com.br\/index.php\/wp-json\/wp\/v2\/posts\/8942\/revisions"}],"predecessor-version":[{"id":8944,"href":"https:\/\/compartilhabahia.com.br\/index.php\/wp-json\/wp\/v2\/posts\/8942\/revisions\/8944"}],"wp:featuredmedia":[{"embeddable":true,"href":"https:\/\/compartilhabahia.com.br\/index.php\/wp-json\/wp\/v2\/media\/8943"}],"wp:attachment":[{"href":"https:\/\/compartilhabahia.com.br\/index.php\/wp-json\/wp\/v2\/media?parent=8942"}],"wp:term":[{"taxonomy":"category","embeddable":true,"href":"https:\/\/compartilhabahia.com.br\/index.php\/wp-json\/wp\/v2\/categories?post=8942"},{"taxonomy":"post_tag","embeddable":true,"href":"https:\/\/compartilhabahia.com.br\/index.php\/wp-json\/wp\/v2\/tags?post=8942"}],"curies":[{"name":"wp","href":"https:\/\/api.w.org\/{rel}","templated":true}]}}