{"id":8936,"date":"2026-01-13T13:39:17","date_gmt":"2026-01-13T16:39:17","guid":{"rendered":"https:\/\/compartilhabahia.com.br\/?p=8936"},"modified":"2026-01-14T23:12:17","modified_gmt":"2026-01-15T02:12:17","slug":"a-partir-de-sexta-feira-lavagens-de-monte-gordo-e-abrantes-agitam-orla-de-camacari","status":"publish","type":"post","link":"https:\/\/compartilhabahia.com.br\/index.php\/2026\/01\/13\/a-partir-de-sexta-feira-lavagens-de-monte-gordo-e-abrantes-agitam-orla-de-camacari\/","title":{"rendered":"A partir de sexta-feira (23) lavagens de Monte Gordo e Abrantes agitam orla de Cama\u00e7ari"},"content":{"rendered":"\n<p>Lavagens de Monte Gordo e Vila de Abrantes movimentam orla de Cama\u00e7ari com cultura e tradi\u00e7\u00e3o<\/p>\n\n\n\n<p>Cama\u00e7ari se prepara para celebrar mais um cap\u00edtulo marcante do calend\u00e1rio de festas populares da orla com a realiza\u00e7\u00e3o das tradicionais lavagens de Vila de Abrantes e Monte Gordo. As festividades fortalecem a identidade cultural do munic\u00edpio e ampliam as op\u00e7\u00f5es de lazer para moradores, visitantes e turistas.<\/p>\n\n\n\n<p>A Lavagem Monte Gordo tem in\u00edcio na sexta-feira (23), \u00e0s 10h, com o tradicional cortejo religioso em honra a S\u00e3o Francisco de Assis, padroeiro da localidade. A prociss\u00e3o ser\u00e1 comandada pela ala das baianas, s\u00edmbolo de f\u00e9, ancestralidade e resist\u00eancia cultural.<\/p>\n\n\n\n<p>O percurso de cerca de tr\u00eas quil\u00f4metros \u00ad- entre a Pra\u00e7a Central de Guarajuba e a capela dedicada ao santo, no Centro Comercial de Monte Gordo -, ser\u00e1 marcado pela presen\u00e7a de charangas e diversos grupos culturais, que d\u00e3o ritmo, cor e significado \u00e0 celebra\u00e7\u00e3o. J\u00e1 a parte profana dos festejos, tem in\u00edcio s\u00e1bado (24), no per\u00edodo da noite, e segue at\u00e9 segunda-feira (26), prometendo uma programa\u00e7\u00e3o musical diversificada.<\/p>\n\n\n\n<p>Em Vila de Abrantes, que tem como padroeiro S\u00e3o Sebasti\u00e3o, o cortejo religioso ser\u00e1 realizado no s\u00e1bado (24), \u00e0s 10h. Mantendo viva uma tradi\u00e7\u00e3o que atravessa gera\u00e7\u00f5es, baianas, autoridades e fi\u00e9is seguir\u00e3o da Avenida Tiradentes em dire\u00e7\u00e3o \u00e0 Igreja Matriz do Divino Esp\u00edrito Santo, embalados pela energia e musicalidade dos grupos culturais. \u00c0 noite, a programa\u00e7\u00e3o segue com atra\u00e7\u00f5es musicais na localidade, com shows que se estendem tamb\u00e9m at\u00e9 segunda-feira.<\/p>\n\n\n\n<p>O ciclo de lavagens e festas populares do munic\u00edpio foi iniciado com a Lavagem de Barra do Pojuca, que aconteceu entre os dias 10 e 12 de janeiro. A iniciativa \u00e9 realizada pela Prefeitura de Cama\u00e7ari, por meio da Coordena\u00e7\u00e3o de Eventos, vinculada \u00e0 Secretaria de Governo (Segov), e da Secretaria de Cultura (Secult), com o apoio de diversas secretarias e \u00f3rg\u00e3os municipais.<\/p>\n\n\n\n<p>Em Cama\u00e7ari, cultura, tradi\u00e7\u00e3o e servi\u00e7os p\u00fablicos se conectam para garantir um per\u00edodo de festas com organiza\u00e7\u00e3o e alegria para todos.<\/p>\n\n\n\n<p><\/p>\n","protected":false},"excerpt":{"rendered":"<p>Lavagens de Monte Gordo e Vila de Abrantes movimentam orla de Cama\u00e7ari com cultura e tradi\u00e7\u00e3o Cama\u00e7ari se prepara para celebrar mais um cap\u00edtulo marcante do calend\u00e1rio de festas populares da orla com a realiza\u00e7\u00e3o das tradicionais lavagens de Vila de Abrantes e Monte Gordo. As festividades fortalecem a identidade cultural do munic\u00edpio e ampliam [&hellip;]<\/p>\n","protected":false},"author":1,"featured_media":4969,"comment_status":"open","ping_status":"open","sticky":false,"template":"","format":"standard","meta":{"footnotes":""},"categories":[8],"tags":[],"class_list":["post-8936","post","type-post","status-publish","format-standard","has-post-thumbnail","hentry","category-camacari"],"yoast_head":"<!-- This site is optimized with the Yoast SEO plugin v21.7 - https:\/\/yoast.com\/wordpress\/plugins\/seo\/ -->\n<title>A partir de sexta-feira (23) lavagens de Monte Gordo e Abrantes agitam orla de Cama\u00e7ari - Compartilha Bahia<\/title>\n<meta name=\"robots\" content=\"index, follow, max-snippet:-1, max-image-preview:large, max-video-preview:-1\" \/>\n<link rel=\"canonical\" href=\"https:\/\/compartilhabahia.com.br\/index.php\/2026\/01\/13\/a-partir-de-sexta-feira-lavagens-de-monte-gordo-e-abrantes-agitam-orla-de-camacari\/\" \/>\n<meta property=\"og:locale\" content=\"pt_BR\" \/>\n<meta property=\"og:type\" content=\"article\" \/>\n<meta property=\"og:title\" content=\"A partir de sexta-feira (23) lavagens de Monte Gordo e Abrantes agitam orla de Cama\u00e7ari - Compartilha Bahia\" \/>\n<meta property=\"og:description\" content=\"Lavagens de Monte Gordo e Vila de Abrantes movimentam orla de Cama\u00e7ari com cultura e tradi\u00e7\u00e3o Cama\u00e7ari se prepara para celebrar mais um cap\u00edtulo marcante do calend\u00e1rio de festas populares da orla com a realiza\u00e7\u00e3o das tradicionais lavagens de Vila de Abrantes e Monte Gordo. As festividades fortalecem a identidade cultural do munic\u00edpio e ampliam [&hellip;]\" \/>\n<meta property=\"og:url\" content=\"https:\/\/compartilhabahia.com.br\/index.php\/2026\/01\/13\/a-partir-de-sexta-feira-lavagens-de-monte-gordo-e-abrantes-agitam-orla-de-camacari\/\" \/>\n<meta property=\"og:site_name\" content=\"Compartilha Bahia\" \/>\n<meta property=\"article:publisher\" content=\"https:\/\/web.facebook.com\/compartilhabahia\" \/>\n<meta property=\"article:published_time\" content=\"2026-01-13T16:39:17+00:00\" \/>\n<meta property=\"article:modified_time\" content=\"2026-01-15T02:12:17+00:00\" \/>\n<meta property=\"og:image\" content=\"https:\/\/compartilhabahia.com.br\/wp-content\/uploads\/2025\/01\/abrantes2.jpg\" \/>\n\t<meta property=\"og:image:width\" content=\"1280\" \/>\n\t<meta property=\"og:image:height\" content=\"853\" \/>\n\t<meta property=\"og:image:type\" content=\"image\/jpeg\" \/>\n<meta name=\"author\" content=\"admin\" \/>\n<meta name=\"twitter:card\" content=\"summary_large_image\" \/>\n<meta name=\"twitter:label1\" content=\"Escrito por\" \/>\n\t<meta name=\"twitter:data1\" content=\"admin\" \/>\n\t<meta name=\"twitter:label2\" content=\"Est. tempo de leitura\" \/>\n\t<meta name=\"twitter:data2\" content=\"3 minutos\" \/>\n<script type=\"application\/ld+json\" class=\"yoast-schema-graph\">{\"@context\":\"https:\/\/schema.org\",\"@graph\":[{\"@type\":\"Article\",\"@id\":\"https:\/\/compartilhabahia.com.br\/index.php\/2026\/01\/13\/a-partir-de-sexta-feira-lavagens-de-monte-gordo-e-abrantes-agitam-orla-de-camacari\/#article\",\"isPartOf\":{\"@id\":\"https:\/\/compartilhabahia.com.br\/index.php\/2026\/01\/13\/a-partir-de-sexta-feira-lavagens-de-monte-gordo-e-abrantes-agitam-orla-de-camacari\/\"},\"author\":{\"name\":\"admin\",\"@id\":\"https:\/\/compartilhabahia.com.br\/#\/schema\/person\/9b4f0c3178793b8248d6686732521c04\"},\"headline\":\"A partir de sexta-feira (23) lavagens de Monte Gordo e Abrantes agitam orla de Cama\u00e7ari\",\"datePublished\":\"2026-01-13T16:39:17+00:00\",\"dateModified\":\"2026-01-15T02:12:17+00:00\",\"mainEntityOfPage\":{\"@id\":\"https:\/\/compartilhabahia.com.br\/index.php\/2026\/01\/13\/a-partir-de-sexta-feira-lavagens-de-monte-gordo-e-abrantes-agitam-orla-de-camacari\/\"},\"wordCount\":377,\"commentCount\":0,\"publisher\":{\"@id\":\"https:\/\/compartilhabahia.com.br\/#organization\"},\"articleSection\":[\"Cama\u00e7ari\"],\"inLanguage\":\"pt-BR\",\"potentialAction\":[{\"@type\":\"CommentAction\",\"name\":\"Comment\",\"target\":[\"https:\/\/compartilhabahia.com.br\/index.php\/2026\/01\/13\/a-partir-de-sexta-feira-lavagens-de-monte-gordo-e-abrantes-agitam-orla-de-camacari\/#respond\"]}]},{\"@type\":\"WebPage\",\"@id\":\"https:\/\/compartilhabahia.com.br\/index.php\/2026\/01\/13\/a-partir-de-sexta-feira-lavagens-de-monte-gordo-e-abrantes-agitam-orla-de-camacari\/\",\"url\":\"https:\/\/compartilhabahia.com.br\/index.php\/2026\/01\/13\/a-partir-de-sexta-feira-lavagens-de-monte-gordo-e-abrantes-agitam-orla-de-camacari\/\",\"name\":\"A partir de sexta-feira (23) lavagens de Monte Gordo e Abrantes agitam orla de Cama\u00e7ari - Compartilha Bahia\",\"isPartOf\":{\"@id\":\"https:\/\/compartilhabahia.com.br\/#website\"},\"datePublished\":\"2026-01-13T16:39:17+00:00\",\"dateModified\":\"2026-01-15T02:12:17+00:00\",\"breadcrumb\":{\"@id\":\"https:\/\/compartilhabahia.com.br\/index.php\/2026\/01\/13\/a-partir-de-sexta-feira-lavagens-de-monte-gordo-e-abrantes-agitam-orla-de-camacari\/#breadcrumb\"},\"inLanguage\":\"pt-BR\",\"potentialAction\":[{\"@type\":\"ReadAction\",\"target\":[\"https:\/\/compartilhabahia.com.br\/index.php\/2026\/01\/13\/a-partir-de-sexta-feira-lavagens-de-monte-gordo-e-abrantes-agitam-orla-de-camacari\/\"]}]},{\"@type\":\"BreadcrumbList\",\"@id\":\"https:\/\/compartilhabahia.com.br\/index.php\/2026\/01\/13\/a-partir-de-sexta-feira-lavagens-de-monte-gordo-e-abrantes-agitam-orla-de-camacari\/#breadcrumb\",\"itemListElement\":[{\"@type\":\"ListItem\",\"position\":1,\"name\":\"In\u00edcio\",\"item\":\"https:\/\/compartilhabahia.com.br\/\"},{\"@type\":\"ListItem\",\"position\":2,\"name\":\"A partir de sexta-feira (23) lavagens de Monte Gordo e Abrantes agitam orla de Cama\u00e7ari\"}]},{\"@type\":\"WebSite\",\"@id\":\"https:\/\/compartilhabahia.com.br\/#website\",\"url\":\"https:\/\/compartilhabahia.com.br\/\",\"name\":\"Compartilha Bahia\",\"description\":\"\",\"publisher\":{\"@id\":\"https:\/\/compartilhabahia.com.br\/#organization\"},\"potentialAction\":[{\"@type\":\"SearchAction\",\"target\":{\"@type\":\"EntryPoint\",\"urlTemplate\":\"https:\/\/compartilhabahia.com.br\/?s={search_term_string}\"},\"query-input\":\"required name=search_term_string\"}],\"inLanguage\":\"pt-BR\"},{\"@type\":\"Organization\",\"@id\":\"https:\/\/compartilhabahia.com.br\/#organization\",\"name\":\"Compartilha Bahia\",\"url\":\"https:\/\/compartilhabahia.com.br\/\",\"logo\":{\"@type\":\"ImageObject\",\"inLanguage\":\"pt-BR\",\"@id\":\"https:\/\/compartilhabahia.com.br\/#\/schema\/logo\/image\/\",\"url\":\"https:\/\/compartilhabahia.com.br\/wp-content\/uploads\/2023\/12\/cropped-logo.png\",\"contentUrl\":\"https:\/\/compartilhabahia.com.br\/wp-content\/uploads\/2023\/12\/cropped-logo.png\",\"width\":300,\"height\":106,\"caption\":\"Compartilha Bahia\"},\"image\":{\"@id\":\"https:\/\/compartilhabahia.com.br\/#\/schema\/logo\/image\/\"},\"sameAs\":[\"https:\/\/web.facebook.com\/compartilhabahia\",\"https:\/\/www.instagram.com\/compartilhabahia\/\"]},{\"@type\":\"Person\",\"@id\":\"https:\/\/compartilhabahia.com.br\/#\/schema\/person\/9b4f0c3178793b8248d6686732521c04\",\"name\":\"admin\",\"image\":{\"@type\":\"ImageObject\",\"inLanguage\":\"pt-BR\",\"@id\":\"https:\/\/compartilhabahia.com.br\/#\/schema\/person\/image\/\",\"url\":\"https:\/\/secure.gravatar.com\/avatar\/9600df58751c5acbe914c538c03390ef649ea088cb65f84ba09c7ce66988eed6?s=96&d=mm&r=g\",\"contentUrl\":\"https:\/\/secure.gravatar.com\/avatar\/9600df58751c5acbe914c538c03390ef649ea088cb65f84ba09c7ce66988eed6?s=96&d=mm&r=g\",\"caption\":\"admin\"},\"sameAs\":[\"https:\/\/compartilhabahia.com.br\"],\"url\":\"https:\/\/compartilhabahia.com.br\/index.php\/author\/compartilhabahia\/\"}]}<\/script>\n<!-- \/ Yoast SEO plugin. -->","yoast_head_json":{"title":"A partir de sexta-feira (23) lavagens de Monte Gordo e Abrantes agitam orla de Cama\u00e7ari - Compartilha Bahia","robots":{"index":"index","follow":"follow","max-snippet":"max-snippet:-1","max-image-preview":"max-image-preview:large","max-video-preview":"max-video-preview:-1"},"canonical":"https:\/\/compartilhabahia.com.br\/index.php\/2026\/01\/13\/a-partir-de-sexta-feira-lavagens-de-monte-gordo-e-abrantes-agitam-orla-de-camacari\/","og_locale":"pt_BR","og_type":"article","og_title":"A partir de sexta-feira (23) lavagens de Monte Gordo e Abrantes agitam orla de Cama\u00e7ari - Compartilha Bahia","og_description":"Lavagens de Monte Gordo e Vila de Abrantes movimentam orla de Cama\u00e7ari com cultura e tradi\u00e7\u00e3o Cama\u00e7ari se prepara para celebrar mais um cap\u00edtulo marcante do calend\u00e1rio de festas populares da orla com a realiza\u00e7\u00e3o das tradicionais lavagens de Vila de Abrantes e Monte Gordo. As festividades fortalecem a identidade cultural do munic\u00edpio e ampliam [&hellip;]","og_url":"https:\/\/compartilhabahia.com.br\/index.php\/2026\/01\/13\/a-partir-de-sexta-feira-lavagens-de-monte-gordo-e-abrantes-agitam-orla-de-camacari\/","og_site_name":"Compartilha Bahia","article_publisher":"https:\/\/web.facebook.com\/compartilhabahia","article_published_time":"2026-01-13T16:39:17+00:00","article_modified_time":"2026-01-15T02:12:17+00:00","og_image":[{"width":1280,"height":853,"url":"https:\/\/compartilhabahia.com.br\/wp-content\/uploads\/2025\/01\/abrantes2.jpg","type":"image\/jpeg"}],"author":"admin","twitter_card":"summary_large_image","twitter_misc":{"Escrito por":"admin","Est. tempo de leitura":"3 minutos"},"schema":{"@context":"https:\/\/schema.org","@graph":[{"@type":"Article","@id":"https:\/\/compartilhabahia.com.br\/index.php\/2026\/01\/13\/a-partir-de-sexta-feira-lavagens-de-monte-gordo-e-abrantes-agitam-orla-de-camacari\/#article","isPartOf":{"@id":"https:\/\/compartilhabahia.com.br\/index.php\/2026\/01\/13\/a-partir-de-sexta-feira-lavagens-de-monte-gordo-e-abrantes-agitam-orla-de-camacari\/"},"author":{"name":"admin","@id":"https:\/\/compartilhabahia.com.br\/#\/schema\/person\/9b4f0c3178793b8248d6686732521c04"},"headline":"A partir de sexta-feira (23) lavagens de Monte Gordo e Abrantes agitam orla de Cama\u00e7ari","datePublished":"2026-01-13T16:39:17+00:00","dateModified":"2026-01-15T02:12:17+00:00","mainEntityOfPage":{"@id":"https:\/\/compartilhabahia.com.br\/index.php\/2026\/01\/13\/a-partir-de-sexta-feira-lavagens-de-monte-gordo-e-abrantes-agitam-orla-de-camacari\/"},"wordCount":377,"commentCount":0,"publisher":{"@id":"https:\/\/compartilhabahia.com.br\/#organization"},"articleSection":["Cama\u00e7ari"],"inLanguage":"pt-BR","potentialAction":[{"@type":"CommentAction","name":"Comment","target":["https:\/\/compartilhabahia.com.br\/index.php\/2026\/01\/13\/a-partir-de-sexta-feira-lavagens-de-monte-gordo-e-abrantes-agitam-orla-de-camacari\/#respond"]}]},{"@type":"WebPage","@id":"https:\/\/compartilhabahia.com.br\/index.php\/2026\/01\/13\/a-partir-de-sexta-feira-lavagens-de-monte-gordo-e-abrantes-agitam-orla-de-camacari\/","url":"https:\/\/compartilhabahia.com.br\/index.php\/2026\/01\/13\/a-partir-de-sexta-feira-lavagens-de-monte-gordo-e-abrantes-agitam-orla-de-camacari\/","name":"A partir de sexta-feira (23) lavagens de Monte Gordo e Abrantes agitam orla de Cama\u00e7ari - Compartilha Bahia","isPartOf":{"@id":"https:\/\/compartilhabahia.com.br\/#website"},"datePublished":"2026-01-13T16:39:17+00:00","dateModified":"2026-01-15T02:12:17+00:00","breadcrumb":{"@id":"https:\/\/compartilhabahia.com.br\/index.php\/2026\/01\/13\/a-partir-de-sexta-feira-lavagens-de-monte-gordo-e-abrantes-agitam-orla-de-camacari\/#breadcrumb"},"inLanguage":"pt-BR","potentialAction":[{"@type":"ReadAction","target":["https:\/\/compartilhabahia.com.br\/index.php\/2026\/01\/13\/a-partir-de-sexta-feira-lavagens-de-monte-gordo-e-abrantes-agitam-orla-de-camacari\/"]}]},{"@type":"BreadcrumbList","@id":"https:\/\/compartilhabahia.com.br\/index.php\/2026\/01\/13\/a-partir-de-sexta-feira-lavagens-de-monte-gordo-e-abrantes-agitam-orla-de-camacari\/#breadcrumb","itemListElement":[{"@type":"ListItem","position":1,"name":"In\u00edcio","item":"https:\/\/compartilhabahia.com.br\/"},{"@type":"ListItem","position":2,"name":"A partir de sexta-feira (23) lavagens de Monte Gordo e Abrantes agitam orla de Cama\u00e7ari"}]},{"@type":"WebSite","@id":"https:\/\/compartilhabahia.com.br\/#website","url":"https:\/\/compartilhabahia.com.br\/","name":"Compartilha Bahia","description":"","publisher":{"@id":"https:\/\/compartilhabahia.com.br\/#organization"},"potentialAction":[{"@type":"SearchAction","target":{"@type":"EntryPoint","urlTemplate":"https:\/\/compartilhabahia.com.br\/?s={search_term_string}"},"query-input":"required name=search_term_string"}],"inLanguage":"pt-BR"},{"@type":"Organization","@id":"https:\/\/compartilhabahia.com.br\/#organization","name":"Compartilha Bahia","url":"https:\/\/compartilhabahia.com.br\/","logo":{"@type":"ImageObject","inLanguage":"pt-BR","@id":"https:\/\/compartilhabahia.com.br\/#\/schema\/logo\/image\/","url":"https:\/\/compartilhabahia.com.br\/wp-content\/uploads\/2023\/12\/cropped-logo.png","contentUrl":"https:\/\/compartilhabahia.com.br\/wp-content\/uploads\/2023\/12\/cropped-logo.png","width":300,"height":106,"caption":"Compartilha Bahia"},"image":{"@id":"https:\/\/compartilhabahia.com.br\/#\/schema\/logo\/image\/"},"sameAs":["https:\/\/web.facebook.com\/compartilhabahia","https:\/\/www.instagram.com\/compartilhabahia\/"]},{"@type":"Person","@id":"https:\/\/compartilhabahia.com.br\/#\/schema\/person\/9b4f0c3178793b8248d6686732521c04","name":"admin","image":{"@type":"ImageObject","inLanguage":"pt-BR","@id":"https:\/\/compartilhabahia.com.br\/#\/schema\/person\/image\/","url":"https:\/\/secure.gravatar.com\/avatar\/9600df58751c5acbe914c538c03390ef649ea088cb65f84ba09c7ce66988eed6?s=96&d=mm&r=g","contentUrl":"https:\/\/secure.gravatar.com\/avatar\/9600df58751c5acbe914c538c03390ef649ea088cb65f84ba09c7ce66988eed6?s=96&d=mm&r=g","caption":"admin"},"sameAs":["https:\/\/compartilhabahia.com.br"],"url":"https:\/\/compartilhabahia.com.br\/index.php\/author\/compartilhabahia\/"}]}},"_links":{"self":[{"href":"https:\/\/compartilhabahia.com.br\/index.php\/wp-json\/wp\/v2\/posts\/8936","targetHints":{"allow":["GET"]}}],"collection":[{"href":"https:\/\/compartilhabahia.com.br\/index.php\/wp-json\/wp\/v2\/posts"}],"about":[{"href":"https:\/\/compartilhabahia.com.br\/index.php\/wp-json\/wp\/v2\/types\/post"}],"author":[{"embeddable":true,"href":"https:\/\/compartilhabahia.com.br\/index.php\/wp-json\/wp\/v2\/users\/1"}],"replies":[{"embeddable":true,"href":"https:\/\/compartilhabahia.com.br\/index.php\/wp-json\/wp\/v2\/comments?post=8936"}],"version-history":[{"count":3,"href":"https:\/\/compartilhabahia.com.br\/index.php\/wp-json\/wp\/v2\/posts\/8936\/revisions"}],"predecessor-version":[{"id":8941,"href":"https:\/\/compartilhabahia.com.br\/index.php\/wp-json\/wp\/v2\/posts\/8936\/revisions\/8941"}],"wp:featuredmedia":[{"embeddable":true,"href":"https:\/\/compartilhabahia.com.br\/index.php\/wp-json\/wp\/v2\/media\/4969"}],"wp:attachment":[{"href":"https:\/\/compartilhabahia.com.br\/index.php\/wp-json\/wp\/v2\/media?parent=8936"}],"wp:term":[{"taxonomy":"category","embeddable":true,"href":"https:\/\/compartilhabahia.com.br\/index.php\/wp-json\/wp\/v2\/categories?post=8936"},{"taxonomy":"post_tag","embeddable":true,"href":"https:\/\/compartilhabahia.com.br\/index.php\/wp-json\/wp\/v2\/tags?post=8936"}],"curies":[{"name":"wp","href":"https:\/\/api.w.org\/{rel}","templated":true}]}}